{"id":160440,"date":"2025-08-31T18:36:31","date_gmt":"2025-08-31T18:36:31","guid":{"rendered":"https:\/\/www.nettali.com\/?p=160440"},"modified":"2025-08-31T19:00:16","modified_gmt":"2025-08-31T19:00:16","slug":"dakar-accueille-la-54%e1%b5%89-reunion-du-comite-executif-de-lupci","status":"publish","type":"post","link":"https:\/\/www.nettali.com\/2025\/08\/31\/dakar-accueille-la-54%e1%b5%89-reunion-du-comite-executif-de-lupci\/","title":{"rendered":"Dakar accueille la 54\u1d49 r\u00e9union du Comit\u00e9 ex\u00e9cutif de l\u2019UPCI"},"content":{"rendered":"<p data-start=\"150\" data-end=\"414\"><strong>NETTALI.COM - La capitale s\u00e9n\u00e9galaise abritera, les 1er et 2 septembre prochains, la 54\u1d49 r\u00e9union du Comit\u00e9 ex\u00e9cutif de l\u2019Union parlementaire des \u00c9tats membres de l\u2019Organisation de la coop\u00e9ration islamique (UPCI), a annonc\u00e9 le service de communication de l\u2019Assembl\u00e9e nationale.<\/strong><\/p>\n<p data-start=\"416\" data-end=\"577\">Des d\u00e9l\u00e9gations de parlementaires et de diplomates en provenance de plusieurs pays membres de l\u2019OCI sont attendues \u00e0 Dakar pour cette rencontre de haut niveau.<\/p>\n<p data-start=\"579\" data-end=\"1030\">Les travaux porteront sur plusieurs th\u00e9matiques majeures, parmi lesquelles la question palestinienne et les perspectives de paix et de justice au Proche-Orient. Les participants examineront \u00e9galement le r\u00f4le et la participation des femmes parlementaires musulmanes dans la gouvernance et la d\u00e9fense des droits, ainsi que le dialogue des civilisations, religieux et culturel comme vecteur de tol\u00e9rance et de coop\u00e9ration entre les peuples.<\/p>\n<p data-start=\"1032\" data-end=\"1345\">La tenue de cette r\u00e9union \u00e0 Dakar est per\u00e7ue comme une illustration du rayonnement diplomatique du S\u00e9n\u00e9gal et de sa position centrale dans la diplomatie parlementaire. Elle t\u00e9moigne, selon le communiqu\u00e9, de l\u2019engagement constant du pays en faveur du dialogue, de la paix et de la coop\u00e9ration internationale.<\/p>\n<div class='share-to-whatsapp-wrapper'><div class='share-on-whsp'>PARTAGER SUR : <\/div><a data-text='Dakar accueille la 54\u1d49 r\u00e9union du Comit\u00e9 ex\u00e9cutif de l\u2019UPCI' data-link='https:\/\/www.nettali.com\/2025\/08\/31\/dakar-accueille-la-54%e1%b5%89-reunion-du-comite-executif-de-lupci\/' class='whatsapp-button whatsapp-share'>WhatsApp<\/a><div class='clear '><\/div><\/div>","protected":false},"excerpt":{"rendered":"<p>NETTALI.COM - La capitale s\u00e9n\u00e9galaise abritera, les 1er et 2 septembre prochains, la 54\u1d49 r\u00e9union du Comit\u00e9 ex\u00e9cutif de l\u2019Union parlementaire des \u00c9tats membres de l\u2019Organisation de la coop\u00e9ration islamique (UPCI), a annonc\u00e9 le service de communication de l\u2019Assembl\u00e9e nationale. Des d\u00e9l\u00e9gations de parlementaires et de diplomates en provenance de plusieurs pays membres de l\u2019OCI [&hellip;]<\/p>\n","protected":false},"author":4,"featured_media":146617,"comment_status":"open","ping_status":"open","sticky":false,"template":"","format":"standard","meta":{"_et_pb_use_builder":"","_et_pb_old_content":""},"categories":[2],"tags":[],"yoast_head":"<!-- This site is optimized with the Yoast SEO Premium plugin v17.8 (Yoast SEO v17.8) - https:\/\/yoast.com\/wordpress\/plugins\/seo\/ -->\n<title>Dakar accueille la 54\u1d49 r\u00e9union du Comit\u00e9 ex\u00e9cutif de l\u2019UPCI | Nettali.com<\/title>\n<meta name=\"robots\" content=\"index, follow, max-snippet:-1, max-image-preview:large, max-video-preview:-1\" \/>\n<link rel=\"canonical\" href=\"https:\/\/www.nettali.com\/2025\/08\/31\/dakar-accueille-la-54\u1d49-reunion-du-comite-executif-de-lupci\/\" \/>\n<meta property=\"og:locale\" content=\"fr_FR\" \/>\n<meta property=\"og:type\" content=\"article\" \/>\n<meta property=\"og:title\" content=\"Dakar accueille la 54\u1d49 r\u00e9union du Comit\u00e9 ex\u00e9cutif de l\u2019UPCI\" \/>\n<meta property=\"og:description\" content=\"NETTALI.COM - La capitale s\u00e9n\u00e9galaise abritera, les 1er et 2 septembre prochains, la 54\u1d49 r\u00e9union du Comit\u00e9 ex\u00e9cutif de l\u2019Union parlementaire des \u00c9tats membres de l\u2019Organisation de la coop\u00e9ration islamique (UPCI), a annonc\u00e9 le service de communication de l\u2019Assembl\u00e9e nationale. Des d\u00e9l\u00e9gations de parlementaires et de diplomates en provenance de plusieurs pays membres de l\u2019OCI [&hellip;]\" \/>\n<meta property=\"og:url\" content=\"https:\/\/www.nettali.com\/2025\/08\/31\/dakar-accueille-la-54\u1d49-reunion-du-comite-executif-de-lupci\/\" \/>\n<meta property=\"og:site_name\" content=\"Nettali.com\" \/>\n<meta property=\"article:publisher\" content=\"https:\/\/www.facebook.com\/nettalicom\" \/>\n<meta property=\"article:published_time\" content=\"2025-08-31T18:36:31+00:00\" \/>\n<meta property=\"article:modified_time\" content=\"2025-08-31T19:00:16+00:00\" \/>\n<meta property=\"og:image\" content=\"https:\/\/www.nettali.com\/wp-content\/uploads\/2025\/01\/el-malick-pdt-1.jpg\" \/>\n\t<meta property=\"og:image:width\" content=\"1700\" \/>\n\t<meta property=\"og:image:height\" content=\"982\" \/>\n<meta name=\"twitter:card\" content=\"summary_large_image\" \/>\n<meta name=\"twitter:label1\" content=\"\u00c9crit par\" \/>\n\t<meta name=\"twitter:data1\" content=\"Daouda\" \/>\n\t<meta name=\"twitter:label2\" content=\"Dur\u00e9e de lecture estim\u00e9e\" \/>\n\t<meta name=\"twitter:data2\" content=\"1 minute\" \/>\n<script type=\"application\/ld+json\" class=\"yoast-schema-graph\">{\"@context\":\"https:\/\/schema.org\",\"@graph\":[{\"@type\":\"WebSite\",\"@id\":\"https:\/\/www.nettali.com\/#website\",\"url\":\"https:\/\/www.nettali.com\/\",\"name\":\"Nettali.com\",\"description\":\"Le rendez-vous critique du Net\",\"potentialAction\":[{\"@type\":\"SearchAction\",\"target\":{\"@type\":\"EntryPoint\",\"urlTemplate\":\"https:\/\/www.nettali.com\/?s={search_term_string}\"},\"query-input\":\"required name=search_term_string\"}],\"inLanguage\":\"fr-FR\"},{\"@type\":\"ImageObject\",\"@id\":\"https:\/\/www.nettali.com\/2025\/08\/31\/dakar-accueille-la-54%e1%b5%89-reunion-du-comite-executif-de-lupci\/#primaryimage\",\"inLanguage\":\"fr-FR\",\"url\":\"https:\/\/www.nettali.com\/wp-content\/uploads\/2025\/01\/el-malick-pdt-1.jpg\",\"contentUrl\":\"https:\/\/www.nettali.com\/wp-content\/uploads\/2025\/01\/el-malick-pdt-1.jpg\",\"width\":1700,\"height\":982},{\"@type\":\"WebPage\",\"@id\":\"https:\/\/www.nettali.com\/2025\/08\/31\/dakar-accueille-la-54%e1%b5%89-reunion-du-comite-executif-de-lupci\/#webpage\",\"url\":\"https:\/\/www.nettali.com\/2025\/08\/31\/dakar-accueille-la-54%e1%b5%89-reunion-du-comite-executif-de-lupci\/\",\"name\":\"Dakar accueille la 54\\u1d49 r\\u00e9union du Comit\\u00e9 ex\\u00e9cutif de l\\u2019UPCI | Nettali.com\",\"isPartOf\":{\"@id\":\"https:\/\/www.nettali.com\/#website\"},\"primaryImageOfPage\":{\"@id\":\"https:\/\/www.nettali.com\/2025\/08\/31\/dakar-accueille-la-54%e1%b5%89-reunion-du-comite-executif-de-lupci\/#primaryimage\"},\"datePublished\":\"2025-08-31T18:36:31+00:00\",\"dateModified\":\"2025-08-31T19:00:16+00:00\",\"author\":{\"@id\":\"https:\/\/www.nettali.com\/#\/schema\/person\/3317e0bb3aa1da309fbf7b2780901bf4\"},\"breadcrumb\":{\"@id\":\"https:\/\/www.nettali.com\/2025\/08\/31\/dakar-accueille-la-54%e1%b5%89-reunion-du-comite-executif-de-lupci\/#breadcrumb\"},\"inLanguage\":\"fr-FR\",\"potentialAction\":[{\"@type\":\"ReadAction\",\"target\":[\"https:\/\/www.nettali.com\/2025\/08\/31\/dakar-accueille-la-54%e1%b5%89-reunion-du-comite-executif-de-lupci\/\"]}]},{\"@type\":\"BreadcrumbList\",\"@id\":\"https:\/\/www.nettali.com\/2025\/08\/31\/dakar-accueille-la-54%e1%b5%89-reunion-du-comite-executif-de-lupci\/#breadcrumb\",\"itemListElement\":[{\"@type\":\"ListItem\",\"position\":1,\"name\":\"Accueil\",\"item\":\"https:\/\/www.nettali.com\/\"},{\"@type\":\"ListItem\",\"position\":2,\"name\":\"Dakar accueille la 54\\u1d49 r\\u00e9union du Comit\\u00e9 ex\\u00e9cutif de l\\u2019UPCI\"}]},{\"@type\":\"Person\",\"@id\":\"https:\/\/www.nettali.com\/#\/schema\/person\/3317e0bb3aa1da309fbf7b2780901bf4\",\"name\":\"Daouda\",\"image\":{\"@type\":\"ImageObject\",\"@id\":\"https:\/\/www.nettali.com\/#personlogo\",\"inLanguage\":\"fr-FR\",\"url\":\"https:\/\/secure.gravatar.com\/avatar\/8d143b5a49345098ddcfee1c49c2f47c?s=96&d=mm&r=g\",\"contentUrl\":\"https:\/\/secure.gravatar.com\/avatar\/8d143b5a49345098ddcfee1c49c2f47c?s=96&d=mm&r=g\",\"caption\":\"Daouda\"},\"sameAs\":[\"https:\/\/www.nettali.com\"]}]}<\/script>\n<!-- \/ Yoast SEO Premium plugin. -->","yoast_head_json":{"title":"Dakar accueille la 54\u1d49 r\u00e9union du Comit\u00e9 ex\u00e9cutif de l\u2019UPCI | Nettali.com","robots":{"index":"index","follow":"follow","max-snippet":"max-snippet:-1","max-image-preview":"max-image-preview:large","max-video-preview":"max-video-preview:-1"},"canonical":"https:\/\/www.nettali.com\/2025\/08\/31\/dakar-accueille-la-54\u1d49-reunion-du-comite-executif-de-lupci\/","og_locale":"fr_FR","og_type":"article","og_title":"Dakar accueille la 54\u1d49 r\u00e9union du Comit\u00e9 ex\u00e9cutif de l\u2019UPCI","og_description":"NETTALI.COM - La capitale s\u00e9n\u00e9galaise abritera, les 1er et 2 septembre prochains, la 54\u1d49 r\u00e9union du Comit\u00e9 ex\u00e9cutif de l\u2019Union parlementaire des \u00c9tats membres de l\u2019Organisation de la coop\u00e9ration islamique (UPCI), a annonc\u00e9 le service de communication de l\u2019Assembl\u00e9e nationale. Des d\u00e9l\u00e9gations de parlementaires et de diplomates en provenance de plusieurs pays membres de l\u2019OCI [&hellip;]","og_url":"https:\/\/www.nettali.com\/2025\/08\/31\/dakar-accueille-la-54\u1d49-reunion-du-comite-executif-de-lupci\/","og_site_name":"Nettali.com","article_publisher":"https:\/\/www.facebook.com\/nettalicom","article_published_time":"2025-08-31T18:36:31+00:00","article_modified_time":"2025-08-31T19:00:16+00:00","og_image":[{"width":1700,"height":982,"url":"https:\/\/www.nettali.com\/wp-content\/uploads\/2025\/01\/el-malick-pdt-1.jpg","type":"image\/jpeg"}],"twitter_card":"summary_large_image","twitter_misc":{"\u00c9crit par":"Daouda","Dur\u00e9e de lecture estim\u00e9e":"1 minute"},"schema":{"@context":"https:\/\/schema.org","@graph":[{"@type":"WebSite","@id":"https:\/\/www.nettali.com\/#website","url":"https:\/\/www.nettali.com\/","name":"Nettali.com","description":"Le rendez-vous critique du Net","potentialAction":[{"@type":"SearchAction","target":{"@type":"EntryPoint","urlTemplate":"https:\/\/www.nettali.com\/?s={search_term_string}"},"query-input":"required name=search_term_string"}],"inLanguage":"fr-FR"},{"@type":"ImageObject","@id":"https:\/\/www.nettali.com\/2025\/08\/31\/dakar-accueille-la-54%e1%b5%89-reunion-du-comite-executif-de-lupci\/#primaryimage","inLanguage":"fr-FR","url":"https:\/\/www.nettali.com\/wp-content\/uploads\/2025\/01\/el-malick-pdt-1.jpg","contentUrl":"https:\/\/www.nettali.com\/wp-content\/uploads\/2025\/01\/el-malick-pdt-1.jpg","width":1700,"height":982},{"@type":"WebPage","@id":"https:\/\/www.nettali.com\/2025\/08\/31\/dakar-accueille-la-54%e1%b5%89-reunion-du-comite-executif-de-lupci\/#webpage","url":"https:\/\/www.nettali.com\/2025\/08\/31\/dakar-accueille-la-54%e1%b5%89-reunion-du-comite-executif-de-lupci\/","name":"Dakar accueille la 54\u1d49 r\u00e9union du Comit\u00e9 ex\u00e9cutif de l\u2019UPCI | Nettali.com","isPartOf":{"@id":"https:\/\/www.nettali.com\/#website"},"primaryImageOfPage":{"@id":"https:\/\/www.nettali.com\/2025\/08\/31\/dakar-accueille-la-54%e1%b5%89-reunion-du-comite-executif-de-lupci\/#primaryimage"},"datePublished":"2025-08-31T18:36:31+00:00","dateModified":"2025-08-31T19:00:16+00:00","author":{"@id":"https:\/\/www.nettali.com\/#\/schema\/person\/3317e0bb3aa1da309fbf7b2780901bf4"},"breadcrumb":{"@id":"https:\/\/www.nettali.com\/2025\/08\/31\/dakar-accueille-la-54%e1%b5%89-reunion-du-comite-executif-de-lupci\/#breadcrumb"},"inLanguage":"fr-FR","potentialAction":[{"@type":"ReadAction","target":["https:\/\/www.nettali.com\/2025\/08\/31\/dakar-accueille-la-54%e1%b5%89-reunion-du-comite-executif-de-lupci\/"]}]},{"@type":"BreadcrumbList","@id":"https:\/\/www.nettali.com\/2025\/08\/31\/dakar-accueille-la-54%e1%b5%89-reunion-du-comite-executif-de-lupci\/#breadcrumb","itemListElement":[{"@type":"ListItem","position":1,"name":"Accueil","item":"https:\/\/www.nettali.com\/"},{"@type":"ListItem","position":2,"name":"Dakar accueille la 54\u1d49 r\u00e9union du Comit\u00e9 ex\u00e9cutif de l\u2019UPCI"}]},{"@type":"Person","@id":"https:\/\/www.nettali.com\/#\/schema\/person\/3317e0bb3aa1da309fbf7b2780901bf4","name":"Daouda","image":{"@type":"ImageObject","@id":"https:\/\/www.nettali.com\/#personlogo","inLanguage":"fr-FR","url":"https:\/\/secure.gravatar.com\/avatar\/8d143b5a49345098ddcfee1c49c2f47c?s=96&d=mm&r=g","contentUrl":"https:\/\/secure.gravatar.com\/avatar\/8d143b5a49345098ddcfee1c49c2f47c?s=96&d=mm&r=g","caption":"Daouda"},"sameAs":["https:\/\/www.nettali.com"]}]}},"_links":{"self":[{"href":"https:\/\/www.nettali.com\/rest\/wp\/v2\/posts\/160440"}],"collection":[{"href":"https:\/\/www.nettali.com\/rest\/wp\/v2\/posts"}],"about":[{"href":"https:\/\/www.nettali.com\/rest\/wp\/v2\/types\/post"}],"author":[{"embeddable":true,"href":"https:\/\/www.nettali.com\/rest\/wp\/v2\/users\/4"}],"replies":[{"embeddable":true,"href":"https:\/\/www.nettali.com\/rest\/wp\/v2\/comments?post=160440"}],"version-history":[{"count":1,"href":"https:\/\/www.nettali.com\/rest\/wp\/v2\/posts\/160440\/revisions"}],"predecessor-version":[{"id":160441,"href":"https:\/\/www.nettali.com\/rest\/wp\/v2\/posts\/160440\/revisions\/160441"}],"wp:featuredmedia":[{"embeddable":true,"href":"https:\/\/www.nettali.com\/rest\/wp\/v2\/media\/146617"}],"wp:attachment":[{"href":"https:\/\/www.nettali.com\/rest\/wp\/v2\/media?parent=160440"}],"wp:term":[{"taxonomy":"category","embeddable":true,"href":"https:\/\/www.nettali.com\/rest\/wp\/v2\/categories?post=160440"},{"taxonomy":"post_tag","embeddable":true,"href":"https:\/\/www.nettali.com\/rest\/wp\/v2\/tags?post=160440"}],"curies":[{"name":"wp","href":"https:\/\/api.w.org\/{rel}","templated":true}]}}