{"id":160424,"date":"2025-08-31T06:22:54","date_gmt":"2025-08-31T06:22:54","guid":{"rendered":"https:\/\/www.nettali.com\/?p=160424"},"modified":"2025-08-31T06:22:54","modified_gmt":"2025-08-31T06:22:54","slug":"diomansy-kamara-avion-ne-fait-pas-marche-arriere-munich","status":"publish","type":"post","link":"https:\/\/www.nettali.com\/2025\/08\/31\/diomansy-kamara-avion-ne-fait-pas-marche-arriere-munich\/","title":{"rendered":"DIOMANSY KAMARA - \"Avion ne fait pas marche arri\u00e8re\u2026 Munich\""},"content":{"rendered":"<p><strong>NETTALI.COM - Alors que Nicolas Jackson s\u2019est rendu \u00e0 Munich ce samedi 30 ao\u00fbt \u00e0 Munich pour finaliser un pr\u00eat au Bayern, Chelsea a op\u00e9r\u00e9 une volte-face en raison d\u2019une blessure interne \u00e0 l\u2019effectif pour tout bloquer. L'international s\u00e9n\u00e9galais de 24 ans, encore dans l\u2019attente, vit l\u2019un des feuilletons les plus ind\u00e9cis de ce mercato.<\/strong><\/p>\n<p>Un accord semblait quasiment conclu entre Chelsea FC et le Bayern Munich : un pr\u00eat payant de 13 millions de livres avec une option d\u2019achat comprise entre 56 et 65 millions. Mais la blessure de l\u2019attaquant Liam Delap de ce samedi apr\u00e8s-midi a chang\u00e9 la donne. Le club londonien, en manque de solutions offensives, ne veut plus laisser partir Jackson, qu\u2019il juge redevenu indispensable.<\/p>\n<p>Du c\u00f4t\u00e9 du joueur et de son agent, Diomansy Kamara, la position reste inchang\u00e9e : Jackson veut rejoindre le Bayern Munich. Sur une story Instagram, l\u2019agent du joueur a d\u2019ailleurs laiss\u00e9 entendre qu\u2019un retour en arri\u00e8re n\u2019\u00e9tait pas envisag\u00e9 : \"<em>Avion ne fait pas marche arri\u00e8re\u2026 Munich<\/em>\".<\/p>\n<p>La situation reste donc tr\u00e8s incertaine, entre la volont\u00e9 de Chelsea de bloquer le pr\u00eat et la d\u00e9termination de Jackson et de ses repr\u00e9sentants \u00e0 conclure son arriv\u00e9e en Bundesliga.<\/p>\n<p>Affaire \u00e0 suivre...<\/p>\n<div class='share-to-whatsapp-wrapper'><div class='share-on-whsp'>PARTAGER SUR : <\/div><a data-text='DIOMANSY KAMARA - \"Avion ne fait pas marche arri\u00e8re\u2026 Munich\"' data-link='https:\/\/www.nettali.com\/2025\/08\/31\/diomansy-kamara-avion-ne-fait-pas-marche-arriere-munich\/' class='whatsapp-button whatsapp-share'>WhatsApp<\/a><div class='clear '><\/div><\/div>","protected":false},"excerpt":{"rendered":"<p>NETTALI.COM - Alors que Nicolas Jackson s\u2019est rendu \u00e0 Munich ce samedi 30 ao\u00fbt \u00e0 Munich pour finaliser un pr\u00eat au Bayern, Chelsea a op\u00e9r\u00e9 une volte-face en raison d\u2019une blessure interne \u00e0 l\u2019effectif pour tout bloquer. L'international s\u00e9n\u00e9galais de 24 ans, encore dans l\u2019attente, vit l\u2019un des feuilletons les plus ind\u00e9cis de ce mercato. [&hellip;]<\/p>\n","protected":false},"author":5,"featured_media":160425,"comment_status":"open","ping_status":"open","sticky":false,"template":"","format":"standard","meta":{"_et_pb_use_builder":"","_et_pb_old_content":""},"categories":[6],"tags":[],"yoast_head":"<!-- This site is optimized with the Yoast SEO Premium plugin v17.8 (Yoast SEO v17.8) - https:\/\/yoast.com\/wordpress\/plugins\/seo\/ -->\n<title>DIOMANSY KAMARA - &quot;Avion ne fait pas marche arri\u00e8re\u2026 Munich&quot; | Nettali.com<\/title>\n<meta name=\"robots\" content=\"index, follow, max-snippet:-1, max-image-preview:large, max-video-preview:-1\" \/>\n<link rel=\"canonical\" href=\"https:\/\/www.nettali.com\/2025\/08\/31\/diomansy-kamara-avion-ne-fait-pas-marche-arriere-munich\/\" \/>\n<meta property=\"og:locale\" content=\"fr_FR\" \/>\n<meta property=\"og:type\" content=\"article\" \/>\n<meta property=\"og:title\" content=\"DIOMANSY KAMARA - &quot;Avion ne fait pas marche arri\u00e8re\u2026 Munich&quot;\" \/>\n<meta property=\"og:description\" content=\"NETTALI.COM - Alors que Nicolas Jackson s\u2019est rendu \u00e0 Munich ce samedi 30 ao\u00fbt \u00e0 Munich pour finaliser un pr\u00eat au Bayern, Chelsea a op\u00e9r\u00e9 une volte-face en raison d\u2019une blessure interne \u00e0 l\u2019effectif pour tout bloquer. L&#039;international s\u00e9n\u00e9galais de 24 ans, encore dans l\u2019attente, vit l\u2019un des feuilletons les plus ind\u00e9cis de ce mercato. [&hellip;]\" \/>\n<meta property=\"og:url\" content=\"https:\/\/www.nettali.com\/2025\/08\/31\/diomansy-kamara-avion-ne-fait-pas-marche-arriere-munich\/\" \/>\n<meta property=\"og:site_name\" content=\"Nettali.com\" \/>\n<meta property=\"article:publisher\" content=\"https:\/\/www.facebook.com\/nettalicom\" \/>\n<meta property=\"article:published_time\" content=\"2025-08-31T06:22:54+00:00\" \/>\n<meta property=\"og:image\" content=\"https:\/\/www.nettali.com\/wp-content\/uploads\/2025\/08\/3681efc95f396ae489e155185f390cf3b6dd1db6b9953b54d2a3354d0fdd2262-1200-675.jpg\" \/>\n\t<meta property=\"og:image:width\" content=\"1200\" \/>\n\t<meta property=\"og:image:height\" content=\"675\" \/>\n<meta name=\"twitter:card\" content=\"summary_large_image\" \/>\n<meta name=\"twitter:label1\" content=\"\u00c9crit par\" \/>\n\t<meta name=\"twitter:data1\" content=\"Ibrahima\" \/>\n\t<meta name=\"twitter:label2\" content=\"Dur\u00e9e de lecture estim\u00e9e\" \/>\n\t<meta name=\"twitter:data2\" content=\"1 minute\" \/>\n<script type=\"application\/ld+json\" class=\"yoast-schema-graph\">{\"@context\":\"https:\/\/schema.org\",\"@graph\":[{\"@type\":\"WebSite\",\"@id\":\"https:\/\/www.nettali.com\/#website\",\"url\":\"https:\/\/www.nettali.com\/\",\"name\":\"Nettali.com\",\"description\":\"Le rendez-vous critique du Net\",\"potentialAction\":[{\"@type\":\"SearchAction\",\"target\":{\"@type\":\"EntryPoint\",\"urlTemplate\":\"https:\/\/www.nettali.com\/?s={search_term_string}\"},\"query-input\":\"required name=search_term_string\"}],\"inLanguage\":\"fr-FR\"},{\"@type\":\"ImageObject\",\"@id\":\"https:\/\/www.nettali.com\/2025\/08\/31\/diomansy-kamara-avion-ne-fait-pas-marche-arriere-munich\/#primaryimage\",\"inLanguage\":\"fr-FR\",\"url\":\"https:\/\/www.nettali.com\/wp-content\/uploads\/2025\/08\/3681efc95f396ae489e155185f390cf3b6dd1db6b9953b54d2a3354d0fdd2262-1200-675.jpg\",\"contentUrl\":\"https:\/\/www.nettali.com\/wp-content\/uploads\/2025\/08\/3681efc95f396ae489e155185f390cf3b6dd1db6b9953b54d2a3354d0fdd2262-1200-675.jpg\",\"width\":1200,\"height\":675},{\"@type\":\"WebPage\",\"@id\":\"https:\/\/www.nettali.com\/2025\/08\/31\/diomansy-kamara-avion-ne-fait-pas-marche-arriere-munich\/#webpage\",\"url\":\"https:\/\/www.nettali.com\/2025\/08\/31\/diomansy-kamara-avion-ne-fait-pas-marche-arriere-munich\/\",\"name\":\"DIOMANSY KAMARA - \\\"Avion ne fait pas marche arri\\u00e8re\\u2026 Munich\\\" | Nettali.com\",\"isPartOf\":{\"@id\":\"https:\/\/www.nettali.com\/#website\"},\"primaryImageOfPage\":{\"@id\":\"https:\/\/www.nettali.com\/2025\/08\/31\/diomansy-kamara-avion-ne-fait-pas-marche-arriere-munich\/#primaryimage\"},\"datePublished\":\"2025-08-31T06:22:54+00:00\",\"dateModified\":\"2025-08-31T06:22:54+00:00\",\"author\":{\"@id\":\"https:\/\/www.nettali.com\/#\/schema\/person\/bb147657c2986240405a608162b9bb23\"},\"breadcrumb\":{\"@id\":\"https:\/\/www.nettali.com\/2025\/08\/31\/diomansy-kamara-avion-ne-fait-pas-marche-arriere-munich\/#breadcrumb\"},\"inLanguage\":\"fr-FR\",\"potentialAction\":[{\"@type\":\"ReadAction\",\"target\":[\"https:\/\/www.nettali.com\/2025\/08\/31\/diomansy-kamara-avion-ne-fait-pas-marche-arriere-munich\/\"]}]},{\"@type\":\"BreadcrumbList\",\"@id\":\"https:\/\/www.nettali.com\/2025\/08\/31\/diomansy-kamara-avion-ne-fait-pas-marche-arriere-munich\/#breadcrumb\",\"itemListElement\":[{\"@type\":\"ListItem\",\"position\":1,\"name\":\"Accueil\",\"item\":\"https:\/\/www.nettali.com\/\"},{\"@type\":\"ListItem\",\"position\":2,\"name\":\"DIOMANSY KAMARA - \\\"Avion ne fait pas marche arri\\u00e8re\\u2026 Munich\\\"\"}]},{\"@type\":\"Person\",\"@id\":\"https:\/\/www.nettali.com\/#\/schema\/person\/bb147657c2986240405a608162b9bb23\",\"name\":\"Ibrahima\",\"image\":{\"@type\":\"ImageObject\",\"@id\":\"https:\/\/www.nettali.com\/#personlogo\",\"inLanguage\":\"fr-FR\",\"url\":\"https:\/\/secure.gravatar.com\/avatar\/26a8a81f09f0dd7624c9d5c36c9ba3a2?s=96&d=mm&r=g\",\"contentUrl\":\"https:\/\/secure.gravatar.com\/avatar\/26a8a81f09f0dd7624c9d5c36c9ba3a2?s=96&d=mm&r=g\",\"caption\":\"Ibrahima\"},\"sameAs\":[\"https:\/\/www.nettali.com\"]}]}<\/script>\n<!-- \/ Yoast SEO Premium plugin. -->","yoast_head_json":{"title":"DIOMANSY KAMARA - \"Avion ne fait pas marche arri\u00e8re\u2026 Munich\" | Nettali.com","robots":{"index":"index","follow":"follow","max-snippet":"max-snippet:-1","max-image-preview":"max-image-preview:large","max-video-preview":"max-video-preview:-1"},"canonical":"https:\/\/www.nettali.com\/2025\/08\/31\/diomansy-kamara-avion-ne-fait-pas-marche-arriere-munich\/","og_locale":"fr_FR","og_type":"article","og_title":"DIOMANSY KAMARA - \"Avion ne fait pas marche arri\u00e8re\u2026 Munich\"","og_description":"NETTALI.COM - Alors que Nicolas Jackson s\u2019est rendu \u00e0 Munich ce samedi 30 ao\u00fbt \u00e0 Munich pour finaliser un pr\u00eat au Bayern, Chelsea a op\u00e9r\u00e9 une volte-face en raison d\u2019une blessure interne \u00e0 l\u2019effectif pour tout bloquer. L'international s\u00e9n\u00e9galais de 24 ans, encore dans l\u2019attente, vit l\u2019un des feuilletons les plus ind\u00e9cis de ce mercato. [&hellip;]","og_url":"https:\/\/www.nettali.com\/2025\/08\/31\/diomansy-kamara-avion-ne-fait-pas-marche-arriere-munich\/","og_site_name":"Nettali.com","article_publisher":"https:\/\/www.facebook.com\/nettalicom","article_published_time":"2025-08-31T06:22:54+00:00","og_image":[{"width":1200,"height":675,"url":"https:\/\/www.nettali.com\/wp-content\/uploads\/2025\/08\/3681efc95f396ae489e155185f390cf3b6dd1db6b9953b54d2a3354d0fdd2262-1200-675.jpg","type":"image\/jpeg"}],"twitter_card":"summary_large_image","twitter_misc":{"\u00c9crit par":"Ibrahima","Dur\u00e9e de lecture estim\u00e9e":"1 minute"},"schema":{"@context":"https:\/\/schema.org","@graph":[{"@type":"WebSite","@id":"https:\/\/www.nettali.com\/#website","url":"https:\/\/www.nettali.com\/","name":"Nettali.com","description":"Le rendez-vous critique du Net","potentialAction":[{"@type":"SearchAction","target":{"@type":"EntryPoint","urlTemplate":"https:\/\/www.nettali.com\/?s={search_term_string}"},"query-input":"required name=search_term_string"}],"inLanguage":"fr-FR"},{"@type":"ImageObject","@id":"https:\/\/www.nettali.com\/2025\/08\/31\/diomansy-kamara-avion-ne-fait-pas-marche-arriere-munich\/#primaryimage","inLanguage":"fr-FR","url":"https:\/\/www.nettali.com\/wp-content\/uploads\/2025\/08\/3681efc95f396ae489e155185f390cf3b6dd1db6b9953b54d2a3354d0fdd2262-1200-675.jpg","contentUrl":"https:\/\/www.nettali.com\/wp-content\/uploads\/2025\/08\/3681efc95f396ae489e155185f390cf3b6dd1db6b9953b54d2a3354d0fdd2262-1200-675.jpg","width":1200,"height":675},{"@type":"WebPage","@id":"https:\/\/www.nettali.com\/2025\/08\/31\/diomansy-kamara-avion-ne-fait-pas-marche-arriere-munich\/#webpage","url":"https:\/\/www.nettali.com\/2025\/08\/31\/diomansy-kamara-avion-ne-fait-pas-marche-arriere-munich\/","name":"DIOMANSY KAMARA - \"Avion ne fait pas marche arri\u00e8re\u2026 Munich\" | Nettali.com","isPartOf":{"@id":"https:\/\/www.nettali.com\/#website"},"primaryImageOfPage":{"@id":"https:\/\/www.nettali.com\/2025\/08\/31\/diomansy-kamara-avion-ne-fait-pas-marche-arriere-munich\/#primaryimage"},"datePublished":"2025-08-31T06:22:54+00:00","dateModified":"2025-08-31T06:22:54+00:00","author":{"@id":"https:\/\/www.nettali.com\/#\/schema\/person\/bb147657c2986240405a608162b9bb23"},"breadcrumb":{"@id":"https:\/\/www.nettali.com\/2025\/08\/31\/diomansy-kamara-avion-ne-fait-pas-marche-arriere-munich\/#breadcrumb"},"inLanguage":"fr-FR","potentialAction":[{"@type":"ReadAction","target":["https:\/\/www.nettali.com\/2025\/08\/31\/diomansy-kamara-avion-ne-fait-pas-marche-arriere-munich\/"]}]},{"@type":"BreadcrumbList","@id":"https:\/\/www.nettali.com\/2025\/08\/31\/diomansy-kamara-avion-ne-fait-pas-marche-arriere-munich\/#breadcrumb","itemListElement":[{"@type":"ListItem","position":1,"name":"Accueil","item":"https:\/\/www.nettali.com\/"},{"@type":"ListItem","position":2,"name":"DIOMANSY KAMARA - \"Avion ne fait pas marche arri\u00e8re\u2026 Munich\""}]},{"@type":"Person","@id":"https:\/\/www.nettali.com\/#\/schema\/person\/bb147657c2986240405a608162b9bb23","name":"Ibrahima","image":{"@type":"ImageObject","@id":"https:\/\/www.nettali.com\/#personlogo","inLanguage":"fr-FR","url":"https:\/\/secure.gravatar.com\/avatar\/26a8a81f09f0dd7624c9d5c36c9ba3a2?s=96&d=mm&r=g","contentUrl":"https:\/\/secure.gravatar.com\/avatar\/26a8a81f09f0dd7624c9d5c36c9ba3a2?s=96&d=mm&r=g","caption":"Ibrahima"},"sameAs":["https:\/\/www.nettali.com"]}]}},"_links":{"self":[{"href":"https:\/\/www.nettali.com\/rest\/wp\/v2\/posts\/160424"}],"collection":[{"href":"https:\/\/www.nettali.com\/rest\/wp\/v2\/posts"}],"about":[{"href":"https:\/\/www.nettali.com\/rest\/wp\/v2\/types\/post"}],"author":[{"embeddable":true,"href":"https:\/\/www.nettali.com\/rest\/wp\/v2\/users\/5"}],"replies":[{"embeddable":true,"href":"https:\/\/www.nettali.com\/rest\/wp\/v2\/comments?post=160424"}],"version-history":[{"count":2,"href":"https:\/\/www.nettali.com\/rest\/wp\/v2\/posts\/160424\/revisions"}],"predecessor-version":[{"id":160427,"href":"https:\/\/www.nettali.com\/rest\/wp\/v2\/posts\/160424\/revisions\/160427"}],"wp:featuredmedia":[{"embeddable":true,"href":"https:\/\/www.nettali.com\/rest\/wp\/v2\/media\/160425"}],"wp:attachment":[{"href":"https:\/\/www.nettali.com\/rest\/wp\/v2\/media?parent=160424"}],"wp:term":[{"taxonomy":"category","embeddable":true,"href":"https:\/\/www.nettali.com\/rest\/wp\/v2\/categories?post=160424"},{"taxonomy":"post_tag","embeddable":true,"href":"https:\/\/www.nettali.com\/rest\/wp\/v2\/tags?post=160424"}],"curies":[{"name":"wp","href":"https:\/\/api.w.org\/{rel}","templated":true}]}}