{"id":160421,"date":"2025-08-30T20:50:16","date_gmt":"2025-08-30T20:50:16","guid":{"rendered":"https:\/\/www.nettali.com\/?p=160421"},"modified":"2025-08-30T20:50:16","modified_gmt":"2025-08-30T20:50:16","slug":"drame-familiale-a-ziguinchor-%e2%80%8ela-fillette-brulee-par-son-pere-succombe-a-ses-blessures","status":"publish","type":"post","link":"https:\/\/www.nettali.com\/2025\/08\/30\/drame-familiale-a-ziguinchor-%e2%80%8ela-fillette-brulee-par-son-pere-succombe-a-ses-blessures\/","title":{"rendered":"DRAME FAMILIALE \u00c0 ZIGUINCHOR-\u00a0 \u200eLa fillette br\u00fbl\u00e9e par son p\u00e8re succombe \u00e0 ses blessures"},"content":{"rendered":"<p><strong>NETTALI.COM- \u00c2g\u00e9e de 7 ans, Khadija K\u00e9non est d\u00e9c\u00e9d\u00e9e dans la nuit du 28 au 29 ao\u00fbt \u00e0 l\u2019h\u00f4pital de la Paix de Ziguinchor. Elle n\u2019a pas surv\u00e9cu aux br\u00fblures caus\u00e9es par l\u2019incendie d\u00e9clench\u00e9 par son p\u00e8re, qui avait d\u00e9j\u00e0 co\u00fbt\u00e9 la vie \u00e0 ce dernier et \u00e0 son petit fr\u00e8re.<\/strong><br \/>\n\u200e<br \/>\n\u200ePlong\u00e9e dans le coma depuis quatre jours, la petite Khadija n\u2019a pas r\u00e9sist\u00e9 aux graves br\u00fblures qui la maintenaient entre la vie et la mort. Elle a rendu l\u2019\u00e2me dans la nuit du jeudi au vendredi.<br \/>\n\u200e<br \/>\n\u200eLe drame s\u2019\u00e9tait produit le 24 ao\u00fbt, lorsque son p\u00e8re, Prosp\u00e8re K\u00e9non, avait provoqu\u00e9 un incendie qui a d\u00e9cim\u00e9 sa propre famille. Lui-m\u00eame y avait trouv\u00e9 la mort, tout comme son fils cadet, Aziz, \u00e2g\u00e9 de seulement deux ans. Avec le d\u00e9c\u00e8s de Khadija, le bilan s\u2019alourdit d\u00e9sormais \u00e0 trois victimes.<br \/>\n\u200e<br \/>\n\u200eDepuis son admission en r\u00e9animation, sa m\u00e8re, Zeynabou Bilal, originaire du Mali, n\u2019avait pas quitt\u00e9 son chevet, esp\u00e9rant un miracle. Malheureusement, les soins intensifs prodigu\u00e9s n\u2019ont pas suffi \u00e0 sauver la fillette, scolaris\u00e9e en classe de CE1.<br \/>\n\u200e<br \/>\n\u200eKhadija a \u00e9t\u00e9 inhum\u00e9e au cimeti\u00e8re musulman de Kant\u00e8ne, aux c\u00f4t\u00e9s de son p\u00e8re. Le corps du petit Aziz repose toujours \u00e0 la morgue de l\u2019h\u00f4pital de la Paix, en attendant sa remise \u00e0 la famille dans les prochaines heures.<br \/>\n\u200e<\/p>\n<div class='share-to-whatsapp-wrapper'><div class='share-on-whsp'>PARTAGER SUR : <\/div><a data-text='DRAME FAMILIALE \u00c0 ZIGUINCHOR-\u00a0 \u200eLa fillette br\u00fbl\u00e9e par son p\u00e8re succombe \u00e0 ses blessures' data-link='https:\/\/www.nettali.com\/2025\/08\/30\/drame-familiale-a-ziguinchor-%e2%80%8ela-fillette-brulee-par-son-pere-succombe-a-ses-blessures\/' class='whatsapp-button whatsapp-share'>WhatsApp<\/a><div class='clear '><\/div><\/div>","protected":false},"excerpt":{"rendered":"<p>NETTALI.COM- \u00c2g\u00e9e de 7 ans, Khadija K\u00e9non est d\u00e9c\u00e9d\u00e9e dans la nuit du 28 au 29 ao\u00fbt \u00e0 l\u2019h\u00f4pital de la Paix de Ziguinchor. Elle n\u2019a pas surv\u00e9cu aux br\u00fblures caus\u00e9es par l\u2019incendie d\u00e9clench\u00e9 par son p\u00e8re, qui avait d\u00e9j\u00e0 co\u00fbt\u00e9 la vie \u00e0 ce dernier et \u00e0 son petit fr\u00e8re. \u200e \u200ePlong\u00e9e dans le [&hellip;]<\/p>\n","protected":false},"author":6,"featured_media":140001,"comment_status":"open","ping_status":"open","sticky":false,"template":"","format":"standard","meta":{"_et_pb_use_builder":"","_et_pb_old_content":""},"categories":[3],"tags":[],"yoast_head":"<!-- This site is optimized with the Yoast SEO Premium plugin v17.8 (Yoast SEO v17.8) - https:\/\/yoast.com\/wordpress\/plugins\/seo\/ -->\n<title>DRAME FAMILIALE \u00c0 ZIGUINCHOR-\u00a0 \u200eLa fillette br\u00fbl\u00e9e par son p\u00e8re succombe \u00e0 ses blessures | Nettali.com<\/title>\n<meta name=\"robots\" content=\"index, follow, max-snippet:-1, max-image-preview:large, max-video-preview:-1\" \/>\n<link rel=\"canonical\" href=\"https:\/\/www.nettali.com\/2025\/08\/30\/drame-familiale-a-ziguinchor-\u200ela-fillette-brulee-par-son-pere-succombe-a-ses-blessures\/\" \/>\n<meta property=\"og:locale\" content=\"fr_FR\" \/>\n<meta property=\"og:type\" content=\"article\" \/>\n<meta property=\"og:title\" content=\"DRAME FAMILIALE \u00c0 ZIGUINCHOR-\u00a0 \u200eLa fillette br\u00fbl\u00e9e par son p\u00e8re succombe \u00e0 ses blessures\" \/>\n<meta property=\"og:description\" content=\"NETTALI.COM- \u00c2g\u00e9e de 7 ans, Khadija K\u00e9non est d\u00e9c\u00e9d\u00e9e dans la nuit du 28 au 29 ao\u00fbt \u00e0 l\u2019h\u00f4pital de la Paix de Ziguinchor. Elle n\u2019a pas surv\u00e9cu aux br\u00fblures caus\u00e9es par l\u2019incendie d\u00e9clench\u00e9 par son p\u00e8re, qui avait d\u00e9j\u00e0 co\u00fbt\u00e9 la vie \u00e0 ce dernier et \u00e0 son petit fr\u00e8re. \u200e \u200ePlong\u00e9e dans le [&hellip;]\" \/>\n<meta property=\"og:url\" content=\"https:\/\/www.nettali.com\/2025\/08\/30\/drame-familiale-a-ziguinchor-\u200ela-fillette-brulee-par-son-pere-succombe-a-ses-blessures\/\" \/>\n<meta property=\"og:site_name\" content=\"Nettali.com\" \/>\n<meta property=\"article:publisher\" content=\"https:\/\/www.facebook.com\/nettalicom\" \/>\n<meta property=\"article:published_time\" content=\"2025-08-30T20:50:16+00:00\" \/>\n<meta property=\"og:image\" content=\"https:\/\/www.nettali.com\/wp-content\/uploads\/2024\/09\/mort-noyade.jpg\" \/>\n\t<meta property=\"og:image:width\" content=\"1216\" \/>\n\t<meta property=\"og:image:height\" content=\"684\" \/>\n<meta name=\"twitter:card\" content=\"summary_large_image\" \/>\n<meta name=\"twitter:label1\" content=\"\u00c9crit par\" \/>\n\t<meta name=\"twitter:data1\" content=\"Fatou\" \/>\n\t<meta name=\"twitter:label2\" content=\"Dur\u00e9e de lecture estim\u00e9e\" \/>\n\t<meta name=\"twitter:data2\" content=\"2 minutes\" \/>\n<script type=\"application\/ld+json\" class=\"yoast-schema-graph\">{\"@context\":\"https:\/\/schema.org\",\"@graph\":[{\"@type\":\"WebSite\",\"@id\":\"https:\/\/www.nettali.com\/#website\",\"url\":\"https:\/\/www.nettali.com\/\",\"name\":\"Nettali.com\",\"description\":\"Le rendez-vous critique du Net\",\"potentialAction\":[{\"@type\":\"SearchAction\",\"target\":{\"@type\":\"EntryPoint\",\"urlTemplate\":\"https:\/\/www.nettali.com\/?s={search_term_string}\"},\"query-input\":\"required name=search_term_string\"}],\"inLanguage\":\"fr-FR\"},{\"@type\":\"ImageObject\",\"@id\":\"https:\/\/www.nettali.com\/2025\/08\/30\/drame-familiale-a-ziguinchor-%e2%80%8ela-fillette-brulee-par-son-pere-succombe-a-ses-blessures\/#primaryimage\",\"inLanguage\":\"fr-FR\",\"url\":\"https:\/\/www.nettali.com\/wp-content\/uploads\/2024\/09\/mort-noyade.jpg\",\"contentUrl\":\"https:\/\/www.nettali.com\/wp-content\/uploads\/2024\/09\/mort-noyade.jpg\",\"width\":1216,\"height\":684},{\"@type\":\"WebPage\",\"@id\":\"https:\/\/www.nettali.com\/2025\/08\/30\/drame-familiale-a-ziguinchor-%e2%80%8ela-fillette-brulee-par-son-pere-succombe-a-ses-blessures\/#webpage\",\"url\":\"https:\/\/www.nettali.com\/2025\/08\/30\/drame-familiale-a-ziguinchor-%e2%80%8ela-fillette-brulee-par-son-pere-succombe-a-ses-blessures\/\",\"name\":\"DRAME FAMILIALE \\u00c0 ZIGUINCHOR-\\u00a0 \\u200eLa fillette br\\u00fbl\\u00e9e par son p\\u00e8re succombe \\u00e0 ses blessures | Nettali.com\",\"isPartOf\":{\"@id\":\"https:\/\/www.nettali.com\/#website\"},\"primaryImageOfPage\":{\"@id\":\"https:\/\/www.nettali.com\/2025\/08\/30\/drame-familiale-a-ziguinchor-%e2%80%8ela-fillette-brulee-par-son-pere-succombe-a-ses-blessures\/#primaryimage\"},\"datePublished\":\"2025-08-30T20:50:16+00:00\",\"dateModified\":\"2025-08-30T20:50:16+00:00\",\"author\":{\"@id\":\"https:\/\/www.nettali.com\/#\/schema\/person\/418274a86bdf87caff7a3ef476bd0bbf\"},\"breadcrumb\":{\"@id\":\"https:\/\/www.nettali.com\/2025\/08\/30\/drame-familiale-a-ziguinchor-%e2%80%8ela-fillette-brulee-par-son-pere-succombe-a-ses-blessures\/#breadcrumb\"},\"inLanguage\":\"fr-FR\",\"potentialAction\":[{\"@type\":\"ReadAction\",\"target\":[\"https:\/\/www.nettali.com\/2025\/08\/30\/drame-familiale-a-ziguinchor-%e2%80%8ela-fillette-brulee-par-son-pere-succombe-a-ses-blessures\/\"]}]},{\"@type\":\"BreadcrumbList\",\"@id\":\"https:\/\/www.nettali.com\/2025\/08\/30\/drame-familiale-a-ziguinchor-%e2%80%8ela-fillette-brulee-par-son-pere-succombe-a-ses-blessures\/#breadcrumb\",\"itemListElement\":[{\"@type\":\"ListItem\",\"position\":1,\"name\":\"Accueil\",\"item\":\"https:\/\/www.nettali.com\/\"},{\"@type\":\"ListItem\",\"position\":2,\"name\":\"DRAME FAMILIALE \\u00c0 ZIGUINCHOR-\\u00a0 \\u200eLa fillette br\\u00fbl\\u00e9e par son p\\u00e8re succombe \\u00e0 ses blessures\"}]},{\"@type\":\"Person\",\"@id\":\"https:\/\/www.nettali.com\/#\/schema\/person\/418274a86bdf87caff7a3ef476bd0bbf\",\"name\":\"Fatou\",\"image\":{\"@type\":\"ImageObject\",\"@id\":\"https:\/\/www.nettali.com\/#personlogo\",\"inLanguage\":\"fr-FR\",\"url\":\"https:\/\/secure.gravatar.com\/avatar\/5a9442a2bee7b4dcf167cab035858e9a?s=96&d=mm&r=g\",\"contentUrl\":\"https:\/\/secure.gravatar.com\/avatar\/5a9442a2bee7b4dcf167cab035858e9a?s=96&d=mm&r=g\",\"caption\":\"Fatou\"},\"sameAs\":[\"https:\/\/www.nettali.com\"]}]}<\/script>\n<!-- \/ Yoast SEO Premium plugin. -->","yoast_head_json":{"title":"DRAME FAMILIALE \u00c0 ZIGUINCHOR-\u00a0 \u200eLa fillette br\u00fbl\u00e9e par son p\u00e8re succombe \u00e0 ses blessures | Nettali.com","robots":{"index":"index","follow":"follow","max-snippet":"max-snippet:-1","max-image-preview":"max-image-preview:large","max-video-preview":"max-video-preview:-1"},"canonical":"https:\/\/www.nettali.com\/2025\/08\/30\/drame-familiale-a-ziguinchor-\u200ela-fillette-brulee-par-son-pere-succombe-a-ses-blessures\/","og_locale":"fr_FR","og_type":"article","og_title":"DRAME FAMILIALE \u00c0 ZIGUINCHOR-\u00a0 \u200eLa fillette br\u00fbl\u00e9e par son p\u00e8re succombe \u00e0 ses blessures","og_description":"NETTALI.COM- \u00c2g\u00e9e de 7 ans, Khadija K\u00e9non est d\u00e9c\u00e9d\u00e9e dans la nuit du 28 au 29 ao\u00fbt \u00e0 l\u2019h\u00f4pital de la Paix de Ziguinchor. Elle n\u2019a pas surv\u00e9cu aux br\u00fblures caus\u00e9es par l\u2019incendie d\u00e9clench\u00e9 par son p\u00e8re, qui avait d\u00e9j\u00e0 co\u00fbt\u00e9 la vie \u00e0 ce dernier et \u00e0 son petit fr\u00e8re. \u200e \u200ePlong\u00e9e dans le [&hellip;]","og_url":"https:\/\/www.nettali.com\/2025\/08\/30\/drame-familiale-a-ziguinchor-\u200ela-fillette-brulee-par-son-pere-succombe-a-ses-blessures\/","og_site_name":"Nettali.com","article_publisher":"https:\/\/www.facebook.com\/nettalicom","article_published_time":"2025-08-30T20:50:16+00:00","og_image":[{"width":1216,"height":684,"url":"https:\/\/www.nettali.com\/wp-content\/uploads\/2024\/09\/mort-noyade.jpg","type":"image\/jpeg"}],"twitter_card":"summary_large_image","twitter_misc":{"\u00c9crit par":"Fatou","Dur\u00e9e de lecture estim\u00e9e":"2 minutes"},"schema":{"@context":"https:\/\/schema.org","@graph":[{"@type":"WebSite","@id":"https:\/\/www.nettali.com\/#website","url":"https:\/\/www.nettali.com\/","name":"Nettali.com","description":"Le rendez-vous critique du Net","potentialAction":[{"@type":"SearchAction","target":{"@type":"EntryPoint","urlTemplate":"https:\/\/www.nettali.com\/?s={search_term_string}"},"query-input":"required name=search_term_string"}],"inLanguage":"fr-FR"},{"@type":"ImageObject","@id":"https:\/\/www.nettali.com\/2025\/08\/30\/drame-familiale-a-ziguinchor-%e2%80%8ela-fillette-brulee-par-son-pere-succombe-a-ses-blessures\/#primaryimage","inLanguage":"fr-FR","url":"https:\/\/www.nettali.com\/wp-content\/uploads\/2024\/09\/mort-noyade.jpg","contentUrl":"https:\/\/www.nettali.com\/wp-content\/uploads\/2024\/09\/mort-noyade.jpg","width":1216,"height":684},{"@type":"WebPage","@id":"https:\/\/www.nettali.com\/2025\/08\/30\/drame-familiale-a-ziguinchor-%e2%80%8ela-fillette-brulee-par-son-pere-succombe-a-ses-blessures\/#webpage","url":"https:\/\/www.nettali.com\/2025\/08\/30\/drame-familiale-a-ziguinchor-%e2%80%8ela-fillette-brulee-par-son-pere-succombe-a-ses-blessures\/","name":"DRAME FAMILIALE \u00c0 ZIGUINCHOR-\u00a0 \u200eLa fillette br\u00fbl\u00e9e par son p\u00e8re succombe \u00e0 ses blessures | Nettali.com","isPartOf":{"@id":"https:\/\/www.nettali.com\/#website"},"primaryImageOfPage":{"@id":"https:\/\/www.nettali.com\/2025\/08\/30\/drame-familiale-a-ziguinchor-%e2%80%8ela-fillette-brulee-par-son-pere-succombe-a-ses-blessures\/#primaryimage"},"datePublished":"2025-08-30T20:50:16+00:00","dateModified":"2025-08-30T20:50:16+00:00","author":{"@id":"https:\/\/www.nettali.com\/#\/schema\/person\/418274a86bdf87caff7a3ef476bd0bbf"},"breadcrumb":{"@id":"https:\/\/www.nettali.com\/2025\/08\/30\/drame-familiale-a-ziguinchor-%e2%80%8ela-fillette-brulee-par-son-pere-succombe-a-ses-blessures\/#breadcrumb"},"inLanguage":"fr-FR","potentialAction":[{"@type":"ReadAction","target":["https:\/\/www.nettali.com\/2025\/08\/30\/drame-familiale-a-ziguinchor-%e2%80%8ela-fillette-brulee-par-son-pere-succombe-a-ses-blessures\/"]}]},{"@type":"BreadcrumbList","@id":"https:\/\/www.nettali.com\/2025\/08\/30\/drame-familiale-a-ziguinchor-%e2%80%8ela-fillette-brulee-par-son-pere-succombe-a-ses-blessures\/#breadcrumb","itemListElement":[{"@type":"ListItem","position":1,"name":"Accueil","item":"https:\/\/www.nettali.com\/"},{"@type":"ListItem","position":2,"name":"DRAME FAMILIALE \u00c0 ZIGUINCHOR-\u00a0 \u200eLa fillette br\u00fbl\u00e9e par son p\u00e8re succombe \u00e0 ses blessures"}]},{"@type":"Person","@id":"https:\/\/www.nettali.com\/#\/schema\/person\/418274a86bdf87caff7a3ef476bd0bbf","name":"Fatou","image":{"@type":"ImageObject","@id":"https:\/\/www.nettali.com\/#personlogo","inLanguage":"fr-FR","url":"https:\/\/secure.gravatar.com\/avatar\/5a9442a2bee7b4dcf167cab035858e9a?s=96&d=mm&r=g","contentUrl":"https:\/\/secure.gravatar.com\/avatar\/5a9442a2bee7b4dcf167cab035858e9a?s=96&d=mm&r=g","caption":"Fatou"},"sameAs":["https:\/\/www.nettali.com"]}]}},"_links":{"self":[{"href":"https:\/\/www.nettali.com\/rest\/wp\/v2\/posts\/160421"}],"collection":[{"href":"https:\/\/www.nettali.com\/rest\/wp\/v2\/posts"}],"about":[{"href":"https:\/\/www.nettali.com\/rest\/wp\/v2\/types\/post"}],"author":[{"embeddable":true,"href":"https:\/\/www.nettali.com\/rest\/wp\/v2\/users\/6"}],"replies":[{"embeddable":true,"href":"https:\/\/www.nettali.com\/rest\/wp\/v2\/comments?post=160421"}],"version-history":[{"count":1,"href":"https:\/\/www.nettali.com\/rest\/wp\/v2\/posts\/160421\/revisions"}],"predecessor-version":[{"id":160422,"href":"https:\/\/www.nettali.com\/rest\/wp\/v2\/posts\/160421\/revisions\/160422"}],"wp:featuredmedia":[{"embeddable":true,"href":"https:\/\/www.nettali.com\/rest\/wp\/v2\/media\/140001"}],"wp:attachment":[{"href":"https:\/\/www.nettali.com\/rest\/wp\/v2\/media?parent=160421"}],"wp:term":[{"taxonomy":"category","embeddable":true,"href":"https:\/\/www.nettali.com\/rest\/wp\/v2\/categories?post=160421"},{"taxonomy":"post_tag","embeddable":true,"href":"https:\/\/www.nettali.com\/rest\/wp\/v2\/tags?post=160421"}],"curies":[{"name":"wp","href":"https:\/\/api.w.org\/{rel}","templated":true}]}}