{"id":160399,"date":"2025-08-30T12:00:32","date_gmt":"2025-08-30T12:00:32","guid":{"rendered":"https:\/\/www.nettali.com\/?p=160399"},"modified":"2025-08-30T08:53:00","modified_gmt":"2025-08-30T08:53:00","slug":"dadou-champion-du-monde-de-jiu-jitsu-le-senegal-est-mon-pays-de-coeur","status":"publish","type":"post","link":"https:\/\/www.nettali.com\/2025\/08\/30\/dadou-champion-du-monde-de-jiu-jitsu-le-senegal-est-mon-pays-de-coeur\/","title":{"rendered":"DADOU, CHAMPION DU MONDE DE JIU-JITSU - \"Le S\u00e9n\u00e9gal est mon pays de c\u0153ur\""},"content":{"rendered":"<p><strong>NETTALI.COM - Le Fran\u00e7ais Pierre Yves Laurent, plus connu sous le nom de Dadou, a encore marqu\u00e9 l\u2019histoire du Jiu-Jitsu br\u00e9silien en remportant le titre mondial au World Masters 2025 qui s\u2019est tenu du 28 au 30 ao\u00fbt au Las Vegas Convention Center. La plus grande comp\u00e9tition v\u00e9t\u00e9ran de la discipline a rassembl\u00e9 plus de 14 000 participants sur 56 tatamis, r\u00e9unissant les meilleurs athl\u00e8tes du monde. Dadou s\u2019est impos\u00e9 en Master 7, ceinture marron, Super Heavy (-100 kg), d\u00e9montrant une fois de plus sa r\u00e9gularit\u00e9 et son talent sur la sc\u00e8ne internationale.<\/strong><\/p>\n<p>\"<em>J\u2019ai choisi de m\u2019engager dans la cat\u00e9gorie Super Heavy malgr\u00e9 un poids de corps de 91 kg. Cela peut surprendre, mais je me sens plus libre et mobile dans cette cat\u00e9gorie\",<\/em> confie Dadou.<\/p>\n<p>En demi-finale, il a affront\u00e9 un adversaire redoutable : \"<em>un colosse de pr\u00e8s de deux m\u00e8tres pour un bon cent kilos. Mon plan de combat \u00e9tait simple : tourner sur ma gauche, chercher le balayage, verrouiller son bras gauche. Rien d\u2019autre. Cette concentration extr\u00eame a fait la diff\u00e9rence et m\u2019a ouvert les portes de la finale<\/em>.\"<\/p>\n<p>Pour la finale, il explique : \"<em>On ne joue pas une finale pour une m\u00e9daille d\u2019argent. Mon adversaire \u00e9tait tr\u00e8s solide physiquement, mais je me suis recentr\u00e9 sur mes points forts et sur les conseils de mes professeurs Tapha et Boubacar. Quand il m\u2019a amen\u00e9 au sol, je savais que c\u2019\u00e9tait mon terrain de jeu. Cette ma\u00eetrise m\u2019a permis de d\u00e9crocher le titre de champion du monde.<\/em>\"<\/p>\n<p>R\u00e9sidant au S\u00e9n\u00e9gal depuis 1983, Dadou confie : \"<em>Je vis au S\u00e9n\u00e9gal depuis plus de quarante ans. Mes filles et mes petits-enfants sont n\u00e9s ici. Le S\u00e9n\u00e9gal n\u2019est pas seulement mon lieu de vie, c\u2019est mon pays de c\u0153ur. Mon parcours personnel et professionnel est indissociable de ce pays<\/em>.\"<\/p>\n<p>Au quotidien, il s\u2019entra\u00eene au Bokk Jiu Jitsu \u00e0 l'Olympique Club de Dakar. \"<em>Bokk Jiu Jitsu, c\u2019est un v\u00e9ritable centre d\u2019excellence. Nous avons un tatami spacieux, id\u00e9al pour progresser, et une ambiance unique. Entre 25 et 30 combattants s\u2019entra\u00eenent \u00e0 chaque s\u00e9ance, mais la richesse du club r\u00e9side dans l\u2019encadrement<\/em>\", explique-t-il.<\/p>\n<p>Il ajoute : \"<em>Boubacar, avec son pass\u00e9 de judoka, excelle dans le combat debout. Tapha est une r\u00e9f\u00e9rence au sol. Lamine vient compl\u00e9ter ce duo avec des apports sp\u00e9cifiques et techniques. Gr\u00e2ce \u00e0 eux, nous avons tous la possibilit\u00e9 de progresser et de performer sur la sc\u00e8ne internationale<\/em>.\"<\/p>\n<p>Ce sacre \u00e0 Las Vegas, cinqui\u00e8me titre international pour Dadou, compl\u00e8te un Grand Chelem 2025, apr\u00e8s ses victoires aux Championnats europ\u00e9ens et nord-am\u00e9ricains. Avec ces succ\u00e8s, il confirme non seulement son talent et sa r\u00e9gularit\u00e9, mais contribue aussi \u00e0 placer Dakar et l\u2019Afrique de l\u2019Ouest sur la carte mondiale du Jiu-Jitsu br\u00e9silien.<\/p>\n<p>\"<em>Je suis fier de repr\u00e9senter le S\u00e9n\u00e9gal et l\u2019Afrique de l\u2019Ouest. Chaque titre est le fruit d\u2019un travail collectif, de mes professeurs et de mes partenaires d\u2019entra\u00eenement<\/em>\", conclut Dadou.<\/p>\n<div class='share-to-whatsapp-wrapper'><div class='share-on-whsp'>PARTAGER SUR : <\/div><a data-text='DADOU, CHAMPION DU MONDE DE JIU-JITSU - \"Le S\u00e9n\u00e9gal est mon pays de c\u0153ur\"' data-link='https:\/\/www.nettali.com\/2025\/08\/30\/dadou-champion-du-monde-de-jiu-jitsu-le-senegal-est-mon-pays-de-coeur\/' class='whatsapp-button whatsapp-share'>WhatsApp<\/a><div class='clear '><\/div><\/div>","protected":false},"excerpt":{"rendered":"<p>NETTALI.COM - Le Fran\u00e7ais Pierre Yves Laurent, plus connu sous le nom de Dadou, a encore marqu\u00e9 l\u2019histoire du Jiu-Jitsu br\u00e9silien en remportant le titre mondial au World Masters 2025 qui s\u2019est tenu du 28 au 30 ao\u00fbt au Las Vegas Convention Center. La plus grande comp\u00e9tition v\u00e9t\u00e9ran de la discipline a rassembl\u00e9 plus de [&hellip;]<\/p>\n","protected":false},"author":5,"featured_media":160400,"comment_status":"open","ping_status":"open","sticky":false,"template":"","format":"standard","meta":{"_et_pb_use_builder":"","_et_pb_old_content":""},"categories":[6],"tags":[],"yoast_head":"<!-- This site is optimized with the Yoast SEO Premium plugin v17.8 (Yoast SEO v17.8) - https:\/\/yoast.com\/wordpress\/plugins\/seo\/ -->\n<title>DADOU, CHAMPION DU MONDE DE JIU-JITSU - &quot;Le S\u00e9n\u00e9gal est mon pays de c\u0153ur&quot; | Nettali.com<\/title>\n<meta name=\"robots\" content=\"index, follow, max-snippet:-1, max-image-preview:large, max-video-preview:-1\" \/>\n<link rel=\"canonical\" href=\"https:\/\/www.nettali.com\/2025\/08\/30\/dadou-champion-du-monde-de-jiu-jitsu-le-senegal-est-mon-pays-de-coeur\/\" \/>\n<meta property=\"og:locale\" content=\"fr_FR\" \/>\n<meta property=\"og:type\" content=\"article\" \/>\n<meta property=\"og:title\" content=\"DADOU, CHAMPION DU MONDE DE JIU-JITSU - &quot;Le S\u00e9n\u00e9gal est mon pays de c\u0153ur&quot;\" \/>\n<meta property=\"og:description\" content=\"NETTALI.COM - Le Fran\u00e7ais Pierre Yves Laurent, plus connu sous le nom de Dadou, a encore marqu\u00e9 l\u2019histoire du Jiu-Jitsu br\u00e9silien en remportant le titre mondial au World Masters 2025 qui s\u2019est tenu du 28 au 30 ao\u00fbt au Las Vegas Convention Center. La plus grande comp\u00e9tition v\u00e9t\u00e9ran de la discipline a rassembl\u00e9 plus de [&hellip;]\" \/>\n<meta property=\"og:url\" content=\"https:\/\/www.nettali.com\/2025\/08\/30\/dadou-champion-du-monde-de-jiu-jitsu-le-senegal-est-mon-pays-de-coeur\/\" \/>\n<meta property=\"og:site_name\" content=\"Nettali.com\" \/>\n<meta property=\"article:publisher\" content=\"https:\/\/www.facebook.com\/nettalicom\" \/>\n<meta property=\"article:published_time\" content=\"2025-08-30T12:00:32+00:00\" \/>\n<meta property=\"article:modified_time\" content=\"2025-08-30T08:53:00+00:00\" \/>\n<meta property=\"og:image\" content=\"https:\/\/www.nettali.com\/wp-content\/uploads\/2025\/08\/IMG-20250829-WA0098.jpg\" \/>\n\t<meta property=\"og:image:width\" content=\"1080\" \/>\n\t<meta property=\"og:image:height\" content=\"672\" \/>\n<meta name=\"twitter:card\" content=\"summary_large_image\" \/>\n<meta name=\"twitter:label1\" content=\"\u00c9crit par\" \/>\n\t<meta name=\"twitter:data1\" content=\"Ibrahima\" \/>\n\t<meta name=\"twitter:label2\" content=\"Dur\u00e9e de lecture estim\u00e9e\" \/>\n\t<meta name=\"twitter:data2\" content=\"3 minutes\" \/>\n<script type=\"application\/ld+json\" class=\"yoast-schema-graph\">{\"@context\":\"https:\/\/schema.org\",\"@graph\":[{\"@type\":\"WebSite\",\"@id\":\"https:\/\/www.nettali.com\/#website\",\"url\":\"https:\/\/www.nettali.com\/\",\"name\":\"Nettali.com\",\"description\":\"Le rendez-vous critique du Net\",\"potentialAction\":[{\"@type\":\"SearchAction\",\"target\":{\"@type\":\"EntryPoint\",\"urlTemplate\":\"https:\/\/www.nettali.com\/?s={search_term_string}\"},\"query-input\":\"required name=search_term_string\"}],\"inLanguage\":\"fr-FR\"},{\"@type\":\"ImageObject\",\"@id\":\"https:\/\/www.nettali.com\/2025\/08\/30\/dadou-champion-du-monde-de-jiu-jitsu-le-senegal-est-mon-pays-de-coeur\/#primaryimage\",\"inLanguage\":\"fr-FR\",\"url\":\"https:\/\/www.nettali.com\/wp-content\/uploads\/2025\/08\/IMG-20250829-WA0098.jpg\",\"contentUrl\":\"https:\/\/www.nettali.com\/wp-content\/uploads\/2025\/08\/IMG-20250829-WA0098.jpg\",\"width\":1080,\"height\":672},{\"@type\":\"WebPage\",\"@id\":\"https:\/\/www.nettali.com\/2025\/08\/30\/dadou-champion-du-monde-de-jiu-jitsu-le-senegal-est-mon-pays-de-coeur\/#webpage\",\"url\":\"https:\/\/www.nettali.com\/2025\/08\/30\/dadou-champion-du-monde-de-jiu-jitsu-le-senegal-est-mon-pays-de-coeur\/\",\"name\":\"DADOU, CHAMPION DU MONDE DE JIU-JITSU - \\\"Le S\\u00e9n\\u00e9gal est mon pays de c\\u0153ur\\\" | Nettali.com\",\"isPartOf\":{\"@id\":\"https:\/\/www.nettali.com\/#website\"},\"primaryImageOfPage\":{\"@id\":\"https:\/\/www.nettali.com\/2025\/08\/30\/dadou-champion-du-monde-de-jiu-jitsu-le-senegal-est-mon-pays-de-coeur\/#primaryimage\"},\"datePublished\":\"2025-08-30T12:00:32+00:00\",\"dateModified\":\"2025-08-30T08:53:00+00:00\",\"author\":{\"@id\":\"https:\/\/www.nettali.com\/#\/schema\/person\/bb147657c2986240405a608162b9bb23\"},\"breadcrumb\":{\"@id\":\"https:\/\/www.nettali.com\/2025\/08\/30\/dadou-champion-du-monde-de-jiu-jitsu-le-senegal-est-mon-pays-de-coeur\/#breadcrumb\"},\"inLanguage\":\"fr-FR\",\"potentialAction\":[{\"@type\":\"ReadAction\",\"target\":[\"https:\/\/www.nettali.com\/2025\/08\/30\/dadou-champion-du-monde-de-jiu-jitsu-le-senegal-est-mon-pays-de-coeur\/\"]}]},{\"@type\":\"BreadcrumbList\",\"@id\":\"https:\/\/www.nettali.com\/2025\/08\/30\/dadou-champion-du-monde-de-jiu-jitsu-le-senegal-est-mon-pays-de-coeur\/#breadcrumb\",\"itemListElement\":[{\"@type\":\"ListItem\",\"position\":1,\"name\":\"Accueil\",\"item\":\"https:\/\/www.nettali.com\/\"},{\"@type\":\"ListItem\",\"position\":2,\"name\":\"DADOU, CHAMPION DU MONDE DE JIU-JITSU - \\\"Le S\\u00e9n\\u00e9gal est mon pays de c\\u0153ur\\\"\"}]},{\"@type\":\"Person\",\"@id\":\"https:\/\/www.nettali.com\/#\/schema\/person\/bb147657c2986240405a608162b9bb23\",\"name\":\"Ibrahima\",\"image\":{\"@type\":\"ImageObject\",\"@id\":\"https:\/\/www.nettali.com\/#personlogo\",\"inLanguage\":\"fr-FR\",\"url\":\"https:\/\/secure.gravatar.com\/avatar\/26a8a81f09f0dd7624c9d5c36c9ba3a2?s=96&d=mm&r=g\",\"contentUrl\":\"https:\/\/secure.gravatar.com\/avatar\/26a8a81f09f0dd7624c9d5c36c9ba3a2?s=96&d=mm&r=g\",\"caption\":\"Ibrahima\"},\"sameAs\":[\"https:\/\/www.nettali.com\"]}]}<\/script>\n<!-- \/ Yoast SEO Premium plugin. -->","yoast_head_json":{"title":"DADOU, CHAMPION DU MONDE DE JIU-JITSU - \"Le S\u00e9n\u00e9gal est mon pays de c\u0153ur\" | Nettali.com","robots":{"index":"index","follow":"follow","max-snippet":"max-snippet:-1","max-image-preview":"max-image-preview:large","max-video-preview":"max-video-preview:-1"},"canonical":"https:\/\/www.nettali.com\/2025\/08\/30\/dadou-champion-du-monde-de-jiu-jitsu-le-senegal-est-mon-pays-de-coeur\/","og_locale":"fr_FR","og_type":"article","og_title":"DADOU, CHAMPION DU MONDE DE JIU-JITSU - \"Le S\u00e9n\u00e9gal est mon pays de c\u0153ur\"","og_description":"NETTALI.COM - Le Fran\u00e7ais Pierre Yves Laurent, plus connu sous le nom de Dadou, a encore marqu\u00e9 l\u2019histoire du Jiu-Jitsu br\u00e9silien en remportant le titre mondial au World Masters 2025 qui s\u2019est tenu du 28 au 30 ao\u00fbt au Las Vegas Convention Center. La plus grande comp\u00e9tition v\u00e9t\u00e9ran de la discipline a rassembl\u00e9 plus de [&hellip;]","og_url":"https:\/\/www.nettali.com\/2025\/08\/30\/dadou-champion-du-monde-de-jiu-jitsu-le-senegal-est-mon-pays-de-coeur\/","og_site_name":"Nettali.com","article_publisher":"https:\/\/www.facebook.com\/nettalicom","article_published_time":"2025-08-30T12:00:32+00:00","article_modified_time":"2025-08-30T08:53:00+00:00","og_image":[{"width":1080,"height":672,"url":"https:\/\/www.nettali.com\/wp-content\/uploads\/2025\/08\/IMG-20250829-WA0098.jpg","type":"image\/jpeg"}],"twitter_card":"summary_large_image","twitter_misc":{"\u00c9crit par":"Ibrahima","Dur\u00e9e de lecture estim\u00e9e":"3 minutes"},"schema":{"@context":"https:\/\/schema.org","@graph":[{"@type":"WebSite","@id":"https:\/\/www.nettali.com\/#website","url":"https:\/\/www.nettali.com\/","name":"Nettali.com","description":"Le rendez-vous critique du Net","potentialAction":[{"@type":"SearchAction","target":{"@type":"EntryPoint","urlTemplate":"https:\/\/www.nettali.com\/?s={search_term_string}"},"query-input":"required name=search_term_string"}],"inLanguage":"fr-FR"},{"@type":"ImageObject","@id":"https:\/\/www.nettali.com\/2025\/08\/30\/dadou-champion-du-monde-de-jiu-jitsu-le-senegal-est-mon-pays-de-coeur\/#primaryimage","inLanguage":"fr-FR","url":"https:\/\/www.nettali.com\/wp-content\/uploads\/2025\/08\/IMG-20250829-WA0098.jpg","contentUrl":"https:\/\/www.nettali.com\/wp-content\/uploads\/2025\/08\/IMG-20250829-WA0098.jpg","width":1080,"height":672},{"@type":"WebPage","@id":"https:\/\/www.nettali.com\/2025\/08\/30\/dadou-champion-du-monde-de-jiu-jitsu-le-senegal-est-mon-pays-de-coeur\/#webpage","url":"https:\/\/www.nettali.com\/2025\/08\/30\/dadou-champion-du-monde-de-jiu-jitsu-le-senegal-est-mon-pays-de-coeur\/","name":"DADOU, CHAMPION DU MONDE DE JIU-JITSU - \"Le S\u00e9n\u00e9gal est mon pays de c\u0153ur\" | Nettali.com","isPartOf":{"@id":"https:\/\/www.nettali.com\/#website"},"primaryImageOfPage":{"@id":"https:\/\/www.nettali.com\/2025\/08\/30\/dadou-champion-du-monde-de-jiu-jitsu-le-senegal-est-mon-pays-de-coeur\/#primaryimage"},"datePublished":"2025-08-30T12:00:32+00:00","dateModified":"2025-08-30T08:53:00+00:00","author":{"@id":"https:\/\/www.nettali.com\/#\/schema\/person\/bb147657c2986240405a608162b9bb23"},"breadcrumb":{"@id":"https:\/\/www.nettali.com\/2025\/08\/30\/dadou-champion-du-monde-de-jiu-jitsu-le-senegal-est-mon-pays-de-coeur\/#breadcrumb"},"inLanguage":"fr-FR","potentialAction":[{"@type":"ReadAction","target":["https:\/\/www.nettali.com\/2025\/08\/30\/dadou-champion-du-monde-de-jiu-jitsu-le-senegal-est-mon-pays-de-coeur\/"]}]},{"@type":"BreadcrumbList","@id":"https:\/\/www.nettali.com\/2025\/08\/30\/dadou-champion-du-monde-de-jiu-jitsu-le-senegal-est-mon-pays-de-coeur\/#breadcrumb","itemListElement":[{"@type":"ListItem","position":1,"name":"Accueil","item":"https:\/\/www.nettali.com\/"},{"@type":"ListItem","position":2,"name":"DADOU, CHAMPION DU MONDE DE JIU-JITSU - \"Le S\u00e9n\u00e9gal est mon pays de c\u0153ur\""}]},{"@type":"Person","@id":"https:\/\/www.nettali.com\/#\/schema\/person\/bb147657c2986240405a608162b9bb23","name":"Ibrahima","image":{"@type":"ImageObject","@id":"https:\/\/www.nettali.com\/#personlogo","inLanguage":"fr-FR","url":"https:\/\/secure.gravatar.com\/avatar\/26a8a81f09f0dd7624c9d5c36c9ba3a2?s=96&d=mm&r=g","contentUrl":"https:\/\/secure.gravatar.com\/avatar\/26a8a81f09f0dd7624c9d5c36c9ba3a2?s=96&d=mm&r=g","caption":"Ibrahima"},"sameAs":["https:\/\/www.nettali.com"]}]}},"_links":{"self":[{"href":"https:\/\/www.nettali.com\/rest\/wp\/v2\/posts\/160399"}],"collection":[{"href":"https:\/\/www.nettali.com\/rest\/wp\/v2\/posts"}],"about":[{"href":"https:\/\/www.nettali.com\/rest\/wp\/v2\/types\/post"}],"author":[{"embeddable":true,"href":"https:\/\/www.nettali.com\/rest\/wp\/v2\/users\/5"}],"replies":[{"embeddable":true,"href":"https:\/\/www.nettali.com\/rest\/wp\/v2\/comments?post=160399"}],"version-history":[{"count":3,"href":"https:\/\/www.nettali.com\/rest\/wp\/v2\/posts\/160399\/revisions"}],"predecessor-version":[{"id":160406,"href":"https:\/\/www.nettali.com\/rest\/wp\/v2\/posts\/160399\/revisions\/160406"}],"wp:featuredmedia":[{"embeddable":true,"href":"https:\/\/www.nettali.com\/rest\/wp\/v2\/media\/160400"}],"wp:attachment":[{"href":"https:\/\/www.nettali.com\/rest\/wp\/v2\/media?parent=160399"}],"wp:term":[{"taxonomy":"category","embeddable":true,"href":"https:\/\/www.nettali.com\/rest\/wp\/v2\/categories?post=160399"},{"taxonomy":"post_tag","embeddable":true,"href":"https:\/\/www.nettali.com\/rest\/wp\/v2\/tags?post=160399"}],"curies":[{"name":"wp","href":"https:\/\/api.w.org\/{rel}","templated":true}]}}