{"id":160397,"date":"2025-08-30T19:00:54","date_gmt":"2025-08-30T19:00:54","guid":{"rendered":"https:\/\/www.nettali.com\/?p=160397"},"modified":"2025-08-30T08:51:10","modified_gmt":"2025-08-30T08:51:10","slug":"mamadou-diouf-accuse-teyliom-se-defend","status":"publish","type":"post","link":"https:\/\/www.nettali.com\/2025\/08\/30\/mamadou-diouf-accuse-teyliom-se-defend\/","title":{"rendered":"Mamadou Diouf accuse, Teyliom se d\u00e9fend"},"content":{"rendered":"<p><strong>NETTALI.COM -<\/strong> Le groupe immobilier Teyliom a \u00e9t\u00e9 condamn\u00e9 par le tribunal de commerce \u00e0 restituer plus de 12,9 millions de francs CFA \u00e0 Mamadou Diouf, directeur administratif et financier (DAF) d\u2019une structure de la place et ancien banquier \u00e0 BNP Paribas. Malgr\u00e9 cette d\u00e9cision de justice, le cadre affirme peiner \u00e0 entrer en possession de ses fonds.<\/p>\n<p>Il y a quelques ann\u00e9es, Mamadou Diouf avait sign\u00e9 un contrat de r\u00e9servation pour l\u2019achat d\u2019une villa au p\u00f4le urbain de Diamniadio, au prix de 129,14 millions F CFA. Conform\u00e9ment aux termes de l\u2019accord, il avait vers\u00e9 10 % du montant, soit 12 millions 914 mille F CFA.<\/p>\n<p>Apr\u00e8s avoir obtenu un pr\u00eat immobilier aupr\u00e8s d\u2019une banque pour compl\u00e9ter l\u2019achat, il a saisi le notaire de Teyliom afin de proc\u00e9der \u00e0 la signature de l\u2019acte de vente. Le processus s\u2019est bloqu\u00e9 : selon M. Diouf, Teyliom n\u2019\u00e9tait pas en mesure de fournir les documents requis, notamment le certificat de conformit\u00e9 et le renouvellement du permis de construire.<\/p>\n<p>Face \u00e0 cette impasse, l\u2019acheteur a demand\u00e9 la restitution de ses fonds, en vain, malgr\u00e9 plusieurs d\u00e9marches amiables. Ce n\u2019est qu\u2019apr\u00e8s avoir port\u00e9 l\u2019affaire devant le tribunal de commerce qu\u2019il a obtenu gain de cause. La juridiction a condamn\u00e9 Teyliom \u00e0 lui rembourser la somme sans d\u00e9lai.<\/p>\n<p>Cependant, la mise en ex\u00e9cution du jugement s\u2019av\u00e8re compliqu\u00e9e. M. Diouf explique avoir mandat\u00e9 un huissier pour proc\u00e9der \u00e0 la saisie des comptes bancaires du groupe. Mais, selon lui, ces comptes se seraient r\u00e9v\u00e9l\u00e9s vides.<\/p>\n<p>\u201c<em>\u00c0 ma grande surprise, les comptes Teyliom \u00e9taient vid\u00e9s. \u00c9tant ancien banquier, j\u2019ai compris que Teyliom a organis\u00e9 son insolvabilit\u00e9 par un proc\u00e9d\u00e9 classique de cavalerie<\/em>\u201d, accuse le DAF, \u00e9voquant un transfert de revenus vers d\u2019autres soci\u00e9t\u00e9s soeurs de la holding Teyliom (Teyliom Properties, Teyliom Hospitality, Teyliom Capital, etc.).<\/p>\n<p>Ne parvenant pas \u00e0 r\u00e9cup\u00e9rer son argent, il envisage d\u00e9sormais de saisir les biens meubles et immobiliers du groupe afin de faire ex\u00e9cuter la d\u00e9cision du tribunal.<\/p>\n<p>Contact\u00e9e par la r\u00e9daction d\u2019EnQu\u00eate, la cellule de communication du groupe Teyliom a apport\u00e9 des clarifications : \u201c<em>Nous avons bien pris connaissance des affirmations concernant Teyliom. Toutefois, nous tenons \u00e0 pr\u00e9ciser que la soci\u00e9t\u00e9 n\u2019a jamais eu l\u2019intention de se soustraire \u00e0 ses obligations financi\u00e8res. Les proc\u00e9dures judiciaires suivent leur cours et Teyliom reste attach\u00e9e au respect des d\u00e9cisions de justice et des r\u00e8gles de transparence. Nous contestons fermement l\u2019all\u00e9gation selon laquelle l\u2019entreprise aurait organis\u00e9 son insolvabilit\u00e9 ou pratiqu\u00e9 une quelconque forme de \u201ccavalerie\u201d. Teyliom est un groupe actif et engag\u00e9 dans plusieurs secteurs \u00e9conomiques, et continue de faire face \u00e0 ses engagements con-form\u00e9ment aux proc\u00e9dures l\u00e9gales en vigueur. Nous r\u00e9affirmons enfin notre volont\u00e9 de coop\u00e9rer avec toutes les parties concern\u00e9es afin d\u2019apporter les clarifications n\u00e9cessaires<\/em>.\u201d<\/p>\n<p>EnQu\u00eate<\/p>\n<div class='share-to-whatsapp-wrapper'><div class='share-on-whsp'>PARTAGER SUR : <\/div><a data-text='Mamadou Diouf accuse, Teyliom se d\u00e9fend' data-link='https:\/\/www.nettali.com\/2025\/08\/30\/mamadou-diouf-accuse-teyliom-se-defend\/' class='whatsapp-button whatsapp-share'>WhatsApp<\/a><div class='clear '><\/div><\/div>","protected":false},"excerpt":{"rendered":"<p>NETTALI.COM - Le groupe immobilier Teyliom a \u00e9t\u00e9 condamn\u00e9 par le tribunal de commerce \u00e0 restituer plus de 12,9 millions de francs CFA \u00e0 Mamadou Diouf, directeur administratif et financier (DAF) d\u2019une structure de la place et ancien banquier \u00e0 BNP Paribas. Malgr\u00e9 cette d\u00e9cision de justice, le cadre affirme peiner \u00e0 entrer en possession [&hellip;]<\/p>\n","protected":false},"author":2,"featured_media":160403,"comment_status":"open","ping_status":"open","sticky":false,"template":"","format":"standard","meta":{"_et_pb_use_builder":"","_et_pb_old_content":""},"categories":[34945],"tags":[],"yoast_head":"<!-- This site is optimized with the Yoast SEO Premium plugin v17.8 (Yoast SEO v17.8) - https:\/\/yoast.com\/wordpress\/plugins\/seo\/ -->\n<title>Mamadou Diouf accuse, Teyliom se d\u00e9fend | Nettali.com<\/title>\n<meta name=\"robots\" content=\"index, follow, max-snippet:-1, max-image-preview:large, max-video-preview:-1\" \/>\n<link rel=\"canonical\" href=\"https:\/\/www.nettali.com\/2025\/08\/30\/mamadou-diouf-accuse-teyliom-se-defend\/\" \/>\n<meta property=\"og:locale\" content=\"fr_FR\" \/>\n<meta property=\"og:type\" content=\"article\" \/>\n<meta property=\"og:title\" content=\"Mamadou Diouf accuse, Teyliom se d\u00e9fend\" \/>\n<meta property=\"og:description\" content=\"NETTALI.COM - Le groupe immobilier Teyliom a \u00e9t\u00e9 condamn\u00e9 par le tribunal de commerce \u00e0 restituer plus de 12,9 millions de francs CFA \u00e0 Mamadou Diouf, directeur administratif et financier (DAF) d\u2019une structure de la place et ancien banquier \u00e0 BNP Paribas. Malgr\u00e9 cette d\u00e9cision de justice, le cadre affirme peiner \u00e0 entrer en possession [&hellip;]\" \/>\n<meta property=\"og:url\" content=\"https:\/\/www.nettali.com\/2025\/08\/30\/mamadou-diouf-accuse-teyliom-se-defend\/\" \/>\n<meta property=\"og:site_name\" content=\"Nettali.com\" \/>\n<meta property=\"article:publisher\" content=\"https:\/\/www.facebook.com\/nettalicom\" \/>\n<meta property=\"article:published_time\" content=\"2025-08-30T19:00:54+00:00\" \/>\n<meta property=\"article:modified_time\" content=\"2025-08-30T08:51:10+00:00\" \/>\n<meta property=\"og:image\" content=\"https:\/\/www.nettali.com\/wp-content\/uploads\/2025\/08\/thumb_1260x800_6899f42748bcb_H1So8laslS.jpg\" \/>\n\t<meta property=\"og:image:width\" content=\"1260\" \/>\n\t<meta property=\"og:image:height\" content=\"800\" \/>\n<meta name=\"twitter:card\" content=\"summary_large_image\" \/>\n<meta name=\"twitter:label1\" content=\"\u00c9crit par\" \/>\n\t<meta name=\"twitter:data1\" content=\"CK\" \/>\n\t<meta name=\"twitter:label2\" content=\"Dur\u00e9e de lecture estim\u00e9e\" \/>\n\t<meta name=\"twitter:data2\" content=\"3 minutes\" \/>\n<script type=\"application\/ld+json\" class=\"yoast-schema-graph\">{\"@context\":\"https:\/\/schema.org\",\"@graph\":[{\"@type\":\"WebSite\",\"@id\":\"https:\/\/www.nettali.com\/#website\",\"url\":\"https:\/\/www.nettali.com\/\",\"name\":\"Nettali.com\",\"description\":\"Le rendez-vous critique du Net\",\"potentialAction\":[{\"@type\":\"SearchAction\",\"target\":{\"@type\":\"EntryPoint\",\"urlTemplate\":\"https:\/\/www.nettali.com\/?s={search_term_string}\"},\"query-input\":\"required name=search_term_string\"}],\"inLanguage\":\"fr-FR\"},{\"@type\":\"ImageObject\",\"@id\":\"https:\/\/www.nettali.com\/2025\/08\/30\/mamadou-diouf-accuse-teyliom-se-defend\/#primaryimage\",\"inLanguage\":\"fr-FR\",\"url\":\"https:\/\/www.nettali.com\/wp-content\/uploads\/2025\/08\/thumb_1260x800_6899f42748bcb_H1So8laslS.jpg\",\"contentUrl\":\"https:\/\/www.nettali.com\/wp-content\/uploads\/2025\/08\/thumb_1260x800_6899f42748bcb_H1So8laslS.jpg\",\"width\":1260,\"height\":800},{\"@type\":\"WebPage\",\"@id\":\"https:\/\/www.nettali.com\/2025\/08\/30\/mamadou-diouf-accuse-teyliom-se-defend\/#webpage\",\"url\":\"https:\/\/www.nettali.com\/2025\/08\/30\/mamadou-diouf-accuse-teyliom-se-defend\/\",\"name\":\"Mamadou Diouf accuse, Teyliom se d\\u00e9fend | Nettali.com\",\"isPartOf\":{\"@id\":\"https:\/\/www.nettali.com\/#website\"},\"primaryImageOfPage\":{\"@id\":\"https:\/\/www.nettali.com\/2025\/08\/30\/mamadou-diouf-accuse-teyliom-se-defend\/#primaryimage\"},\"datePublished\":\"2025-08-30T19:00:54+00:00\",\"dateModified\":\"2025-08-30T08:51:10+00:00\",\"author\":{\"@id\":\"https:\/\/www.nettali.com\/#\/schema\/person\/d8ac7b7e27ddad43f1c0d2ef090d7f71\"},\"breadcrumb\":{\"@id\":\"https:\/\/www.nettali.com\/2025\/08\/30\/mamadou-diouf-accuse-teyliom-se-defend\/#breadcrumb\"},\"inLanguage\":\"fr-FR\",\"potentialAction\":[{\"@type\":\"ReadAction\",\"target\":[\"https:\/\/www.nettali.com\/2025\/08\/30\/mamadou-diouf-accuse-teyliom-se-defend\/\"]}]},{\"@type\":\"BreadcrumbList\",\"@id\":\"https:\/\/www.nettali.com\/2025\/08\/30\/mamadou-diouf-accuse-teyliom-se-defend\/#breadcrumb\",\"itemListElement\":[{\"@type\":\"ListItem\",\"position\":1,\"name\":\"Accueil\",\"item\":\"https:\/\/www.nettali.com\/\"},{\"@type\":\"ListItem\",\"position\":2,\"name\":\"Mamadou Diouf accuse, Teyliom se d\\u00e9fend\"}]},{\"@type\":\"Person\",\"@id\":\"https:\/\/www.nettali.com\/#\/schema\/person\/d8ac7b7e27ddad43f1c0d2ef090d7f71\",\"name\":\"CK\",\"image\":{\"@type\":\"ImageObject\",\"@id\":\"https:\/\/www.nettali.com\/#personlogo\",\"inLanguage\":\"fr-FR\",\"url\":\"https:\/\/secure.gravatar.com\/avatar\/1d8d5118b9327d94da7cd4ce7f17fec2?s=96&d=mm&r=g\",\"contentUrl\":\"https:\/\/secure.gravatar.com\/avatar\/1d8d5118b9327d94da7cd4ce7f17fec2?s=96&d=mm&r=g\",\"caption\":\"CK\"},\"sameAs\":[\"https:\/\/www.nettali.com\"]}]}<\/script>\n<!-- \/ Yoast SEO Premium plugin. -->","yoast_head_json":{"title":"Mamadou Diouf accuse, Teyliom se d\u00e9fend | Nettali.com","robots":{"index":"index","follow":"follow","max-snippet":"max-snippet:-1","max-image-preview":"max-image-preview:large","max-video-preview":"max-video-preview:-1"},"canonical":"https:\/\/www.nettali.com\/2025\/08\/30\/mamadou-diouf-accuse-teyliom-se-defend\/","og_locale":"fr_FR","og_type":"article","og_title":"Mamadou Diouf accuse, Teyliom se d\u00e9fend","og_description":"NETTALI.COM - Le groupe immobilier Teyliom a \u00e9t\u00e9 condamn\u00e9 par le tribunal de commerce \u00e0 restituer plus de 12,9 millions de francs CFA \u00e0 Mamadou Diouf, directeur administratif et financier (DAF) d\u2019une structure de la place et ancien banquier \u00e0 BNP Paribas. Malgr\u00e9 cette d\u00e9cision de justice, le cadre affirme peiner \u00e0 entrer en possession [&hellip;]","og_url":"https:\/\/www.nettali.com\/2025\/08\/30\/mamadou-diouf-accuse-teyliom-se-defend\/","og_site_name":"Nettali.com","article_publisher":"https:\/\/www.facebook.com\/nettalicom","article_published_time":"2025-08-30T19:00:54+00:00","article_modified_time":"2025-08-30T08:51:10+00:00","og_image":[{"width":1260,"height":800,"url":"https:\/\/www.nettali.com\/wp-content\/uploads\/2025\/08\/thumb_1260x800_6899f42748bcb_H1So8laslS.jpg","type":"image\/jpeg"}],"twitter_card":"summary_large_image","twitter_misc":{"\u00c9crit par":"CK","Dur\u00e9e de lecture estim\u00e9e":"3 minutes"},"schema":{"@context":"https:\/\/schema.org","@graph":[{"@type":"WebSite","@id":"https:\/\/www.nettali.com\/#website","url":"https:\/\/www.nettali.com\/","name":"Nettali.com","description":"Le rendez-vous critique du Net","potentialAction":[{"@type":"SearchAction","target":{"@type":"EntryPoint","urlTemplate":"https:\/\/www.nettali.com\/?s={search_term_string}"},"query-input":"required name=search_term_string"}],"inLanguage":"fr-FR"},{"@type":"ImageObject","@id":"https:\/\/www.nettali.com\/2025\/08\/30\/mamadou-diouf-accuse-teyliom-se-defend\/#primaryimage","inLanguage":"fr-FR","url":"https:\/\/www.nettali.com\/wp-content\/uploads\/2025\/08\/thumb_1260x800_6899f42748bcb_H1So8laslS.jpg","contentUrl":"https:\/\/www.nettali.com\/wp-content\/uploads\/2025\/08\/thumb_1260x800_6899f42748bcb_H1So8laslS.jpg","width":1260,"height":800},{"@type":"WebPage","@id":"https:\/\/www.nettali.com\/2025\/08\/30\/mamadou-diouf-accuse-teyliom-se-defend\/#webpage","url":"https:\/\/www.nettali.com\/2025\/08\/30\/mamadou-diouf-accuse-teyliom-se-defend\/","name":"Mamadou Diouf accuse, Teyliom se d\u00e9fend | Nettali.com","isPartOf":{"@id":"https:\/\/www.nettali.com\/#website"},"primaryImageOfPage":{"@id":"https:\/\/www.nettali.com\/2025\/08\/30\/mamadou-diouf-accuse-teyliom-se-defend\/#primaryimage"},"datePublished":"2025-08-30T19:00:54+00:00","dateModified":"2025-08-30T08:51:10+00:00","author":{"@id":"https:\/\/www.nettali.com\/#\/schema\/person\/d8ac7b7e27ddad43f1c0d2ef090d7f71"},"breadcrumb":{"@id":"https:\/\/www.nettali.com\/2025\/08\/30\/mamadou-diouf-accuse-teyliom-se-defend\/#breadcrumb"},"inLanguage":"fr-FR","potentialAction":[{"@type":"ReadAction","target":["https:\/\/www.nettali.com\/2025\/08\/30\/mamadou-diouf-accuse-teyliom-se-defend\/"]}]},{"@type":"BreadcrumbList","@id":"https:\/\/www.nettali.com\/2025\/08\/30\/mamadou-diouf-accuse-teyliom-se-defend\/#breadcrumb","itemListElement":[{"@type":"ListItem","position":1,"name":"Accueil","item":"https:\/\/www.nettali.com\/"},{"@type":"ListItem","position":2,"name":"Mamadou Diouf accuse, Teyliom se d\u00e9fend"}]},{"@type":"Person","@id":"https:\/\/www.nettali.com\/#\/schema\/person\/d8ac7b7e27ddad43f1c0d2ef090d7f71","name":"CK","image":{"@type":"ImageObject","@id":"https:\/\/www.nettali.com\/#personlogo","inLanguage":"fr-FR","url":"https:\/\/secure.gravatar.com\/avatar\/1d8d5118b9327d94da7cd4ce7f17fec2?s=96&d=mm&r=g","contentUrl":"https:\/\/secure.gravatar.com\/avatar\/1d8d5118b9327d94da7cd4ce7f17fec2?s=96&d=mm&r=g","caption":"CK"},"sameAs":["https:\/\/www.nettali.com"]}]}},"_links":{"self":[{"href":"https:\/\/www.nettali.com\/rest\/wp\/v2\/posts\/160397"}],"collection":[{"href":"https:\/\/www.nettali.com\/rest\/wp\/v2\/posts"}],"about":[{"href":"https:\/\/www.nettali.com\/rest\/wp\/v2\/types\/post"}],"author":[{"embeddable":true,"href":"https:\/\/www.nettali.com\/rest\/wp\/v2\/users\/2"}],"replies":[{"embeddable":true,"href":"https:\/\/www.nettali.com\/rest\/wp\/v2\/comments?post=160397"}],"version-history":[{"count":1,"href":"https:\/\/www.nettali.com\/rest\/wp\/v2\/posts\/160397\/revisions"}],"predecessor-version":[{"id":160404,"href":"https:\/\/www.nettali.com\/rest\/wp\/v2\/posts\/160397\/revisions\/160404"}],"wp:featuredmedia":[{"embeddable":true,"href":"https:\/\/www.nettali.com\/rest\/wp\/v2\/media\/160403"}],"wp:attachment":[{"href":"https:\/\/www.nettali.com\/rest\/wp\/v2\/media?parent=160397"}],"wp:term":[{"taxonomy":"category","embeddable":true,"href":"https:\/\/www.nettali.com\/rest\/wp\/v2\/categories?post=160397"},{"taxonomy":"post_tag","embeddable":true,"href":"https:\/\/www.nettali.com\/rest\/wp\/v2\/tags?post=160397"}],"curies":[{"name":"wp","href":"https:\/\/api.w.org\/{rel}","templated":true}]}}