{"id":160372,"date":"2025-08-29T20:48:10","date_gmt":"2025-08-29T20:48:10","guid":{"rendered":"https:\/\/www.nettali.com\/?p=160372"},"modified":"2025-08-29T20:48:10","modified_gmt":"2025-08-29T20:48:10","slug":"indemnite-de-logement-non-payee-le-ciaas-vers-une-greve-generale","status":"publish","type":"post","link":"https:\/\/www.nettali.com\/2025\/08\/29\/indemnite-de-logement-non-payee-le-ciaas-vers-une-greve-generale\/","title":{"rendered":"INDEMNIT\u00c9 DE LOGEMENT NON PAY\u00c9E - Le CIAAS vers une gr\u00e8ve g\u00e9n\u00e9rale"},"content":{"rendered":"<p><strong>NETTALI.COM - Le torchon br\u00fble entre l'administration s\u00e9n\u00e9galaise et ses agents. Le non payement des indemnit\u00e9s de logement est la pomme de discorde. Regroup\u00e9s dans un collectif, les 16.000 agents de l'administration s\u00e9n\u00e9galaise r\u00e9clament sans d\u00e9lais leurs d\u00fbs. En conf\u00e9rence ce vendredi 29 ao\u00fbt au si\u00e8ge de la CNTS, le Collectif Interminist\u00e9riel des Agents de l'Administration S\u00e9n\u00e9galaise hausse le ton et menace d'aller en gr\u00e8ve g\u00e9n\u00e9rale.<\/strong><\/p>\n<p>Le vin est tir\u00e9, il faut le boire. Le projet de loi de finances rectificative (LFR)a \u00e9t\u00e9 vot\u00e9 et adopt\u00e9 le 28 juin 2025, par l'Assembl\u00e9e nationale. Donc payement doit s'en survivre. Telle est la position du Collectif Interminist\u00e9riel des Agents de l'Administration S\u00e9n\u00e9galaise.<\/p>\n<p>Selon le coordonnateur du Collectif, Omar Dram\u00e9, \"<em>l'une des principales revendications du Collectif Interminist\u00e9riel des Agents de l'Administration S\u00e9n\u00e9galaise (CIAAS), inscrite dans le Pacte de stabilit\u00e9 sociale pour un d\u00e9veloppement inclusif et durable, a \u00e9t\u00e9 prise en compte \u00e0 savoir la g\u00e9n\u00e9ralisation de I'indemnit\u00e9 de logement au profit des 16.000 agents de la fonction publique qui n'en b\u00e9n\u00e9ficiaient pas jusqu'ici<\/em>\".<\/p>\n<p>A l'en croire, cette loi a \u00e9t\u00e9 promulqu\u00e9e par le Pr\u00e9sident de la R\u00e9publique et publi\u00e9e au Journal officiel le 10 juillet 2025. Conform\u00e9ment \u00e0 l'article 4 du Code civil s\u00e9n\u00e9galais, et au principe de l\u00e9galit\u00e9, une loi r\u00e9guli\u00e8rement vot\u00e9e, promulgu\u00e9e et publi\u00e9e entre imm\u00e9diatement en vigueur, sauf si une date ult\u00e9rieure est express\u00e9ment pr\u00e9vue, ce qui n'est pas le cas ici. Par cons\u00e9quent, son application devait \u00eatre imm\u00e9diate.<\/p>\n<p>\"<em>Dans ce cadre, le CIAAS avait demand\u00e9 au gouvernement de proc\u00e9der \u00e0 une mise en solde de I'indemnit\u00e9 avant le 5 Ao\u00fbt 2025 par \u00e9mission sp\u00e9ciale. Malheureusement, cela n'a pas \u00e9t\u00e9 fait<\/em>\", a d\u00e9plor\u00e9 monsieur Dram\u00e9 face \u00e0 la presse ce vendredi 29 ao\u00fbt.<\/p>\n<p><strong>Un rappel pour juillet et ao\u00fbt<\/strong><\/p>\n<p>Tout en esp\u00e9rant une r\u00e9gularisation rapide, le Collectif compte la fin du mois d'ao\u00fbt pour un rattrapage. A cet effet, une correspondance a \u00e9t\u00e9 adress\u00e9e, le 20 juillet, au premier miinistre, avec ampliation au Ministre des Finances, au Ministre de la Fonction publique et au Haut Conseil du dialogue social.<br \/>\nPour Omar Dram\u00e9 et ses camarades, cette lettre visait \u00e0 comprendre les raisons du non-paiement de I'indemnit\u00e9. A ce jour, \"<em>aucune r\u00e9ponse officielle n'a \u00e9t\u00e9 communiqu\u00e9e.<\/em>\"<\/p>\n<p><strong>Cheikh Diba interpell\u00e9<\/strong><\/p>\n<p>V\u00e9rifiant leurs bulletins de salaire de ce mois d'ao\u00fbt, grande a \u00e9t\u00e9 la d\u00e9ception des 16.000 membres du Collectif : I'indemnit\u00e9 de logement n'y fiqure toujours pas.<br \/>\nPour le Collectif, \"<em>toutes les dispositions techniques sont pr\u00eates ; il ne manque<\/em><br \/>\n<em>que les instructions du minist\u00e8re des Finances pour que les services de la solde proc\u00e8dent \u00e0 l'int\u00e9gration effective de cette indemnit\u00e9<\/em>.\"<br \/>\nD\u00e8s lors, le CIAAS \"<em>exige du ministre des Finances et du Budget, monsieur Cheikh Diba, qu'il donne imm\u00e9diatement les ordres n\u00e9cessaires pour la mise en solde de l'indemnit\u00e9 de logement<\/em>.\"<\/p>\n<p>Face au silence inqui\u00e9tant du gouvernement qui peine toujours \u00e0 respecter ses engagements, le Collectif Interminist\u00e9riel des Agents de l'Administration S\u00e9n\u00e9galaise va engager son premier plan d'action pour obtenir gain de cause.<\/p>\n<p><strong>Vers une gr\u00e8ve generale<\/strong><\/p>\n<p>\"<em>A partir du lundi 8 septembre 2025, le CIAAS lancera la semaine rouge de l'administration, marqu\u00e9e par le port de brassards rouges dans les 25 minist\u00e8res membres du collectif, tant au niveau central que d\u00e9concentr\u1ebf. Si aucune r\u00e9action n'est enregistr\u00e9e apr\u00e8s cette phase, une marche pacifique sera organis\u00e9e. Et en dernier recours, une gr\u00e8ve g\u00e9n\u00e9rale dans l'administration n'est pas exclue<\/em>\", a fait savoir le CIAAS.<\/p>\n<p>Cependant, avant d'en arriver \u00e0 cette situation, et dans un esprit de responsabilit\u00e9 et de respect des engagements pris dans le Pacte de stabilit\u00e9 sociale, le collectif qui exige le payement sans d\u00e9lai de l'indemnit\u00e9 de logement appelle solennellement I'\u00c9tat du S\u00e9n\u00e9gal \u00e0 r\u00e9agir.<\/p>\n<p>Autant dire que la balle est d\u00e9sormais dans le camp du gouvernement.<\/p>\n<div class='share-to-whatsapp-wrapper'><div class='share-on-whsp'>PARTAGER SUR : <\/div><a data-text='INDEMNIT\u00c9 DE LOGEMENT NON PAY\u00c9E - Le CIAAS vers une gr\u00e8ve g\u00e9n\u00e9rale' data-link='https:\/\/www.nettali.com\/2025\/08\/29\/indemnite-de-logement-non-payee-le-ciaas-vers-une-greve-generale\/' class='whatsapp-button whatsapp-share'>WhatsApp<\/a><div class='clear '><\/div><\/div>","protected":false},"excerpt":{"rendered":"<p>NETTALI.COM - Le torchon br\u00fble entre l'administration s\u00e9n\u00e9galaise et ses agents. Le non payement des indemnit\u00e9s de logement est la pomme de discorde. Regroup\u00e9s dans un collectif, les 16.000 agents de l'administration s\u00e9n\u00e9galaise r\u00e9clament sans d\u00e9lais leurs d\u00fbs. En conf\u00e9rence ce vendredi 29 ao\u00fbt au si\u00e8ge de la CNTS, le Collectif Interminist\u00e9riel des Agents de [&hellip;]<\/p>\n","protected":false},"author":5,"featured_media":0,"comment_status":"open","ping_status":"open","sticky":false,"template":"","format":"standard","meta":{"_et_pb_use_builder":"","_et_pb_old_content":""},"categories":[3],"tags":[],"yoast_head":"<!-- This site is optimized with the Yoast SEO Premium plugin v17.8 (Yoast SEO v17.8) - https:\/\/yoast.com\/wordpress\/plugins\/seo\/ -->\n<title>INDEMNIT\u00c9 DE LOGEMENT NON PAY\u00c9E - Le CIAAS vers une gr\u00e8ve g\u00e9n\u00e9rale | Nettali.com<\/title>\n<meta name=\"robots\" content=\"index, follow, max-snippet:-1, max-image-preview:large, max-video-preview:-1\" \/>\n<link rel=\"canonical\" href=\"https:\/\/www.nettali.com\/2025\/08\/29\/indemnite-de-logement-non-payee-le-ciaas-vers-une-greve-generale\/\" \/>\n<meta property=\"og:locale\" content=\"fr_FR\" \/>\n<meta property=\"og:type\" content=\"article\" \/>\n<meta property=\"og:title\" content=\"INDEMNIT\u00c9 DE LOGEMENT NON PAY\u00c9E - Le CIAAS vers une gr\u00e8ve g\u00e9n\u00e9rale\" \/>\n<meta property=\"og:description\" content=\"NETTALI.COM - Le torchon br\u00fble entre l&#039;administration s\u00e9n\u00e9galaise et ses agents. Le non payement des indemnit\u00e9s de logement est la pomme de discorde. Regroup\u00e9s dans un collectif, les 16.000 agents de l&#039;administration s\u00e9n\u00e9galaise r\u00e9clament sans d\u00e9lais leurs d\u00fbs. En conf\u00e9rence ce vendredi 29 ao\u00fbt au si\u00e8ge de la CNTS, le Collectif Interminist\u00e9riel des Agents de [&hellip;]\" \/>\n<meta property=\"og:url\" content=\"https:\/\/www.nettali.com\/2025\/08\/29\/indemnite-de-logement-non-payee-le-ciaas-vers-une-greve-generale\/\" \/>\n<meta property=\"og:site_name\" content=\"Nettali.com\" \/>\n<meta property=\"article:publisher\" content=\"https:\/\/www.facebook.com\/nettalicom\" \/>\n<meta property=\"article:published_time\" content=\"2025-08-29T20:48:10+00:00\" \/>\n<meta property=\"og:image\" content=\"https:\/\/www.nettali.com\/wp-content\/uploads\/2025\/08\/Screenshot_20250829_173344_Gallery.jpg\" \/>\n\t<meta property=\"og:image:width\" content=\"1080\" \/>\n\t<meta property=\"og:image:height\" content=\"547\" \/>\n<meta name=\"twitter:card\" content=\"summary_large_image\" \/>\n<meta name=\"twitter:label1\" content=\"\u00c9crit par\" \/>\n\t<meta name=\"twitter:data1\" content=\"Ibrahima\" \/>\n\t<meta name=\"twitter:label2\" content=\"Dur\u00e9e de lecture estim\u00e9e\" \/>\n\t<meta name=\"twitter:data2\" content=\"4 minutes\" \/>\n<script type=\"application\/ld+json\" class=\"yoast-schema-graph\">{\"@context\":\"https:\/\/schema.org\",\"@graph\":[{\"@type\":\"WebSite\",\"@id\":\"https:\/\/www.nettali.com\/#website\",\"url\":\"https:\/\/www.nettali.com\/\",\"name\":\"Nettali.com\",\"description\":\"Le rendez-vous critique du Net\",\"potentialAction\":[{\"@type\":\"SearchAction\",\"target\":{\"@type\":\"EntryPoint\",\"urlTemplate\":\"https:\/\/www.nettali.com\/?s={search_term_string}\"},\"query-input\":\"required name=search_term_string\"}],\"inLanguage\":\"fr-FR\"},{\"@type\":\"WebPage\",\"@id\":\"https:\/\/www.nettali.com\/2025\/08\/29\/indemnite-de-logement-non-payee-le-ciaas-vers-une-greve-generale\/#webpage\",\"url\":\"https:\/\/www.nettali.com\/2025\/08\/29\/indemnite-de-logement-non-payee-le-ciaas-vers-une-greve-generale\/\",\"name\":\"INDEMNIT\\u00c9 DE LOGEMENT NON PAY\\u00c9E - Le CIAAS vers une gr\\u00e8ve g\\u00e9n\\u00e9rale | Nettali.com\",\"isPartOf\":{\"@id\":\"https:\/\/www.nettali.com\/#website\"},\"datePublished\":\"2025-08-29T20:48:10+00:00\",\"dateModified\":\"2025-08-29T20:48:10+00:00\",\"author\":{\"@id\":\"https:\/\/www.nettali.com\/#\/schema\/person\/bb147657c2986240405a608162b9bb23\"},\"breadcrumb\":{\"@id\":\"https:\/\/www.nettali.com\/2025\/08\/29\/indemnite-de-logement-non-payee-le-ciaas-vers-une-greve-generale\/#breadcrumb\"},\"inLanguage\":\"fr-FR\",\"potentialAction\":[{\"@type\":\"ReadAction\",\"target\":[\"https:\/\/www.nettali.com\/2025\/08\/29\/indemnite-de-logement-non-payee-le-ciaas-vers-une-greve-generale\/\"]}]},{\"@type\":\"BreadcrumbList\",\"@id\":\"https:\/\/www.nettali.com\/2025\/08\/29\/indemnite-de-logement-non-payee-le-ciaas-vers-une-greve-generale\/#breadcrumb\",\"itemListElement\":[{\"@type\":\"ListItem\",\"position\":1,\"name\":\"Accueil\",\"item\":\"https:\/\/www.nettali.com\/\"},{\"@type\":\"ListItem\",\"position\":2,\"name\":\"INDEMNIT\\u00c9 DE LOGEMENT NON PAY\\u00c9E - Le CIAAS vers une gr\\u00e8ve g\\u00e9n\\u00e9rale\"}]},{\"@type\":\"Person\",\"@id\":\"https:\/\/www.nettali.com\/#\/schema\/person\/bb147657c2986240405a608162b9bb23\",\"name\":\"Ibrahima\",\"image\":{\"@type\":\"ImageObject\",\"@id\":\"https:\/\/www.nettali.com\/#personlogo\",\"inLanguage\":\"fr-FR\",\"url\":\"https:\/\/secure.gravatar.com\/avatar\/26a8a81f09f0dd7624c9d5c36c9ba3a2?s=96&d=mm&r=g\",\"contentUrl\":\"https:\/\/secure.gravatar.com\/avatar\/26a8a81f09f0dd7624c9d5c36c9ba3a2?s=96&d=mm&r=g\",\"caption\":\"Ibrahima\"},\"sameAs\":[\"https:\/\/www.nettali.com\"]}]}<\/script>\n<!-- \/ Yoast SEO Premium plugin. -->","yoast_head_json":{"title":"INDEMNIT\u00c9 DE LOGEMENT NON PAY\u00c9E - Le CIAAS vers une gr\u00e8ve g\u00e9n\u00e9rale | Nettali.com","robots":{"index":"index","follow":"follow","max-snippet":"max-snippet:-1","max-image-preview":"max-image-preview:large","max-video-preview":"max-video-preview:-1"},"canonical":"https:\/\/www.nettali.com\/2025\/08\/29\/indemnite-de-logement-non-payee-le-ciaas-vers-une-greve-generale\/","og_locale":"fr_FR","og_type":"article","og_title":"INDEMNIT\u00c9 DE LOGEMENT NON PAY\u00c9E - Le CIAAS vers une gr\u00e8ve g\u00e9n\u00e9rale","og_description":"NETTALI.COM - Le torchon br\u00fble entre l'administration s\u00e9n\u00e9galaise et ses agents. Le non payement des indemnit\u00e9s de logement est la pomme de discorde. Regroup\u00e9s dans un collectif, les 16.000 agents de l'administration s\u00e9n\u00e9galaise r\u00e9clament sans d\u00e9lais leurs d\u00fbs. En conf\u00e9rence ce vendredi 29 ao\u00fbt au si\u00e8ge de la CNTS, le Collectif Interminist\u00e9riel des Agents de [&hellip;]","og_url":"https:\/\/www.nettali.com\/2025\/08\/29\/indemnite-de-logement-non-payee-le-ciaas-vers-une-greve-generale\/","og_site_name":"Nettali.com","article_publisher":"https:\/\/www.facebook.com\/nettalicom","article_published_time":"2025-08-29T20:48:10+00:00","og_image":[{"width":1080,"height":547,"url":"https:\/\/www.nettali.com\/wp-content\/uploads\/2025\/08\/Screenshot_20250829_173344_Gallery.jpg","type":"image\/jpeg"}],"twitter_card":"summary_large_image","twitter_misc":{"\u00c9crit par":"Ibrahima","Dur\u00e9e de lecture estim\u00e9e":"4 minutes"},"schema":{"@context":"https:\/\/schema.org","@graph":[{"@type":"WebSite","@id":"https:\/\/www.nettali.com\/#website","url":"https:\/\/www.nettali.com\/","name":"Nettali.com","description":"Le rendez-vous critique du Net","potentialAction":[{"@type":"SearchAction","target":{"@type":"EntryPoint","urlTemplate":"https:\/\/www.nettali.com\/?s={search_term_string}"},"query-input":"required name=search_term_string"}],"inLanguage":"fr-FR"},{"@type":"WebPage","@id":"https:\/\/www.nettali.com\/2025\/08\/29\/indemnite-de-logement-non-payee-le-ciaas-vers-une-greve-generale\/#webpage","url":"https:\/\/www.nettali.com\/2025\/08\/29\/indemnite-de-logement-non-payee-le-ciaas-vers-une-greve-generale\/","name":"INDEMNIT\u00c9 DE LOGEMENT NON PAY\u00c9E - Le CIAAS vers une gr\u00e8ve g\u00e9n\u00e9rale | Nettali.com","isPartOf":{"@id":"https:\/\/www.nettali.com\/#website"},"datePublished":"2025-08-29T20:48:10+00:00","dateModified":"2025-08-29T20:48:10+00:00","author":{"@id":"https:\/\/www.nettali.com\/#\/schema\/person\/bb147657c2986240405a608162b9bb23"},"breadcrumb":{"@id":"https:\/\/www.nettali.com\/2025\/08\/29\/indemnite-de-logement-non-payee-le-ciaas-vers-une-greve-generale\/#breadcrumb"},"inLanguage":"fr-FR","potentialAction":[{"@type":"ReadAction","target":["https:\/\/www.nettali.com\/2025\/08\/29\/indemnite-de-logement-non-payee-le-ciaas-vers-une-greve-generale\/"]}]},{"@type":"BreadcrumbList","@id":"https:\/\/www.nettali.com\/2025\/08\/29\/indemnite-de-logement-non-payee-le-ciaas-vers-une-greve-generale\/#breadcrumb","itemListElement":[{"@type":"ListItem","position":1,"name":"Accueil","item":"https:\/\/www.nettali.com\/"},{"@type":"ListItem","position":2,"name":"INDEMNIT\u00c9 DE LOGEMENT NON PAY\u00c9E - Le CIAAS vers une gr\u00e8ve g\u00e9n\u00e9rale"}]},{"@type":"Person","@id":"https:\/\/www.nettali.com\/#\/schema\/person\/bb147657c2986240405a608162b9bb23","name":"Ibrahima","image":{"@type":"ImageObject","@id":"https:\/\/www.nettali.com\/#personlogo","inLanguage":"fr-FR","url":"https:\/\/secure.gravatar.com\/avatar\/26a8a81f09f0dd7624c9d5c36c9ba3a2?s=96&d=mm&r=g","contentUrl":"https:\/\/secure.gravatar.com\/avatar\/26a8a81f09f0dd7624c9d5c36c9ba3a2?s=96&d=mm&r=g","caption":"Ibrahima"},"sameAs":["https:\/\/www.nettali.com"]}]}},"_links":{"self":[{"href":"https:\/\/www.nettali.com\/rest\/wp\/v2\/posts\/160372"}],"collection":[{"href":"https:\/\/www.nettali.com\/rest\/wp\/v2\/posts"}],"about":[{"href":"https:\/\/www.nettali.com\/rest\/wp\/v2\/types\/post"}],"author":[{"embeddable":true,"href":"https:\/\/www.nettali.com\/rest\/wp\/v2\/users\/5"}],"replies":[{"embeddable":true,"href":"https:\/\/www.nettali.com\/rest\/wp\/v2\/comments?post=160372"}],"version-history":[{"count":3,"href":"https:\/\/www.nettali.com\/rest\/wp\/v2\/posts\/160372\/revisions"}],"predecessor-version":[{"id":160376,"href":"https:\/\/www.nettali.com\/rest\/wp\/v2\/posts\/160372\/revisions\/160376"}],"wp:attachment":[{"href":"https:\/\/www.nettali.com\/rest\/wp\/v2\/media?parent=160372"}],"wp:term":[{"taxonomy":"category","embeddable":true,"href":"https:\/\/www.nettali.com\/rest\/wp\/v2\/categories?post=160372"},{"taxonomy":"post_tag","embeddable":true,"href":"https:\/\/www.nettali.com\/rest\/wp\/v2\/tags?post=160372"}],"curies":[{"name":"wp","href":"https:\/\/api.w.org\/{rel}","templated":true}]}}