{"id":160342,"date":"2025-08-29T10:14:26","date_gmt":"2025-08-29T10:14:26","guid":{"rendered":"https:\/\/www.nettali.com\/?p=160342"},"modified":"2025-08-29T10:14:26","modified_gmt":"2025-08-29T10:14:26","slug":"larene-en-deuil-mouhamed-ndiaye-dit-robert-sen-est-alle","status":"publish","type":"post","link":"https:\/\/www.nettali.com\/2025\/08\/29\/larene-en-deuil-mouhamed-ndiaye-dit-robert-sen-est-alle\/","title":{"rendered":"L'ARENE EN DEUIL - Mouhamed Ndiaye dit Robert s\u2019en est all\u00e9"},"content":{"rendered":"<p data-start=\"214\" data-end=\"453\"><strong>NETTALI.COM - C\u2019est une figure embl\u00e9matique de la lutte s\u00e9n\u00e9galaise qui nous quitte. Alit\u00e9 depuis plusieurs ann\u00e9es, Mouhamed Ndiaye, plus connu sous le nom de Robert, est d\u00e9c\u00e9d\u00e9 ce vendredi 29 ao\u00fbt 2025, rapporte le lutteur comme l\u2019a rapport\u00e9 L'An 2.000.<\/strong><\/p>\n<p data-start=\"455\" data-end=\"773\">Fils de Joal, Robert a consacr\u00e9 sa vie \u00e0 la lutte, inscrivant son nom parmi les grands champions qui ont marqu\u00e9 l\u2019histoire de ce sport national. Avec force, courage et d\u00e9termination, il a captiv\u00e9 les foules et inspir\u00e9 des g\u00e9n\u00e9rations de jeunes lutteurs qui voyaient en lui un mod\u00e8le de discipline et de pers\u00e9v\u00e9rance.<\/p>\n<p data-start=\"775\" data-end=\"1072\">P\u00e8re aimant de Mamady et Ablaye Ndiaye, il laisse derri\u00e8re lui une famille endeuill\u00e9e, mais \u00e9galement un h\u00e9ritage sportif ind\u00e9l\u00e9bile. Sa carri\u00e8re et son engagement dans l\u2019ar\u00e8ne ont fait de lui non seulement un champion, mais aussi une source de fiert\u00e9 pour sa communaut\u00e9 et pour tout le S\u00e9n\u00e9gal.<\/p>\n<p data-start=\"1074\" data-end=\"1264\">Alors que le monde de la lutte pleure la disparition de ce grand nom, que la terre de Joal lui soit l\u00e9g\u00e8re et que son souvenir continue de r\u00e9sonner dans les c\u0153urs de ceux qui l\u2019ont admir\u00e9.<\/p>\n<div class='share-to-whatsapp-wrapper'><div class='share-on-whsp'>PARTAGER SUR : <\/div><a data-text='L'ARENE EN DEUIL - Mouhamed Ndiaye dit Robert s\u2019en est all\u00e9' data-link='https:\/\/www.nettali.com\/2025\/08\/29\/larene-en-deuil-mouhamed-ndiaye-dit-robert-sen-est-alle\/' class='whatsapp-button whatsapp-share'>WhatsApp<\/a><div class='clear '><\/div><\/div>","protected":false},"excerpt":{"rendered":"<p>NETTALI.COM - C\u2019est une figure embl\u00e9matique de la lutte s\u00e9n\u00e9galaise qui nous quitte. Alit\u00e9 depuis plusieurs ann\u00e9es, Mouhamed Ndiaye, plus connu sous le nom de Robert, est d\u00e9c\u00e9d\u00e9 ce vendredi 29 ao\u00fbt 2025, rapporte le lutteur comme l\u2019a rapport\u00e9 L'An 2.000. Fils de Joal, Robert a consacr\u00e9 sa vie \u00e0 la lutte, inscrivant son nom [&hellip;]<\/p>\n","protected":false},"author":4,"featured_media":160350,"comment_status":"open","ping_status":"open","sticky":false,"template":"","format":"standard","meta":{"_et_pb_use_builder":"","_et_pb_old_content":""},"categories":[6],"tags":[],"yoast_head":"<!-- This site is optimized with the Yoast SEO Premium plugin v17.8 (Yoast SEO v17.8) - https:\/\/yoast.com\/wordpress\/plugins\/seo\/ -->\n<title>L&#039;ARENE EN DEUIL - Mouhamed Ndiaye dit Robert s\u2019en est all\u00e9 | Nettali.com<\/title>\n<meta name=\"robots\" content=\"index, follow, max-snippet:-1, max-image-preview:large, max-video-preview:-1\" \/>\n<link rel=\"canonical\" href=\"https:\/\/www.nettali.com\/2025\/08\/29\/larene-en-deuil-mouhamed-ndiaye-dit-robert-sen-est-alle\/\" \/>\n<meta property=\"og:locale\" content=\"fr_FR\" \/>\n<meta property=\"og:type\" content=\"article\" \/>\n<meta property=\"og:title\" content=\"L&#039;ARENE EN DEUIL - Mouhamed Ndiaye dit Robert s\u2019en est all\u00e9\" \/>\n<meta property=\"og:description\" content=\"NETTALI.COM - C\u2019est une figure embl\u00e9matique de la lutte s\u00e9n\u00e9galaise qui nous quitte. Alit\u00e9 depuis plusieurs ann\u00e9es, Mouhamed Ndiaye, plus connu sous le nom de Robert, est d\u00e9c\u00e9d\u00e9 ce vendredi 29 ao\u00fbt 2025, rapporte le lutteur comme l\u2019a rapport\u00e9 L&#039;An 2.000. Fils de Joal, Robert a consacr\u00e9 sa vie \u00e0 la lutte, inscrivant son nom [&hellip;]\" \/>\n<meta property=\"og:url\" content=\"https:\/\/www.nettali.com\/2025\/08\/29\/larene-en-deuil-mouhamed-ndiaye-dit-robert-sen-est-alle\/\" \/>\n<meta property=\"og:site_name\" content=\"Nettali.com\" \/>\n<meta property=\"article:publisher\" content=\"https:\/\/www.facebook.com\/nettalicom\" \/>\n<meta property=\"article:published_time\" content=\"2025-08-29T10:14:26+00:00\" \/>\n<meta property=\"og:image\" content=\"https:\/\/www.nettali.com\/wp-content\/uploads\/2025\/08\/Robert-Diouf-e1756462457907.jpg\" \/>\n\t<meta property=\"og:image:width\" content=\"668\" \/>\n\t<meta property=\"og:image:height\" content=\"428\" \/>\n<meta name=\"twitter:card\" content=\"summary_large_image\" \/>\n<meta name=\"twitter:label1\" content=\"\u00c9crit par\" \/>\n\t<meta name=\"twitter:data1\" content=\"Daouda\" \/>\n\t<meta name=\"twitter:label2\" content=\"Dur\u00e9e de lecture estim\u00e9e\" \/>\n\t<meta name=\"twitter:data2\" content=\"1 minute\" \/>\n<script type=\"application\/ld+json\" class=\"yoast-schema-graph\">{\"@context\":\"https:\/\/schema.org\",\"@graph\":[{\"@type\":\"WebSite\",\"@id\":\"https:\/\/www.nettali.com\/#website\",\"url\":\"https:\/\/www.nettali.com\/\",\"name\":\"Nettali.com\",\"description\":\"Le rendez-vous critique du Net\",\"potentialAction\":[{\"@type\":\"SearchAction\",\"target\":{\"@type\":\"EntryPoint\",\"urlTemplate\":\"https:\/\/www.nettali.com\/?s={search_term_string}\"},\"query-input\":\"required name=search_term_string\"}],\"inLanguage\":\"fr-FR\"},{\"@type\":\"ImageObject\",\"@id\":\"https:\/\/www.nettali.com\/2025\/08\/29\/larene-en-deuil-mouhamed-ndiaye-dit-robert-sen-est-alle\/#primaryimage\",\"inLanguage\":\"fr-FR\",\"url\":\"https:\/\/www.nettali.com\/wp-content\/uploads\/2025\/08\/Robert-Diouf-e1756462457907.jpg\",\"contentUrl\":\"https:\/\/www.nettali.com\/wp-content\/uploads\/2025\/08\/Robert-Diouf-e1756462457907.jpg\",\"width\":668,\"height\":428},{\"@type\":\"WebPage\",\"@id\":\"https:\/\/www.nettali.com\/2025\/08\/29\/larene-en-deuil-mouhamed-ndiaye-dit-robert-sen-est-alle\/#webpage\",\"url\":\"https:\/\/www.nettali.com\/2025\/08\/29\/larene-en-deuil-mouhamed-ndiaye-dit-robert-sen-est-alle\/\",\"name\":\"L'ARENE EN DEUIL - Mouhamed Ndiaye dit Robert s\\u2019en est all\\u00e9 | Nettali.com\",\"isPartOf\":{\"@id\":\"https:\/\/www.nettali.com\/#website\"},\"primaryImageOfPage\":{\"@id\":\"https:\/\/www.nettali.com\/2025\/08\/29\/larene-en-deuil-mouhamed-ndiaye-dit-robert-sen-est-alle\/#primaryimage\"},\"datePublished\":\"2025-08-29T10:14:26+00:00\",\"dateModified\":\"2025-08-29T10:14:26+00:00\",\"author\":{\"@id\":\"https:\/\/www.nettali.com\/#\/schema\/person\/3317e0bb3aa1da309fbf7b2780901bf4\"},\"breadcrumb\":{\"@id\":\"https:\/\/www.nettali.com\/2025\/08\/29\/larene-en-deuil-mouhamed-ndiaye-dit-robert-sen-est-alle\/#breadcrumb\"},\"inLanguage\":\"fr-FR\",\"potentialAction\":[{\"@type\":\"ReadAction\",\"target\":[\"https:\/\/www.nettali.com\/2025\/08\/29\/larene-en-deuil-mouhamed-ndiaye-dit-robert-sen-est-alle\/\"]}]},{\"@type\":\"BreadcrumbList\",\"@id\":\"https:\/\/www.nettali.com\/2025\/08\/29\/larene-en-deuil-mouhamed-ndiaye-dit-robert-sen-est-alle\/#breadcrumb\",\"itemListElement\":[{\"@type\":\"ListItem\",\"position\":1,\"name\":\"Accueil\",\"item\":\"https:\/\/www.nettali.com\/\"},{\"@type\":\"ListItem\",\"position\":2,\"name\":\"L'ARENE EN DEUIL - Mouhamed Ndiaye dit Robert s\\u2019en est all\\u00e9\"}]},{\"@type\":\"Person\",\"@id\":\"https:\/\/www.nettali.com\/#\/schema\/person\/3317e0bb3aa1da309fbf7b2780901bf4\",\"name\":\"Daouda\",\"image\":{\"@type\":\"ImageObject\",\"@id\":\"https:\/\/www.nettali.com\/#personlogo\",\"inLanguage\":\"fr-FR\",\"url\":\"https:\/\/secure.gravatar.com\/avatar\/8d143b5a49345098ddcfee1c49c2f47c?s=96&d=mm&r=g\",\"contentUrl\":\"https:\/\/secure.gravatar.com\/avatar\/8d143b5a49345098ddcfee1c49c2f47c?s=96&d=mm&r=g\",\"caption\":\"Daouda\"},\"sameAs\":[\"https:\/\/www.nettali.com\"]}]}<\/script>\n<!-- \/ Yoast SEO Premium plugin. -->","yoast_head_json":{"title":"L'ARENE EN DEUIL - Mouhamed Ndiaye dit Robert s\u2019en est all\u00e9 | Nettali.com","robots":{"index":"index","follow":"follow","max-snippet":"max-snippet:-1","max-image-preview":"max-image-preview:large","max-video-preview":"max-video-preview:-1"},"canonical":"https:\/\/www.nettali.com\/2025\/08\/29\/larene-en-deuil-mouhamed-ndiaye-dit-robert-sen-est-alle\/","og_locale":"fr_FR","og_type":"article","og_title":"L'ARENE EN DEUIL - Mouhamed Ndiaye dit Robert s\u2019en est all\u00e9","og_description":"NETTALI.COM - C\u2019est une figure embl\u00e9matique de la lutte s\u00e9n\u00e9galaise qui nous quitte. Alit\u00e9 depuis plusieurs ann\u00e9es, Mouhamed Ndiaye, plus connu sous le nom de Robert, est d\u00e9c\u00e9d\u00e9 ce vendredi 29 ao\u00fbt 2025, rapporte le lutteur comme l\u2019a rapport\u00e9 L'An 2.000. Fils de Joal, Robert a consacr\u00e9 sa vie \u00e0 la lutte, inscrivant son nom [&hellip;]","og_url":"https:\/\/www.nettali.com\/2025\/08\/29\/larene-en-deuil-mouhamed-ndiaye-dit-robert-sen-est-alle\/","og_site_name":"Nettali.com","article_publisher":"https:\/\/www.facebook.com\/nettalicom","article_published_time":"2025-08-29T10:14:26+00:00","og_image":[{"width":668,"height":428,"url":"https:\/\/www.nettali.com\/wp-content\/uploads\/2025\/08\/Robert-Diouf-e1756462457907.jpg","type":"image\/jpeg"}],"twitter_card":"summary_large_image","twitter_misc":{"\u00c9crit par":"Daouda","Dur\u00e9e de lecture estim\u00e9e":"1 minute"},"schema":{"@context":"https:\/\/schema.org","@graph":[{"@type":"WebSite","@id":"https:\/\/www.nettali.com\/#website","url":"https:\/\/www.nettali.com\/","name":"Nettali.com","description":"Le rendez-vous critique du Net","potentialAction":[{"@type":"SearchAction","target":{"@type":"EntryPoint","urlTemplate":"https:\/\/www.nettali.com\/?s={search_term_string}"},"query-input":"required name=search_term_string"}],"inLanguage":"fr-FR"},{"@type":"ImageObject","@id":"https:\/\/www.nettali.com\/2025\/08\/29\/larene-en-deuil-mouhamed-ndiaye-dit-robert-sen-est-alle\/#primaryimage","inLanguage":"fr-FR","url":"https:\/\/www.nettali.com\/wp-content\/uploads\/2025\/08\/Robert-Diouf-e1756462457907.jpg","contentUrl":"https:\/\/www.nettali.com\/wp-content\/uploads\/2025\/08\/Robert-Diouf-e1756462457907.jpg","width":668,"height":428},{"@type":"WebPage","@id":"https:\/\/www.nettali.com\/2025\/08\/29\/larene-en-deuil-mouhamed-ndiaye-dit-robert-sen-est-alle\/#webpage","url":"https:\/\/www.nettali.com\/2025\/08\/29\/larene-en-deuil-mouhamed-ndiaye-dit-robert-sen-est-alle\/","name":"L'ARENE EN DEUIL - Mouhamed Ndiaye dit Robert s\u2019en est all\u00e9 | Nettali.com","isPartOf":{"@id":"https:\/\/www.nettali.com\/#website"},"primaryImageOfPage":{"@id":"https:\/\/www.nettali.com\/2025\/08\/29\/larene-en-deuil-mouhamed-ndiaye-dit-robert-sen-est-alle\/#primaryimage"},"datePublished":"2025-08-29T10:14:26+00:00","dateModified":"2025-08-29T10:14:26+00:00","author":{"@id":"https:\/\/www.nettali.com\/#\/schema\/person\/3317e0bb3aa1da309fbf7b2780901bf4"},"breadcrumb":{"@id":"https:\/\/www.nettali.com\/2025\/08\/29\/larene-en-deuil-mouhamed-ndiaye-dit-robert-sen-est-alle\/#breadcrumb"},"inLanguage":"fr-FR","potentialAction":[{"@type":"ReadAction","target":["https:\/\/www.nettali.com\/2025\/08\/29\/larene-en-deuil-mouhamed-ndiaye-dit-robert-sen-est-alle\/"]}]},{"@type":"BreadcrumbList","@id":"https:\/\/www.nettali.com\/2025\/08\/29\/larene-en-deuil-mouhamed-ndiaye-dit-robert-sen-est-alle\/#breadcrumb","itemListElement":[{"@type":"ListItem","position":1,"name":"Accueil","item":"https:\/\/www.nettali.com\/"},{"@type":"ListItem","position":2,"name":"L'ARENE EN DEUIL - Mouhamed Ndiaye dit Robert s\u2019en est all\u00e9"}]},{"@type":"Person","@id":"https:\/\/www.nettali.com\/#\/schema\/person\/3317e0bb3aa1da309fbf7b2780901bf4","name":"Daouda","image":{"@type":"ImageObject","@id":"https:\/\/www.nettali.com\/#personlogo","inLanguage":"fr-FR","url":"https:\/\/secure.gravatar.com\/avatar\/8d143b5a49345098ddcfee1c49c2f47c?s=96&d=mm&r=g","contentUrl":"https:\/\/secure.gravatar.com\/avatar\/8d143b5a49345098ddcfee1c49c2f47c?s=96&d=mm&r=g","caption":"Daouda"},"sameAs":["https:\/\/www.nettali.com"]}]}},"_links":{"self":[{"href":"https:\/\/www.nettali.com\/rest\/wp\/v2\/posts\/160342"}],"collection":[{"href":"https:\/\/www.nettali.com\/rest\/wp\/v2\/posts"}],"about":[{"href":"https:\/\/www.nettali.com\/rest\/wp\/v2\/types\/post"}],"author":[{"embeddable":true,"href":"https:\/\/www.nettali.com\/rest\/wp\/v2\/users\/4"}],"replies":[{"embeddable":true,"href":"https:\/\/www.nettali.com\/rest\/wp\/v2\/comments?post=160342"}],"version-history":[{"count":1,"href":"https:\/\/www.nettali.com\/rest\/wp\/v2\/posts\/160342\/revisions"}],"predecessor-version":[{"id":160347,"href":"https:\/\/www.nettali.com\/rest\/wp\/v2\/posts\/160342\/revisions\/160347"}],"wp:featuredmedia":[{"embeddable":true,"href":"https:\/\/www.nettali.com\/rest\/wp\/v2\/media\/160350"}],"wp:attachment":[{"href":"https:\/\/www.nettali.com\/rest\/wp\/v2\/media?parent=160342"}],"wp:term":[{"taxonomy":"category","embeddable":true,"href":"https:\/\/www.nettali.com\/rest\/wp\/v2\/categories?post=160342"},{"taxonomy":"post_tag","embeddable":true,"href":"https:\/\/www.nettali.com\/rest\/wp\/v2\/tags?post=160342"}],"curies":[{"name":"wp","href":"https:\/\/api.w.org\/{rel}","templated":true}]}}