{"id":160327,"date":"2025-08-29T07:17:49","date_gmt":"2025-08-29T07:17:49","guid":{"rendered":"https:\/\/www.nettali.com\/?p=160327"},"modified":"2025-08-29T07:17:49","modified_gmt":"2025-08-29T07:17:49","slug":"veille-et-fiabilite-de-linformation-le-senegal-lance-lobservatoire-national-des-medias","status":"publish","type":"post","link":"https:\/\/www.nettali.com\/2025\/08\/29\/veille-et-fiabilite-de-linformation-le-senegal-lance-lobservatoire-national-des-medias\/","title":{"rendered":"VEILLE ET FIABILIT\u00c9 DE L'INFORMATION - Le S\u00e9n\u00e9gal lance l\u2019Observatoire national des m\u00e9dias\u00a0"},"content":{"rendered":"<p data-start=\"293\" data-end=\"683\"><strong>NETTALI.COM - Le minist\u00e8re de la Communication, des T\u00e9l\u00e9communications et du Num\u00e9rique, en partenariat avec la coop\u00e9ration allemande (GIZ), a proc\u00e9d\u00e9 jeudi \u00e0 Dakar au lancement officiel de l\u2019Observatoire national des m\u00e9dias du S\u00e9n\u00e9gal, un nouvel outil con\u00e7u pour renforcer la veille m\u00e9diatique, am\u00e9liorer l\u2019int\u00e9gration de l\u2019information et contribuer \u00e0 la lutte contre la d\u00e9sinformation.<\/strong><\/p>\n<p data-start=\"685\" data-end=\"956\"><em>\u00ab Avec l\u2019Observatoire national des m\u00e9dias, il s\u2019agira de travailler \u00e0 la veille m\u00e9diatique et \u00e0 la v\u00e9rification de l\u2019information \u00bb<\/em>, a expliqu\u00e9 Mamadou Moustapha Diouf, repr\u00e9sentant de la Direction de la communication au minist\u00e8re, lors de la c\u00e9r\u00e9monie de lancement.<\/p>\n<p data-start=\"1029\" data-end=\"1435\">La cr\u00e9ation de cet observatoire intervient dans un contexte marqu\u00e9 par une forte prolif\u00e9ration des contenus m\u00e9diatiques, notamment via les r\u00e9seaux sociaux, o\u00f9 circulent souvent de fausses nouvelles et des informations non v\u00e9rifi\u00e9es. L\u2019objectif, selon les responsables, est d\u2019apporter une r\u00e9ponse structurelle \u00e0 ces d\u00e9fis en offrant un cadre de suivi et d\u2019analyse du paysage m\u00e9diatique s\u00e9n\u00e9galais.<\/p>\n<p data-start=\"1437\" data-end=\"1795\">M. Diouf a profit\u00e9 de l\u2019occasion pour r\u00e9affirmer l\u2019engagement des nouvelles autorit\u00e9s \u00e0 accompagner, mais aussi \u00e0 r\u00e9guler le secteur des m\u00e9dias. <em>\u00ab Le minist\u00e8re travaille \u00e0 l\u2019\u00e9largissement des cahiers des charges du Fonds d\u2019appui et de d\u00e9veloppement de la production audiovisuelle (FADP), jusque-l\u00e0 r\u00e9serv\u00e9 aux m\u00e9dias audiovisuels \u00bb<\/em>, a-t-il annonc\u00e9.<\/p>\n<p data-start=\"1797\" data-end=\"2024\">Cet \u00e9largissement vise \u00e0 ouvrir le fonds \u00e0 la presse \u00e9crite, \u00e0 la presse en ligne et aux cr\u00e9ateurs de contenus num\u00e9riques, dans le but de soutenir et de relever le niveau de production de l\u2019ensemble des m\u00e9dias au S\u00e9n\u00e9gal.<\/p>\n<p data-start=\"2096\" data-end=\"2342\">La rencontre de Dakar a \u00e9galement servi de cadre pr\u00e9paratoire \u00e0 la conf\u00e9rence r\u00e9gionale sur l\u2019int\u00e9grit\u00e9 de l\u2019information en Afrique de l\u2019Ouest et au Sahel, pr\u00e9vue du 3 au 5 septembre prochains \u00e0 Praia, au Cap-Vert, sous l\u2019\u00e9gide de l\u2019UNESCO.<\/p>\n<p data-start=\"2344\" data-end=\"2691\">Cette rencontre internationale r\u00e9unira des acteurs institutionnels, des professionnels des m\u00e9dias et des partenaires techniques pour d\u00e9battre de questions essentielles telles que l\u2019acc\u00e8s \u00e0 l\u2019information, la gouvernance des plateformes num\u00e9riques, l\u2019\u00e9ducation aux m\u00e9dias et la synergie entre les diff\u00e9rentes structures r\u00e9gionales.<\/p>\n<p data-start=\"2693\" data-end=\"3009\">Pour Katharina Lobeck, responsable du projet <em data-start=\"2742\" data-end=\"2805\">Renforcer la fiabilit\u00e9 de l\u2019information en Afrique de l\u2019Ouest<\/em> \u00e0 la GIZ, ces th\u00e9matiques sont cruciales pour la stabilit\u00e9 d\u00e9mocratique et la coh\u00e9sion sociale dans un contexte o\u00f9 la d\u00e9sinformation peut fragiliser les institutions et exacerber les tensions sociales.<\/p>\n<p data-start=\"3067\" data-end=\"3313\">Avec le lancement de l\u2019Observatoire national des m\u00e9dias, le S\u00e9n\u00e9gal ambitionne de se positionner comme un acteur de r\u00e9f\u00e9rence dans la promotion de la fiabilit\u00e9 de l\u2019information en Afrique de l\u2019Ouest. Cet outil devrait \u00e0 terme contribuer \u00e0 :<\/p>\n<ul data-start=\"3314\" data-end=\"3573\">\n<li data-start=\"3314\" data-end=\"3362\">\n<p data-start=\"3316\" data-end=\"3362\">Mieux encadrer la production m\u00e9diatique,<\/p>\n<\/li>\n<li data-start=\"3363\" data-end=\"3430\">\n<p data-start=\"3365\" data-end=\"3430\">Renforcer la transparence et la responsabilit\u00e9 des acteurs,<\/p>\n<\/li>\n<li data-start=\"3431\" data-end=\"3488\">\n<p data-start=\"3433\" data-end=\"3488\">Promouvoir une culture de l\u2019\u00e9ducation aux m\u00e9dias,<\/p>\n<\/li>\n<li data-start=\"3489\" data-end=\"3573\">\n<p data-start=\"3491\" data-end=\"3573\">Et stimuler la coop\u00e9ration r\u00e9gionale autour de l\u2019int\u00e9grit\u00e9 de l\u2019information.<\/p>\n<\/li>\n<\/ul>\n<p data-start=\"3575\" data-end=\"3752\">Selon les organisateurs, il s\u2019agit d\u2019un tournant majeur pour le secteur de la communication au S\u00e9n\u00e9gal, \u00e0 la crois\u00e9e entre r\u00e9gulation, innovation et int\u00e9gration r\u00e9gionale.<\/p>\n<div class='share-to-whatsapp-wrapper'><div class='share-on-whsp'>PARTAGER SUR : <\/div><a data-text='VEILLE ET FIABILIT\u00c9 DE L'INFORMATION - Le S\u00e9n\u00e9gal lance l\u2019Observatoire national des m\u00e9dias\u00a0' data-link='https:\/\/www.nettali.com\/2025\/08\/29\/veille-et-fiabilite-de-linformation-le-senegal-lance-lobservatoire-national-des-medias\/' class='whatsapp-button whatsapp-share'>WhatsApp<\/a><div class='clear '><\/div><\/div>","protected":false},"excerpt":{"rendered":"<p>NETTALI.COM - Le minist\u00e8re de la Communication, des T\u00e9l\u00e9communications et du Num\u00e9rique, en partenariat avec la coop\u00e9ration allemande (GIZ), a proc\u00e9d\u00e9 jeudi \u00e0 Dakar au lancement officiel de l\u2019Observatoire national des m\u00e9dias du S\u00e9n\u00e9gal, un nouvel outil con\u00e7u pour renforcer la veille m\u00e9diatique, am\u00e9liorer l\u2019int\u00e9gration de l\u2019information et contribuer \u00e0 la lutte contre la d\u00e9sinformation. [&hellip;]<\/p>\n","protected":false},"author":4,"featured_media":147771,"comment_status":"open","ping_status":"open","sticky":false,"template":"","format":"standard","meta":{"_et_pb_use_builder":"","_et_pb_old_content":""},"categories":[3],"tags":[],"yoast_head":"<!-- This site is optimized with the Yoast SEO Premium plugin v17.8 (Yoast SEO v17.8) - https:\/\/yoast.com\/wordpress\/plugins\/seo\/ -->\n<title>VEILLE ET FIABILIT\u00c9 DE L&#039;INFORMATION - Le S\u00e9n\u00e9gal lance l\u2019Observatoire national des m\u00e9dias\u00a0 | Nettali.com<\/title>\n<meta name=\"robots\" content=\"index, follow, max-snippet:-1, max-image-preview:large, max-video-preview:-1\" \/>\n<link rel=\"canonical\" href=\"https:\/\/www.nettali.com\/2025\/08\/29\/veille-et-fiabilite-de-linformation-le-senegal-lance-lobservatoire-national-des-medias\/\" \/>\n<meta property=\"og:locale\" content=\"fr_FR\" \/>\n<meta property=\"og:type\" content=\"article\" \/>\n<meta property=\"og:title\" content=\"VEILLE ET FIABILIT\u00c9 DE L&#039;INFORMATION - Le S\u00e9n\u00e9gal lance l\u2019Observatoire national des m\u00e9dias\u00a0\" \/>\n<meta property=\"og:description\" content=\"NETTALI.COM - Le minist\u00e8re de la Communication, des T\u00e9l\u00e9communications et du Num\u00e9rique, en partenariat avec la coop\u00e9ration allemande (GIZ), a proc\u00e9d\u00e9 jeudi \u00e0 Dakar au lancement officiel de l\u2019Observatoire national des m\u00e9dias du S\u00e9n\u00e9gal, un nouvel outil con\u00e7u pour renforcer la veille m\u00e9diatique, am\u00e9liorer l\u2019int\u00e9gration de l\u2019information et contribuer \u00e0 la lutte contre la d\u00e9sinformation. [&hellip;]\" \/>\n<meta property=\"og:url\" content=\"https:\/\/www.nettali.com\/2025\/08\/29\/veille-et-fiabilite-de-linformation-le-senegal-lance-lobservatoire-national-des-medias\/\" \/>\n<meta property=\"og:site_name\" content=\"Nettali.com\" \/>\n<meta property=\"article:publisher\" content=\"https:\/\/www.facebook.com\/nettalicom\" \/>\n<meta property=\"article:published_time\" content=\"2025-08-29T07:17:49+00:00\" \/>\n<meta property=\"og:image\" content=\"https:\/\/www.nettali.com\/wp-content\/uploads\/2025\/01\/ALIOUNE-SALL-MINISTRE-DES-Telecoms-1.png\" \/>\n\t<meta property=\"og:image:width\" content=\"810\" \/>\n\t<meta property=\"og:image:height\" content=\"501\" \/>\n<meta name=\"twitter:card\" content=\"summary_large_image\" \/>\n<meta name=\"twitter:label1\" content=\"\u00c9crit par\" \/>\n\t<meta name=\"twitter:data1\" content=\"Daouda\" \/>\n\t<meta name=\"twitter:label2\" content=\"Dur\u00e9e de lecture estim\u00e9e\" \/>\n\t<meta name=\"twitter:data2\" content=\"3 minutes\" \/>\n<script type=\"application\/ld+json\" class=\"yoast-schema-graph\">{\"@context\":\"https:\/\/schema.org\",\"@graph\":[{\"@type\":\"WebSite\",\"@id\":\"https:\/\/www.nettali.com\/#website\",\"url\":\"https:\/\/www.nettali.com\/\",\"name\":\"Nettali.com\",\"description\":\"Le rendez-vous critique du Net\",\"potentialAction\":[{\"@type\":\"SearchAction\",\"target\":{\"@type\":\"EntryPoint\",\"urlTemplate\":\"https:\/\/www.nettali.com\/?s={search_term_string}\"},\"query-input\":\"required name=search_term_string\"}],\"inLanguage\":\"fr-FR\"},{\"@type\":\"ImageObject\",\"@id\":\"https:\/\/www.nettali.com\/2025\/08\/29\/veille-et-fiabilite-de-linformation-le-senegal-lance-lobservatoire-national-des-medias\/#primaryimage\",\"inLanguage\":\"fr-FR\",\"url\":\"https:\/\/www.nettali.com\/wp-content\/uploads\/2025\/01\/ALIOUNE-SALL-MINISTRE-DES-Telecoms-1.png\",\"contentUrl\":\"https:\/\/www.nettali.com\/wp-content\/uploads\/2025\/01\/ALIOUNE-SALL-MINISTRE-DES-Telecoms-1.png\",\"width\":810,\"height\":501},{\"@type\":\"WebPage\",\"@id\":\"https:\/\/www.nettali.com\/2025\/08\/29\/veille-et-fiabilite-de-linformation-le-senegal-lance-lobservatoire-national-des-medias\/#webpage\",\"url\":\"https:\/\/www.nettali.com\/2025\/08\/29\/veille-et-fiabilite-de-linformation-le-senegal-lance-lobservatoire-national-des-medias\/\",\"name\":\"VEILLE ET FIABILIT\\u00c9 DE L'INFORMATION - Le S\\u00e9n\\u00e9gal lance l\\u2019Observatoire national des m\\u00e9dias\\u00a0 | Nettali.com\",\"isPartOf\":{\"@id\":\"https:\/\/www.nettali.com\/#website\"},\"primaryImageOfPage\":{\"@id\":\"https:\/\/www.nettali.com\/2025\/08\/29\/veille-et-fiabilite-de-linformation-le-senegal-lance-lobservatoire-national-des-medias\/#primaryimage\"},\"datePublished\":\"2025-08-29T07:17:49+00:00\",\"dateModified\":\"2025-08-29T07:17:49+00:00\",\"author\":{\"@id\":\"https:\/\/www.nettali.com\/#\/schema\/person\/3317e0bb3aa1da309fbf7b2780901bf4\"},\"breadcrumb\":{\"@id\":\"https:\/\/www.nettali.com\/2025\/08\/29\/veille-et-fiabilite-de-linformation-le-senegal-lance-lobservatoire-national-des-medias\/#breadcrumb\"},\"inLanguage\":\"fr-FR\",\"potentialAction\":[{\"@type\":\"ReadAction\",\"target\":[\"https:\/\/www.nettali.com\/2025\/08\/29\/veille-et-fiabilite-de-linformation-le-senegal-lance-lobservatoire-national-des-medias\/\"]}]},{\"@type\":\"BreadcrumbList\",\"@id\":\"https:\/\/www.nettali.com\/2025\/08\/29\/veille-et-fiabilite-de-linformation-le-senegal-lance-lobservatoire-national-des-medias\/#breadcrumb\",\"itemListElement\":[{\"@type\":\"ListItem\",\"position\":1,\"name\":\"Accueil\",\"item\":\"https:\/\/www.nettali.com\/\"},{\"@type\":\"ListItem\",\"position\":2,\"name\":\"VEILLE ET FIABILIT\\u00c9 DE L'INFORMATION - Le S\\u00e9n\\u00e9gal lance l\\u2019Observatoire national des m\\u00e9dias\\u00a0\"}]},{\"@type\":\"Person\",\"@id\":\"https:\/\/www.nettali.com\/#\/schema\/person\/3317e0bb3aa1da309fbf7b2780901bf4\",\"name\":\"Daouda\",\"image\":{\"@type\":\"ImageObject\",\"@id\":\"https:\/\/www.nettali.com\/#personlogo\",\"inLanguage\":\"fr-FR\",\"url\":\"https:\/\/secure.gravatar.com\/avatar\/8d143b5a49345098ddcfee1c49c2f47c?s=96&d=mm&r=g\",\"contentUrl\":\"https:\/\/secure.gravatar.com\/avatar\/8d143b5a49345098ddcfee1c49c2f47c?s=96&d=mm&r=g\",\"caption\":\"Daouda\"},\"sameAs\":[\"https:\/\/www.nettali.com\"]}]}<\/script>\n<!-- \/ Yoast SEO Premium plugin. -->","yoast_head_json":{"title":"VEILLE ET FIABILIT\u00c9 DE L'INFORMATION - Le S\u00e9n\u00e9gal lance l\u2019Observatoire national des m\u00e9dias\u00a0 | Nettali.com","robots":{"index":"index","follow":"follow","max-snippet":"max-snippet:-1","max-image-preview":"max-image-preview:large","max-video-preview":"max-video-preview:-1"},"canonical":"https:\/\/www.nettali.com\/2025\/08\/29\/veille-et-fiabilite-de-linformation-le-senegal-lance-lobservatoire-national-des-medias\/","og_locale":"fr_FR","og_type":"article","og_title":"VEILLE ET FIABILIT\u00c9 DE L'INFORMATION - Le S\u00e9n\u00e9gal lance l\u2019Observatoire national des m\u00e9dias\u00a0","og_description":"NETTALI.COM - Le minist\u00e8re de la Communication, des T\u00e9l\u00e9communications et du Num\u00e9rique, en partenariat avec la coop\u00e9ration allemande (GIZ), a proc\u00e9d\u00e9 jeudi \u00e0 Dakar au lancement officiel de l\u2019Observatoire national des m\u00e9dias du S\u00e9n\u00e9gal, un nouvel outil con\u00e7u pour renforcer la veille m\u00e9diatique, am\u00e9liorer l\u2019int\u00e9gration de l\u2019information et contribuer \u00e0 la lutte contre la d\u00e9sinformation. [&hellip;]","og_url":"https:\/\/www.nettali.com\/2025\/08\/29\/veille-et-fiabilite-de-linformation-le-senegal-lance-lobservatoire-national-des-medias\/","og_site_name":"Nettali.com","article_publisher":"https:\/\/www.facebook.com\/nettalicom","article_published_time":"2025-08-29T07:17:49+00:00","og_image":[{"width":810,"height":501,"url":"https:\/\/www.nettali.com\/wp-content\/uploads\/2025\/01\/ALIOUNE-SALL-MINISTRE-DES-Telecoms-1.png","type":"image\/png"}],"twitter_card":"summary_large_image","twitter_misc":{"\u00c9crit par":"Daouda","Dur\u00e9e de lecture estim\u00e9e":"3 minutes"},"schema":{"@context":"https:\/\/schema.org","@graph":[{"@type":"WebSite","@id":"https:\/\/www.nettali.com\/#website","url":"https:\/\/www.nettali.com\/","name":"Nettali.com","description":"Le rendez-vous critique du Net","potentialAction":[{"@type":"SearchAction","target":{"@type":"EntryPoint","urlTemplate":"https:\/\/www.nettali.com\/?s={search_term_string}"},"query-input":"required name=search_term_string"}],"inLanguage":"fr-FR"},{"@type":"ImageObject","@id":"https:\/\/www.nettali.com\/2025\/08\/29\/veille-et-fiabilite-de-linformation-le-senegal-lance-lobservatoire-national-des-medias\/#primaryimage","inLanguage":"fr-FR","url":"https:\/\/www.nettali.com\/wp-content\/uploads\/2025\/01\/ALIOUNE-SALL-MINISTRE-DES-Telecoms-1.png","contentUrl":"https:\/\/www.nettali.com\/wp-content\/uploads\/2025\/01\/ALIOUNE-SALL-MINISTRE-DES-Telecoms-1.png","width":810,"height":501},{"@type":"WebPage","@id":"https:\/\/www.nettali.com\/2025\/08\/29\/veille-et-fiabilite-de-linformation-le-senegal-lance-lobservatoire-national-des-medias\/#webpage","url":"https:\/\/www.nettali.com\/2025\/08\/29\/veille-et-fiabilite-de-linformation-le-senegal-lance-lobservatoire-national-des-medias\/","name":"VEILLE ET FIABILIT\u00c9 DE L'INFORMATION - Le S\u00e9n\u00e9gal lance l\u2019Observatoire national des m\u00e9dias\u00a0 | Nettali.com","isPartOf":{"@id":"https:\/\/www.nettali.com\/#website"},"primaryImageOfPage":{"@id":"https:\/\/www.nettali.com\/2025\/08\/29\/veille-et-fiabilite-de-linformation-le-senegal-lance-lobservatoire-national-des-medias\/#primaryimage"},"datePublished":"2025-08-29T07:17:49+00:00","dateModified":"2025-08-29T07:17:49+00:00","author":{"@id":"https:\/\/www.nettali.com\/#\/schema\/person\/3317e0bb3aa1da309fbf7b2780901bf4"},"breadcrumb":{"@id":"https:\/\/www.nettali.com\/2025\/08\/29\/veille-et-fiabilite-de-linformation-le-senegal-lance-lobservatoire-national-des-medias\/#breadcrumb"},"inLanguage":"fr-FR","potentialAction":[{"@type":"ReadAction","target":["https:\/\/www.nettali.com\/2025\/08\/29\/veille-et-fiabilite-de-linformation-le-senegal-lance-lobservatoire-national-des-medias\/"]}]},{"@type":"BreadcrumbList","@id":"https:\/\/www.nettali.com\/2025\/08\/29\/veille-et-fiabilite-de-linformation-le-senegal-lance-lobservatoire-national-des-medias\/#breadcrumb","itemListElement":[{"@type":"ListItem","position":1,"name":"Accueil","item":"https:\/\/www.nettali.com\/"},{"@type":"ListItem","position":2,"name":"VEILLE ET FIABILIT\u00c9 DE L'INFORMATION - Le S\u00e9n\u00e9gal lance l\u2019Observatoire national des m\u00e9dias\u00a0"}]},{"@type":"Person","@id":"https:\/\/www.nettali.com\/#\/schema\/person\/3317e0bb3aa1da309fbf7b2780901bf4","name":"Daouda","image":{"@type":"ImageObject","@id":"https:\/\/www.nettali.com\/#personlogo","inLanguage":"fr-FR","url":"https:\/\/secure.gravatar.com\/avatar\/8d143b5a49345098ddcfee1c49c2f47c?s=96&d=mm&r=g","contentUrl":"https:\/\/secure.gravatar.com\/avatar\/8d143b5a49345098ddcfee1c49c2f47c?s=96&d=mm&r=g","caption":"Daouda"},"sameAs":["https:\/\/www.nettali.com"]}]}},"_links":{"self":[{"href":"https:\/\/www.nettali.com\/rest\/wp\/v2\/posts\/160327"}],"collection":[{"href":"https:\/\/www.nettali.com\/rest\/wp\/v2\/posts"}],"about":[{"href":"https:\/\/www.nettali.com\/rest\/wp\/v2\/types\/post"}],"author":[{"embeddable":true,"href":"https:\/\/www.nettali.com\/rest\/wp\/v2\/users\/4"}],"replies":[{"embeddable":true,"href":"https:\/\/www.nettali.com\/rest\/wp\/v2\/comments?post=160327"}],"version-history":[{"count":1,"href":"https:\/\/www.nettali.com\/rest\/wp\/v2\/posts\/160327\/revisions"}],"predecessor-version":[{"id":160328,"href":"https:\/\/www.nettali.com\/rest\/wp\/v2\/posts\/160327\/revisions\/160328"}],"wp:featuredmedia":[{"embeddable":true,"href":"https:\/\/www.nettali.com\/rest\/wp\/v2\/media\/147771"}],"wp:attachment":[{"href":"https:\/\/www.nettali.com\/rest\/wp\/v2\/media?parent=160327"}],"wp:term":[{"taxonomy":"category","embeddable":true,"href":"https:\/\/www.nettali.com\/rest\/wp\/v2\/categories?post=160327"},{"taxonomy":"post_tag","embeddable":true,"href":"https:\/\/www.nettali.com\/rest\/wp\/v2\/tags?post=160327"}],"curies":[{"name":"wp","href":"https:\/\/api.w.org\/{rel}","templated":true}]}}