{"id":160325,"date":"2025-08-29T07:10:21","date_gmt":"2025-08-29T07:10:21","guid":{"rendered":"https:\/\/www.nettali.com\/?p=160325"},"modified":"2025-08-29T07:10:21","modified_gmt":"2025-08-29T07:10:21","slug":"gamou-jean-baptiste-tine-appelle-a-un-changement-de-comportement-sur-les-routes","status":"publish","type":"post","link":"https:\/\/www.nettali.com\/2025\/08\/29\/gamou-jean-baptiste-tine-appelle-a-un-changement-de-comportement-sur-les-routes\/","title":{"rendered":"GAMOU - Jean Baptiste Tine appelle \u00e0 un changement de comportement sur les routes\u00a0"},"content":{"rendered":"<p data-start=\"305\" data-end=\"596\"><strong>NETTALI.COM - Le ministre de l\u2019Int\u00e9rieur et de la S\u00e9curit\u00e9 publique, Jean Baptiste Tine, a lanc\u00e9, jeudi \u00e0 Dakar, un vibrant appel \u00e0 un \u00ab changement de comportement \u00bb sur les routes, afin de r\u00e9duire les risques d\u2019accidents, particuli\u00e8rement fr\u00e9quents \u00e0 l\u2019occasion des grands \u00e9v\u00e8nements religieux.<\/strong><\/p>\n<p data-start=\"598\" data-end=\"882\">\u00ab Les accidents sont trop r\u00e9currents. Il faut imp\u00e9rativement changer nos comportements sur les routes \u00bb, a d\u00e9clar\u00e9 le ministre, insistant sur la n\u00e9cessit\u00e9 de pr\u00e9server des vies humaines. \u00ab Il est dommage de se rendre \u00e0 un \u00e9v\u00e8nement religieux et d\u2019y laisser sa vie \u00bb, a-t-il d\u00e9plor\u00e9.<\/p>\n<p data-start=\"976\" data-end=\"1331\">M. Tine s\u2019exprimait lors d\u2019une r\u00e9union consacr\u00e9e aux pr\u00e9paratifs du 146e Gamou de Thi\u00e9naba, pr\u00e9vu le 4 septembre prochain dans la r\u00e9gion de Thi\u00e8s (ouest). Cet \u00e9v\u00e8nement, qui attire chaque ann\u00e9e des dizaines de milliers de fid\u00e8les, fait partie des grands rassemblements religieux du S\u00e9n\u00e9gal o\u00f9 la question de la s\u00e9curit\u00e9 routi\u00e8re se pose avec acuit\u00e9.<\/p>\n<p data-start=\"1333\" data-end=\"1604\">Le minist\u00e8re de l\u2019Int\u00e9rieur dit accorder une attention particuli\u00e8re \u00e0 la recrudescence des accidents de la circulation lors de ces p\u00e8lerinages. Le ministre a rappel\u00e9 que la s\u00e9curisation des routes et des d\u00e9placements reste une priorit\u00e9 absolue pour le gouvernement.<\/p>\n<p data-start=\"1667\" data-end=\"1966\">Le lieutenant-colonel Arona Sarr, commandant la l\u00e9gion de gendarmerie de Thi\u00e8s et Diourbel, a attir\u00e9 l\u2019attention sur le r\u00f4le des motos commun\u00e9ment appel\u00e9es \u00ab Jakarta \u00bb, souvent impliqu\u00e9es dans les accidents. <em>\u00ab Ces engins sont devenus l\u2019un des principaux facteurs de risque \u00bb<\/em>, a-t-il indiqu\u00e9.<\/p>\n<p data-start=\"1968\" data-end=\"2371\">Il a rappel\u00e9 qu\u2019\u00e0 l\u2019occasion du dernier Magal de Touba, le 13 ao\u00fbt, neuf personnes avaient perdu la vie dans des accidents impliquant des motos Jakarta, les victimes ne portant pas de casque de s\u00e9curit\u00e9. Pour pr\u00e9venir la r\u00e9p\u00e9tition de tels drames, la Gendarmerie nationale annonce une politique de \u00ab tol\u00e9rance z\u00e9ro \u00bb vis-\u00e0-vis des usagers de motos ne respectant pas les r\u00e8gles de s\u00e9curit\u00e9.<\/p>\n<p data-start=\"2451\" data-end=\"2792\">Les forces de s\u00e9curit\u00e9 souhaitent \u00e9galement une implication plus forte des guides religieux. Selon le lieutenant-colonel Arona Sarr, les leaders confr\u00e9riques doivent exhorter les fid\u00e8les \u00e0 respecter le Code de la route et les mesures s\u00e9curitaires de base. <em>\u00ab Leur voix a un poids consid\u00e9rable et peut sauver des vies \u00bb<\/em>, a-t-il soulign\u00e9.<\/p>\n<p data-start=\"2794\" data-end=\"3050\">Pour sa part, le commissaire de police principal Balla Fall, adjoint au directeur de la s\u00e9curit\u00e9 publique, a indiqu\u00e9 qu\u2019\u00e0 Touba, lors du Magal, la police avait recens\u00e9 six accidents mortels, provoqu\u00e9s pour la plupart par des actes d\u2019indiscipline.<\/p>\n<p data-start=\"3112\" data-end=\"3340\">Jean Baptiste Tine a tenu \u00e0 pr\u00e9ciser que l\u2019action des forces de l\u2019ordre ne visera pas \u00e0 \u00ab importuner les p\u00e8lerins \u00bb, mais \u00e0 fluidifier la circulation des personnes et des biens dans les meilleures conditions possibles.<\/p>\n<p data-start=\"3342\" data-end=\"3574\">Il a en outre demand\u00e9 \u00e0 l\u2019Agence nationale de la s\u00e9curit\u00e9 routi\u00e8re (ANASER) de renforcer ses actions de sensibilisation et de recourir, si n\u00e9cessaire, \u00e0 des sanctions p\u00e9cuniaires pour dissuader les comportements dangereux.<\/p>\n<p data-start=\"3576\" data-end=\"3755\">Selon le ministre, seule une alliance entre pr\u00e9vention, r\u00e9pression et sensibilisation communautaire permettra d\u2019inverser la tendance et de r\u00e9duire durablement les accidents.<\/p>\n<div class='share-to-whatsapp-wrapper'><div class='share-on-whsp'>PARTAGER SUR : <\/div><a data-text='GAMOU - Jean Baptiste Tine appelle \u00e0 un changement de comportement sur les routes\u00a0' data-link='https:\/\/www.nettali.com\/2025\/08\/29\/gamou-jean-baptiste-tine-appelle-a-un-changement-de-comportement-sur-les-routes\/' class='whatsapp-button whatsapp-share'>WhatsApp<\/a><div class='clear '><\/div><\/div>","protected":false},"excerpt":{"rendered":"<p>NETTALI.COM - Le ministre de l\u2019Int\u00e9rieur et de la S\u00e9curit\u00e9 publique, Jean Baptiste Tine, a lanc\u00e9, jeudi \u00e0 Dakar, un vibrant appel \u00e0 un \u00ab changement de comportement \u00bb sur les routes, afin de r\u00e9duire les risques d\u2019accidents, particuli\u00e8rement fr\u00e9quents \u00e0 l\u2019occasion des grands \u00e9v\u00e8nements religieux. \u00ab Les accidents sont trop r\u00e9currents. Il faut imp\u00e9rativement [&hellip;]<\/p>\n","protected":false},"author":4,"featured_media":147824,"comment_status":"open","ping_status":"open","sticky":false,"template":"","format":"standard","meta":{"_et_pb_use_builder":"","_et_pb_old_content":""},"categories":[3],"tags":[],"yoast_head":"<!-- This site is optimized with the Yoast SEO Premium plugin v17.8 (Yoast SEO v17.8) - https:\/\/yoast.com\/wordpress\/plugins\/seo\/ -->\n<title>GAMOU - Jean Baptiste Tine appelle \u00e0 un changement de comportement sur les routes\u00a0 | Nettali.com<\/title>\n<meta name=\"robots\" content=\"index, follow, max-snippet:-1, max-image-preview:large, max-video-preview:-1\" \/>\n<link rel=\"canonical\" href=\"https:\/\/www.nettali.com\/2025\/08\/29\/gamou-jean-baptiste-tine-appelle-a-un-changement-de-comportement-sur-les-routes\/\" \/>\n<meta property=\"og:locale\" content=\"fr_FR\" \/>\n<meta property=\"og:type\" content=\"article\" \/>\n<meta property=\"og:title\" content=\"GAMOU - Jean Baptiste Tine appelle \u00e0 un changement de comportement sur les routes\u00a0\" \/>\n<meta property=\"og:description\" content=\"NETTALI.COM - Le ministre de l\u2019Int\u00e9rieur et de la S\u00e9curit\u00e9 publique, Jean Baptiste Tine, a lanc\u00e9, jeudi \u00e0 Dakar, un vibrant appel \u00e0 un \u00ab changement de comportement \u00bb sur les routes, afin de r\u00e9duire les risques d\u2019accidents, particuli\u00e8rement fr\u00e9quents \u00e0 l\u2019occasion des grands \u00e9v\u00e8nements religieux. \u00ab Les accidents sont trop r\u00e9currents. Il faut imp\u00e9rativement [&hellip;]\" \/>\n<meta property=\"og:url\" content=\"https:\/\/www.nettali.com\/2025\/08\/29\/gamou-jean-baptiste-tine-appelle-a-un-changement-de-comportement-sur-les-routes\/\" \/>\n<meta property=\"og:site_name\" content=\"Nettali.com\" \/>\n<meta property=\"article:publisher\" content=\"https:\/\/www.facebook.com\/nettalicom\" \/>\n<meta property=\"article:published_time\" content=\"2025-08-29T07:10:21+00:00\" \/>\n<meta property=\"og:image\" content=\"https:\/\/www.nettali.com\/wp-content\/uploads\/2025\/01\/jean-baptiste-tine.jpg\" \/>\n\t<meta property=\"og:image:width\" content=\"1674\" \/>\n\t<meta property=\"og:image:height\" content=\"1134\" \/>\n<meta name=\"twitter:card\" content=\"summary_large_image\" \/>\n<meta name=\"twitter:label1\" content=\"\u00c9crit par\" \/>\n\t<meta name=\"twitter:data1\" content=\"Daouda\" \/>\n\t<meta name=\"twitter:label2\" content=\"Dur\u00e9e de lecture estim\u00e9e\" \/>\n\t<meta name=\"twitter:data2\" content=\"3 minutes\" \/>\n<script type=\"application\/ld+json\" class=\"yoast-schema-graph\">{\"@context\":\"https:\/\/schema.org\",\"@graph\":[{\"@type\":\"WebSite\",\"@id\":\"https:\/\/www.nettali.com\/#website\",\"url\":\"https:\/\/www.nettali.com\/\",\"name\":\"Nettali.com\",\"description\":\"Le rendez-vous critique du Net\",\"potentialAction\":[{\"@type\":\"SearchAction\",\"target\":{\"@type\":\"EntryPoint\",\"urlTemplate\":\"https:\/\/www.nettali.com\/?s={search_term_string}\"},\"query-input\":\"required name=search_term_string\"}],\"inLanguage\":\"fr-FR\"},{\"@type\":\"ImageObject\",\"@id\":\"https:\/\/www.nettali.com\/2025\/08\/29\/gamou-jean-baptiste-tine-appelle-a-un-changement-de-comportement-sur-les-routes\/#primaryimage\",\"inLanguage\":\"fr-FR\",\"url\":\"https:\/\/www.nettali.com\/wp-content\/uploads\/2025\/01\/jean-baptiste-tine.jpg\",\"contentUrl\":\"https:\/\/www.nettali.com\/wp-content\/uploads\/2025\/01\/jean-baptiste-tine.jpg\",\"width\":1674,\"height\":1134},{\"@type\":\"WebPage\",\"@id\":\"https:\/\/www.nettali.com\/2025\/08\/29\/gamou-jean-baptiste-tine-appelle-a-un-changement-de-comportement-sur-les-routes\/#webpage\",\"url\":\"https:\/\/www.nettali.com\/2025\/08\/29\/gamou-jean-baptiste-tine-appelle-a-un-changement-de-comportement-sur-les-routes\/\",\"name\":\"GAMOU - Jean Baptiste Tine appelle \\u00e0 un changement de comportement sur les routes\\u00a0 | Nettali.com\",\"isPartOf\":{\"@id\":\"https:\/\/www.nettali.com\/#website\"},\"primaryImageOfPage\":{\"@id\":\"https:\/\/www.nettali.com\/2025\/08\/29\/gamou-jean-baptiste-tine-appelle-a-un-changement-de-comportement-sur-les-routes\/#primaryimage\"},\"datePublished\":\"2025-08-29T07:10:21+00:00\",\"dateModified\":\"2025-08-29T07:10:21+00:00\",\"author\":{\"@id\":\"https:\/\/www.nettali.com\/#\/schema\/person\/3317e0bb3aa1da309fbf7b2780901bf4\"},\"breadcrumb\":{\"@id\":\"https:\/\/www.nettali.com\/2025\/08\/29\/gamou-jean-baptiste-tine-appelle-a-un-changement-de-comportement-sur-les-routes\/#breadcrumb\"},\"inLanguage\":\"fr-FR\",\"potentialAction\":[{\"@type\":\"ReadAction\",\"target\":[\"https:\/\/www.nettali.com\/2025\/08\/29\/gamou-jean-baptiste-tine-appelle-a-un-changement-de-comportement-sur-les-routes\/\"]}]},{\"@type\":\"BreadcrumbList\",\"@id\":\"https:\/\/www.nettali.com\/2025\/08\/29\/gamou-jean-baptiste-tine-appelle-a-un-changement-de-comportement-sur-les-routes\/#breadcrumb\",\"itemListElement\":[{\"@type\":\"ListItem\",\"position\":1,\"name\":\"Accueil\",\"item\":\"https:\/\/www.nettali.com\/\"},{\"@type\":\"ListItem\",\"position\":2,\"name\":\"GAMOU - Jean Baptiste Tine appelle \\u00e0 un changement de comportement sur les routes\\u00a0\"}]},{\"@type\":\"Person\",\"@id\":\"https:\/\/www.nettali.com\/#\/schema\/person\/3317e0bb3aa1da309fbf7b2780901bf4\",\"name\":\"Daouda\",\"image\":{\"@type\":\"ImageObject\",\"@id\":\"https:\/\/www.nettali.com\/#personlogo\",\"inLanguage\":\"fr-FR\",\"url\":\"https:\/\/secure.gravatar.com\/avatar\/8d143b5a49345098ddcfee1c49c2f47c?s=96&d=mm&r=g\",\"contentUrl\":\"https:\/\/secure.gravatar.com\/avatar\/8d143b5a49345098ddcfee1c49c2f47c?s=96&d=mm&r=g\",\"caption\":\"Daouda\"},\"sameAs\":[\"https:\/\/www.nettali.com\"]}]}<\/script>\n<!-- \/ Yoast SEO Premium plugin. -->","yoast_head_json":{"title":"GAMOU - Jean Baptiste Tine appelle \u00e0 un changement de comportement sur les routes\u00a0 | Nettali.com","robots":{"index":"index","follow":"follow","max-snippet":"max-snippet:-1","max-image-preview":"max-image-preview:large","max-video-preview":"max-video-preview:-1"},"canonical":"https:\/\/www.nettali.com\/2025\/08\/29\/gamou-jean-baptiste-tine-appelle-a-un-changement-de-comportement-sur-les-routes\/","og_locale":"fr_FR","og_type":"article","og_title":"GAMOU - Jean Baptiste Tine appelle \u00e0 un changement de comportement sur les routes\u00a0","og_description":"NETTALI.COM - Le ministre de l\u2019Int\u00e9rieur et de la S\u00e9curit\u00e9 publique, Jean Baptiste Tine, a lanc\u00e9, jeudi \u00e0 Dakar, un vibrant appel \u00e0 un \u00ab changement de comportement \u00bb sur les routes, afin de r\u00e9duire les risques d\u2019accidents, particuli\u00e8rement fr\u00e9quents \u00e0 l\u2019occasion des grands \u00e9v\u00e8nements religieux. \u00ab Les accidents sont trop r\u00e9currents. Il faut imp\u00e9rativement [&hellip;]","og_url":"https:\/\/www.nettali.com\/2025\/08\/29\/gamou-jean-baptiste-tine-appelle-a-un-changement-de-comportement-sur-les-routes\/","og_site_name":"Nettali.com","article_publisher":"https:\/\/www.facebook.com\/nettalicom","article_published_time":"2025-08-29T07:10:21+00:00","og_image":[{"width":1674,"height":1134,"url":"https:\/\/www.nettali.com\/wp-content\/uploads\/2025\/01\/jean-baptiste-tine.jpg","type":"image\/jpeg"}],"twitter_card":"summary_large_image","twitter_misc":{"\u00c9crit par":"Daouda","Dur\u00e9e de lecture estim\u00e9e":"3 minutes"},"schema":{"@context":"https:\/\/schema.org","@graph":[{"@type":"WebSite","@id":"https:\/\/www.nettali.com\/#website","url":"https:\/\/www.nettali.com\/","name":"Nettali.com","description":"Le rendez-vous critique du Net","potentialAction":[{"@type":"SearchAction","target":{"@type":"EntryPoint","urlTemplate":"https:\/\/www.nettali.com\/?s={search_term_string}"},"query-input":"required name=search_term_string"}],"inLanguage":"fr-FR"},{"@type":"ImageObject","@id":"https:\/\/www.nettali.com\/2025\/08\/29\/gamou-jean-baptiste-tine-appelle-a-un-changement-de-comportement-sur-les-routes\/#primaryimage","inLanguage":"fr-FR","url":"https:\/\/www.nettali.com\/wp-content\/uploads\/2025\/01\/jean-baptiste-tine.jpg","contentUrl":"https:\/\/www.nettali.com\/wp-content\/uploads\/2025\/01\/jean-baptiste-tine.jpg","width":1674,"height":1134},{"@type":"WebPage","@id":"https:\/\/www.nettali.com\/2025\/08\/29\/gamou-jean-baptiste-tine-appelle-a-un-changement-de-comportement-sur-les-routes\/#webpage","url":"https:\/\/www.nettali.com\/2025\/08\/29\/gamou-jean-baptiste-tine-appelle-a-un-changement-de-comportement-sur-les-routes\/","name":"GAMOU - Jean Baptiste Tine appelle \u00e0 un changement de comportement sur les routes\u00a0 | Nettali.com","isPartOf":{"@id":"https:\/\/www.nettali.com\/#website"},"primaryImageOfPage":{"@id":"https:\/\/www.nettali.com\/2025\/08\/29\/gamou-jean-baptiste-tine-appelle-a-un-changement-de-comportement-sur-les-routes\/#primaryimage"},"datePublished":"2025-08-29T07:10:21+00:00","dateModified":"2025-08-29T07:10:21+00:00","author":{"@id":"https:\/\/www.nettali.com\/#\/schema\/person\/3317e0bb3aa1da309fbf7b2780901bf4"},"breadcrumb":{"@id":"https:\/\/www.nettali.com\/2025\/08\/29\/gamou-jean-baptiste-tine-appelle-a-un-changement-de-comportement-sur-les-routes\/#breadcrumb"},"inLanguage":"fr-FR","potentialAction":[{"@type":"ReadAction","target":["https:\/\/www.nettali.com\/2025\/08\/29\/gamou-jean-baptiste-tine-appelle-a-un-changement-de-comportement-sur-les-routes\/"]}]},{"@type":"BreadcrumbList","@id":"https:\/\/www.nettali.com\/2025\/08\/29\/gamou-jean-baptiste-tine-appelle-a-un-changement-de-comportement-sur-les-routes\/#breadcrumb","itemListElement":[{"@type":"ListItem","position":1,"name":"Accueil","item":"https:\/\/www.nettali.com\/"},{"@type":"ListItem","position":2,"name":"GAMOU - Jean Baptiste Tine appelle \u00e0 un changement de comportement sur les routes\u00a0"}]},{"@type":"Person","@id":"https:\/\/www.nettali.com\/#\/schema\/person\/3317e0bb3aa1da309fbf7b2780901bf4","name":"Daouda","image":{"@type":"ImageObject","@id":"https:\/\/www.nettali.com\/#personlogo","inLanguage":"fr-FR","url":"https:\/\/secure.gravatar.com\/avatar\/8d143b5a49345098ddcfee1c49c2f47c?s=96&d=mm&r=g","contentUrl":"https:\/\/secure.gravatar.com\/avatar\/8d143b5a49345098ddcfee1c49c2f47c?s=96&d=mm&r=g","caption":"Daouda"},"sameAs":["https:\/\/www.nettali.com"]}]}},"_links":{"self":[{"href":"https:\/\/www.nettali.com\/rest\/wp\/v2\/posts\/160325"}],"collection":[{"href":"https:\/\/www.nettali.com\/rest\/wp\/v2\/posts"}],"about":[{"href":"https:\/\/www.nettali.com\/rest\/wp\/v2\/types\/post"}],"author":[{"embeddable":true,"href":"https:\/\/www.nettali.com\/rest\/wp\/v2\/users\/4"}],"replies":[{"embeddable":true,"href":"https:\/\/www.nettali.com\/rest\/wp\/v2\/comments?post=160325"}],"version-history":[{"count":1,"href":"https:\/\/www.nettali.com\/rest\/wp\/v2\/posts\/160325\/revisions"}],"predecessor-version":[{"id":160326,"href":"https:\/\/www.nettali.com\/rest\/wp\/v2\/posts\/160325\/revisions\/160326"}],"wp:featuredmedia":[{"embeddable":true,"href":"https:\/\/www.nettali.com\/rest\/wp\/v2\/media\/147824"}],"wp:attachment":[{"href":"https:\/\/www.nettali.com\/rest\/wp\/v2\/media?parent=160325"}],"wp:term":[{"taxonomy":"category","embeddable":true,"href":"https:\/\/www.nettali.com\/rest\/wp\/v2\/categories?post=160325"},{"taxonomy":"post_tag","embeddable":true,"href":"https:\/\/www.nettali.com\/rest\/wp\/v2\/tags?post=160325"}],"curies":[{"name":"wp","href":"https:\/\/api.w.org\/{rel}","templated":true}]}}