{"id":160312,"date":"2025-08-29T01:14:23","date_gmt":"2025-08-29T01:14:23","guid":{"rendered":"https:\/\/www.nettali.com\/?p=160312"},"modified":"2025-08-29T01:14:47","modified_gmt":"2025-08-29T01:14:47","slug":"election-maire-de-dakar-taxawu-senegal-se-defend-et-rejette-la-faute-sur-barth","status":"publish","type":"post","link":"https:\/\/www.nettali.com\/2025\/08\/29\/election-maire-de-dakar-taxawu-senegal-se-defend-et-rejette-la-faute-sur-barth\/","title":{"rendered":"\u00c9LECTION MAIRE DE DAKAR - Taxawu S\u00e9n\u00e9gal se d\u00e9fend et rejette la faute sur Barth"},"content":{"rendered":"<p><strong>NETTALI.COM - Taxawu S\u00e9n\u00e9gal est cat\u00e9gorique : si la mairie de Dakar est tomb\u00e9e dans l'escarcelle du pouvoir, c'est surtout parce que Barth\u00e9lemy Dias n'a pas jou\u00e9 franc jeu. En d'autres termes, Khalifa Sall et ses camarades accusent l'ancien n\u00b02 du parti pour la d\u00e9faite \u00e9lectorale du 25 ao\u00fbt 2025.<\/strong><\/p>\n<p>\u00c0 la suite de l'\u00e9lection municipale \u00e0 Dakar, le 25 ao\u00fbt 2025, le parti Taxawu S\u00e9n\u00e9gal est mont\u00e9 au cr\u00e9neau afin de r\u00e9pondre \u00e0 la \u201cclameur populaire\u201d qui l'a tenu pour responsable de cette d\u00e9route. Les socialistes, qui se disent victimes de \u201c<em>manipulations sordides<\/em>\u201d et d\u201d\u2019<em>accusations infond\u00e9es, malhonn\u00eates et p\u00e9rilleuses<\/em>\u201d, ont souhait\u00e9 \u201c<em>apporter aux S\u00e9n\u00e9galais des explications claires et rigoureuses, afin d'\u00e9clairer l'opinion et de mettre un terme aux manoeuvres politiciennes<\/em>\u201d, rapporte le porte-parole du jour et maire de Yoff, Seydina Issa Laye Samb.<\/p>\n<p>Dans ses propos, M. Samb a voulu un peu faire la gen\u00e8se de l'histoire. Selon lui, depuis la d\u00e9cision de l'autorit\u00e9 administrative, le 11 d\u00e9cembre 2024, de d\u00e9clarer d\u00e9missionnaire le maire de Dakar, Barth\u00e9lemy Toye Dias, Taxawu S\u00e9n\u00e9gal a \u201c<em>engag\u00e9 aussit\u00f4t le combat, \u00e0 la fois politique et juridique, afin que le maire l\u00e9gal et l\u00e9gitime de la capitale recouvre ses droits<\/em>\u201d. Apr\u00e8s que le pr\u00e9fet a demand\u00e9 au maire par int\u00e9rim de convoquer le conseil municipal pour une \u00e9lection, le parti a engag\u00e9 des consultations pour d\u00e9signer une \u201c<em>candidature unique<\/em>\u201d. Au terme d'un processus \u201c<em>d\u00e9mocratique, transparent et inclusif<\/em>\u201d, le choix s'est port\u00e9 sur Mme Ngon\u00e9 Mbengue.<\/p>\n<p><strong>Barth unique coupable, selon Taxawu <\/strong><\/p>\n<p>Le \u201ckhalifiste\u201d a, par ailleurs, soulign\u00e9 que \u201c<em>le choix du maire Barth\u00e9lemy Dias \u00e9tait, depuis le d\u00e9but de la crise, de soutenir la candidature du maire int\u00e9rimaire Ngon\u00e9 Mbengue<\/em>\u201d. Cependant, il r\u00e9v\u00e8le qu\u201d\u2019<em>\u00e0 l'annonce de la date de l'\u00e9lection, le maire Barth\u00e9lemy Dias a chang\u00e9 de position en choisissant de pr\u00e9senter la candidature de l'adjoint au maire Path\u00e9 Ba<\/em>\u201d. Encore plus surprenant, d'apr\u00e8s lui, \u201c<em>\u00e0 la veille de l'\u00e9lection, le maire Dias changea radicalement d'option en appelant \u00e0 un boycott<\/em>\u201d.<\/p>\n<p>Selon Taxawu S\u00e9n\u00e9gal, l'appel au boycott \u00e9tait une mauvaise d\u00e9cision, dans la mesure o\u00f9 \u201c<em>la saisine du juge n'est pas suspensive et que dans la jurisprudence administrative, les sursis \u00e0 ex\u00e9cution sont exceptionnels\u201d<\/em>. Il ajoute : \u201c<em>Notre responsabilit\u00e9 nous interdisait de cautionner un boycott dont l'efficacit\u00e9 judiciaire n'\u00e9tait assortie d'aucune garantie<\/em>.\u201d<\/p>\n<p>In fine, cette frange de l'opposition a voulu tirer une \u201c<em>le\u00e7on de moralit\u00e9<\/em>\u201d et une \u201c<em>le\u00e7on politique<\/em>\u201d de la situation. Taxawu S\u00e9n\u00e9gal d\u00e9nonce le fait que \u201c<em>l'implosion de Taxawu S\u00e9n\u00e9gal et de l'opposition au sein du conseil municipal a, de surcro\u00eet, offert au Pastef l'occasion de faire son march\u00e9 infamant aux antipodes des valeurs r\u00e9publicaines<\/em>\u201d, semble regretter Seydina Issa Laye Samb.<\/p>\n<p>Il invite les acteurs politiques \u00e0 plus de \u201c<em>retenue, moins d'\u00e9motions et de coups d'\u00e9clat<\/em>\u201d. En outre, Taxawu a r\u00e9affirm\u00e9 \u201c<em>son ancrage ind\u00e9fectible dans l'opposition, la seule posture politique qu'elle conna\u00eet depuis sa mise en place<\/em>\u201d.<\/p>\n<div class='share-to-whatsapp-wrapper'><div class='share-on-whsp'>PARTAGER SUR : <\/div><a data-text='\u00c9LECTION MAIRE DE DAKAR - Taxawu S\u00e9n\u00e9gal se d\u00e9fend et rejette la faute sur Barth' data-link='https:\/\/www.nettali.com\/2025\/08\/29\/election-maire-de-dakar-taxawu-senegal-se-defend-et-rejette-la-faute-sur-barth\/' class='whatsapp-button whatsapp-share'>WhatsApp<\/a><div class='clear '><\/div><\/div>","protected":false},"excerpt":{"rendered":"<p>NETTALI.COM - Taxawu S\u00e9n\u00e9gal est cat\u00e9gorique : si la mairie de Dakar est tomb\u00e9e dans l'escarcelle du pouvoir, c'est surtout parce que Barth\u00e9lemy Dias n'a pas jou\u00e9 franc jeu. En d'autres termes, Khalifa Sall et ses camarades accusent l'ancien n\u00b02 du parti pour la d\u00e9faite \u00e9lectorale du 25 ao\u00fbt 2025. \u00c0 la suite de l'\u00e9lection [&hellip;]<\/p>\n","protected":false},"author":2,"featured_media":160314,"comment_status":"open","ping_status":"open","sticky":false,"template":"","format":"standard","meta":{"_et_pb_use_builder":"","_et_pb_old_content":""},"categories":[2],"tags":[],"yoast_head":"<!-- This site is optimized with the Yoast SEO Premium plugin v17.8 (Yoast SEO v17.8) - https:\/\/yoast.com\/wordpress\/plugins\/seo\/ -->\n<title>\u00c9LECTION MAIRE DE DAKAR - Taxawu S\u00e9n\u00e9gal se d\u00e9fend et rejette la faute sur Barth | Nettali.com<\/title>\n<meta name=\"robots\" content=\"index, follow, max-snippet:-1, max-image-preview:large, max-video-preview:-1\" \/>\n<link rel=\"canonical\" href=\"https:\/\/www.nettali.com\/2025\/08\/29\/election-maire-de-dakar-taxawu-senegal-se-defend-et-rejette-la-faute-sur-barth\/\" \/>\n<meta property=\"og:locale\" content=\"fr_FR\" \/>\n<meta property=\"og:type\" content=\"article\" \/>\n<meta property=\"og:title\" content=\"\u00c9LECTION MAIRE DE DAKAR - Taxawu S\u00e9n\u00e9gal se d\u00e9fend et rejette la faute sur Barth\" \/>\n<meta property=\"og:description\" content=\"NETTALI.COM - Taxawu S\u00e9n\u00e9gal est cat\u00e9gorique : si la mairie de Dakar est tomb\u00e9e dans l&#039;escarcelle du pouvoir, c&#039;est surtout parce que Barth\u00e9lemy Dias n&#039;a pas jou\u00e9 franc jeu. En d&#039;autres termes, Khalifa Sall et ses camarades accusent l&#039;ancien n\u00b02 du parti pour la d\u00e9faite \u00e9lectorale du 25 ao\u00fbt 2025. \u00c0 la suite de l&#039;\u00e9lection [&hellip;]\" \/>\n<meta property=\"og:url\" content=\"https:\/\/www.nettali.com\/2025\/08\/29\/election-maire-de-dakar-taxawu-senegal-se-defend-et-rejette-la-faute-sur-barth\/\" \/>\n<meta property=\"og:site_name\" content=\"Nettali.com\" \/>\n<meta property=\"article:publisher\" content=\"https:\/\/www.facebook.com\/nettalicom\" \/>\n<meta property=\"article:published_time\" content=\"2025-08-29T01:14:23+00:00\" \/>\n<meta property=\"article:modified_time\" content=\"2025-08-29T01:14:47+00:00\" \/>\n<meta property=\"og:image\" content=\"https:\/\/www.nettali.com\/wp-content\/uploads\/2025\/08\/Seydina-Issa-Laye-Samb.jpg\" \/>\n\t<meta property=\"og:image:width\" content=\"600\" \/>\n\t<meta property=\"og:image:height\" content=\"344\" \/>\n<meta name=\"twitter:card\" content=\"summary_large_image\" \/>\n<meta name=\"twitter:label1\" content=\"\u00c9crit par\" \/>\n\t<meta name=\"twitter:data1\" content=\"CK\" \/>\n\t<meta name=\"twitter:label2\" content=\"Dur\u00e9e de lecture estim\u00e9e\" \/>\n\t<meta name=\"twitter:data2\" content=\"3 minutes\" \/>\n<script type=\"application\/ld+json\" class=\"yoast-schema-graph\">{\"@context\":\"https:\/\/schema.org\",\"@graph\":[{\"@type\":\"WebSite\",\"@id\":\"https:\/\/www.nettali.com\/#website\",\"url\":\"https:\/\/www.nettali.com\/\",\"name\":\"Nettali.com\",\"description\":\"Le rendez-vous critique du Net\",\"potentialAction\":[{\"@type\":\"SearchAction\",\"target\":{\"@type\":\"EntryPoint\",\"urlTemplate\":\"https:\/\/www.nettali.com\/?s={search_term_string}\"},\"query-input\":\"required name=search_term_string\"}],\"inLanguage\":\"fr-FR\"},{\"@type\":\"ImageObject\",\"@id\":\"https:\/\/www.nettali.com\/2025\/08\/29\/election-maire-de-dakar-taxawu-senegal-se-defend-et-rejette-la-faute-sur-barth\/#primaryimage\",\"inLanguage\":\"fr-FR\",\"url\":\"https:\/\/www.nettali.com\/wp-content\/uploads\/2025\/08\/Seydina-Issa-Laye-Samb.jpg\",\"contentUrl\":\"https:\/\/www.nettali.com\/wp-content\/uploads\/2025\/08\/Seydina-Issa-Laye-Samb.jpg\",\"width\":600,\"height\":344},{\"@type\":\"WebPage\",\"@id\":\"https:\/\/www.nettali.com\/2025\/08\/29\/election-maire-de-dakar-taxawu-senegal-se-defend-et-rejette-la-faute-sur-barth\/#webpage\",\"url\":\"https:\/\/www.nettali.com\/2025\/08\/29\/election-maire-de-dakar-taxawu-senegal-se-defend-et-rejette-la-faute-sur-barth\/\",\"name\":\"\\u00c9LECTION MAIRE DE DAKAR - Taxawu S\\u00e9n\\u00e9gal se d\\u00e9fend et rejette la faute sur Barth | Nettali.com\",\"isPartOf\":{\"@id\":\"https:\/\/www.nettali.com\/#website\"},\"primaryImageOfPage\":{\"@id\":\"https:\/\/www.nettali.com\/2025\/08\/29\/election-maire-de-dakar-taxawu-senegal-se-defend-et-rejette-la-faute-sur-barth\/#primaryimage\"},\"datePublished\":\"2025-08-29T01:14:23+00:00\",\"dateModified\":\"2025-08-29T01:14:47+00:00\",\"author\":{\"@id\":\"https:\/\/www.nettali.com\/#\/schema\/person\/d8ac7b7e27ddad43f1c0d2ef090d7f71\"},\"breadcrumb\":{\"@id\":\"https:\/\/www.nettali.com\/2025\/08\/29\/election-maire-de-dakar-taxawu-senegal-se-defend-et-rejette-la-faute-sur-barth\/#breadcrumb\"},\"inLanguage\":\"fr-FR\",\"potentialAction\":[{\"@type\":\"ReadAction\",\"target\":[\"https:\/\/www.nettali.com\/2025\/08\/29\/election-maire-de-dakar-taxawu-senegal-se-defend-et-rejette-la-faute-sur-barth\/\"]}]},{\"@type\":\"BreadcrumbList\",\"@id\":\"https:\/\/www.nettali.com\/2025\/08\/29\/election-maire-de-dakar-taxawu-senegal-se-defend-et-rejette-la-faute-sur-barth\/#breadcrumb\",\"itemListElement\":[{\"@type\":\"ListItem\",\"position\":1,\"name\":\"Accueil\",\"item\":\"https:\/\/www.nettali.com\/\"},{\"@type\":\"ListItem\",\"position\":2,\"name\":\"\\u00c9LECTION MAIRE DE DAKAR - Taxawu S\\u00e9n\\u00e9gal se d\\u00e9fend et rejette la faute sur Barth\"}]},{\"@type\":\"Person\",\"@id\":\"https:\/\/www.nettali.com\/#\/schema\/person\/d8ac7b7e27ddad43f1c0d2ef090d7f71\",\"name\":\"CK\",\"image\":{\"@type\":\"ImageObject\",\"@id\":\"https:\/\/www.nettali.com\/#personlogo\",\"inLanguage\":\"fr-FR\",\"url\":\"https:\/\/secure.gravatar.com\/avatar\/1d8d5118b9327d94da7cd4ce7f17fec2?s=96&d=mm&r=g\",\"contentUrl\":\"https:\/\/secure.gravatar.com\/avatar\/1d8d5118b9327d94da7cd4ce7f17fec2?s=96&d=mm&r=g\",\"caption\":\"CK\"},\"sameAs\":[\"https:\/\/www.nettali.com\"]}]}<\/script>\n<!-- \/ Yoast SEO Premium plugin. -->","yoast_head_json":{"title":"\u00c9LECTION MAIRE DE DAKAR - Taxawu S\u00e9n\u00e9gal se d\u00e9fend et rejette la faute sur Barth | Nettali.com","robots":{"index":"index","follow":"follow","max-snippet":"max-snippet:-1","max-image-preview":"max-image-preview:large","max-video-preview":"max-video-preview:-1"},"canonical":"https:\/\/www.nettali.com\/2025\/08\/29\/election-maire-de-dakar-taxawu-senegal-se-defend-et-rejette-la-faute-sur-barth\/","og_locale":"fr_FR","og_type":"article","og_title":"\u00c9LECTION MAIRE DE DAKAR - Taxawu S\u00e9n\u00e9gal se d\u00e9fend et rejette la faute sur Barth","og_description":"NETTALI.COM - Taxawu S\u00e9n\u00e9gal est cat\u00e9gorique : si la mairie de Dakar est tomb\u00e9e dans l'escarcelle du pouvoir, c'est surtout parce que Barth\u00e9lemy Dias n'a pas jou\u00e9 franc jeu. En d'autres termes, Khalifa Sall et ses camarades accusent l'ancien n\u00b02 du parti pour la d\u00e9faite \u00e9lectorale du 25 ao\u00fbt 2025. \u00c0 la suite de l'\u00e9lection [&hellip;]","og_url":"https:\/\/www.nettali.com\/2025\/08\/29\/election-maire-de-dakar-taxawu-senegal-se-defend-et-rejette-la-faute-sur-barth\/","og_site_name":"Nettali.com","article_publisher":"https:\/\/www.facebook.com\/nettalicom","article_published_time":"2025-08-29T01:14:23+00:00","article_modified_time":"2025-08-29T01:14:47+00:00","og_image":[{"width":600,"height":344,"url":"https:\/\/www.nettali.com\/wp-content\/uploads\/2025\/08\/Seydina-Issa-Laye-Samb.jpg","type":"image\/jpeg"}],"twitter_card":"summary_large_image","twitter_misc":{"\u00c9crit par":"CK","Dur\u00e9e de lecture estim\u00e9e":"3 minutes"},"schema":{"@context":"https:\/\/schema.org","@graph":[{"@type":"WebSite","@id":"https:\/\/www.nettali.com\/#website","url":"https:\/\/www.nettali.com\/","name":"Nettali.com","description":"Le rendez-vous critique du Net","potentialAction":[{"@type":"SearchAction","target":{"@type":"EntryPoint","urlTemplate":"https:\/\/www.nettali.com\/?s={search_term_string}"},"query-input":"required name=search_term_string"}],"inLanguage":"fr-FR"},{"@type":"ImageObject","@id":"https:\/\/www.nettali.com\/2025\/08\/29\/election-maire-de-dakar-taxawu-senegal-se-defend-et-rejette-la-faute-sur-barth\/#primaryimage","inLanguage":"fr-FR","url":"https:\/\/www.nettali.com\/wp-content\/uploads\/2025\/08\/Seydina-Issa-Laye-Samb.jpg","contentUrl":"https:\/\/www.nettali.com\/wp-content\/uploads\/2025\/08\/Seydina-Issa-Laye-Samb.jpg","width":600,"height":344},{"@type":"WebPage","@id":"https:\/\/www.nettali.com\/2025\/08\/29\/election-maire-de-dakar-taxawu-senegal-se-defend-et-rejette-la-faute-sur-barth\/#webpage","url":"https:\/\/www.nettali.com\/2025\/08\/29\/election-maire-de-dakar-taxawu-senegal-se-defend-et-rejette-la-faute-sur-barth\/","name":"\u00c9LECTION MAIRE DE DAKAR - Taxawu S\u00e9n\u00e9gal se d\u00e9fend et rejette la faute sur Barth | Nettali.com","isPartOf":{"@id":"https:\/\/www.nettali.com\/#website"},"primaryImageOfPage":{"@id":"https:\/\/www.nettali.com\/2025\/08\/29\/election-maire-de-dakar-taxawu-senegal-se-defend-et-rejette-la-faute-sur-barth\/#primaryimage"},"datePublished":"2025-08-29T01:14:23+00:00","dateModified":"2025-08-29T01:14:47+00:00","author":{"@id":"https:\/\/www.nettali.com\/#\/schema\/person\/d8ac7b7e27ddad43f1c0d2ef090d7f71"},"breadcrumb":{"@id":"https:\/\/www.nettali.com\/2025\/08\/29\/election-maire-de-dakar-taxawu-senegal-se-defend-et-rejette-la-faute-sur-barth\/#breadcrumb"},"inLanguage":"fr-FR","potentialAction":[{"@type":"ReadAction","target":["https:\/\/www.nettali.com\/2025\/08\/29\/election-maire-de-dakar-taxawu-senegal-se-defend-et-rejette-la-faute-sur-barth\/"]}]},{"@type":"BreadcrumbList","@id":"https:\/\/www.nettali.com\/2025\/08\/29\/election-maire-de-dakar-taxawu-senegal-se-defend-et-rejette-la-faute-sur-barth\/#breadcrumb","itemListElement":[{"@type":"ListItem","position":1,"name":"Accueil","item":"https:\/\/www.nettali.com\/"},{"@type":"ListItem","position":2,"name":"\u00c9LECTION MAIRE DE DAKAR - Taxawu S\u00e9n\u00e9gal se d\u00e9fend et rejette la faute sur Barth"}]},{"@type":"Person","@id":"https:\/\/www.nettali.com\/#\/schema\/person\/d8ac7b7e27ddad43f1c0d2ef090d7f71","name":"CK","image":{"@type":"ImageObject","@id":"https:\/\/www.nettali.com\/#personlogo","inLanguage":"fr-FR","url":"https:\/\/secure.gravatar.com\/avatar\/1d8d5118b9327d94da7cd4ce7f17fec2?s=96&d=mm&r=g","contentUrl":"https:\/\/secure.gravatar.com\/avatar\/1d8d5118b9327d94da7cd4ce7f17fec2?s=96&d=mm&r=g","caption":"CK"},"sameAs":["https:\/\/www.nettali.com"]}]}},"_links":{"self":[{"href":"https:\/\/www.nettali.com\/rest\/wp\/v2\/posts\/160312"}],"collection":[{"href":"https:\/\/www.nettali.com\/rest\/wp\/v2\/posts"}],"about":[{"href":"https:\/\/www.nettali.com\/rest\/wp\/v2\/types\/post"}],"author":[{"embeddable":true,"href":"https:\/\/www.nettali.com\/rest\/wp\/v2\/users\/2"}],"replies":[{"embeddable":true,"href":"https:\/\/www.nettali.com\/rest\/wp\/v2\/comments?post=160312"}],"version-history":[{"count":2,"href":"https:\/\/www.nettali.com\/rest\/wp\/v2\/posts\/160312\/revisions"}],"predecessor-version":[{"id":160315,"href":"https:\/\/www.nettali.com\/rest\/wp\/v2\/posts\/160312\/revisions\/160315"}],"wp:featuredmedia":[{"embeddable":true,"href":"https:\/\/www.nettali.com\/rest\/wp\/v2\/media\/160314"}],"wp:attachment":[{"href":"https:\/\/www.nettali.com\/rest\/wp\/v2\/media?parent=160312"}],"wp:term":[{"taxonomy":"category","embeddable":true,"href":"https:\/\/www.nettali.com\/rest\/wp\/v2\/categories?post=160312"},{"taxonomy":"post_tag","embeddable":true,"href":"https:\/\/www.nettali.com\/rest\/wp\/v2\/tags?post=160312"}],"curies":[{"name":"wp","href":"https:\/\/api.w.org\/{rel}","templated":true}]}}