{"id":160279,"date":"2025-08-29T07:04:26","date_gmt":"2025-08-29T07:04:26","guid":{"rendered":"https:\/\/www.nettali.com\/?p=160279"},"modified":"2025-08-29T10:18:40","modified_gmt":"2025-08-29T10:18:40","slug":"pelerinage-a-la-mecque-le-renophus-fait-le-bilan-du-hajj-2025-et-etale-ses-doleances-pour-2025","status":"publish","type":"post","link":"https:\/\/www.nettali.com\/2025\/08\/29\/pelerinage-a-la-mecque-le-renophus-fait-le-bilan-du-hajj-2025-et-etale-ses-doleances-pour-2025\/","title":{"rendered":"P\u00c8LERINAGE \u00c0 LA MECQUE - Le Renophus fait le bilan du Hajj 2025  et \u00e9tale ses dol\u00e9ances pour 2025"},"content":{"rendered":"<p><strong><b>NETTALI.COM- <\/b><\/strong><strong><b>\u200eR\u00e9unis <\/b><\/strong><strong><b>en assembl\u00e9e g\u00e9n\u00e9rale ce jeudi 28 ao\u00fbt 2025 <\/b><\/strong><strong><b>\u00e0 <\/b><\/strong><strong><b>l\u2019Institut islamique de <\/b><\/strong><strong><b>Dakar, les <\/b><\/strong><strong><b>voyagistes <\/b><\/strong><strong><b>ont \u00e9chang\u00e9<\/b><\/strong><strong><b>\u00a0fait le bilan du p\u00e8lerinage \u00e0 la Mecque de 2025. A<\/b><\/strong><strong><b>vec les autorit\u00e9s et <\/b><\/strong><strong><b>les partenaires dont Air S\u00e9n\u00e9gal qui a \u00e9t\u00e9 fortement critiqu\u00e9e, les membres du <\/b><\/strong><strong><b>Regroupement\u00a0national des\u00a0organisateurs\u00a0priv\u00e9s du Hadj et de la Umrah au S\u00e9n\u00e9gal<\/b><\/strong><strong><b>\u00a0<\/b><\/strong><strong><b>( <\/b><\/strong><strong><b>Renophus<\/b><\/strong><strong><b>) ont abord\u00e9 <\/b><\/strong><strong><b>les r\u00e9formes impos\u00e9es par l\u2019Arabie Saoudite<\/b><\/strong><strong><b>. <\/b><\/strong><strong><b>\u00a0et les le\u00e7ons du Hajj 2025. Entre volont\u00e9 de modernisation et inqui\u00e9tudes logistiques, le plaide pour le \u00ab Hajj direct \u00bb<\/b><\/strong><strong><b>. <\/b><\/strong><\/p>\n<p>\u200eC\u2019est dans un climat de concertation que s\u2019est tenue l\u2019assembl\u00e9e g\u00e9n\u00e9rale du\u00a0Regroupement\u00a0national des\u00a0organisateurs\u00a0priv\u00e9s du Hadj et de la Umrah au S\u00e9n\u00e9gal\u00a0( Renophus, le Regroupement national des organisateurs priv\u00e9s du S\u00e9n\u00e9gal pour le Hajj. L\u2019\u00e9v\u00e9nement a permis de faire le bilan du p\u00e8lerinage 2025 et d\u2019anticiper les d\u00e9fis de 2026, \u00e0 la lumi\u00e8re des nouvelles directives du minist\u00e8re saoudien du Hajj.<\/p>\n<p>\u200e\u200eCheikh Bamb Dioum, premier vice-pr\u00e9sident du Renophus, a rappel\u00e9 que le minist\u00e8re saoudien du Hajj a impos\u00e9 des changements notables. \u00ab <em>Le calendrier du 2025-2026 sera d\u00e9sormais anticip\u00e9, et les inscriptions doivent se faire tr\u00e8s t\u00f4t, d\u00e8s juillet, alors qu\u2019auparavant les p\u00e8lerins attendaient le Ramadan ou le mois de janvier<\/em> \u00bb, a-t-il expliqu\u00e9.<\/p>\n<p><strong><b>\u200eLes r\u00e9formes saoudiennes et l\u2019option du \u00ab Hajj direct \u00bb<\/b><\/strong>\u200e<\/p>\n<p>\u200eLa r\u00e9forme la plus marquante reste l\u2019introduction du \u00ab Hajj direct \u00bb, qui autoriserait les organisateurs priv\u00e9s disposant d\u2019au moins 2000 p\u00e8lerins \u00e0 g\u00e9rer eux-m\u00eames leur contrat avec les prestataires saoudiens, sans passer par la D\u00e9l\u00e9gation g\u00e9n\u00e9rale. \u00ab <em>Si cette option de lib\u00e9ralisation n\u2019est pas retenue, les priv\u00e9s devront c\u00e9der leur quota \u00e0 l\u2019\u00c9tat ou \u00e0 la D\u00e9l\u00e9gation, qui piloterait seule le processus<\/em> \u00bb, a ajout\u00e9 M. Dioum.\u200e<\/p>\n<p>\u200ePour les voyagistes priv\u00e9s, cette orientation est une opportunit\u00e9. \u00ab <em>Le Hajj direct, ce n\u2019est rien d\u2019autre que la privatisation que nous demandions depuis toujours<\/em> \u00bb, a martel\u00e9 le vice-pr\u00e9sident du Renophus. Il estime que cette autonomie leur permettrait de choisir des prestataires plus fiables, notamment pour am\u00e9liorer les conditions de vie \u00e0 Mina et Arafat, jug\u00e9es \u00ab lamentables \u00bb lors du dernier p\u00e8lerinage.\u200e<\/p>\n<p>\u200e<strong>Transport a\u00e9rien et organisation : Air S\u00e9n\u00e9gal au centre du d\u00e9bat<\/strong>\u200e<\/p>\n<p>\u200eLe transport des p\u00e8lerins a occup\u00e9 une large place dans les discussions. Am Samba Sall, directeur de l\u2019administration et du support d\u2019Air S\u00e9n\u00e9gal et pr\u00e9sident du comit\u00e9 Hajj, a tenu \u00e0 rassurer. \u00ab <em>Cette ann\u00e9e, Air S\u00e9n\u00e9gal s\u2019engage \u00e0 transporter la totalit\u00e9 des p\u00e8lerins du S\u00e9n\u00e9gal et \u00e0 mettre en place toutes les mesures pour faire de ce p\u00e8lerinage une r\u00e9ussite<\/em> \u00bb, a-t-il d\u00e9clar\u00e9.<\/p>\n<p>\u200e\u200eLa compagnie nationale pr\u00e9voit de mobiliser des avions gros-porteurs de 410 places, avec deux \u00e0 trois vols par jour. Le programme fixe la phase aller du 8 au 19 mai 2026 et la phase retour du 30 mai au 10 juin. \u00ab <em>Ces dispositions permettront de transporter les p\u00e8lerins et leurs bagages dans les meilleures conditions de s\u00e9curit\u00e9 et de confort<\/em> \u00bb, a insist\u00e9 M. Sall.\u200e<\/p>\n<p>\u200eMais cette position ne fait pas l\u2019unanimit\u00e9. Cheikh Bamba Dioum a rappel\u00e9 que malgr\u00e9 les efforts constat\u00e9s en 2025, Air S\u00e9n\u00e9gal \u00ab<em> n\u2019a pas la capacit\u00e9 de convoyer les 12 000 p\u00e8lerins<\/em> \u00bb. Le Renophus recommande donc de partager le quota : une partie pour Air S\u00e9n\u00e9gal, l\u2019autre confi\u00e9e \u00e0 des compagnies internationales offrant \u00ab <em>d\u2019excellents services \u00e0 un bon prix<\/em> \u00bb.<\/p>\n<p>\u200e\u200eAutre point de divergence, la question des horaires. Des voyagistes se plaignent que les vols ne co\u00efncident pas avec leurs r\u00e9servations d\u2019h\u00f4tels.\u00a0\u00a0Hanne\u00a0Samba Sall a r\u00e9pondu fermement : \u00ab<em> Dans le transport a\u00e9rien, la logique de transport pr\u00e9vaut sur la logique d\u2019h\u00e9bergement. On ne peut pas adapter les vols aux heures d\u2019entr\u00e9e des h\u00f4tels.<\/em> \u00bb<\/p>\n<p>\u200e<strong>\u200eFinancement, anticipation et perspectives<\/strong>\u200e<\/p>\n<p>\u200eAu-del\u00e0 du transport, la question du financement reste centrale. Le Renophus a interpell\u00e9 la Banque islamique du S\u00e9n\u00e9gal pour qu\u2019elle accompagne les organisateurs priv\u00e9s dans la mise en \u0153uvre du Hajj direct. \u00ab <em>Il faudra un financement important si nous devons aller seuls. Nous demandons \u00e0 la banque de r\u00e9duire le taux appliqu\u00e9, notamment celui du riyal, et de nous soutenir<\/em> \u00bb, a plaid\u00e9 Cheikh Bamba Dioum.<\/p>\n<p>\u200e\u200eLe d\u00e9l\u00e9gu\u00e9 g\u00e9n\u00e9ral adjoint, El Hadj Mansour Ndiaye, pr\u00e9sent \u00e0 l\u2019assembl\u00e9e, a pour sa part invit\u00e9 les p\u00e8lerins \u00e0 se conformer au calendrier saoudien. \u00ab <em>L\u2019Arabie Saoudite a d\u00e9j\u00e0 lanc\u00e9 les inscriptions pour le Hajj 2026 et l\u2019ann\u00e9e derni\u00e8re, le S\u00e9n\u00e9gal a failli \u00eatre forclos<\/em> \u00bb, a-t-il rappel\u00e9. Il a assur\u00e9 que l\u2019\u00c9tat prendra des mesures d\u2019anticipation et a exhort\u00e9 les voyagistes priv\u00e9s \u00e0 en faire de m\u00eame.<\/p>\n<p>\u200e\u200eDe son c\u00f4t\u00e9, Air S\u00e9n\u00e9gal rappelle que le prix du billet reste fix\u00e9 par l\u2019\u00c9tat, avec l\u2019ambition de maintenir un tarif accessible malgr\u00e9 les contraintes \u00e9conomiques. Les inscriptions sont d\u00e9j\u00e0 ouvertes aupr\u00e8s des voyagistes priv\u00e9s et de la D\u00e9l\u00e9gation g\u00e9n\u00e9rale au p\u00e8lerinage.<\/p>\n<p>\u200e\u200eEnfin, l\u2019assembl\u00e9e g\u00e9n\u00e9rale du Renophus a mis en lumi\u00e8re deux visions : celle d\u2019Air S\u00e9n\u00e9gal, qui veut consolider son r\u00f4le central dans le transport, et celle des organisateurs priv\u00e9s, qui r\u00e9clament plus d\u2019autonomie via le Hajj direct. Deux approches qui devront trouver un terrain d\u2019entente afin de garantir un p\u00e8lerinage 2026 fluide et digne pour les milliers de fid\u00e8les s\u00e9n\u00e9galais.<\/p>\n<div class='share-to-whatsapp-wrapper'><div class='share-on-whsp'>PARTAGER SUR : <\/div><a data-text='P\u00c8LERINAGE \u00c0 LA MECQUE - Le Renophus fait le bilan du Hajj 2025  et \u00e9tale ses dol\u00e9ances pour 2025' data-link='https:\/\/www.nettali.com\/2025\/08\/29\/pelerinage-a-la-mecque-le-renophus-fait-le-bilan-du-hajj-2025-et-etale-ses-doleances-pour-2025\/' class='whatsapp-button whatsapp-share'>WhatsApp<\/a><div class='clear '><\/div><\/div>","protected":false},"excerpt":{"rendered":"<p>NETTALI.COM- \u200eR\u00e9unis en assembl\u00e9e g\u00e9n\u00e9rale ce jeudi 28 ao\u00fbt 2025 \u00e0 l\u2019Institut islamique de Dakar, les voyagistes ont \u00e9chang\u00e9\u00a0fait le bilan du p\u00e8lerinage \u00e0 la Mecque de 2025. Avec les autorit\u00e9s et les partenaires dont Air S\u00e9n\u00e9gal qui a \u00e9t\u00e9 fortement critiqu\u00e9e, les membres du Regroupement\u00a0national des\u00a0organisateurs\u00a0priv\u00e9s du Hadj et de la Umrah au S\u00e9n\u00e9gal\u00a0( [&hellip;]<\/p>\n","protected":false},"author":6,"featured_media":160289,"comment_status":"open","ping_status":"open","sticky":false,"template":"","format":"standard","meta":{"_et_pb_use_builder":"","_et_pb_old_content":""},"categories":[3],"tags":[],"yoast_head":"<!-- This site is optimized with the Yoast SEO Premium plugin v17.8 (Yoast SEO v17.8) - https:\/\/yoast.com\/wordpress\/plugins\/seo\/ -->\n<title>P\u00c8LERINAGE \u00c0 LA MECQUE - Le Renophus fait le bilan du Hajj 2025 et \u00e9tale ses dol\u00e9ances pour 2025 | Nettali.com<\/title>\n<meta name=\"robots\" content=\"index, follow, max-snippet:-1, max-image-preview:large, max-video-preview:-1\" \/>\n<link rel=\"canonical\" href=\"https:\/\/www.nettali.com\/2025\/08\/29\/pelerinage-a-la-mecque-le-renophus-fait-le-bilan-du-hajj-2025-et-etale-ses-doleances-pour-2025\/\" \/>\n<meta property=\"og:locale\" content=\"fr_FR\" \/>\n<meta property=\"og:type\" content=\"article\" \/>\n<meta property=\"og:title\" content=\"P\u00c8LERINAGE \u00c0 LA MECQUE - Le Renophus fait le bilan du Hajj 2025 et \u00e9tale ses dol\u00e9ances pour 2025\" \/>\n<meta property=\"og:description\" content=\"NETTALI.COM- \u200eR\u00e9unis en assembl\u00e9e g\u00e9n\u00e9rale ce jeudi 28 ao\u00fbt 2025 \u00e0 l\u2019Institut islamique de Dakar, les voyagistes ont \u00e9chang\u00e9\u00a0fait le bilan du p\u00e8lerinage \u00e0 la Mecque de 2025. Avec les autorit\u00e9s et les partenaires dont Air S\u00e9n\u00e9gal qui a \u00e9t\u00e9 fortement critiqu\u00e9e, les membres du Regroupement\u00a0national des\u00a0organisateurs\u00a0priv\u00e9s du Hadj et de la Umrah au S\u00e9n\u00e9gal\u00a0( [&hellip;]\" \/>\n<meta property=\"og:url\" content=\"https:\/\/www.nettali.com\/2025\/08\/29\/pelerinage-a-la-mecque-le-renophus-fait-le-bilan-du-hajj-2025-et-etale-ses-doleances-pour-2025\/\" \/>\n<meta property=\"og:site_name\" content=\"Nettali.com\" \/>\n<meta property=\"article:publisher\" content=\"https:\/\/www.facebook.com\/nettalicom\" \/>\n<meta property=\"article:published_time\" content=\"2025-08-29T07:04:26+00:00\" \/>\n<meta property=\"article:modified_time\" content=\"2025-08-29T10:18:40+00:00\" \/>\n<meta property=\"og:image\" content=\"https:\/\/www.nettali.com\/wp-content\/uploads\/2025\/08\/IMG-20250828-WA0279-1.jpg\" \/>\n\t<meta property=\"og:image:width\" content=\"1280\" \/>\n\t<meta property=\"og:image:height\" content=\"960\" \/>\n<meta name=\"twitter:card\" content=\"summary_large_image\" \/>\n<meta name=\"twitter:label1\" content=\"\u00c9crit par\" \/>\n\t<meta name=\"twitter:data1\" content=\"Fatou\" \/>\n\t<meta name=\"twitter:label2\" content=\"Dur\u00e9e de lecture estim\u00e9e\" \/>\n\t<meta name=\"twitter:data2\" content=\"5 minutes\" \/>\n<script type=\"application\/ld+json\" class=\"yoast-schema-graph\">{\"@context\":\"https:\/\/schema.org\",\"@graph\":[{\"@type\":\"WebSite\",\"@id\":\"https:\/\/www.nettali.com\/#website\",\"url\":\"https:\/\/www.nettali.com\/\",\"name\":\"Nettali.com\",\"description\":\"Le rendez-vous critique du Net\",\"potentialAction\":[{\"@type\":\"SearchAction\",\"target\":{\"@type\":\"EntryPoint\",\"urlTemplate\":\"https:\/\/www.nettali.com\/?s={search_term_string}\"},\"query-input\":\"required name=search_term_string\"}],\"inLanguage\":\"fr-FR\"},{\"@type\":\"ImageObject\",\"@id\":\"https:\/\/www.nettali.com\/2025\/08\/29\/pelerinage-a-la-mecque-le-renophus-fait-le-bilan-du-hajj-2025-et-etale-ses-doleances-pour-2025\/#primaryimage\",\"inLanguage\":\"fr-FR\",\"url\":\"https:\/\/www.nettali.com\/wp-content\/uploads\/2025\/08\/IMG-20250828-WA0279-1.jpg\",\"contentUrl\":\"https:\/\/www.nettali.com\/wp-content\/uploads\/2025\/08\/IMG-20250828-WA0279-1.jpg\",\"width\":1280,\"height\":960},{\"@type\":\"WebPage\",\"@id\":\"https:\/\/www.nettali.com\/2025\/08\/29\/pelerinage-a-la-mecque-le-renophus-fait-le-bilan-du-hajj-2025-et-etale-ses-doleances-pour-2025\/#webpage\",\"url\":\"https:\/\/www.nettali.com\/2025\/08\/29\/pelerinage-a-la-mecque-le-renophus-fait-le-bilan-du-hajj-2025-et-etale-ses-doleances-pour-2025\/\",\"name\":\"P\\u00c8LERINAGE \\u00c0 LA MECQUE - Le Renophus fait le bilan du Hajj 2025 et \\u00e9tale ses dol\\u00e9ances pour 2025 | Nettali.com\",\"isPartOf\":{\"@id\":\"https:\/\/www.nettali.com\/#website\"},\"primaryImageOfPage\":{\"@id\":\"https:\/\/www.nettali.com\/2025\/08\/29\/pelerinage-a-la-mecque-le-renophus-fait-le-bilan-du-hajj-2025-et-etale-ses-doleances-pour-2025\/#primaryimage\"},\"datePublished\":\"2025-08-29T07:04:26+00:00\",\"dateModified\":\"2025-08-29T10:18:40+00:00\",\"author\":{\"@id\":\"https:\/\/www.nettali.com\/#\/schema\/person\/418274a86bdf87caff7a3ef476bd0bbf\"},\"breadcrumb\":{\"@id\":\"https:\/\/www.nettali.com\/2025\/08\/29\/pelerinage-a-la-mecque-le-renophus-fait-le-bilan-du-hajj-2025-et-etale-ses-doleances-pour-2025\/#breadcrumb\"},\"inLanguage\":\"fr-FR\",\"potentialAction\":[{\"@type\":\"ReadAction\",\"target\":[\"https:\/\/www.nettali.com\/2025\/08\/29\/pelerinage-a-la-mecque-le-renophus-fait-le-bilan-du-hajj-2025-et-etale-ses-doleances-pour-2025\/\"]}]},{\"@type\":\"BreadcrumbList\",\"@id\":\"https:\/\/www.nettali.com\/2025\/08\/29\/pelerinage-a-la-mecque-le-renophus-fait-le-bilan-du-hajj-2025-et-etale-ses-doleances-pour-2025\/#breadcrumb\",\"itemListElement\":[{\"@type\":\"ListItem\",\"position\":1,\"name\":\"Accueil\",\"item\":\"https:\/\/www.nettali.com\/\"},{\"@type\":\"ListItem\",\"position\":2,\"name\":\"P\\u00c8LERINAGE \\u00c0 LA MECQUE - Le Renophus fait le bilan du Hajj 2025 et \\u00e9tale ses dol\\u00e9ances pour 2025\"}]},{\"@type\":\"Person\",\"@id\":\"https:\/\/www.nettali.com\/#\/schema\/person\/418274a86bdf87caff7a3ef476bd0bbf\",\"name\":\"Fatou\",\"image\":{\"@type\":\"ImageObject\",\"@id\":\"https:\/\/www.nettali.com\/#personlogo\",\"inLanguage\":\"fr-FR\",\"url\":\"https:\/\/secure.gravatar.com\/avatar\/5a9442a2bee7b4dcf167cab035858e9a?s=96&d=mm&r=g\",\"contentUrl\":\"https:\/\/secure.gravatar.com\/avatar\/5a9442a2bee7b4dcf167cab035858e9a?s=96&d=mm&r=g\",\"caption\":\"Fatou\"},\"sameAs\":[\"https:\/\/www.nettali.com\"]}]}<\/script>\n<!-- \/ Yoast SEO Premium plugin. -->","yoast_head_json":{"title":"P\u00c8LERINAGE \u00c0 LA MECQUE - Le Renophus fait le bilan du Hajj 2025 et \u00e9tale ses dol\u00e9ances pour 2025 | Nettali.com","robots":{"index":"index","follow":"follow","max-snippet":"max-snippet:-1","max-image-preview":"max-image-preview:large","max-video-preview":"max-video-preview:-1"},"canonical":"https:\/\/www.nettali.com\/2025\/08\/29\/pelerinage-a-la-mecque-le-renophus-fait-le-bilan-du-hajj-2025-et-etale-ses-doleances-pour-2025\/","og_locale":"fr_FR","og_type":"article","og_title":"P\u00c8LERINAGE \u00c0 LA MECQUE - Le Renophus fait le bilan du Hajj 2025 et \u00e9tale ses dol\u00e9ances pour 2025","og_description":"NETTALI.COM- \u200eR\u00e9unis en assembl\u00e9e g\u00e9n\u00e9rale ce jeudi 28 ao\u00fbt 2025 \u00e0 l\u2019Institut islamique de Dakar, les voyagistes ont \u00e9chang\u00e9\u00a0fait le bilan du p\u00e8lerinage \u00e0 la Mecque de 2025. Avec les autorit\u00e9s et les partenaires dont Air S\u00e9n\u00e9gal qui a \u00e9t\u00e9 fortement critiqu\u00e9e, les membres du Regroupement\u00a0national des\u00a0organisateurs\u00a0priv\u00e9s du Hadj et de la Umrah au S\u00e9n\u00e9gal\u00a0( [&hellip;]","og_url":"https:\/\/www.nettali.com\/2025\/08\/29\/pelerinage-a-la-mecque-le-renophus-fait-le-bilan-du-hajj-2025-et-etale-ses-doleances-pour-2025\/","og_site_name":"Nettali.com","article_publisher":"https:\/\/www.facebook.com\/nettalicom","article_published_time":"2025-08-29T07:04:26+00:00","article_modified_time":"2025-08-29T10:18:40+00:00","og_image":[{"width":1280,"height":960,"url":"https:\/\/www.nettali.com\/wp-content\/uploads\/2025\/08\/IMG-20250828-WA0279-1.jpg","type":"image\/jpeg"}],"twitter_card":"summary_large_image","twitter_misc":{"\u00c9crit par":"Fatou","Dur\u00e9e de lecture estim\u00e9e":"5 minutes"},"schema":{"@context":"https:\/\/schema.org","@graph":[{"@type":"WebSite","@id":"https:\/\/www.nettali.com\/#website","url":"https:\/\/www.nettali.com\/","name":"Nettali.com","description":"Le rendez-vous critique du Net","potentialAction":[{"@type":"SearchAction","target":{"@type":"EntryPoint","urlTemplate":"https:\/\/www.nettali.com\/?s={search_term_string}"},"query-input":"required name=search_term_string"}],"inLanguage":"fr-FR"},{"@type":"ImageObject","@id":"https:\/\/www.nettali.com\/2025\/08\/29\/pelerinage-a-la-mecque-le-renophus-fait-le-bilan-du-hajj-2025-et-etale-ses-doleances-pour-2025\/#primaryimage","inLanguage":"fr-FR","url":"https:\/\/www.nettali.com\/wp-content\/uploads\/2025\/08\/IMG-20250828-WA0279-1.jpg","contentUrl":"https:\/\/www.nettali.com\/wp-content\/uploads\/2025\/08\/IMG-20250828-WA0279-1.jpg","width":1280,"height":960},{"@type":"WebPage","@id":"https:\/\/www.nettali.com\/2025\/08\/29\/pelerinage-a-la-mecque-le-renophus-fait-le-bilan-du-hajj-2025-et-etale-ses-doleances-pour-2025\/#webpage","url":"https:\/\/www.nettali.com\/2025\/08\/29\/pelerinage-a-la-mecque-le-renophus-fait-le-bilan-du-hajj-2025-et-etale-ses-doleances-pour-2025\/","name":"P\u00c8LERINAGE \u00c0 LA MECQUE - Le Renophus fait le bilan du Hajj 2025 et \u00e9tale ses dol\u00e9ances pour 2025 | Nettali.com","isPartOf":{"@id":"https:\/\/www.nettali.com\/#website"},"primaryImageOfPage":{"@id":"https:\/\/www.nettali.com\/2025\/08\/29\/pelerinage-a-la-mecque-le-renophus-fait-le-bilan-du-hajj-2025-et-etale-ses-doleances-pour-2025\/#primaryimage"},"datePublished":"2025-08-29T07:04:26+00:00","dateModified":"2025-08-29T10:18:40+00:00","author":{"@id":"https:\/\/www.nettali.com\/#\/schema\/person\/418274a86bdf87caff7a3ef476bd0bbf"},"breadcrumb":{"@id":"https:\/\/www.nettali.com\/2025\/08\/29\/pelerinage-a-la-mecque-le-renophus-fait-le-bilan-du-hajj-2025-et-etale-ses-doleances-pour-2025\/#breadcrumb"},"inLanguage":"fr-FR","potentialAction":[{"@type":"ReadAction","target":["https:\/\/www.nettali.com\/2025\/08\/29\/pelerinage-a-la-mecque-le-renophus-fait-le-bilan-du-hajj-2025-et-etale-ses-doleances-pour-2025\/"]}]},{"@type":"BreadcrumbList","@id":"https:\/\/www.nettali.com\/2025\/08\/29\/pelerinage-a-la-mecque-le-renophus-fait-le-bilan-du-hajj-2025-et-etale-ses-doleances-pour-2025\/#breadcrumb","itemListElement":[{"@type":"ListItem","position":1,"name":"Accueil","item":"https:\/\/www.nettali.com\/"},{"@type":"ListItem","position":2,"name":"P\u00c8LERINAGE \u00c0 LA MECQUE - Le Renophus fait le bilan du Hajj 2025 et \u00e9tale ses dol\u00e9ances pour 2025"}]},{"@type":"Person","@id":"https:\/\/www.nettali.com\/#\/schema\/person\/418274a86bdf87caff7a3ef476bd0bbf","name":"Fatou","image":{"@type":"ImageObject","@id":"https:\/\/www.nettali.com\/#personlogo","inLanguage":"fr-FR","url":"https:\/\/secure.gravatar.com\/avatar\/5a9442a2bee7b4dcf167cab035858e9a?s=96&d=mm&r=g","contentUrl":"https:\/\/secure.gravatar.com\/avatar\/5a9442a2bee7b4dcf167cab035858e9a?s=96&d=mm&r=g","caption":"Fatou"},"sameAs":["https:\/\/www.nettali.com"]}]}},"_links":{"self":[{"href":"https:\/\/www.nettali.com\/rest\/wp\/v2\/posts\/160279"}],"collection":[{"href":"https:\/\/www.nettali.com\/rest\/wp\/v2\/posts"}],"about":[{"href":"https:\/\/www.nettali.com\/rest\/wp\/v2\/types\/post"}],"author":[{"embeddable":true,"href":"https:\/\/www.nettali.com\/rest\/wp\/v2\/users\/6"}],"replies":[{"embeddable":true,"href":"https:\/\/www.nettali.com\/rest\/wp\/v2\/comments?post=160279"}],"version-history":[{"count":4,"href":"https:\/\/www.nettali.com\/rest\/wp\/v2\/posts\/160279\/revisions"}],"predecessor-version":[{"id":160351,"href":"https:\/\/www.nettali.com\/rest\/wp\/v2\/posts\/160279\/revisions\/160351"}],"wp:featuredmedia":[{"embeddable":true,"href":"https:\/\/www.nettali.com\/rest\/wp\/v2\/media\/160289"}],"wp:attachment":[{"href":"https:\/\/www.nettali.com\/rest\/wp\/v2\/media?parent=160279"}],"wp:term":[{"taxonomy":"category","embeddable":true,"href":"https:\/\/www.nettali.com\/rest\/wp\/v2\/categories?post=160279"},{"taxonomy":"post_tag","embeddable":true,"href":"https:\/\/www.nettali.com\/rest\/wp\/v2\/tags?post=160279"}],"curies":[{"name":"wp","href":"https:\/\/api.w.org\/{rel}","templated":true}]}}