{"id":160252,"date":"2025-08-28T11:29:45","date_gmt":"2025-08-28T11:29:45","guid":{"rendered":"https:\/\/www.nettali.com\/?p=160252"},"modified":"2025-08-28T11:29:45","modified_gmt":"2025-08-28T11:29:45","slug":"diffusion-de-fausses-nouvelles-boucar-diouf-prend-un-mois-de-prison-ferme","status":"publish","type":"post","link":"https:\/\/www.nettali.com\/2025\/08\/28\/diffusion-de-fausses-nouvelles-boucar-diouf-prend-un-mois-de-prison-ferme\/","title":{"rendered":"DIFFUSION DE FAUSSES NOUVELLES - Boucar Diouf prend un mois de prison ferme"},"content":{"rendered":"<p><strong>NETTALI.COM - Un mois de prison ferme. C'est la peine inflig\u00e9e \u00e0 Bougar Diouf reconnu coupable de diffusion de fausses nouvelles \u00e0 l'issue de son proc\u00e8s tenu au Tribunal des flagrants d\u00e9lits.\u00a0<\/strong><\/p>\n<p>Leader de l'Union des panafricanistes s\u00e9n\u00e9galais (UPS) et membre de la coalition \"Diomaye pr\u00e9sident\", Bougar Diouf va passer les prochaines semaines en prison. Jug\u00e9 mercredi par le Tribunal des flagants d\u00e9lits, il a \u00e9t\u00e9 reconnu coupable de diffusion de fausses nouvelles et condamn\u00e9 \u00e0 un mois de prison ferme.<\/p>\n<p>Bougar Diouf avait \u00e9t\u00e9 entendu et plac\u00e9 en d\u00e9tention vendredi dernier par la Division sp\u00e9ciale de la cybers\u00e9curit\u00e9 (DSC). Il lui est reproch\u00e9 un poste sur Facebook dans lequel il accuse les rebelles casaman\u00e7ais d'acheter des armes en Turquie et \u00e0 Paris. Allant plus loin, il avait interpell\u00e9 le Premier ministre Ousmane Sonko sur cette question jug\u00e9e ultra sensible. D'apr\u00e8s la presse, il avait accept\u00e9 de retirer son poste au cours de son audition par les enqu\u00eateurs de la DSC.<\/p>\n<div class='share-to-whatsapp-wrapper'><div class='share-on-whsp'>PARTAGER SUR : <\/div><a data-text='DIFFUSION DE FAUSSES NOUVELLES - Boucar Diouf prend un mois de prison ferme' data-link='https:\/\/www.nettali.com\/2025\/08\/28\/diffusion-de-fausses-nouvelles-boucar-diouf-prend-un-mois-de-prison-ferme\/' class='whatsapp-button whatsapp-share'>WhatsApp<\/a><div class='clear '><\/div><\/div>","protected":false},"excerpt":{"rendered":"<p>NETTALI.COM - Un mois de prison ferme. C'est la peine inflig\u00e9e \u00e0 Bougar Diouf reconnu coupable de diffusion de fausses nouvelles \u00e0 l'issue de son proc\u00e8s tenu au Tribunal des flagrants d\u00e9lits.\u00a0 Leader de l'Union des panafricanistes s\u00e9n\u00e9galais (UPS) et membre de la coalition \"Diomaye pr\u00e9sident\", Bougar Diouf va passer les prochaines semaines en prison. [&hellip;]<\/p>\n","protected":false},"author":3,"featured_media":160120,"comment_status":"open","ping_status":"open","sticky":false,"template":"","format":"standard","meta":{"_et_pb_use_builder":"","_et_pb_old_content":""},"categories":[3],"tags":[],"yoast_head":"<!-- This site is optimized with the Yoast SEO Premium plugin v17.8 (Yoast SEO v17.8) - https:\/\/yoast.com\/wordpress\/plugins\/seo\/ -->\n<title>DIFFUSION DE FAUSSES NOUVELLES - Boucar Diouf prend un mois de prison ferme | Nettali.com<\/title>\n<meta name=\"robots\" content=\"index, follow, max-snippet:-1, max-image-preview:large, max-video-preview:-1\" \/>\n<link rel=\"canonical\" href=\"https:\/\/www.nettali.com\/2025\/08\/28\/diffusion-de-fausses-nouvelles-boucar-diouf-prend-un-mois-de-prison-ferme\/\" \/>\n<meta property=\"og:locale\" content=\"fr_FR\" \/>\n<meta property=\"og:type\" content=\"article\" \/>\n<meta property=\"og:title\" content=\"DIFFUSION DE FAUSSES NOUVELLES - Boucar Diouf prend un mois de prison ferme\" \/>\n<meta property=\"og:description\" content=\"NETTALI.COM - Un mois de prison ferme. C&#039;est la peine inflig\u00e9e \u00e0 Bougar Diouf reconnu coupable de diffusion de fausses nouvelles \u00e0 l&#039;issue de son proc\u00e8s tenu au Tribunal des flagrants d\u00e9lits.\u00a0 Leader de l&#039;Union des panafricanistes s\u00e9n\u00e9galais (UPS) et membre de la coalition &quot;Diomaye pr\u00e9sident&quot;, Bougar Diouf va passer les prochaines semaines en prison. [&hellip;]\" \/>\n<meta property=\"og:url\" content=\"https:\/\/www.nettali.com\/2025\/08\/28\/diffusion-de-fausses-nouvelles-boucar-diouf-prend-un-mois-de-prison-ferme\/\" \/>\n<meta property=\"og:site_name\" content=\"Nettali.com\" \/>\n<meta property=\"article:publisher\" content=\"https:\/\/www.facebook.com\/nettalicom\" \/>\n<meta property=\"article:published_time\" content=\"2025-08-28T11:29:45+00:00\" \/>\n<meta property=\"og:image\" content=\"https:\/\/www.nettali.com\/wp-content\/uploads\/2025\/08\/Bougar-Diouf-1.jpg\" \/>\n\t<meta property=\"og:image:width\" content=\"600\" \/>\n\t<meta property=\"og:image:height\" content=\"351\" \/>\n<meta name=\"twitter:card\" content=\"summary_large_image\" \/>\n<meta name=\"twitter:label1\" content=\"\u00c9crit par\" \/>\n\t<meta name=\"twitter:data1\" content=\"Moustapha\" \/>\n\t<meta name=\"twitter:label2\" content=\"Dur\u00e9e de lecture estim\u00e9e\" \/>\n\t<meta name=\"twitter:data2\" content=\"1 minute\" \/>\n<script type=\"application\/ld+json\" class=\"yoast-schema-graph\">{\"@context\":\"https:\/\/schema.org\",\"@graph\":[{\"@type\":\"WebSite\",\"@id\":\"https:\/\/www.nettali.com\/#website\",\"url\":\"https:\/\/www.nettali.com\/\",\"name\":\"Nettali.com\",\"description\":\"Le rendez-vous critique du Net\",\"potentialAction\":[{\"@type\":\"SearchAction\",\"target\":{\"@type\":\"EntryPoint\",\"urlTemplate\":\"https:\/\/www.nettali.com\/?s={search_term_string}\"},\"query-input\":\"required name=search_term_string\"}],\"inLanguage\":\"fr-FR\"},{\"@type\":\"ImageObject\",\"@id\":\"https:\/\/www.nettali.com\/2025\/08\/28\/diffusion-de-fausses-nouvelles-boucar-diouf-prend-un-mois-de-prison-ferme\/#primaryimage\",\"inLanguage\":\"fr-FR\",\"url\":\"https:\/\/www.nettali.com\/wp-content\/uploads\/2025\/08\/Bougar-Diouf-1.jpg\",\"contentUrl\":\"https:\/\/www.nettali.com\/wp-content\/uploads\/2025\/08\/Bougar-Diouf-1.jpg\",\"width\":600,\"height\":351},{\"@type\":\"WebPage\",\"@id\":\"https:\/\/www.nettali.com\/2025\/08\/28\/diffusion-de-fausses-nouvelles-boucar-diouf-prend-un-mois-de-prison-ferme\/#webpage\",\"url\":\"https:\/\/www.nettali.com\/2025\/08\/28\/diffusion-de-fausses-nouvelles-boucar-diouf-prend-un-mois-de-prison-ferme\/\",\"name\":\"DIFFUSION DE FAUSSES NOUVELLES - Boucar Diouf prend un mois de prison ferme | Nettali.com\",\"isPartOf\":{\"@id\":\"https:\/\/www.nettali.com\/#website\"},\"primaryImageOfPage\":{\"@id\":\"https:\/\/www.nettali.com\/2025\/08\/28\/diffusion-de-fausses-nouvelles-boucar-diouf-prend-un-mois-de-prison-ferme\/#primaryimage\"},\"datePublished\":\"2025-08-28T11:29:45+00:00\",\"dateModified\":\"2025-08-28T11:29:45+00:00\",\"author\":{\"@id\":\"https:\/\/www.nettali.com\/#\/schema\/person\/7962a12a6e0267f88f0ffa544c36469a\"},\"breadcrumb\":{\"@id\":\"https:\/\/www.nettali.com\/2025\/08\/28\/diffusion-de-fausses-nouvelles-boucar-diouf-prend-un-mois-de-prison-ferme\/#breadcrumb\"},\"inLanguage\":\"fr-FR\",\"potentialAction\":[{\"@type\":\"ReadAction\",\"target\":[\"https:\/\/www.nettali.com\/2025\/08\/28\/diffusion-de-fausses-nouvelles-boucar-diouf-prend-un-mois-de-prison-ferme\/\"]}]},{\"@type\":\"BreadcrumbList\",\"@id\":\"https:\/\/www.nettali.com\/2025\/08\/28\/diffusion-de-fausses-nouvelles-boucar-diouf-prend-un-mois-de-prison-ferme\/#breadcrumb\",\"itemListElement\":[{\"@type\":\"ListItem\",\"position\":1,\"name\":\"Accueil\",\"item\":\"https:\/\/www.nettali.com\/\"},{\"@type\":\"ListItem\",\"position\":2,\"name\":\"DIFFUSION DE FAUSSES NOUVELLES - Boucar Diouf prend un mois de prison ferme\"}]},{\"@type\":\"Person\",\"@id\":\"https:\/\/www.nettali.com\/#\/schema\/person\/7962a12a6e0267f88f0ffa544c36469a\",\"name\":\"Moustapha\",\"image\":{\"@type\":\"ImageObject\",\"@id\":\"https:\/\/www.nettali.com\/#personlogo\",\"inLanguage\":\"fr-FR\",\"url\":\"https:\/\/secure.gravatar.com\/avatar\/10fdf6a071cccdcf374e3dbe45159590?s=96&d=mm&r=g\",\"contentUrl\":\"https:\/\/secure.gravatar.com\/avatar\/10fdf6a071cccdcf374e3dbe45159590?s=96&d=mm&r=g\",\"caption\":\"Moustapha\"},\"sameAs\":[\"https:\/\/www.nettali.com\"]}]}<\/script>\n<!-- \/ Yoast SEO Premium plugin. -->","yoast_head_json":{"title":"DIFFUSION DE FAUSSES NOUVELLES - Boucar Diouf prend un mois de prison ferme | Nettali.com","robots":{"index":"index","follow":"follow","max-snippet":"max-snippet:-1","max-image-preview":"max-image-preview:large","max-video-preview":"max-video-preview:-1"},"canonical":"https:\/\/www.nettali.com\/2025\/08\/28\/diffusion-de-fausses-nouvelles-boucar-diouf-prend-un-mois-de-prison-ferme\/","og_locale":"fr_FR","og_type":"article","og_title":"DIFFUSION DE FAUSSES NOUVELLES - Boucar Diouf prend un mois de prison ferme","og_description":"NETTALI.COM - Un mois de prison ferme. C'est la peine inflig\u00e9e \u00e0 Bougar Diouf reconnu coupable de diffusion de fausses nouvelles \u00e0 l'issue de son proc\u00e8s tenu au Tribunal des flagrants d\u00e9lits.\u00a0 Leader de l'Union des panafricanistes s\u00e9n\u00e9galais (UPS) et membre de la coalition \"Diomaye pr\u00e9sident\", Bougar Diouf va passer les prochaines semaines en prison. [&hellip;]","og_url":"https:\/\/www.nettali.com\/2025\/08\/28\/diffusion-de-fausses-nouvelles-boucar-diouf-prend-un-mois-de-prison-ferme\/","og_site_name":"Nettali.com","article_publisher":"https:\/\/www.facebook.com\/nettalicom","article_published_time":"2025-08-28T11:29:45+00:00","og_image":[{"width":600,"height":351,"url":"https:\/\/www.nettali.com\/wp-content\/uploads\/2025\/08\/Bougar-Diouf-1.jpg","type":"image\/jpeg"}],"twitter_card":"summary_large_image","twitter_misc":{"\u00c9crit par":"Moustapha","Dur\u00e9e de lecture estim\u00e9e":"1 minute"},"schema":{"@context":"https:\/\/schema.org","@graph":[{"@type":"WebSite","@id":"https:\/\/www.nettali.com\/#website","url":"https:\/\/www.nettali.com\/","name":"Nettali.com","description":"Le rendez-vous critique du Net","potentialAction":[{"@type":"SearchAction","target":{"@type":"EntryPoint","urlTemplate":"https:\/\/www.nettali.com\/?s={search_term_string}"},"query-input":"required name=search_term_string"}],"inLanguage":"fr-FR"},{"@type":"ImageObject","@id":"https:\/\/www.nettali.com\/2025\/08\/28\/diffusion-de-fausses-nouvelles-boucar-diouf-prend-un-mois-de-prison-ferme\/#primaryimage","inLanguage":"fr-FR","url":"https:\/\/www.nettali.com\/wp-content\/uploads\/2025\/08\/Bougar-Diouf-1.jpg","contentUrl":"https:\/\/www.nettali.com\/wp-content\/uploads\/2025\/08\/Bougar-Diouf-1.jpg","width":600,"height":351},{"@type":"WebPage","@id":"https:\/\/www.nettali.com\/2025\/08\/28\/diffusion-de-fausses-nouvelles-boucar-diouf-prend-un-mois-de-prison-ferme\/#webpage","url":"https:\/\/www.nettali.com\/2025\/08\/28\/diffusion-de-fausses-nouvelles-boucar-diouf-prend-un-mois-de-prison-ferme\/","name":"DIFFUSION DE FAUSSES NOUVELLES - Boucar Diouf prend un mois de prison ferme | Nettali.com","isPartOf":{"@id":"https:\/\/www.nettali.com\/#website"},"primaryImageOfPage":{"@id":"https:\/\/www.nettali.com\/2025\/08\/28\/diffusion-de-fausses-nouvelles-boucar-diouf-prend-un-mois-de-prison-ferme\/#primaryimage"},"datePublished":"2025-08-28T11:29:45+00:00","dateModified":"2025-08-28T11:29:45+00:00","author":{"@id":"https:\/\/www.nettali.com\/#\/schema\/person\/7962a12a6e0267f88f0ffa544c36469a"},"breadcrumb":{"@id":"https:\/\/www.nettali.com\/2025\/08\/28\/diffusion-de-fausses-nouvelles-boucar-diouf-prend-un-mois-de-prison-ferme\/#breadcrumb"},"inLanguage":"fr-FR","potentialAction":[{"@type":"ReadAction","target":["https:\/\/www.nettali.com\/2025\/08\/28\/diffusion-de-fausses-nouvelles-boucar-diouf-prend-un-mois-de-prison-ferme\/"]}]},{"@type":"BreadcrumbList","@id":"https:\/\/www.nettali.com\/2025\/08\/28\/diffusion-de-fausses-nouvelles-boucar-diouf-prend-un-mois-de-prison-ferme\/#breadcrumb","itemListElement":[{"@type":"ListItem","position":1,"name":"Accueil","item":"https:\/\/www.nettali.com\/"},{"@type":"ListItem","position":2,"name":"DIFFUSION DE FAUSSES NOUVELLES - Boucar Diouf prend un mois de prison ferme"}]},{"@type":"Person","@id":"https:\/\/www.nettali.com\/#\/schema\/person\/7962a12a6e0267f88f0ffa544c36469a","name":"Moustapha","image":{"@type":"ImageObject","@id":"https:\/\/www.nettali.com\/#personlogo","inLanguage":"fr-FR","url":"https:\/\/secure.gravatar.com\/avatar\/10fdf6a071cccdcf374e3dbe45159590?s=96&d=mm&r=g","contentUrl":"https:\/\/secure.gravatar.com\/avatar\/10fdf6a071cccdcf374e3dbe45159590?s=96&d=mm&r=g","caption":"Moustapha"},"sameAs":["https:\/\/www.nettali.com"]}]}},"_links":{"self":[{"href":"https:\/\/www.nettali.com\/rest\/wp\/v2\/posts\/160252"}],"collection":[{"href":"https:\/\/www.nettali.com\/rest\/wp\/v2\/posts"}],"about":[{"href":"https:\/\/www.nettali.com\/rest\/wp\/v2\/types\/post"}],"author":[{"embeddable":true,"href":"https:\/\/www.nettali.com\/rest\/wp\/v2\/users\/3"}],"replies":[{"embeddable":true,"href":"https:\/\/www.nettali.com\/rest\/wp\/v2\/comments?post=160252"}],"version-history":[{"count":1,"href":"https:\/\/www.nettali.com\/rest\/wp\/v2\/posts\/160252\/revisions"}],"predecessor-version":[{"id":160253,"href":"https:\/\/www.nettali.com\/rest\/wp\/v2\/posts\/160252\/revisions\/160253"}],"wp:featuredmedia":[{"embeddable":true,"href":"https:\/\/www.nettali.com\/rest\/wp\/v2\/media\/160120"}],"wp:attachment":[{"href":"https:\/\/www.nettali.com\/rest\/wp\/v2\/media?parent=160252"}],"wp:term":[{"taxonomy":"category","embeddable":true,"href":"https:\/\/www.nettali.com\/rest\/wp\/v2\/categories?post=160252"},{"taxonomy":"post_tag","embeddable":true,"href":"https:\/\/www.nettali.com\/rest\/wp\/v2\/tags?post=160252"}],"curies":[{"name":"wp","href":"https:\/\/api.w.org\/{rel}","templated":true}]}}