{"id":160240,"date":"2025-08-28T10:30:10","date_gmt":"2025-08-28T10:30:10","guid":{"rendered":"https:\/\/www.nettali.com\/?p=160240"},"modified":"2025-08-28T09:16:57","modified_gmt":"2025-08-28T09:16:57","slug":"inondations-a-touba-le-chef-de-service-de-lonas-declare-le-niveau-sous-controle","status":"publish","type":"post","link":"https:\/\/www.nettali.com\/2025\/08\/28\/inondations-a-touba-le-chef-de-service-de-lonas-declare-le-niveau-sous-controle\/","title":{"rendered":"INONDATIONS A TOUBA - Le chef de service de l'Onas d\u00e9clare \"le niveau sous contr\u00f4le\""},"content":{"rendered":"<p><strong>NETTALI.COM -<\/strong> Le chef de service de l\u2019Office national de l\u2019assainissement du S\u00e9n\u00e9gal (Onas) de Touba-Mback\u00e9, Moustapha Rahim Wilson, a assur\u00e9 mercredi que la situation des inondations dans la commune de Touba, est sous contr\u00f4le, gr\u00e2ce au bon fonctionnement des ouvrages d\u2019assainissement.<\/p>\n<p>\u201d<em>Le niveau est sous contr\u00f4le et la station de pompage de Ngu\u00e9l\u00e9mou fonctionne correctement, ce qui nous permet d\u2019\u00e9vacuer toutes ces zones<\/em>\u201d, a-t-il d\u00e9clar\u00e9 dans un entretien avec l\u2019APS, au quartier Nguiran\u00e8ne.<\/p>\n<p>La situation \u00e9tait difficile, mais gr\u00e2ce au dispositif de pompage, plusieurs zones ont \u00e9t\u00e9 lib\u00e9r\u00e9es des eaux pluviales, selon M. Wilson.<\/p>\n<p>Il a soulign\u00e9 que le syst\u00e8me d\u2019\u00e9vacuation des quartiers Nguiran\u00e8ne et Niari Caf\u00e9t\u00e9ria d\u00e9pend du bassin de Ngu\u00e9l\u00e9mou, dont les d\u00e9bordements sont souvent \u00e0 l\u2019origine du refoulement des eaux.<\/p>\n<p>Le chef du service de l\u2019Onas a pr\u00e9sent\u00e9 ses excuses aux populations impact\u00e9es par ces d\u00e9sagr\u00e9ments et assur\u00e9 de la mobilisation de ses \u00e9quipes pour soulager les habitants.<\/p>\n<p>\u201d<em>Si toutes les stations fonctionnent \u00e0 plein r\u00e9gime et que la ville n\u2019est pas confront\u00e9e \u00e0 de fortes pluies r\u00e9p\u00e9titives, la situation restera g\u00e9rable<\/em>\u201d, a assur\u00e9 Moustapha Rahim Wilson, selon qui la situation est \u00e9galement sous contr\u00f4le \u00e0 Keur Niang.<\/p>\n<div class='share-to-whatsapp-wrapper'><div class='share-on-whsp'>PARTAGER SUR : <\/div><a data-text='INONDATIONS A TOUBA - Le chef de service de l'Onas d\u00e9clare \"le niveau sous contr\u00f4le\"' data-link='https:\/\/www.nettali.com\/2025\/08\/28\/inondations-a-touba-le-chef-de-service-de-lonas-declare-le-niveau-sous-controle\/' class='whatsapp-button whatsapp-share'>WhatsApp<\/a><div class='clear '><\/div><\/div>","protected":false},"excerpt":{"rendered":"<p>NETTALI.COM - Le chef de service de l\u2019Office national de l\u2019assainissement du S\u00e9n\u00e9gal (Onas) de Touba-Mback\u00e9, Moustapha Rahim Wilson, a assur\u00e9 mercredi que la situation des inondations dans la commune de Touba, est sous contr\u00f4le, gr\u00e2ce au bon fonctionnement des ouvrages d\u2019assainissement. \u201dLe niveau est sous contr\u00f4le et la station de pompage de Ngu\u00e9l\u00e9mou fonctionne [&hellip;]<\/p>\n","protected":false},"author":2,"featured_media":160241,"comment_status":"open","ping_status":"open","sticky":false,"template":"","format":"standard","meta":{"_et_pb_use_builder":"","_et_pb_old_content":""},"categories":[3],"tags":[],"yoast_head":"<!-- This site is optimized with the Yoast SEO Premium plugin v17.8 (Yoast SEO v17.8) - https:\/\/yoast.com\/wordpress\/plugins\/seo\/ -->\n<title>INONDATIONS A TOUBA - Le chef de service de l&#039;Onas d\u00e9clare &quot;le niveau sous contr\u00f4le&quot; | Nettali.com<\/title>\n<meta name=\"robots\" content=\"index, follow, max-snippet:-1, max-image-preview:large, max-video-preview:-1\" \/>\n<link rel=\"canonical\" href=\"https:\/\/www.nettali.com\/2025\/08\/28\/inondations-a-touba-le-chef-de-service-de-lonas-declare-le-niveau-sous-controle\/\" \/>\n<meta property=\"og:locale\" content=\"fr_FR\" \/>\n<meta property=\"og:type\" content=\"article\" \/>\n<meta property=\"og:title\" content=\"INONDATIONS A TOUBA - Le chef de service de l&#039;Onas d\u00e9clare &quot;le niveau sous contr\u00f4le&quot;\" \/>\n<meta property=\"og:description\" content=\"NETTALI.COM - Le chef de service de l\u2019Office national de l\u2019assainissement du S\u00e9n\u00e9gal (Onas) de Touba-Mback\u00e9, Moustapha Rahim Wilson, a assur\u00e9 mercredi que la situation des inondations dans la commune de Touba, est sous contr\u00f4le, gr\u00e2ce au bon fonctionnement des ouvrages d\u2019assainissement. \u201dLe niveau est sous contr\u00f4le et la station de pompage de Ngu\u00e9l\u00e9mou fonctionne [&hellip;]\" \/>\n<meta property=\"og:url\" content=\"https:\/\/www.nettali.com\/2025\/08\/28\/inondations-a-touba-le-chef-de-service-de-lonas-declare-le-niveau-sous-controle\/\" \/>\n<meta property=\"og:site_name\" content=\"Nettali.com\" \/>\n<meta property=\"article:publisher\" content=\"https:\/\/www.facebook.com\/nettalicom\" \/>\n<meta property=\"article:published_time\" content=\"2025-08-28T10:30:10+00:00\" \/>\n<meta property=\"article:modified_time\" content=\"2025-08-28T09:16:57+00:00\" \/>\n<meta property=\"og:image\" content=\"https:\/\/www.nettali.com\/wp-content\/uploads\/2025\/08\/inondations-a-Touba.jpg\" \/>\n\t<meta property=\"og:image:width\" content=\"612\" \/>\n\t<meta property=\"og:image:height\" content=\"298\" \/>\n<meta name=\"twitter:card\" content=\"summary_large_image\" \/>\n<meta name=\"twitter:label1\" content=\"\u00c9crit par\" \/>\n\t<meta name=\"twitter:data1\" content=\"CK\" \/>\n\t<meta name=\"twitter:label2\" content=\"Dur\u00e9e de lecture estim\u00e9e\" \/>\n\t<meta name=\"twitter:data2\" content=\"1 minute\" \/>\n<script type=\"application\/ld+json\" class=\"yoast-schema-graph\">{\"@context\":\"https:\/\/schema.org\",\"@graph\":[{\"@type\":\"WebSite\",\"@id\":\"https:\/\/www.nettali.com\/#website\",\"url\":\"https:\/\/www.nettali.com\/\",\"name\":\"Nettali.com\",\"description\":\"Le rendez-vous critique du Net\",\"potentialAction\":[{\"@type\":\"SearchAction\",\"target\":{\"@type\":\"EntryPoint\",\"urlTemplate\":\"https:\/\/www.nettali.com\/?s={search_term_string}\"},\"query-input\":\"required name=search_term_string\"}],\"inLanguage\":\"fr-FR\"},{\"@type\":\"ImageObject\",\"@id\":\"https:\/\/www.nettali.com\/2025\/08\/28\/inondations-a-touba-le-chef-de-service-de-lonas-declare-le-niveau-sous-controle\/#primaryimage\",\"inLanguage\":\"fr-FR\",\"url\":\"https:\/\/www.nettali.com\/wp-content\/uploads\/2025\/08\/inondations-a-Touba.jpg\",\"contentUrl\":\"https:\/\/www.nettali.com\/wp-content\/uploads\/2025\/08\/inondations-a-Touba.jpg\",\"width\":612,\"height\":298},{\"@type\":\"WebPage\",\"@id\":\"https:\/\/www.nettali.com\/2025\/08\/28\/inondations-a-touba-le-chef-de-service-de-lonas-declare-le-niveau-sous-controle\/#webpage\",\"url\":\"https:\/\/www.nettali.com\/2025\/08\/28\/inondations-a-touba-le-chef-de-service-de-lonas-declare-le-niveau-sous-controle\/\",\"name\":\"INONDATIONS A TOUBA - Le chef de service de l'Onas d\\u00e9clare \\\"le niveau sous contr\\u00f4le\\\" | Nettali.com\",\"isPartOf\":{\"@id\":\"https:\/\/www.nettali.com\/#website\"},\"primaryImageOfPage\":{\"@id\":\"https:\/\/www.nettali.com\/2025\/08\/28\/inondations-a-touba-le-chef-de-service-de-lonas-declare-le-niveau-sous-controle\/#primaryimage\"},\"datePublished\":\"2025-08-28T10:30:10+00:00\",\"dateModified\":\"2025-08-28T09:16:57+00:00\",\"author\":{\"@id\":\"https:\/\/www.nettali.com\/#\/schema\/person\/d8ac7b7e27ddad43f1c0d2ef090d7f71\"},\"breadcrumb\":{\"@id\":\"https:\/\/www.nettali.com\/2025\/08\/28\/inondations-a-touba-le-chef-de-service-de-lonas-declare-le-niveau-sous-controle\/#breadcrumb\"},\"inLanguage\":\"fr-FR\",\"potentialAction\":[{\"@type\":\"ReadAction\",\"target\":[\"https:\/\/www.nettali.com\/2025\/08\/28\/inondations-a-touba-le-chef-de-service-de-lonas-declare-le-niveau-sous-controle\/\"]}]},{\"@type\":\"BreadcrumbList\",\"@id\":\"https:\/\/www.nettali.com\/2025\/08\/28\/inondations-a-touba-le-chef-de-service-de-lonas-declare-le-niveau-sous-controle\/#breadcrumb\",\"itemListElement\":[{\"@type\":\"ListItem\",\"position\":1,\"name\":\"Accueil\",\"item\":\"https:\/\/www.nettali.com\/\"},{\"@type\":\"ListItem\",\"position\":2,\"name\":\"INONDATIONS A TOUBA - Le chef de service de l'Onas d\\u00e9clare \\\"le niveau sous contr\\u00f4le\\\"\"}]},{\"@type\":\"Person\",\"@id\":\"https:\/\/www.nettali.com\/#\/schema\/person\/d8ac7b7e27ddad43f1c0d2ef090d7f71\",\"name\":\"CK\",\"image\":{\"@type\":\"ImageObject\",\"@id\":\"https:\/\/www.nettali.com\/#personlogo\",\"inLanguage\":\"fr-FR\",\"url\":\"https:\/\/secure.gravatar.com\/avatar\/1d8d5118b9327d94da7cd4ce7f17fec2?s=96&d=mm&r=g\",\"contentUrl\":\"https:\/\/secure.gravatar.com\/avatar\/1d8d5118b9327d94da7cd4ce7f17fec2?s=96&d=mm&r=g\",\"caption\":\"CK\"},\"sameAs\":[\"https:\/\/www.nettali.com\"]}]}<\/script>\n<!-- \/ Yoast SEO Premium plugin. -->","yoast_head_json":{"title":"INONDATIONS A TOUBA - Le chef de service de l'Onas d\u00e9clare \"le niveau sous contr\u00f4le\" | Nettali.com","robots":{"index":"index","follow":"follow","max-snippet":"max-snippet:-1","max-image-preview":"max-image-preview:large","max-video-preview":"max-video-preview:-1"},"canonical":"https:\/\/www.nettali.com\/2025\/08\/28\/inondations-a-touba-le-chef-de-service-de-lonas-declare-le-niveau-sous-controle\/","og_locale":"fr_FR","og_type":"article","og_title":"INONDATIONS A TOUBA - Le chef de service de l'Onas d\u00e9clare \"le niveau sous contr\u00f4le\"","og_description":"NETTALI.COM - Le chef de service de l\u2019Office national de l\u2019assainissement du S\u00e9n\u00e9gal (Onas) de Touba-Mback\u00e9, Moustapha Rahim Wilson, a assur\u00e9 mercredi que la situation des inondations dans la commune de Touba, est sous contr\u00f4le, gr\u00e2ce au bon fonctionnement des ouvrages d\u2019assainissement. \u201dLe niveau est sous contr\u00f4le et la station de pompage de Ngu\u00e9l\u00e9mou fonctionne [&hellip;]","og_url":"https:\/\/www.nettali.com\/2025\/08\/28\/inondations-a-touba-le-chef-de-service-de-lonas-declare-le-niveau-sous-controle\/","og_site_name":"Nettali.com","article_publisher":"https:\/\/www.facebook.com\/nettalicom","article_published_time":"2025-08-28T10:30:10+00:00","article_modified_time":"2025-08-28T09:16:57+00:00","og_image":[{"width":612,"height":298,"url":"https:\/\/www.nettali.com\/wp-content\/uploads\/2025\/08\/inondations-a-Touba.jpg","type":"image\/jpeg"}],"twitter_card":"summary_large_image","twitter_misc":{"\u00c9crit par":"CK","Dur\u00e9e de lecture estim\u00e9e":"1 minute"},"schema":{"@context":"https:\/\/schema.org","@graph":[{"@type":"WebSite","@id":"https:\/\/www.nettali.com\/#website","url":"https:\/\/www.nettali.com\/","name":"Nettali.com","description":"Le rendez-vous critique du Net","potentialAction":[{"@type":"SearchAction","target":{"@type":"EntryPoint","urlTemplate":"https:\/\/www.nettali.com\/?s={search_term_string}"},"query-input":"required name=search_term_string"}],"inLanguage":"fr-FR"},{"@type":"ImageObject","@id":"https:\/\/www.nettali.com\/2025\/08\/28\/inondations-a-touba-le-chef-de-service-de-lonas-declare-le-niveau-sous-controle\/#primaryimage","inLanguage":"fr-FR","url":"https:\/\/www.nettali.com\/wp-content\/uploads\/2025\/08\/inondations-a-Touba.jpg","contentUrl":"https:\/\/www.nettali.com\/wp-content\/uploads\/2025\/08\/inondations-a-Touba.jpg","width":612,"height":298},{"@type":"WebPage","@id":"https:\/\/www.nettali.com\/2025\/08\/28\/inondations-a-touba-le-chef-de-service-de-lonas-declare-le-niveau-sous-controle\/#webpage","url":"https:\/\/www.nettali.com\/2025\/08\/28\/inondations-a-touba-le-chef-de-service-de-lonas-declare-le-niveau-sous-controle\/","name":"INONDATIONS A TOUBA - Le chef de service de l'Onas d\u00e9clare \"le niveau sous contr\u00f4le\" | Nettali.com","isPartOf":{"@id":"https:\/\/www.nettali.com\/#website"},"primaryImageOfPage":{"@id":"https:\/\/www.nettali.com\/2025\/08\/28\/inondations-a-touba-le-chef-de-service-de-lonas-declare-le-niveau-sous-controle\/#primaryimage"},"datePublished":"2025-08-28T10:30:10+00:00","dateModified":"2025-08-28T09:16:57+00:00","author":{"@id":"https:\/\/www.nettali.com\/#\/schema\/person\/d8ac7b7e27ddad43f1c0d2ef090d7f71"},"breadcrumb":{"@id":"https:\/\/www.nettali.com\/2025\/08\/28\/inondations-a-touba-le-chef-de-service-de-lonas-declare-le-niveau-sous-controle\/#breadcrumb"},"inLanguage":"fr-FR","potentialAction":[{"@type":"ReadAction","target":["https:\/\/www.nettali.com\/2025\/08\/28\/inondations-a-touba-le-chef-de-service-de-lonas-declare-le-niveau-sous-controle\/"]}]},{"@type":"BreadcrumbList","@id":"https:\/\/www.nettali.com\/2025\/08\/28\/inondations-a-touba-le-chef-de-service-de-lonas-declare-le-niveau-sous-controle\/#breadcrumb","itemListElement":[{"@type":"ListItem","position":1,"name":"Accueil","item":"https:\/\/www.nettali.com\/"},{"@type":"ListItem","position":2,"name":"INONDATIONS A TOUBA - Le chef de service de l'Onas d\u00e9clare \"le niveau sous contr\u00f4le\""}]},{"@type":"Person","@id":"https:\/\/www.nettali.com\/#\/schema\/person\/d8ac7b7e27ddad43f1c0d2ef090d7f71","name":"CK","image":{"@type":"ImageObject","@id":"https:\/\/www.nettali.com\/#personlogo","inLanguage":"fr-FR","url":"https:\/\/secure.gravatar.com\/avatar\/1d8d5118b9327d94da7cd4ce7f17fec2?s=96&d=mm&r=g","contentUrl":"https:\/\/secure.gravatar.com\/avatar\/1d8d5118b9327d94da7cd4ce7f17fec2?s=96&d=mm&r=g","caption":"CK"},"sameAs":["https:\/\/www.nettali.com"]}]}},"_links":{"self":[{"href":"https:\/\/www.nettali.com\/rest\/wp\/v2\/posts\/160240"}],"collection":[{"href":"https:\/\/www.nettali.com\/rest\/wp\/v2\/posts"}],"about":[{"href":"https:\/\/www.nettali.com\/rest\/wp\/v2\/types\/post"}],"author":[{"embeddable":true,"href":"https:\/\/www.nettali.com\/rest\/wp\/v2\/users\/2"}],"replies":[{"embeddable":true,"href":"https:\/\/www.nettali.com\/rest\/wp\/v2\/comments?post=160240"}],"version-history":[{"count":1,"href":"https:\/\/www.nettali.com\/rest\/wp\/v2\/posts\/160240\/revisions"}],"predecessor-version":[{"id":160242,"href":"https:\/\/www.nettali.com\/rest\/wp\/v2\/posts\/160240\/revisions\/160242"}],"wp:featuredmedia":[{"embeddable":true,"href":"https:\/\/www.nettali.com\/rest\/wp\/v2\/media\/160241"}],"wp:attachment":[{"href":"https:\/\/www.nettali.com\/rest\/wp\/v2\/media?parent=160240"}],"wp:term":[{"taxonomy":"category","embeddable":true,"href":"https:\/\/www.nettali.com\/rest\/wp\/v2\/categories?post=160240"},{"taxonomy":"post_tag","embeddable":true,"href":"https:\/\/www.nettali.com\/rest\/wp\/v2\/tags?post=160240"}],"curies":[{"name":"wp","href":"https:\/\/api.w.org\/{rel}","templated":true}]}}