{"id":160231,"date":"2025-08-28T08:55:28","date_gmt":"2025-08-28T08:55:28","guid":{"rendered":"https:\/\/www.nettali.com\/?p=160231"},"modified":"2025-08-28T08:55:28","modified_gmt":"2025-08-28T08:55:28","slug":"apres-pres-de-5-ans-dincarceration-pour-viol-fallou-fall-acquitte-par-la-cour-dappel","status":"publish","type":"post","link":"https:\/\/www.nettali.com\/2025\/08\/28\/apres-pres-de-5-ans-dincarceration-pour-viol-fallou-fall-acquitte-par-la-cour-dappel\/","title":{"rendered":"APRES PRES DE 5 ANS D'INCARCERATION POUR VIOL - Fallou Fall, acquitt\u00e9 par la Cour d'appel"},"content":{"rendered":"<p><strong>NETTALI.COM -<\/strong> La Cour d\u2019appel de Dakar a ordonn\u00e9, ce mercredi 27 Ao\u00fbt, l\u2019acquittement de Fallou Fall. En premi\u00e8re instance, le tribunal de Pikine-Gu\u00e9diawaye l\u2019avait condamn\u00e9, le 7 janvier 2025, \u00e0 15 ans de r\u00e9clusion criminelle, \u00e0 la suite d\u2019un jugement rendu le 3 d\u00e9cembre 2024 pour p\u00e9dophilie et viol sur sa petite soeur de 5 ans. Mais la d\u00e9fense avait imm\u00e9diatement relev\u00e9 appel, d\u00e9non\u00e7ant plusieurs incoh\u00e9rences dans le dossier.<\/p>\n<p>Lors des d\u00e9bats devant la juridiction d\u2019appel, ces contradictions ont \u00e9t\u00e9 mises en \u00e9vidence, de m\u00eame que des \u00e9l\u00e9ments m\u00e9dicaux venant conforter la th\u00e8se de l\u2019innocence de l\u2019accus\u00e9. L\u2019avocat g\u00e9n\u00e9ral, dans ses r\u00e9quisitions du 30 juillet dernier, avait lui-m\u00eame demand\u00e9 l\u2019acquittement.<\/p>\n<p>Le d\u00e9lib\u00e9r\u00e9 rendu hier, mercredi, a finalement suivi ces r\u00e9quisitions, mettant ainsi un terme \u00e0 un parcours judiciaire long et \u00e9prouvant.<\/p>\n<p>Serigne Fallou Fall, incarc\u00e9r\u00e9 depuis le 17 mars 2020, retrouve la libert\u00e9 apr\u00e8s pr\u00e8s de cinq ans pass\u00e9s derri\u00e8re les barreaux.<\/p>\n<p>Sur sa terrasse, Fallou Fall, entour\u00e9 de ses proches, salue la foule venue en masse. Des centaines de regards, de mains lev\u00e9es, de visages \u00e9mus venus t\u00e9moigner leur soutien et leur sympathie.<\/p>\n<p>Apr\u00e8s cinq ann\u00e9es vol\u00e9es, le jeune homme retrouve enfin sa libert\u00e9, et avec elle, la chaleur d\u2019un peuple qui a cru en sa v\u00e9rit\u00e9.<\/p>\n<div class='share-to-whatsapp-wrapper'><div class='share-on-whsp'>PARTAGER SUR : <\/div><a data-text='APRES PRES DE 5 ANS D'INCARCERATION POUR VIOL - Fallou Fall, acquitt\u00e9 par la Cour d'appel' data-link='https:\/\/www.nettali.com\/2025\/08\/28\/apres-pres-de-5-ans-dincarceration-pour-viol-fallou-fall-acquitte-par-la-cour-dappel\/' class='whatsapp-button whatsapp-share'>WhatsApp<\/a><div class='clear '><\/div><\/div>","protected":false},"excerpt":{"rendered":"<p>NETTALI.COM - La Cour d\u2019appel de Dakar a ordonn\u00e9, ce mercredi 27 Ao\u00fbt, l\u2019acquittement de Fallou Fall. En premi\u00e8re instance, le tribunal de Pikine-Gu\u00e9diawaye l\u2019avait condamn\u00e9, le 7 janvier 2025, \u00e0 15 ans de r\u00e9clusion criminelle, \u00e0 la suite d\u2019un jugement rendu le 3 d\u00e9cembre 2024 pour p\u00e9dophilie et viol sur sa petite soeur de [&hellip;]<\/p>\n","protected":false},"author":2,"featured_media":160232,"comment_status":"open","ping_status":"open","sticky":false,"template":"","format":"standard","meta":{"_et_pb_use_builder":"","_et_pb_old_content":""},"categories":[3],"tags":[],"yoast_head":"<!-- This site is optimized with the Yoast SEO Premium plugin v17.8 (Yoast SEO v17.8) - https:\/\/yoast.com\/wordpress\/plugins\/seo\/ -->\n<title>APRES PRES DE 5 ANS D&#039;INCARCERATION POUR VIOL - Fallou Fall, acquitt\u00e9 par la Cour d&#039;appel | Nettali.com<\/title>\n<meta name=\"robots\" content=\"index, follow, max-snippet:-1, max-image-preview:large, max-video-preview:-1\" \/>\n<link rel=\"canonical\" href=\"https:\/\/www.nettali.com\/2025\/08\/28\/apres-pres-de-5-ans-dincarceration-pour-viol-fallou-fall-acquitte-par-la-cour-dappel\/\" \/>\n<meta property=\"og:locale\" content=\"fr_FR\" \/>\n<meta property=\"og:type\" content=\"article\" \/>\n<meta property=\"og:title\" content=\"APRES PRES DE 5 ANS D&#039;INCARCERATION POUR VIOL - Fallou Fall, acquitt\u00e9 par la Cour d&#039;appel\" \/>\n<meta property=\"og:description\" content=\"NETTALI.COM - La Cour d\u2019appel de Dakar a ordonn\u00e9, ce mercredi 27 Ao\u00fbt, l\u2019acquittement de Fallou Fall. En premi\u00e8re instance, le tribunal de Pikine-Gu\u00e9diawaye l\u2019avait condamn\u00e9, le 7 janvier 2025, \u00e0 15 ans de r\u00e9clusion criminelle, \u00e0 la suite d\u2019un jugement rendu le 3 d\u00e9cembre 2024 pour p\u00e9dophilie et viol sur sa petite soeur de [&hellip;]\" \/>\n<meta property=\"og:url\" content=\"https:\/\/www.nettali.com\/2025\/08\/28\/apres-pres-de-5-ans-dincarceration-pour-viol-fallou-fall-acquitte-par-la-cour-dappel\/\" \/>\n<meta property=\"og:site_name\" content=\"Nettali.com\" \/>\n<meta property=\"article:publisher\" content=\"https:\/\/www.facebook.com\/nettalicom\" \/>\n<meta property=\"article:published_time\" content=\"2025-08-28T08:55:28+00:00\" \/>\n<meta property=\"og:image\" content=\"https:\/\/www.nettali.com\/wp-content\/uploads\/2025\/08\/fallou-fall.jpg\" \/>\n\t<meta property=\"og:image:width\" content=\"1120\" \/>\n\t<meta property=\"og:image:height\" content=\"518\" \/>\n<meta name=\"twitter:card\" content=\"summary_large_image\" \/>\n<meta name=\"twitter:label1\" content=\"\u00c9crit par\" \/>\n\t<meta name=\"twitter:data1\" content=\"CK\" \/>\n\t<meta name=\"twitter:label2\" content=\"Dur\u00e9e de lecture estim\u00e9e\" \/>\n\t<meta name=\"twitter:data2\" content=\"2 minutes\" \/>\n<script type=\"application\/ld+json\" class=\"yoast-schema-graph\">{\"@context\":\"https:\/\/schema.org\",\"@graph\":[{\"@type\":\"WebSite\",\"@id\":\"https:\/\/www.nettali.com\/#website\",\"url\":\"https:\/\/www.nettali.com\/\",\"name\":\"Nettali.com\",\"description\":\"Le rendez-vous critique du Net\",\"potentialAction\":[{\"@type\":\"SearchAction\",\"target\":{\"@type\":\"EntryPoint\",\"urlTemplate\":\"https:\/\/www.nettali.com\/?s={search_term_string}\"},\"query-input\":\"required name=search_term_string\"}],\"inLanguage\":\"fr-FR\"},{\"@type\":\"ImageObject\",\"@id\":\"https:\/\/www.nettali.com\/2025\/08\/28\/apres-pres-de-5-ans-dincarceration-pour-viol-fallou-fall-acquitte-par-la-cour-dappel\/#primaryimage\",\"inLanguage\":\"fr-FR\",\"url\":\"https:\/\/www.nettali.com\/wp-content\/uploads\/2025\/08\/fallou-fall.jpg\",\"contentUrl\":\"https:\/\/www.nettali.com\/wp-content\/uploads\/2025\/08\/fallou-fall.jpg\",\"width\":1120,\"height\":518},{\"@type\":\"WebPage\",\"@id\":\"https:\/\/www.nettali.com\/2025\/08\/28\/apres-pres-de-5-ans-dincarceration-pour-viol-fallou-fall-acquitte-par-la-cour-dappel\/#webpage\",\"url\":\"https:\/\/www.nettali.com\/2025\/08\/28\/apres-pres-de-5-ans-dincarceration-pour-viol-fallou-fall-acquitte-par-la-cour-dappel\/\",\"name\":\"APRES PRES DE 5 ANS D'INCARCERATION POUR VIOL - Fallou Fall, acquitt\\u00e9 par la Cour d'appel | Nettali.com\",\"isPartOf\":{\"@id\":\"https:\/\/www.nettali.com\/#website\"},\"primaryImageOfPage\":{\"@id\":\"https:\/\/www.nettali.com\/2025\/08\/28\/apres-pres-de-5-ans-dincarceration-pour-viol-fallou-fall-acquitte-par-la-cour-dappel\/#primaryimage\"},\"datePublished\":\"2025-08-28T08:55:28+00:00\",\"dateModified\":\"2025-08-28T08:55:28+00:00\",\"author\":{\"@id\":\"https:\/\/www.nettali.com\/#\/schema\/person\/d8ac7b7e27ddad43f1c0d2ef090d7f71\"},\"breadcrumb\":{\"@id\":\"https:\/\/www.nettali.com\/2025\/08\/28\/apres-pres-de-5-ans-dincarceration-pour-viol-fallou-fall-acquitte-par-la-cour-dappel\/#breadcrumb\"},\"inLanguage\":\"fr-FR\",\"potentialAction\":[{\"@type\":\"ReadAction\",\"target\":[\"https:\/\/www.nettali.com\/2025\/08\/28\/apres-pres-de-5-ans-dincarceration-pour-viol-fallou-fall-acquitte-par-la-cour-dappel\/\"]}]},{\"@type\":\"BreadcrumbList\",\"@id\":\"https:\/\/www.nettali.com\/2025\/08\/28\/apres-pres-de-5-ans-dincarceration-pour-viol-fallou-fall-acquitte-par-la-cour-dappel\/#breadcrumb\",\"itemListElement\":[{\"@type\":\"ListItem\",\"position\":1,\"name\":\"Accueil\",\"item\":\"https:\/\/www.nettali.com\/\"},{\"@type\":\"ListItem\",\"position\":2,\"name\":\"APRES PRES DE 5 ANS D'INCARCERATION POUR VIOL - Fallou Fall, acquitt\\u00e9 par la Cour d'appel\"}]},{\"@type\":\"Person\",\"@id\":\"https:\/\/www.nettali.com\/#\/schema\/person\/d8ac7b7e27ddad43f1c0d2ef090d7f71\",\"name\":\"CK\",\"image\":{\"@type\":\"ImageObject\",\"@id\":\"https:\/\/www.nettali.com\/#personlogo\",\"inLanguage\":\"fr-FR\",\"url\":\"https:\/\/secure.gravatar.com\/avatar\/1d8d5118b9327d94da7cd4ce7f17fec2?s=96&d=mm&r=g\",\"contentUrl\":\"https:\/\/secure.gravatar.com\/avatar\/1d8d5118b9327d94da7cd4ce7f17fec2?s=96&d=mm&r=g\",\"caption\":\"CK\"},\"sameAs\":[\"https:\/\/www.nettali.com\"]}]}<\/script>\n<!-- \/ Yoast SEO Premium plugin. -->","yoast_head_json":{"title":"APRES PRES DE 5 ANS D'INCARCERATION POUR VIOL - Fallou Fall, acquitt\u00e9 par la Cour d'appel | Nettali.com","robots":{"index":"index","follow":"follow","max-snippet":"max-snippet:-1","max-image-preview":"max-image-preview:large","max-video-preview":"max-video-preview:-1"},"canonical":"https:\/\/www.nettali.com\/2025\/08\/28\/apres-pres-de-5-ans-dincarceration-pour-viol-fallou-fall-acquitte-par-la-cour-dappel\/","og_locale":"fr_FR","og_type":"article","og_title":"APRES PRES DE 5 ANS D'INCARCERATION POUR VIOL - Fallou Fall, acquitt\u00e9 par la Cour d'appel","og_description":"NETTALI.COM - La Cour d\u2019appel de Dakar a ordonn\u00e9, ce mercredi 27 Ao\u00fbt, l\u2019acquittement de Fallou Fall. En premi\u00e8re instance, le tribunal de Pikine-Gu\u00e9diawaye l\u2019avait condamn\u00e9, le 7 janvier 2025, \u00e0 15 ans de r\u00e9clusion criminelle, \u00e0 la suite d\u2019un jugement rendu le 3 d\u00e9cembre 2024 pour p\u00e9dophilie et viol sur sa petite soeur de [&hellip;]","og_url":"https:\/\/www.nettali.com\/2025\/08\/28\/apres-pres-de-5-ans-dincarceration-pour-viol-fallou-fall-acquitte-par-la-cour-dappel\/","og_site_name":"Nettali.com","article_publisher":"https:\/\/www.facebook.com\/nettalicom","article_published_time":"2025-08-28T08:55:28+00:00","og_image":[{"width":1120,"height":518,"url":"https:\/\/www.nettali.com\/wp-content\/uploads\/2025\/08\/fallou-fall.jpg","type":"image\/jpeg"}],"twitter_card":"summary_large_image","twitter_misc":{"\u00c9crit par":"CK","Dur\u00e9e de lecture estim\u00e9e":"2 minutes"},"schema":{"@context":"https:\/\/schema.org","@graph":[{"@type":"WebSite","@id":"https:\/\/www.nettali.com\/#website","url":"https:\/\/www.nettali.com\/","name":"Nettali.com","description":"Le rendez-vous critique du Net","potentialAction":[{"@type":"SearchAction","target":{"@type":"EntryPoint","urlTemplate":"https:\/\/www.nettali.com\/?s={search_term_string}"},"query-input":"required name=search_term_string"}],"inLanguage":"fr-FR"},{"@type":"ImageObject","@id":"https:\/\/www.nettali.com\/2025\/08\/28\/apres-pres-de-5-ans-dincarceration-pour-viol-fallou-fall-acquitte-par-la-cour-dappel\/#primaryimage","inLanguage":"fr-FR","url":"https:\/\/www.nettali.com\/wp-content\/uploads\/2025\/08\/fallou-fall.jpg","contentUrl":"https:\/\/www.nettali.com\/wp-content\/uploads\/2025\/08\/fallou-fall.jpg","width":1120,"height":518},{"@type":"WebPage","@id":"https:\/\/www.nettali.com\/2025\/08\/28\/apres-pres-de-5-ans-dincarceration-pour-viol-fallou-fall-acquitte-par-la-cour-dappel\/#webpage","url":"https:\/\/www.nettali.com\/2025\/08\/28\/apres-pres-de-5-ans-dincarceration-pour-viol-fallou-fall-acquitte-par-la-cour-dappel\/","name":"APRES PRES DE 5 ANS D'INCARCERATION POUR VIOL - Fallou Fall, acquitt\u00e9 par la Cour d'appel | Nettali.com","isPartOf":{"@id":"https:\/\/www.nettali.com\/#website"},"primaryImageOfPage":{"@id":"https:\/\/www.nettali.com\/2025\/08\/28\/apres-pres-de-5-ans-dincarceration-pour-viol-fallou-fall-acquitte-par-la-cour-dappel\/#primaryimage"},"datePublished":"2025-08-28T08:55:28+00:00","dateModified":"2025-08-28T08:55:28+00:00","author":{"@id":"https:\/\/www.nettali.com\/#\/schema\/person\/d8ac7b7e27ddad43f1c0d2ef090d7f71"},"breadcrumb":{"@id":"https:\/\/www.nettali.com\/2025\/08\/28\/apres-pres-de-5-ans-dincarceration-pour-viol-fallou-fall-acquitte-par-la-cour-dappel\/#breadcrumb"},"inLanguage":"fr-FR","potentialAction":[{"@type":"ReadAction","target":["https:\/\/www.nettali.com\/2025\/08\/28\/apres-pres-de-5-ans-dincarceration-pour-viol-fallou-fall-acquitte-par-la-cour-dappel\/"]}]},{"@type":"BreadcrumbList","@id":"https:\/\/www.nettali.com\/2025\/08\/28\/apres-pres-de-5-ans-dincarceration-pour-viol-fallou-fall-acquitte-par-la-cour-dappel\/#breadcrumb","itemListElement":[{"@type":"ListItem","position":1,"name":"Accueil","item":"https:\/\/www.nettali.com\/"},{"@type":"ListItem","position":2,"name":"APRES PRES DE 5 ANS D'INCARCERATION POUR VIOL - Fallou Fall, acquitt\u00e9 par la Cour d'appel"}]},{"@type":"Person","@id":"https:\/\/www.nettali.com\/#\/schema\/person\/d8ac7b7e27ddad43f1c0d2ef090d7f71","name":"CK","image":{"@type":"ImageObject","@id":"https:\/\/www.nettali.com\/#personlogo","inLanguage":"fr-FR","url":"https:\/\/secure.gravatar.com\/avatar\/1d8d5118b9327d94da7cd4ce7f17fec2?s=96&d=mm&r=g","contentUrl":"https:\/\/secure.gravatar.com\/avatar\/1d8d5118b9327d94da7cd4ce7f17fec2?s=96&d=mm&r=g","caption":"CK"},"sameAs":["https:\/\/www.nettali.com"]}]}},"_links":{"self":[{"href":"https:\/\/www.nettali.com\/rest\/wp\/v2\/posts\/160231"}],"collection":[{"href":"https:\/\/www.nettali.com\/rest\/wp\/v2\/posts"}],"about":[{"href":"https:\/\/www.nettali.com\/rest\/wp\/v2\/types\/post"}],"author":[{"embeddable":true,"href":"https:\/\/www.nettali.com\/rest\/wp\/v2\/users\/2"}],"replies":[{"embeddable":true,"href":"https:\/\/www.nettali.com\/rest\/wp\/v2\/comments?post=160231"}],"version-history":[{"count":1,"href":"https:\/\/www.nettali.com\/rest\/wp\/v2\/posts\/160231\/revisions"}],"predecessor-version":[{"id":160233,"href":"https:\/\/www.nettali.com\/rest\/wp\/v2\/posts\/160231\/revisions\/160233"}],"wp:featuredmedia":[{"embeddable":true,"href":"https:\/\/www.nettali.com\/rest\/wp\/v2\/media\/160232"}],"wp:attachment":[{"href":"https:\/\/www.nettali.com\/rest\/wp\/v2\/media?parent=160231"}],"wp:term":[{"taxonomy":"category","embeddable":true,"href":"https:\/\/www.nettali.com\/rest\/wp\/v2\/categories?post=160231"},{"taxonomy":"post_tag","embeddable":true,"href":"https:\/\/www.nettali.com\/rest\/wp\/v2\/tags?post=160231"}],"curies":[{"name":"wp","href":"https:\/\/api.w.org\/{rel}","templated":true}]}}