{"id":160229,"date":"2025-08-28T06:32:08","date_gmt":"2025-08-28T06:32:08","guid":{"rendered":"https:\/\/www.nettali.com\/?p=160229"},"modified":"2025-08-28T21:18:24","modified_gmt":"2025-08-28T21:18:24","slug":"situation-alarmante-du-pays-le-pit-critique-frontalement-le-duo-diomaye-sonko","status":"publish","type":"post","link":"https:\/\/www.nettali.com\/2025\/08\/28\/situation-alarmante-du-pays-le-pit-critique-frontalement-le-duo-diomaye-sonko\/","title":{"rendered":"SITUATION \"ALARMANTE\" DU PAYS - Le PIT critique frontalement le duo Diomaye-Sonko\u00a0\u00a0"},"content":{"rendered":"<p data-start=\"316\" data-end=\"762\"><strong>NETTALI.COM - R\u00e9uni en visioconf\u00e9rence le 23 ao\u00fbt 2025, le Comit\u00e9 central du Parti de l\u2019Ind\u00e9pendance et du Travail (PIT) a adopt\u00e9 une r\u00e9solution g\u00e9n\u00e9rale au ton particuli\u00e8rement s\u00e9v\u00e8re \u00e0 l\u2019\u00e9gard du r\u00e9gime actuel. Dans un contexte marqu\u00e9 par de fortes tensions politiques et sociales, le parti d\u2019inspiration marxiste-l\u00e9niniste a tenu \u00e0 dresser un tableau alarmant de la situation nationale, tout en appelant \u00e0 une r\u00e9orientation profonde de la gouvernance.<\/strong><\/p>\n<p data-start=\"814\" data-end=\"1334\">Dans son rapport introductif, le secr\u00e9taire g\u00e9n\u00e9ral Samba Sy a accus\u00e9 le <strong data-start=\"887\" data-end=\"897\">PASTEF<\/strong> d\u2019avoir vers\u00e9, aussi bien dans la conqu\u00eate que dans l\u2019exercice du pouvoir, dans un populisme exacerb\u00e9. Selon lui, le parti pr\u00e9sidentiel semble guid\u00e9 par une maxime dangereuse : <em data-start=\"1075\" data-end=\"1107\">\u00ab la fin justifie les moyens \u00bb<\/em>. Le PIT d\u00e9nonce ainsi des reniements successifs, des manipulations politiques et des attaques r\u00e9p\u00e9t\u00e9es contre des institutions consid\u00e9r\u00e9es comme piliers de la R\u00e9publique, notamment la magistrature, la presse et l\u2019opposition.<\/p>\n<p data-start=\"1403\" data-end=\"1819\">La r\u00e9solution exprime une <strong data-start=\"1429\" data-end=\"1459\">pr\u00e9occupation particuli\u00e8re<\/strong> quant \u00e0 la d\u00e9gradation des libert\u00e9s publiques. Le Comit\u00e9 central estime que les pratiques actuelles s\u2019apparentent \u00e0 une restriction croissante de l\u2019espace d\u00e9mocratique. Le texte souligne \u00e9galement l\u2019existence de tensions et de rivalit\u00e9s internes au sein m\u00eame du sommet de l\u2019\u00c9tat, des divisions qui fragiliseraient la stabilit\u00e9 politique et institutionnelle.<\/p>\n<h4 data-start=\"1821\" data-end=\"1866\">Une \u00e9conomie \u00ab au bord de la rupture \u00bb<\/h4>\n<p data-start=\"1867\" data-end=\"2010\">Sur le plan \u00e9conomique, le PIT brosse un tableau particuli\u00e8rement sombre. La r\u00e9solution \u00e9voque une situation \u00ab alarmante \u00bb, marqu\u00e9e par :<\/p>\n<ul data-start=\"2011\" data-end=\"2477\">\n<li data-start=\"2011\" data-end=\"2115\">\n<p data-start=\"2013\" data-end=\"2115\">la d\u00e9gradation des relations avec le FMI apr\u00e8s l\u2019annonce jug\u00e9e <em data-start=\"2076\" data-end=\"2093\">\u00ab irr\u00e9fl\u00e9chie \u00bb<\/em> d\u2019une dette cach\u00e9e,<\/p>\n<\/li>\n<li data-start=\"2116\" data-end=\"2193\">\n<p data-start=\"2118\" data-end=\"2193\">une spirale d\u2019endettement avec des taux d\u2019int\u00e9r\u00eat de plus en plus \u00e9lev\u00e9s,<\/p>\n<\/li>\n<li data-start=\"2194\" data-end=\"2249\">\n<p data-start=\"2196\" data-end=\"2249\">la vie ch\u00e8re qui frappe de plein fouet les m\u00e9nages,<\/p>\n<\/li>\n<li data-start=\"2250\" data-end=\"2287\">\n<p data-start=\"2252\" data-end=\"2287\">la paralysie des investissements,<\/p>\n<\/li>\n<li data-start=\"2288\" data-end=\"2346\">\n<p data-start=\"2290\" data-end=\"2346\">la non-liquidation persistante de la dette int\u00e9rieure,<\/p>\n<\/li>\n<li data-start=\"2347\" data-end=\"2477\">\n<p data-start=\"2349\" data-end=\"2477\">et une mont\u00e9e du ch\u00f4mage des jeunes, aggrav\u00e9e par la menace d\u2019une <strong data-start=\"2415\" data-end=\"2436\">crise alimentaire<\/strong> li\u00e9e \u00e0 une mauvaise campagne agricole.<\/p>\n<\/li>\n<\/ul>\n<p data-start=\"2479\" data-end=\"2617\">Pour le PIT, ces \u00e9l\u00e9ments combin\u00e9s traduisent l\u2019incapacit\u00e9 du gouvernement \u00e0 offrir des perspectives viables et stables \u00e0 la population.<\/p>\n<h4 data-start=\"2619\" data-end=\"2700\">Appel \u00e0 une nouvelle direction politique et \u00e0 l\u2019unit\u00e9 des forces de gauche<\/h4>\n<p data-start=\"2701\" data-end=\"3182\">Face \u00e0 ce constat, le PIT consid\u00e8re que les perspectives politiques et sociales du pays sont \u00ab sombres \u00bb et qu\u2019une <strong data-start=\"2816\" data-end=\"2838\">nouvelle direction<\/strong> s\u2019impose. Le parti r\u00e9affirme son soutien \u00e0 la <strong data-start=\"2885\" data-end=\"2944\">Conf\u00e9d\u00e9ration pour la D\u00e9mocratie et le Socialisme (CDS)<\/strong> dans ses efforts d\u2019unification des forces progressistes et salue la cr\u00e9ation du <strong data-start=\"3025\" data-end=\"3093\">Front pour la D\u00e9fense de la D\u00e9mocratie et de la R\u00e9publique (FDR)<\/strong>, qu\u2019il d\u00e9crit comme un v\u00e9ritable rempart contre les vell\u00e9it\u00e9s dictatoriales du r\u00e9gime.<\/p>\n<p data-start=\"3184\" data-end=\"3484\">Le Comit\u00e9 central appelle ses <strong data-start=\"3214\" data-end=\"3247\">coordinations d\u00e9partementales<\/strong> \u00e0 s\u2019ancrer davantage dans les r\u00e9alit\u00e9s locales et exhorte ses organisations affili\u00e9es, en particulier l\u2019<strong data-start=\"3352\" data-end=\"3361\">UJDAN<\/strong> (jeunesse) et l\u2019<strong data-start=\"3378\" data-end=\"3386\">UDFS<\/strong> (syndicat des femmes), \u00e0 jouer un r\u00f4le d\u2019avant-garde dans les combats du parti et de la nation.<\/p>\n<h4 data-start=\"3486\" data-end=\"3538\">Une voix critique sur la sc\u00e8ne internationale<\/h4>\n<p data-start=\"3539\" data-end=\"3940\">Le PIT a aussi r\u00e9affirm\u00e9 ses positions sur le plan international. La r\u00e9solution d\u00e9nonce avec fermet\u00e9 les \u00ab crimes barbares \u00bb commis contre le peuple palestinien et r\u00e9clame la fin imm\u00e9diate de la colonisation isra\u00e9lienne. Elle exprime \u00e9galement un soutien renouvel\u00e9 au pr\u00e9sident v\u00e9n\u00e9zu\u00e9lien <strong data-start=\"3829\" data-end=\"3847\">Nicol\u00e1s Maduro<\/strong>, pr\u00e9sent\u00e9 comme une cible des man\u0153uvres de d\u00e9stabilisation orchestr\u00e9es par les \u00c9tats-Unis.<\/p>\n<p data-start=\"3942\" data-end=\"4136\">Enfin, le parti se f\u00e9licite de son <strong data-start=\"3977\" data-end=\"4006\">rayonnement international<\/strong>, rappelant sa participation active \u00e0 divers congr\u00e8s et manifestations de la gauche en Europe et dans d\u2019autres r\u00e9gions du monde.<\/p>\n<div class='share-to-whatsapp-wrapper'><div class='share-on-whsp'>PARTAGER SUR : <\/div><a data-text='SITUATION \"ALARMANTE\" DU PAYS - Le PIT critique frontalement le duo Diomaye-Sonko\u00a0\u00a0' data-link='https:\/\/www.nettali.com\/2025\/08\/28\/situation-alarmante-du-pays-le-pit-critique-frontalement-le-duo-diomaye-sonko\/' class='whatsapp-button whatsapp-share'>WhatsApp<\/a><div class='clear '><\/div><\/div>","protected":false},"excerpt":{"rendered":"<p>NETTALI.COM - R\u00e9uni en visioconf\u00e9rence le 23 ao\u00fbt 2025, le Comit\u00e9 central du Parti de l\u2019Ind\u00e9pendance et du Travail (PIT) a adopt\u00e9 une r\u00e9solution g\u00e9n\u00e9rale au ton particuli\u00e8rement s\u00e9v\u00e8re \u00e0 l\u2019\u00e9gard du r\u00e9gime actuel. Dans un contexte marqu\u00e9 par de fortes tensions politiques et sociales, le parti d\u2019inspiration marxiste-l\u00e9niniste a tenu \u00e0 dresser un tableau [&hellip;]<\/p>\n","protected":false},"author":4,"featured_media":150730,"comment_status":"open","ping_status":"open","sticky":false,"template":"","format":"standard","meta":{"_et_pb_use_builder":"","_et_pb_old_content":""},"categories":[2],"tags":[],"yoast_head":"<!-- This site is optimized with the Yoast SEO Premium plugin v17.8 (Yoast SEO v17.8) - https:\/\/yoast.com\/wordpress\/plugins\/seo\/ -->\n<title>SITUATION &quot;ALARMANTE&quot; DU PAYS - Le PIT critique frontalement le duo Diomaye-Sonko\u00a0\u00a0 | Nettali.com<\/title>\n<meta name=\"robots\" content=\"index, follow, max-snippet:-1, max-image-preview:large, max-video-preview:-1\" \/>\n<link rel=\"canonical\" href=\"https:\/\/www.nettali.com\/2025\/08\/28\/situation-alarmante-du-pays-le-pit-critique-frontalement-le-duo-diomaye-sonko\/\" \/>\n<meta property=\"og:locale\" content=\"fr_FR\" \/>\n<meta property=\"og:type\" content=\"article\" \/>\n<meta property=\"og:title\" content=\"SITUATION &quot;ALARMANTE&quot; DU PAYS - Le PIT critique frontalement le duo Diomaye-Sonko\u00a0\u00a0\" \/>\n<meta property=\"og:description\" content=\"NETTALI.COM - R\u00e9uni en visioconf\u00e9rence le 23 ao\u00fbt 2025, le Comit\u00e9 central du Parti de l\u2019Ind\u00e9pendance et du Travail (PIT) a adopt\u00e9 une r\u00e9solution g\u00e9n\u00e9rale au ton particuli\u00e8rement s\u00e9v\u00e8re \u00e0 l\u2019\u00e9gard du r\u00e9gime actuel. Dans un contexte marqu\u00e9 par de fortes tensions politiques et sociales, le parti d\u2019inspiration marxiste-l\u00e9niniste a tenu \u00e0 dresser un tableau [&hellip;]\" \/>\n<meta property=\"og:url\" content=\"https:\/\/www.nettali.com\/2025\/08\/28\/situation-alarmante-du-pays-le-pit-critique-frontalement-le-duo-diomaye-sonko\/\" \/>\n<meta property=\"og:site_name\" content=\"Nettali.com\" \/>\n<meta property=\"article:publisher\" content=\"https:\/\/www.facebook.com\/nettalicom\" \/>\n<meta property=\"article:published_time\" content=\"2025-08-28T06:32:08+00:00\" \/>\n<meta property=\"article:modified_time\" content=\"2025-08-28T21:18:24+00:00\" \/>\n<meta property=\"og:image\" content=\"https:\/\/www.nettali.com\/wp-content\/uploads\/2025\/03\/pit-senegal.jpg\" \/>\n\t<meta property=\"og:image:width\" content=\"612\" \/>\n\t<meta property=\"og:image:height\" content=\"330\" \/>\n<meta name=\"twitter:card\" content=\"summary_large_image\" \/>\n<meta name=\"twitter:label1\" content=\"\u00c9crit par\" \/>\n\t<meta name=\"twitter:data1\" content=\"Daouda\" \/>\n\t<meta name=\"twitter:label2\" content=\"Dur\u00e9e de lecture estim\u00e9e\" \/>\n\t<meta name=\"twitter:data2\" content=\"3 minutes\" \/>\n<script type=\"application\/ld+json\" class=\"yoast-schema-graph\">{\"@context\":\"https:\/\/schema.org\",\"@graph\":[{\"@type\":\"WebSite\",\"@id\":\"https:\/\/www.nettali.com\/#website\",\"url\":\"https:\/\/www.nettali.com\/\",\"name\":\"Nettali.com\",\"description\":\"Le rendez-vous critique du Net\",\"potentialAction\":[{\"@type\":\"SearchAction\",\"target\":{\"@type\":\"EntryPoint\",\"urlTemplate\":\"https:\/\/www.nettali.com\/?s={search_term_string}\"},\"query-input\":\"required name=search_term_string\"}],\"inLanguage\":\"fr-FR\"},{\"@type\":\"ImageObject\",\"@id\":\"https:\/\/www.nettali.com\/2025\/08\/28\/situation-alarmante-du-pays-le-pit-critique-frontalement-le-duo-diomaye-sonko\/#primaryimage\",\"inLanguage\":\"fr-FR\",\"url\":\"https:\/\/www.nettali.com\/wp-content\/uploads\/2025\/03\/pit-senegal.jpg\",\"contentUrl\":\"https:\/\/www.nettali.com\/wp-content\/uploads\/2025\/03\/pit-senegal.jpg\",\"width\":612,\"height\":330},{\"@type\":\"WebPage\",\"@id\":\"https:\/\/www.nettali.com\/2025\/08\/28\/situation-alarmante-du-pays-le-pit-critique-frontalement-le-duo-diomaye-sonko\/#webpage\",\"url\":\"https:\/\/www.nettali.com\/2025\/08\/28\/situation-alarmante-du-pays-le-pit-critique-frontalement-le-duo-diomaye-sonko\/\",\"name\":\"SITUATION \\\"ALARMANTE\\\" DU PAYS - Le PIT critique frontalement le duo Diomaye-Sonko\\u00a0\\u00a0 | Nettali.com\",\"isPartOf\":{\"@id\":\"https:\/\/www.nettali.com\/#website\"},\"primaryImageOfPage\":{\"@id\":\"https:\/\/www.nettali.com\/2025\/08\/28\/situation-alarmante-du-pays-le-pit-critique-frontalement-le-duo-diomaye-sonko\/#primaryimage\"},\"datePublished\":\"2025-08-28T06:32:08+00:00\",\"dateModified\":\"2025-08-28T21:18:24+00:00\",\"author\":{\"@id\":\"https:\/\/www.nettali.com\/#\/schema\/person\/3317e0bb3aa1da309fbf7b2780901bf4\"},\"breadcrumb\":{\"@id\":\"https:\/\/www.nettali.com\/2025\/08\/28\/situation-alarmante-du-pays-le-pit-critique-frontalement-le-duo-diomaye-sonko\/#breadcrumb\"},\"inLanguage\":\"fr-FR\",\"potentialAction\":[{\"@type\":\"ReadAction\",\"target\":[\"https:\/\/www.nettali.com\/2025\/08\/28\/situation-alarmante-du-pays-le-pit-critique-frontalement-le-duo-diomaye-sonko\/\"]}]},{\"@type\":\"BreadcrumbList\",\"@id\":\"https:\/\/www.nettali.com\/2025\/08\/28\/situation-alarmante-du-pays-le-pit-critique-frontalement-le-duo-diomaye-sonko\/#breadcrumb\",\"itemListElement\":[{\"@type\":\"ListItem\",\"position\":1,\"name\":\"Accueil\",\"item\":\"https:\/\/www.nettali.com\/\"},{\"@type\":\"ListItem\",\"position\":2,\"name\":\"SITUATION \\\"ALARMANTE\\\" DU PAYS - Le PIT critique frontalement le duo Diomaye-Sonko\\u00a0\\u00a0\"}]},{\"@type\":\"Person\",\"@id\":\"https:\/\/www.nettali.com\/#\/schema\/person\/3317e0bb3aa1da309fbf7b2780901bf4\",\"name\":\"Daouda\",\"image\":{\"@type\":\"ImageObject\",\"@id\":\"https:\/\/www.nettali.com\/#personlogo\",\"inLanguage\":\"fr-FR\",\"url\":\"https:\/\/secure.gravatar.com\/avatar\/8d143b5a49345098ddcfee1c49c2f47c?s=96&d=mm&r=g\",\"contentUrl\":\"https:\/\/secure.gravatar.com\/avatar\/8d143b5a49345098ddcfee1c49c2f47c?s=96&d=mm&r=g\",\"caption\":\"Daouda\"},\"sameAs\":[\"https:\/\/www.nettali.com\"]}]}<\/script>\n<!-- \/ Yoast SEO Premium plugin. -->","yoast_head_json":{"title":"SITUATION \"ALARMANTE\" DU PAYS - Le PIT critique frontalement le duo Diomaye-Sonko\u00a0\u00a0 | Nettali.com","robots":{"index":"index","follow":"follow","max-snippet":"max-snippet:-1","max-image-preview":"max-image-preview:large","max-video-preview":"max-video-preview:-1"},"canonical":"https:\/\/www.nettali.com\/2025\/08\/28\/situation-alarmante-du-pays-le-pit-critique-frontalement-le-duo-diomaye-sonko\/","og_locale":"fr_FR","og_type":"article","og_title":"SITUATION \"ALARMANTE\" DU PAYS - Le PIT critique frontalement le duo Diomaye-Sonko\u00a0\u00a0","og_description":"NETTALI.COM - R\u00e9uni en visioconf\u00e9rence le 23 ao\u00fbt 2025, le Comit\u00e9 central du Parti de l\u2019Ind\u00e9pendance et du Travail (PIT) a adopt\u00e9 une r\u00e9solution g\u00e9n\u00e9rale au ton particuli\u00e8rement s\u00e9v\u00e8re \u00e0 l\u2019\u00e9gard du r\u00e9gime actuel. Dans un contexte marqu\u00e9 par de fortes tensions politiques et sociales, le parti d\u2019inspiration marxiste-l\u00e9niniste a tenu \u00e0 dresser un tableau [&hellip;]","og_url":"https:\/\/www.nettali.com\/2025\/08\/28\/situation-alarmante-du-pays-le-pit-critique-frontalement-le-duo-diomaye-sonko\/","og_site_name":"Nettali.com","article_publisher":"https:\/\/www.facebook.com\/nettalicom","article_published_time":"2025-08-28T06:32:08+00:00","article_modified_time":"2025-08-28T21:18:24+00:00","og_image":[{"width":612,"height":330,"url":"https:\/\/www.nettali.com\/wp-content\/uploads\/2025\/03\/pit-senegal.jpg","type":"image\/jpeg"}],"twitter_card":"summary_large_image","twitter_misc":{"\u00c9crit par":"Daouda","Dur\u00e9e de lecture estim\u00e9e":"3 minutes"},"schema":{"@context":"https:\/\/schema.org","@graph":[{"@type":"WebSite","@id":"https:\/\/www.nettali.com\/#website","url":"https:\/\/www.nettali.com\/","name":"Nettali.com","description":"Le rendez-vous critique du Net","potentialAction":[{"@type":"SearchAction","target":{"@type":"EntryPoint","urlTemplate":"https:\/\/www.nettali.com\/?s={search_term_string}"},"query-input":"required name=search_term_string"}],"inLanguage":"fr-FR"},{"@type":"ImageObject","@id":"https:\/\/www.nettali.com\/2025\/08\/28\/situation-alarmante-du-pays-le-pit-critique-frontalement-le-duo-diomaye-sonko\/#primaryimage","inLanguage":"fr-FR","url":"https:\/\/www.nettali.com\/wp-content\/uploads\/2025\/03\/pit-senegal.jpg","contentUrl":"https:\/\/www.nettali.com\/wp-content\/uploads\/2025\/03\/pit-senegal.jpg","width":612,"height":330},{"@type":"WebPage","@id":"https:\/\/www.nettali.com\/2025\/08\/28\/situation-alarmante-du-pays-le-pit-critique-frontalement-le-duo-diomaye-sonko\/#webpage","url":"https:\/\/www.nettali.com\/2025\/08\/28\/situation-alarmante-du-pays-le-pit-critique-frontalement-le-duo-diomaye-sonko\/","name":"SITUATION \"ALARMANTE\" DU PAYS - Le PIT critique frontalement le duo Diomaye-Sonko\u00a0\u00a0 | Nettali.com","isPartOf":{"@id":"https:\/\/www.nettali.com\/#website"},"primaryImageOfPage":{"@id":"https:\/\/www.nettali.com\/2025\/08\/28\/situation-alarmante-du-pays-le-pit-critique-frontalement-le-duo-diomaye-sonko\/#primaryimage"},"datePublished":"2025-08-28T06:32:08+00:00","dateModified":"2025-08-28T21:18:24+00:00","author":{"@id":"https:\/\/www.nettali.com\/#\/schema\/person\/3317e0bb3aa1da309fbf7b2780901bf4"},"breadcrumb":{"@id":"https:\/\/www.nettali.com\/2025\/08\/28\/situation-alarmante-du-pays-le-pit-critique-frontalement-le-duo-diomaye-sonko\/#breadcrumb"},"inLanguage":"fr-FR","potentialAction":[{"@type":"ReadAction","target":["https:\/\/www.nettali.com\/2025\/08\/28\/situation-alarmante-du-pays-le-pit-critique-frontalement-le-duo-diomaye-sonko\/"]}]},{"@type":"BreadcrumbList","@id":"https:\/\/www.nettali.com\/2025\/08\/28\/situation-alarmante-du-pays-le-pit-critique-frontalement-le-duo-diomaye-sonko\/#breadcrumb","itemListElement":[{"@type":"ListItem","position":1,"name":"Accueil","item":"https:\/\/www.nettali.com\/"},{"@type":"ListItem","position":2,"name":"SITUATION \"ALARMANTE\" DU PAYS - Le PIT critique frontalement le duo Diomaye-Sonko\u00a0\u00a0"}]},{"@type":"Person","@id":"https:\/\/www.nettali.com\/#\/schema\/person\/3317e0bb3aa1da309fbf7b2780901bf4","name":"Daouda","image":{"@type":"ImageObject","@id":"https:\/\/www.nettali.com\/#personlogo","inLanguage":"fr-FR","url":"https:\/\/secure.gravatar.com\/avatar\/8d143b5a49345098ddcfee1c49c2f47c?s=96&d=mm&r=g","contentUrl":"https:\/\/secure.gravatar.com\/avatar\/8d143b5a49345098ddcfee1c49c2f47c?s=96&d=mm&r=g","caption":"Daouda"},"sameAs":["https:\/\/www.nettali.com"]}]}},"_links":{"self":[{"href":"https:\/\/www.nettali.com\/rest\/wp\/v2\/posts\/160229"}],"collection":[{"href":"https:\/\/www.nettali.com\/rest\/wp\/v2\/posts"}],"about":[{"href":"https:\/\/www.nettali.com\/rest\/wp\/v2\/types\/post"}],"author":[{"embeddable":true,"href":"https:\/\/www.nettali.com\/rest\/wp\/v2\/users\/4"}],"replies":[{"embeddable":true,"href":"https:\/\/www.nettali.com\/rest\/wp\/v2\/comments?post=160229"}],"version-history":[{"count":1,"href":"https:\/\/www.nettali.com\/rest\/wp\/v2\/posts\/160229\/revisions"}],"predecessor-version":[{"id":160230,"href":"https:\/\/www.nettali.com\/rest\/wp\/v2\/posts\/160229\/revisions\/160230"}],"wp:featuredmedia":[{"embeddable":true,"href":"https:\/\/www.nettali.com\/rest\/wp\/v2\/media\/150730"}],"wp:attachment":[{"href":"https:\/\/www.nettali.com\/rest\/wp\/v2\/media?parent=160229"}],"wp:term":[{"taxonomy":"category","embeddable":true,"href":"https:\/\/www.nettali.com\/rest\/wp\/v2\/categories?post=160229"},{"taxonomy":"post_tag","embeddable":true,"href":"https:\/\/www.nettali.com\/rest\/wp\/v2\/tags?post=160229"}],"curies":[{"name":"wp","href":"https:\/\/api.w.org\/{rel}","templated":true}]}}