{"id":160222,"date":"2025-08-28T06:23:56","date_gmt":"2025-08-28T06:23:56","guid":{"rendered":"https:\/\/www.nettali.com\/?p=160222"},"modified":"2025-08-28T06:23:56","modified_gmt":"2025-08-28T06:23:56","slug":"mali-plus-de-36-000-fonctionnaires-prives-de-salaire-apres-le-recensement-biometrique","status":"publish","type":"post","link":"https:\/\/www.nettali.com\/2025\/08\/28\/mali-plus-de-36-000-fonctionnaires-prives-de-salaire-apres-le-recensement-biometrique\/","title":{"rendered":"MALI -\u00a0 Plus de 36 000 fonctionnaires priv\u00e9s de salaire apr\u00e8s le recensement biom\u00e9trique"},"content":{"rendered":"<p data-start=\"190\" data-end=\"638\"><strong>NETTALI.COM - Le minist\u00e8re malien de l\u2019\u00c9conomie et des Finances a annonc\u00e9, ce 26 ao\u00fbt 2025, une d\u00e9cision d\u2019ampleur : 36 151 agents publics verront leurs salaires suspendus d\u00e8s septembre. Cette mesure, qui d\u00e9coule d\u2019un vaste recensement biom\u00e9trique men\u00e9 dans le cadre du <em data-start=\"450\" data-end=\"502\">Syst\u00e8me int\u00e9gr\u00e9 de gestion des ressources humaines<\/em> (SIGRH), s\u2019inscrit dans la volont\u00e9 des autorit\u00e9s de la Transition d\u2019assainir la fonction publique et de ma\u00eetriser la masse salariale.<\/strong><\/p>\n<p data-start=\"687\" data-end=\"1017\">Le recensement, lanc\u00e9 sur instruction du pr\u00e9sident de la Transition, le g\u00e9n\u00e9ral Assimi Go\u00efta, a pris fin le 15 ao\u00fbt dernier. Sur un effectif total de 158 317 agents publics, seuls 122 166 ont \u00e9t\u00e9 identifi\u00e9s et enr\u00f4l\u00e9s. Les 36 151 absents repr\u00e9sentent une masse salariale estim\u00e9e \u00e0 48,28 milliards de FCFA par an.<\/p>\n<p data-start=\"1019\" data-end=\"1239\">Les autorit\u00e9s indiquent \u00e9galement avoir d\u00e9tect\u00e9 des cas de doublons parmi les agents enr\u00f4l\u00e9s, certains disposant de num\u00e9ros d\u2019identification nationale (NINA) non v\u00e9rifiables, d\u2019autres utilisant plusieurs identit\u00e9s.<\/p>\n<h4 data-start=\"1241\" data-end=\"1272\">Des sanctions imm\u00e9diates<\/h4>\n<p data-start=\"1273\" data-end=\"1473\">Dans une circulaire adress\u00e9e aux directeurs administratifs et financiers, ainsi qu\u2019aux autorit\u00e9s r\u00e9gionales et locales, le ministre de l\u2019\u00c9conomie et des Finances a ordonn\u00e9 deux mesures principales :<\/p>\n<ul data-start=\"1474\" data-end=\"1642\">\n<li data-start=\"1474\" data-end=\"1541\">\n<p data-start=\"1476\" data-end=\"1541\">la suspension des salaires des 36 151 agents non recens\u00e9s ;<\/p>\n<\/li>\n<li data-start=\"1542\" data-end=\"1642\">\n<p data-start=\"1544\" data-end=\"1642\">la suspension des salaires des agents pr\u00e9sentant des doublons parmi les 122 166 enregistr\u00e9s.<\/p>\n<\/li>\n<\/ul>\n<p data-start=\"1644\" data-end=\"1890\">Cette suspension prendra effet d\u00e8s septembre 2025. Toutefois, une p\u00e9riode de r\u00e9gularisation de trois mois est accord\u00e9e. Pass\u00e9 ce d\u00e9lai, la suspension pourrait devenir d\u00e9finitive pour les agents n\u2019ayant pas r\u00e9gularis\u00e9 leur situation.<\/p>\n<h4 data-start=\"1892\" data-end=\"1927\">Une volont\u00e9 d\u2019assainissement<\/h4>\n<p data-start=\"1928\" data-end=\"2241\">Les autorit\u00e9s maliennes pr\u00e9sentent cette op\u00e9ration comme une \u00e9tape cl\u00e9 dans la lutte contre la fraude et les irr\u00e9gularit\u00e9s dans la gestion des ressources humaines. L\u2019objectif est de r\u00e9duire les charges inutiles sur le budget national, d\u2019assurer une meilleure transparence et d\u2019optimiser la gouvernance publique.<\/p>\n<p data-start=\"2243\" data-end=\"2466\">Cette d\u00e9cision, qui touche pr\u00e8s d\u2019un quart de l\u2019effectif d\u00e9clar\u00e9 de la fonction publique, pourrait cependant susciter des contestations, notamment de la part de syndicats ou d\u2019agents estimant avoir \u00e9t\u00e9 injustement radi\u00e9s.<\/p>\n<div class='share-to-whatsapp-wrapper'><div class='share-on-whsp'>PARTAGER SUR : <\/div><a data-text='MALI -\u00a0 Plus de 36 000 fonctionnaires priv\u00e9s de salaire apr\u00e8s le recensement biom\u00e9trique' data-link='https:\/\/www.nettali.com\/2025\/08\/28\/mali-plus-de-36-000-fonctionnaires-prives-de-salaire-apres-le-recensement-biometrique\/' class='whatsapp-button whatsapp-share'>WhatsApp<\/a><div class='clear '><\/div><\/div>","protected":false},"excerpt":{"rendered":"<p>NETTALI.COM - Le minist\u00e8re malien de l\u2019\u00c9conomie et des Finances a annonc\u00e9, ce 26 ao\u00fbt 2025, une d\u00e9cision d\u2019ampleur : 36 151 agents publics verront leurs salaires suspendus d\u00e8s septembre. Cette mesure, qui d\u00e9coule d\u2019un vaste recensement biom\u00e9trique men\u00e9 dans le cadre du Syst\u00e8me int\u00e9gr\u00e9 de gestion des ressources humaines (SIGRH), s\u2019inscrit dans la volont\u00e9 [&hellip;]<\/p>\n","protected":false},"author":4,"featured_media":122097,"comment_status":"open","ping_status":"open","sticky":false,"template":"","format":"standard","meta":{"_et_pb_use_builder":"","_et_pb_old_content":""},"categories":[2],"tags":[],"yoast_head":"<!-- This site is optimized with the Yoast SEO Premium plugin v17.8 (Yoast SEO v17.8) - https:\/\/yoast.com\/wordpress\/plugins\/seo\/ -->\n<title>MALI -\u00a0 Plus de 36 000 fonctionnaires priv\u00e9s de salaire apr\u00e8s le recensement biom\u00e9trique | Nettali.com<\/title>\n<meta name=\"robots\" content=\"index, follow, max-snippet:-1, max-image-preview:large, max-video-preview:-1\" \/>\n<link rel=\"canonical\" href=\"https:\/\/www.nettali.com\/2025\/08\/28\/mali-plus-de-36-000-fonctionnaires-prives-de-salaire-apres-le-recensement-biometrique\/\" \/>\n<meta property=\"og:locale\" content=\"fr_FR\" \/>\n<meta property=\"og:type\" content=\"article\" \/>\n<meta property=\"og:title\" content=\"MALI -\u00a0 Plus de 36 000 fonctionnaires priv\u00e9s de salaire apr\u00e8s le recensement biom\u00e9trique\" \/>\n<meta property=\"og:description\" content=\"NETTALI.COM - Le minist\u00e8re malien de l\u2019\u00c9conomie et des Finances a annonc\u00e9, ce 26 ao\u00fbt 2025, une d\u00e9cision d\u2019ampleur : 36 151 agents publics verront leurs salaires suspendus d\u00e8s septembre. Cette mesure, qui d\u00e9coule d\u2019un vaste recensement biom\u00e9trique men\u00e9 dans le cadre du Syst\u00e8me int\u00e9gr\u00e9 de gestion des ressources humaines (SIGRH), s\u2019inscrit dans la volont\u00e9 [&hellip;]\" \/>\n<meta property=\"og:url\" content=\"https:\/\/www.nettali.com\/2025\/08\/28\/mali-plus-de-36-000-fonctionnaires-prives-de-salaire-apres-le-recensement-biometrique\/\" \/>\n<meta property=\"og:site_name\" content=\"Nettali.com\" \/>\n<meta property=\"article:publisher\" content=\"https:\/\/www.facebook.com\/nettalicom\" \/>\n<meta property=\"article:published_time\" content=\"2025-08-28T06:23:56+00:00\" \/>\n<meta property=\"og:image\" content=\"https:\/\/www.nettali.com\/wp-content\/uploads\/2023\/11\/0706Assimi-Goi\u0308ta.jpg\" \/>\n\t<meta property=\"og:image:width\" content=\"1280\" \/>\n\t<meta property=\"og:image:height\" content=\"720\" \/>\n<meta name=\"twitter:card\" content=\"summary_large_image\" \/>\n<meta name=\"twitter:label1\" content=\"\u00c9crit par\" \/>\n\t<meta name=\"twitter:data1\" content=\"Daouda\" \/>\n\t<meta name=\"twitter:label2\" content=\"Dur\u00e9e de lecture estim\u00e9e\" \/>\n\t<meta name=\"twitter:data2\" content=\"2 minutes\" \/>\n<script type=\"application\/ld+json\" class=\"yoast-schema-graph\">{\"@context\":\"https:\/\/schema.org\",\"@graph\":[{\"@type\":\"WebSite\",\"@id\":\"https:\/\/www.nettali.com\/#website\",\"url\":\"https:\/\/www.nettali.com\/\",\"name\":\"Nettali.com\",\"description\":\"Le rendez-vous critique du Net\",\"potentialAction\":[{\"@type\":\"SearchAction\",\"target\":{\"@type\":\"EntryPoint\",\"urlTemplate\":\"https:\/\/www.nettali.com\/?s={search_term_string}\"},\"query-input\":\"required name=search_term_string\"}],\"inLanguage\":\"fr-FR\"},{\"@type\":\"ImageObject\",\"@id\":\"https:\/\/www.nettali.com\/2025\/08\/28\/mali-plus-de-36-000-fonctionnaires-prives-de-salaire-apres-le-recensement-biometrique\/#primaryimage\",\"inLanguage\":\"fr-FR\",\"url\":\"https:\/\/www.nettali.com\/wp-content\/uploads\/2023\/11\/0706Assimi-Goi\\u0308ta.jpg\",\"contentUrl\":\"https:\/\/www.nettali.com\/wp-content\/uploads\/2023\/11\/0706Assimi-Goi\\u0308ta.jpg\",\"width\":1280,\"height\":720},{\"@type\":\"WebPage\",\"@id\":\"https:\/\/www.nettali.com\/2025\/08\/28\/mali-plus-de-36-000-fonctionnaires-prives-de-salaire-apres-le-recensement-biometrique\/#webpage\",\"url\":\"https:\/\/www.nettali.com\/2025\/08\/28\/mali-plus-de-36-000-fonctionnaires-prives-de-salaire-apres-le-recensement-biometrique\/\",\"name\":\"MALI -\\u00a0 Plus de 36 000 fonctionnaires priv\\u00e9s de salaire apr\\u00e8s le recensement biom\\u00e9trique | Nettali.com\",\"isPartOf\":{\"@id\":\"https:\/\/www.nettali.com\/#website\"},\"primaryImageOfPage\":{\"@id\":\"https:\/\/www.nettali.com\/2025\/08\/28\/mali-plus-de-36-000-fonctionnaires-prives-de-salaire-apres-le-recensement-biometrique\/#primaryimage\"},\"datePublished\":\"2025-08-28T06:23:56+00:00\",\"dateModified\":\"2025-08-28T06:23:56+00:00\",\"author\":{\"@id\":\"https:\/\/www.nettali.com\/#\/schema\/person\/3317e0bb3aa1da309fbf7b2780901bf4\"},\"breadcrumb\":{\"@id\":\"https:\/\/www.nettali.com\/2025\/08\/28\/mali-plus-de-36-000-fonctionnaires-prives-de-salaire-apres-le-recensement-biometrique\/#breadcrumb\"},\"inLanguage\":\"fr-FR\",\"potentialAction\":[{\"@type\":\"ReadAction\",\"target\":[\"https:\/\/www.nettali.com\/2025\/08\/28\/mali-plus-de-36-000-fonctionnaires-prives-de-salaire-apres-le-recensement-biometrique\/\"]}]},{\"@type\":\"BreadcrumbList\",\"@id\":\"https:\/\/www.nettali.com\/2025\/08\/28\/mali-plus-de-36-000-fonctionnaires-prives-de-salaire-apres-le-recensement-biometrique\/#breadcrumb\",\"itemListElement\":[{\"@type\":\"ListItem\",\"position\":1,\"name\":\"Accueil\",\"item\":\"https:\/\/www.nettali.com\/\"},{\"@type\":\"ListItem\",\"position\":2,\"name\":\"MALI -\\u00a0 Plus de 36 000 fonctionnaires priv\\u00e9s de salaire apr\\u00e8s le recensement biom\\u00e9trique\"}]},{\"@type\":\"Person\",\"@id\":\"https:\/\/www.nettali.com\/#\/schema\/person\/3317e0bb3aa1da309fbf7b2780901bf4\",\"name\":\"Daouda\",\"image\":{\"@type\":\"ImageObject\",\"@id\":\"https:\/\/www.nettali.com\/#personlogo\",\"inLanguage\":\"fr-FR\",\"url\":\"https:\/\/secure.gravatar.com\/avatar\/8d143b5a49345098ddcfee1c49c2f47c?s=96&d=mm&r=g\",\"contentUrl\":\"https:\/\/secure.gravatar.com\/avatar\/8d143b5a49345098ddcfee1c49c2f47c?s=96&d=mm&r=g\",\"caption\":\"Daouda\"},\"sameAs\":[\"https:\/\/www.nettali.com\"]}]}<\/script>\n<!-- \/ Yoast SEO Premium plugin. -->","yoast_head_json":{"title":"MALI -\u00a0 Plus de 36 000 fonctionnaires priv\u00e9s de salaire apr\u00e8s le recensement biom\u00e9trique | Nettali.com","robots":{"index":"index","follow":"follow","max-snippet":"max-snippet:-1","max-image-preview":"max-image-preview:large","max-video-preview":"max-video-preview:-1"},"canonical":"https:\/\/www.nettali.com\/2025\/08\/28\/mali-plus-de-36-000-fonctionnaires-prives-de-salaire-apres-le-recensement-biometrique\/","og_locale":"fr_FR","og_type":"article","og_title":"MALI -\u00a0 Plus de 36 000 fonctionnaires priv\u00e9s de salaire apr\u00e8s le recensement biom\u00e9trique","og_description":"NETTALI.COM - Le minist\u00e8re malien de l\u2019\u00c9conomie et des Finances a annonc\u00e9, ce 26 ao\u00fbt 2025, une d\u00e9cision d\u2019ampleur : 36 151 agents publics verront leurs salaires suspendus d\u00e8s septembre. Cette mesure, qui d\u00e9coule d\u2019un vaste recensement biom\u00e9trique men\u00e9 dans le cadre du Syst\u00e8me int\u00e9gr\u00e9 de gestion des ressources humaines (SIGRH), s\u2019inscrit dans la volont\u00e9 [&hellip;]","og_url":"https:\/\/www.nettali.com\/2025\/08\/28\/mali-plus-de-36-000-fonctionnaires-prives-de-salaire-apres-le-recensement-biometrique\/","og_site_name":"Nettali.com","article_publisher":"https:\/\/www.facebook.com\/nettalicom","article_published_time":"2025-08-28T06:23:56+00:00","og_image":[{"width":1280,"height":720,"url":"https:\/\/www.nettali.com\/wp-content\/uploads\/2023\/11\/0706Assimi-Goi\u0308ta.jpg","type":"image\/jpeg"}],"twitter_card":"summary_large_image","twitter_misc":{"\u00c9crit par":"Daouda","Dur\u00e9e de lecture estim\u00e9e":"2 minutes"},"schema":{"@context":"https:\/\/schema.org","@graph":[{"@type":"WebSite","@id":"https:\/\/www.nettali.com\/#website","url":"https:\/\/www.nettali.com\/","name":"Nettali.com","description":"Le rendez-vous critique du Net","potentialAction":[{"@type":"SearchAction","target":{"@type":"EntryPoint","urlTemplate":"https:\/\/www.nettali.com\/?s={search_term_string}"},"query-input":"required name=search_term_string"}],"inLanguage":"fr-FR"},{"@type":"ImageObject","@id":"https:\/\/www.nettali.com\/2025\/08\/28\/mali-plus-de-36-000-fonctionnaires-prives-de-salaire-apres-le-recensement-biometrique\/#primaryimage","inLanguage":"fr-FR","url":"https:\/\/www.nettali.com\/wp-content\/uploads\/2023\/11\/0706Assimi-Goi\u0308ta.jpg","contentUrl":"https:\/\/www.nettali.com\/wp-content\/uploads\/2023\/11\/0706Assimi-Goi\u0308ta.jpg","width":1280,"height":720},{"@type":"WebPage","@id":"https:\/\/www.nettali.com\/2025\/08\/28\/mali-plus-de-36-000-fonctionnaires-prives-de-salaire-apres-le-recensement-biometrique\/#webpage","url":"https:\/\/www.nettali.com\/2025\/08\/28\/mali-plus-de-36-000-fonctionnaires-prives-de-salaire-apres-le-recensement-biometrique\/","name":"MALI -\u00a0 Plus de 36 000 fonctionnaires priv\u00e9s de salaire apr\u00e8s le recensement biom\u00e9trique | Nettali.com","isPartOf":{"@id":"https:\/\/www.nettali.com\/#website"},"primaryImageOfPage":{"@id":"https:\/\/www.nettali.com\/2025\/08\/28\/mali-plus-de-36-000-fonctionnaires-prives-de-salaire-apres-le-recensement-biometrique\/#primaryimage"},"datePublished":"2025-08-28T06:23:56+00:00","dateModified":"2025-08-28T06:23:56+00:00","author":{"@id":"https:\/\/www.nettali.com\/#\/schema\/person\/3317e0bb3aa1da309fbf7b2780901bf4"},"breadcrumb":{"@id":"https:\/\/www.nettali.com\/2025\/08\/28\/mali-plus-de-36-000-fonctionnaires-prives-de-salaire-apres-le-recensement-biometrique\/#breadcrumb"},"inLanguage":"fr-FR","potentialAction":[{"@type":"ReadAction","target":["https:\/\/www.nettali.com\/2025\/08\/28\/mali-plus-de-36-000-fonctionnaires-prives-de-salaire-apres-le-recensement-biometrique\/"]}]},{"@type":"BreadcrumbList","@id":"https:\/\/www.nettali.com\/2025\/08\/28\/mali-plus-de-36-000-fonctionnaires-prives-de-salaire-apres-le-recensement-biometrique\/#breadcrumb","itemListElement":[{"@type":"ListItem","position":1,"name":"Accueil","item":"https:\/\/www.nettali.com\/"},{"@type":"ListItem","position":2,"name":"MALI -\u00a0 Plus de 36 000 fonctionnaires priv\u00e9s de salaire apr\u00e8s le recensement biom\u00e9trique"}]},{"@type":"Person","@id":"https:\/\/www.nettali.com\/#\/schema\/person\/3317e0bb3aa1da309fbf7b2780901bf4","name":"Daouda","image":{"@type":"ImageObject","@id":"https:\/\/www.nettali.com\/#personlogo","inLanguage":"fr-FR","url":"https:\/\/secure.gravatar.com\/avatar\/8d143b5a49345098ddcfee1c49c2f47c?s=96&d=mm&r=g","contentUrl":"https:\/\/secure.gravatar.com\/avatar\/8d143b5a49345098ddcfee1c49c2f47c?s=96&d=mm&r=g","caption":"Daouda"},"sameAs":["https:\/\/www.nettali.com"]}]}},"_links":{"self":[{"href":"https:\/\/www.nettali.com\/rest\/wp\/v2\/posts\/160222"}],"collection":[{"href":"https:\/\/www.nettali.com\/rest\/wp\/v2\/posts"}],"about":[{"href":"https:\/\/www.nettali.com\/rest\/wp\/v2\/types\/post"}],"author":[{"embeddable":true,"href":"https:\/\/www.nettali.com\/rest\/wp\/v2\/users\/4"}],"replies":[{"embeddable":true,"href":"https:\/\/www.nettali.com\/rest\/wp\/v2\/comments?post=160222"}],"version-history":[{"count":1,"href":"https:\/\/www.nettali.com\/rest\/wp\/v2\/posts\/160222\/revisions"}],"predecessor-version":[{"id":160223,"href":"https:\/\/www.nettali.com\/rest\/wp\/v2\/posts\/160222\/revisions\/160223"}],"wp:featuredmedia":[{"embeddable":true,"href":"https:\/\/www.nettali.com\/rest\/wp\/v2\/media\/122097"}],"wp:attachment":[{"href":"https:\/\/www.nettali.com\/rest\/wp\/v2\/media?parent=160222"}],"wp:term":[{"taxonomy":"category","embeddable":true,"href":"https:\/\/www.nettali.com\/rest\/wp\/v2\/categories?post=160222"},{"taxonomy":"post_tag","embeddable":true,"href":"https:\/\/www.nettali.com\/rest\/wp\/v2\/tags?post=160222"}],"curies":[{"name":"wp","href":"https:\/\/api.w.org\/{rel}","templated":true}]}}