{"id":160219,"date":"2025-08-28T06:20:41","date_gmt":"2025-08-28T06:20:41","guid":{"rendered":"https:\/\/www.nettali.com\/?p=160219"},"modified":"2025-08-28T21:26:34","modified_gmt":"2025-08-28T21:26:34","slug":"diomaye-aux-patrons-francais-le-senegal-vous-offre-un-marche-en-expansion","status":"publish","type":"post","link":"https:\/\/www.nettali.com\/2025\/08\/28\/diomaye-aux-patrons-francais-le-senegal-vous-offre-un-marche-en-expansion\/","title":{"rendered":"INVITE DU MEDEF \/ TETE A TETE AVEC MACRON - L'heure de la relance S\u00e9n\u00e9gal-France"},"content":{"rendered":"<p data-start=\"211\" data-end=\"542\"><strong>NETTALI.COM - Apr\u00e8s plusieurs rendez-vous manqu\u00e9s en 2024, le t\u00eate-\u00e0-t\u00eate Diomaye-Macron confirme l\u2019engagement des du S\u00e9n\u00e9gal et de la France sur la voie de la relance. Invit\u00e9 sp\u00e9cial de la 7\u1d49 \u00e9dition de la <em data-start=\"249\" data-end=\"288\">Rencontre des Entrepreneurs de France<\/em> (REF), le pr\u00e9sident Bassirou Diomaye Faye a livr\u00e9, le mercredi 27 Ao\u00fbt, un discours offensif et ambitieux devant les chefs d\u2019entreprises fran\u00e7ais. Objectif : convaincre de miser sur le S\u00e9n\u00e9gal, pr\u00e9sent\u00e9 comme une destination d\u2019investissement s\u00fbre et comp\u00e9titive.\u00a0<\/strong><\/p>\n<p data-start=\"211\" data-end=\"542\">C'est une nouvelle \u00e9tape dans les relations entre la France et le S\u00e9n\u00e9gal. Apr\u00e8s avoir fait faux bond \u00e0 son homologue fran\u00e7ais, lors de la c\u00e9l\u00e9bration des 80 ans du d\u00e9barquement de Provence l\u2019ann\u00e9e derni\u00e8re, puis au Sommet de la Francophonie, le pr\u00e9sident Bassirou Diomaye Faye retourne \u00e0 Paris, dans le cadre de la Rencontre des entrepreneurs de France, o\u00f9 le S\u00e9n\u00e9gal a \u00e9t\u00e9 choisi comme invit\u00e9 sp\u00e9cial.<\/p>\n<p data-start=\"211\" data-end=\"542\">Dans son agenda, un petit-d\u00e9jeuner avec le pr\u00e9sident Emmanuel Macron pour aborder plusieurs sujets, dont les questions \u00e9conomiques, m\u00e9morielles, s\u00e9curitaires, du Sommet Afrique-France de 2026\u2026<\/p>\n<p data-start=\"211\" data-end=\"542\">Sur son compte X, le pr\u00e9sident Faye se r\u00e9jouit : \u201cCe petit-d\u00e9jeuner nous a permis d\u2019\u00e9changer sur la revue du portefeuille de nos programmes de coop\u00e9ration et de r\u00e9affirmer notre volont\u00e9 commune de renforcer la relation bilat\u00e9rale dans des domaines tels que l'investissement, le commerce, la d\u00e9fense et la s\u00e9curit\u00e9.\u201d<\/p>\n<p data-start=\"211\" data-end=\"542\">La revue de cette coop\u00e9ration, souligne Bassirou Diomaye Faye, sera parmi les points \u00e0 l\u2019ordre du jour du prochain s\u00e9minaire intergouvernemental entre nos deux pays. De son c\u00f4t\u00e9, le pr\u00e9sident fran\u00e7ais a \u00e9voqu\u00e9 un excellent entretien avec son homologue. \u201c<em>Nous avons travaill\u00e9 au renouvellement de notre partenariat, dans la continuit\u00e9 de nos diff\u00e9rents entretiens. Questions \u00e9conomiques, m\u00e9morielles, internationales, de s\u00e9curit\u00e9, pr\u00e9paration du Sommet Afrique-France de 2026, autant de sujets sur lesquels nous travaillons \u00e9troitement avec le S\u00e9n\u00e9gal au service du rapprochement entre nos deux pays. Nous voulons avancer ensemble, de fa\u00e7on concr\u00e8te sur notre agenda commun, notamment \u00e9conomique<\/em>\u201d, a comment\u00e9 le pr\u00e9sident fran\u00e7ais.<\/p>\n<p data-start=\"211\" data-end=\"542\"><strong>Diomaye Faye, aux patrons fran\u00e7ais <\/strong><\/p>\n<p data-start=\"211\" data-end=\"542\">Face aux entrepreneurs fran\u00e7ais, le pr\u00e9sident a salu\u00e9 le choix du S\u00e9n\u00e9gal comme invit\u00e9 sp\u00e9cial de cette ann\u00e9e. Ce choix, selon lui, n\u2019est pas anodin. \u201cI<em>l refl\u00e8te le souvenir d\u2019une histoire ancienne et la volont\u00e9 partag\u00e9e d\u2019aller plus loin. C\u2019est le sens de ma pr\u00e9sence ici parmi vous pour continuer le chemin en nous d\u00e9lestant des pesanteurs de l\u2019histoire, pour dialoguer, surmonter les obstacles et b\u00e2tir ensemble les fondements d\u2019un partenariat novateur et mutuellement b\u00e9n\u00e9fique<\/em>\u201d, a-t-il plaid\u00e9.<\/p>\n<p data-start=\"211\" data-end=\"542\">Le S\u00e9n\u00e9gal, dit-il, reste un pays ouvert \u00e0 tous les partenariats et s\u2019\u00e9vertue \u00e0 instaurer un environnement des affaires stable, pr\u00e9visible, propice \u00e0 la s\u00e9curit\u00e9 et \u00e0 la protection de l\u2019investissement. Pour lui, les entreprises fran\u00e7aises y ont toute leur place. \u201c<em>Avec le pr\u00e9sident Emmanuel Macron, nous avons convenu de donner une impulsion nouvelle \u00e0 la coop\u00e9ration entre nos deux pays. Sans cette ambition, nous ne pourrons rien r\u00e9aliser ensemble. Et cette ambition, nous ne pouvons la r\u00e9aliser qu\u2019avec le secteur priv\u00e9<\/em>\u201d, a soutenu le pr\u00e9sident de la R\u00e9publique Bassirou Diomaye Faye.<\/p>\n<p data-start=\"544\" data-end=\"841\"><em>\u00ab C\u2019est le temps pour vous de jouer le jeu d\u00e9cisif. Et dans vos choix les plus \u00e9clair\u00e9s, portez le regard vers le S\u00e9n\u00e9gal<\/em> \u00bb, a-t-il lanc\u00e9, en pr\u00e9sentant les contours de la strat\u00e9gie \u00ab S\u00e9n\u00e9gal 2050 \u00bb, qui place l\u2019investissement priv\u00e9 et les partenariats public-priv\u00e9 au c\u0153ur du d\u00e9veloppement.<\/p>\n<p data-start=\"843\" data-end=\"909\">Le chef de l\u2019\u00c9tat a annonc\u00e9 la r\u00e9vision de trois codes majeurs :<\/p>\n<ul data-start=\"910\" data-end=\"1183\">\n<li data-start=\"910\" data-end=\"1005\">\n<p data-start=\"912\" data-end=\"1005\">Code des investissements, avec des incitations cibl\u00e9es pour les secteurs strat\u00e9giques ;<\/p>\n<\/li>\n<li data-start=\"1006\" data-end=\"1084\">\n<p data-start=\"1008\" data-end=\"1084\">Code g\u00e9n\u00e9ral des imp\u00f4ts, pour plus de lisibilit\u00e9 et de comp\u00e9titivit\u00e9 ;<\/p>\n<\/li>\n<li data-start=\"1085\" data-end=\"1183\">\n<p data-start=\"1087\" data-end=\"1183\">Code des douanes, afin de moderniser le cadre juridique et r\u00e9pondre aux d\u00e9fis \u00e9conomiques.<\/p>\n<\/li>\n<\/ul>\n<p data-start=\"1185\" data-end=\"1481\">Ces r\u00e9formes visent \u00e0 all\u00e9ger la fiscalit\u00e9, simplifier les proc\u00e9dures et am\u00e9liorer le climat des affaires. Elles seront accompagn\u00e9es de la digitalisation via le guichet unique de l\u2019Apix, de la facilitation de l\u2019acc\u00e8s au foncier productif et de la s\u00e9curisation des partenariats public-priv\u00e9.<\/p>\n<p data-start=\"1483\" data-end=\"1674\">La lutte contre la corruption a \u00e9galement \u00e9t\u00e9 mise en avant : <em>\u00ab L\u2019objectif est d\u2019uniformiser les r\u00e8gles du jeu pour les entreprises avec une concurrence plus saine \u00bb<\/em>, a assur\u00e9 Diomaye Faye.<\/p>\n<p data-start=\"1676\" data-end=\"1891\">\u00c9voquant les atouts \u00e9nerg\u00e9tiques, il a rappel\u00e9 que le S\u00e9n\u00e9gal dispose de capacit\u00e9s en constante hausse, avec une part croissante des renouvelables et l\u2019entr\u00e9e en production des gisements p\u00e9troliers et gaziers.<\/p>\n<p data-start=\"1893\" data-end=\"2173\">En conclusion, le pr\u00e9sident a r\u00e9sum\u00e9 son message en une formule claire : <em>\u00ab Le S\u00e9n\u00e9gal vous offre un march\u00e9 en expansion, une stabilit\u00e9 politique reconnue, un environnement juridique en pleine modernisation et des opportunit\u00e9s dans des secteurs strat\u00e9giques \u00e0 fort potentiel. \u00bb<\/em><\/p>\n<div class='share-to-whatsapp-wrapper'><div class='share-on-whsp'>PARTAGER SUR : <\/div><a data-text='INVITE DU MEDEF \/ TETE A TETE AVEC MACRON - L'heure de la relance S\u00e9n\u00e9gal-France' data-link='https:\/\/www.nettali.com\/2025\/08\/28\/diomaye-aux-patrons-francais-le-senegal-vous-offre-un-marche-en-expansion\/' class='whatsapp-button whatsapp-share'>WhatsApp<\/a><div class='clear '><\/div><\/div>","protected":false},"excerpt":{"rendered":"<p>NETTALI.COM - Apr\u00e8s plusieurs rendez-vous manqu\u00e9s en 2024, le t\u00eate-\u00e0-t\u00eate Diomaye-Macron confirme l\u2019engagement des du S\u00e9n\u00e9gal et de la France sur la voie de la relance. Invit\u00e9 sp\u00e9cial de la 7\u1d49 \u00e9dition de la Rencontre des Entrepreneurs de France (REF), le pr\u00e9sident Bassirou Diomaye Faye a livr\u00e9, le mercredi 27 Ao\u00fbt, un discours offensif et [&hellip;]<\/p>\n","protected":false},"author":4,"featured_media":160220,"comment_status":"open","ping_status":"open","sticky":false,"template":"","format":"standard","meta":{"_et_pb_use_builder":"","_et_pb_old_content":""},"categories":[2],"tags":[],"yoast_head":"<!-- This site is optimized with the Yoast SEO Premium plugin v17.8 (Yoast SEO v17.8) - https:\/\/yoast.com\/wordpress\/plugins\/seo\/ -->\n<title>INVITE DU MEDEF \/ TETE A TETE AVEC MACRON - L&#039;heure de la relance S\u00e9n\u00e9gal-France | Nettali.com<\/title>\n<meta name=\"robots\" content=\"index, follow, max-snippet:-1, max-image-preview:large, max-video-preview:-1\" \/>\n<link rel=\"canonical\" href=\"https:\/\/www.nettali.com\/2025\/08\/28\/diomaye-aux-patrons-francais-le-senegal-vous-offre-un-marche-en-expansion\/\" \/>\n<meta property=\"og:locale\" content=\"fr_FR\" \/>\n<meta property=\"og:type\" content=\"article\" \/>\n<meta property=\"og:title\" content=\"INVITE DU MEDEF \/ TETE A TETE AVEC MACRON - L&#039;heure de la relance S\u00e9n\u00e9gal-France\" \/>\n<meta property=\"og:description\" content=\"NETTALI.COM - Apr\u00e8s plusieurs rendez-vous manqu\u00e9s en 2024, le t\u00eate-\u00e0-t\u00eate Diomaye-Macron confirme l\u2019engagement des du S\u00e9n\u00e9gal et de la France sur la voie de la relance. Invit\u00e9 sp\u00e9cial de la 7\u1d49 \u00e9dition de la Rencontre des Entrepreneurs de France (REF), le pr\u00e9sident Bassirou Diomaye Faye a livr\u00e9, le mercredi 27 Ao\u00fbt, un discours offensif et [&hellip;]\" \/>\n<meta property=\"og:url\" content=\"https:\/\/www.nettali.com\/2025\/08\/28\/diomaye-aux-patrons-francais-le-senegal-vous-offre-un-marche-en-expansion\/\" \/>\n<meta property=\"og:site_name\" content=\"Nettali.com\" \/>\n<meta property=\"article:publisher\" content=\"https:\/\/www.facebook.com\/nettalicom\" \/>\n<meta property=\"article:published_time\" content=\"2025-08-28T06:20:41+00:00\" \/>\n<meta property=\"article:modified_time\" content=\"2025-08-28T21:26:34+00:00\" \/>\n<meta property=\"og:image\" content=\"https:\/\/www.nettali.com\/wp-content\/uploads\/2025\/08\/Diomaye-Faye-et-Macron.jpg\" \/>\n\t<meta property=\"og:image:width\" content=\"1200\" \/>\n\t<meta property=\"og:image:height\" content=\"803\" \/>\n<meta name=\"twitter:card\" content=\"summary_large_image\" \/>\n<meta name=\"twitter:label1\" content=\"\u00c9crit par\" \/>\n\t<meta name=\"twitter:data1\" content=\"Daouda\" \/>\n\t<meta name=\"twitter:label2\" content=\"Dur\u00e9e de lecture estim\u00e9e\" \/>\n\t<meta name=\"twitter:data2\" content=\"3 minutes\" \/>\n<script type=\"application\/ld+json\" class=\"yoast-schema-graph\">{\"@context\":\"https:\/\/schema.org\",\"@graph\":[{\"@type\":\"WebSite\",\"@id\":\"https:\/\/www.nettali.com\/#website\",\"url\":\"https:\/\/www.nettali.com\/\",\"name\":\"Nettali.com\",\"description\":\"Le rendez-vous critique du Net\",\"potentialAction\":[{\"@type\":\"SearchAction\",\"target\":{\"@type\":\"EntryPoint\",\"urlTemplate\":\"https:\/\/www.nettali.com\/?s={search_term_string}\"},\"query-input\":\"required name=search_term_string\"}],\"inLanguage\":\"fr-FR\"},{\"@type\":\"ImageObject\",\"@id\":\"https:\/\/www.nettali.com\/2025\/08\/28\/diomaye-aux-patrons-francais-le-senegal-vous-offre-un-marche-en-expansion\/#primaryimage\",\"inLanguage\":\"fr-FR\",\"url\":\"https:\/\/www.nettali.com\/wp-content\/uploads\/2025\/08\/Diomaye-Faye-et-Macron.jpg\",\"contentUrl\":\"https:\/\/www.nettali.com\/wp-content\/uploads\/2025\/08\/Diomaye-Faye-et-Macron.jpg\",\"width\":1200,\"height\":803},{\"@type\":\"WebPage\",\"@id\":\"https:\/\/www.nettali.com\/2025\/08\/28\/diomaye-aux-patrons-francais-le-senegal-vous-offre-un-marche-en-expansion\/#webpage\",\"url\":\"https:\/\/www.nettali.com\/2025\/08\/28\/diomaye-aux-patrons-francais-le-senegal-vous-offre-un-marche-en-expansion\/\",\"name\":\"INVITE DU MEDEF \/ TETE A TETE AVEC MACRON - L'heure de la relance S\\u00e9n\\u00e9gal-France | Nettali.com\",\"isPartOf\":{\"@id\":\"https:\/\/www.nettali.com\/#website\"},\"primaryImageOfPage\":{\"@id\":\"https:\/\/www.nettali.com\/2025\/08\/28\/diomaye-aux-patrons-francais-le-senegal-vous-offre-un-marche-en-expansion\/#primaryimage\"},\"datePublished\":\"2025-08-28T06:20:41+00:00\",\"dateModified\":\"2025-08-28T21:26:34+00:00\",\"author\":{\"@id\":\"https:\/\/www.nettali.com\/#\/schema\/person\/3317e0bb3aa1da309fbf7b2780901bf4\"},\"breadcrumb\":{\"@id\":\"https:\/\/www.nettali.com\/2025\/08\/28\/diomaye-aux-patrons-francais-le-senegal-vous-offre-un-marche-en-expansion\/#breadcrumb\"},\"inLanguage\":\"fr-FR\",\"potentialAction\":[{\"@type\":\"ReadAction\",\"target\":[\"https:\/\/www.nettali.com\/2025\/08\/28\/diomaye-aux-patrons-francais-le-senegal-vous-offre-un-marche-en-expansion\/\"]}]},{\"@type\":\"BreadcrumbList\",\"@id\":\"https:\/\/www.nettali.com\/2025\/08\/28\/diomaye-aux-patrons-francais-le-senegal-vous-offre-un-marche-en-expansion\/#breadcrumb\",\"itemListElement\":[{\"@type\":\"ListItem\",\"position\":1,\"name\":\"Accueil\",\"item\":\"https:\/\/www.nettali.com\/\"},{\"@type\":\"ListItem\",\"position\":2,\"name\":\"INVITE DU MEDEF \/ TETE A TETE AVEC MACRON - L'heure de la relance S\\u00e9n\\u00e9gal-France\"}]},{\"@type\":\"Person\",\"@id\":\"https:\/\/www.nettali.com\/#\/schema\/person\/3317e0bb3aa1da309fbf7b2780901bf4\",\"name\":\"Daouda\",\"image\":{\"@type\":\"ImageObject\",\"@id\":\"https:\/\/www.nettali.com\/#personlogo\",\"inLanguage\":\"fr-FR\",\"url\":\"https:\/\/secure.gravatar.com\/avatar\/8d143b5a49345098ddcfee1c49c2f47c?s=96&d=mm&r=g\",\"contentUrl\":\"https:\/\/secure.gravatar.com\/avatar\/8d143b5a49345098ddcfee1c49c2f47c?s=96&d=mm&r=g\",\"caption\":\"Daouda\"},\"sameAs\":[\"https:\/\/www.nettali.com\"]}]}<\/script>\n<!-- \/ Yoast SEO Premium plugin. -->","yoast_head_json":{"title":"INVITE DU MEDEF \/ TETE A TETE AVEC MACRON - L'heure de la relance S\u00e9n\u00e9gal-France | Nettali.com","robots":{"index":"index","follow":"follow","max-snippet":"max-snippet:-1","max-image-preview":"max-image-preview:large","max-video-preview":"max-video-preview:-1"},"canonical":"https:\/\/www.nettali.com\/2025\/08\/28\/diomaye-aux-patrons-francais-le-senegal-vous-offre-un-marche-en-expansion\/","og_locale":"fr_FR","og_type":"article","og_title":"INVITE DU MEDEF \/ TETE A TETE AVEC MACRON - L'heure de la relance S\u00e9n\u00e9gal-France","og_description":"NETTALI.COM - Apr\u00e8s plusieurs rendez-vous manqu\u00e9s en 2024, le t\u00eate-\u00e0-t\u00eate Diomaye-Macron confirme l\u2019engagement des du S\u00e9n\u00e9gal et de la France sur la voie de la relance. Invit\u00e9 sp\u00e9cial de la 7\u1d49 \u00e9dition de la Rencontre des Entrepreneurs de France (REF), le pr\u00e9sident Bassirou Diomaye Faye a livr\u00e9, le mercredi 27 Ao\u00fbt, un discours offensif et [&hellip;]","og_url":"https:\/\/www.nettali.com\/2025\/08\/28\/diomaye-aux-patrons-francais-le-senegal-vous-offre-un-marche-en-expansion\/","og_site_name":"Nettali.com","article_publisher":"https:\/\/www.facebook.com\/nettalicom","article_published_time":"2025-08-28T06:20:41+00:00","article_modified_time":"2025-08-28T21:26:34+00:00","og_image":[{"width":1200,"height":803,"url":"https:\/\/www.nettali.com\/wp-content\/uploads\/2025\/08\/Diomaye-Faye-et-Macron.jpg","type":"image\/jpeg"}],"twitter_card":"summary_large_image","twitter_misc":{"\u00c9crit par":"Daouda","Dur\u00e9e de lecture estim\u00e9e":"3 minutes"},"schema":{"@context":"https:\/\/schema.org","@graph":[{"@type":"WebSite","@id":"https:\/\/www.nettali.com\/#website","url":"https:\/\/www.nettali.com\/","name":"Nettali.com","description":"Le rendez-vous critique du Net","potentialAction":[{"@type":"SearchAction","target":{"@type":"EntryPoint","urlTemplate":"https:\/\/www.nettali.com\/?s={search_term_string}"},"query-input":"required name=search_term_string"}],"inLanguage":"fr-FR"},{"@type":"ImageObject","@id":"https:\/\/www.nettali.com\/2025\/08\/28\/diomaye-aux-patrons-francais-le-senegal-vous-offre-un-marche-en-expansion\/#primaryimage","inLanguage":"fr-FR","url":"https:\/\/www.nettali.com\/wp-content\/uploads\/2025\/08\/Diomaye-Faye-et-Macron.jpg","contentUrl":"https:\/\/www.nettali.com\/wp-content\/uploads\/2025\/08\/Diomaye-Faye-et-Macron.jpg","width":1200,"height":803},{"@type":"WebPage","@id":"https:\/\/www.nettali.com\/2025\/08\/28\/diomaye-aux-patrons-francais-le-senegal-vous-offre-un-marche-en-expansion\/#webpage","url":"https:\/\/www.nettali.com\/2025\/08\/28\/diomaye-aux-patrons-francais-le-senegal-vous-offre-un-marche-en-expansion\/","name":"INVITE DU MEDEF \/ TETE A TETE AVEC MACRON - L'heure de la relance S\u00e9n\u00e9gal-France | Nettali.com","isPartOf":{"@id":"https:\/\/www.nettali.com\/#website"},"primaryImageOfPage":{"@id":"https:\/\/www.nettali.com\/2025\/08\/28\/diomaye-aux-patrons-francais-le-senegal-vous-offre-un-marche-en-expansion\/#primaryimage"},"datePublished":"2025-08-28T06:20:41+00:00","dateModified":"2025-08-28T21:26:34+00:00","author":{"@id":"https:\/\/www.nettali.com\/#\/schema\/person\/3317e0bb3aa1da309fbf7b2780901bf4"},"breadcrumb":{"@id":"https:\/\/www.nettali.com\/2025\/08\/28\/diomaye-aux-patrons-francais-le-senegal-vous-offre-un-marche-en-expansion\/#breadcrumb"},"inLanguage":"fr-FR","potentialAction":[{"@type":"ReadAction","target":["https:\/\/www.nettali.com\/2025\/08\/28\/diomaye-aux-patrons-francais-le-senegal-vous-offre-un-marche-en-expansion\/"]}]},{"@type":"BreadcrumbList","@id":"https:\/\/www.nettali.com\/2025\/08\/28\/diomaye-aux-patrons-francais-le-senegal-vous-offre-un-marche-en-expansion\/#breadcrumb","itemListElement":[{"@type":"ListItem","position":1,"name":"Accueil","item":"https:\/\/www.nettali.com\/"},{"@type":"ListItem","position":2,"name":"INVITE DU MEDEF \/ TETE A TETE AVEC MACRON - L'heure de la relance S\u00e9n\u00e9gal-France"}]},{"@type":"Person","@id":"https:\/\/www.nettali.com\/#\/schema\/person\/3317e0bb3aa1da309fbf7b2780901bf4","name":"Daouda","image":{"@type":"ImageObject","@id":"https:\/\/www.nettali.com\/#personlogo","inLanguage":"fr-FR","url":"https:\/\/secure.gravatar.com\/avatar\/8d143b5a49345098ddcfee1c49c2f47c?s=96&d=mm&r=g","contentUrl":"https:\/\/secure.gravatar.com\/avatar\/8d143b5a49345098ddcfee1c49c2f47c?s=96&d=mm&r=g","caption":"Daouda"},"sameAs":["https:\/\/www.nettali.com"]}]}},"_links":{"self":[{"href":"https:\/\/www.nettali.com\/rest\/wp\/v2\/posts\/160219"}],"collection":[{"href":"https:\/\/www.nettali.com\/rest\/wp\/v2\/posts"}],"about":[{"href":"https:\/\/www.nettali.com\/rest\/wp\/v2\/types\/post"}],"author":[{"embeddable":true,"href":"https:\/\/www.nettali.com\/rest\/wp\/v2\/users\/4"}],"replies":[{"embeddable":true,"href":"https:\/\/www.nettali.com\/rest\/wp\/v2\/comments?post=160219"}],"version-history":[{"count":5,"href":"https:\/\/www.nettali.com\/rest\/wp\/v2\/posts\/160219\/revisions"}],"predecessor-version":[{"id":160250,"href":"https:\/\/www.nettali.com\/rest\/wp\/v2\/posts\/160219\/revisions\/160250"}],"wp:featuredmedia":[{"embeddable":true,"href":"https:\/\/www.nettali.com\/rest\/wp\/v2\/media\/160220"}],"wp:attachment":[{"href":"https:\/\/www.nettali.com\/rest\/wp\/v2\/media?parent=160219"}],"wp:term":[{"taxonomy":"category","embeddable":true,"href":"https:\/\/www.nettali.com\/rest\/wp\/v2\/categories?post=160219"},{"taxonomy":"post_tag","embeddable":true,"href":"https:\/\/www.nettali.com\/rest\/wp\/v2\/tags?post=160219"}],"curies":[{"name":"wp","href":"https:\/\/api.w.org\/{rel}","templated":true}]}}