{"id":160216,"date":"2025-08-28T06:15:27","date_gmt":"2025-08-28T06:15:27","guid":{"rendered":"https:\/\/www.nettali.com\/?p=160216"},"modified":"2025-08-28T06:15:27","modified_gmt":"2025-08-28T06:15:27","slug":"deschamps-mbappe-est-en-forme","status":"publish","type":"post","link":"https:\/\/www.nettali.com\/2025\/08\/28\/deschamps-mbappe-est-en-forme\/","title":{"rendered":"DESCHAMPS - \"Mbapp\u00e9 est en forme\""},"content":{"rendered":"<p><strong>NETTALI.COM - Kylian Mbapp\u00e9 se pr\u00e9sente dans une forme \u00e9tincelante pour le rassemblement de l\u2019\u00e9quipe de France, qui d\u00e9fiera l\u2019Ukraine (5 septembre) et l\u2019Islande (9 septembre) en \u00e9liminatoires de la Coupe du monde 2026. Apr\u00e8s avoir perdu pr\u00e8s de six kilos en raison d\u2019un probl\u00e8me gastrique, l\u2019attaquant du Real Madrid a encha\u00een\u00e9 une pr\u00e9paration intense avec deux kilos de muscle gagn\u00e9s. Un constat partag\u00e9 par Didier Deschamps.<\/strong><\/p>\n<p>\"<em>Il va bien aujourd\u2019hui, tout va bien le soleil est l\u00e0. Je fais le m\u00eame constat pour lui, il a eu un peu plus de temps pour d\u00e9marrer par rapport \u00e0 2024 o\u00f9 il a chang\u00e9 de club. Cela avait \u00e9t\u00e9 difficile pour lui mais il a quand m\u00eame fait une grosse saison malgr\u00e9 l\u2019absence de titre hormis la Supercoupe. L\u00e0, il est aff\u00fbt\u00e9. Il a toujours cet attachement pour l\u2019\u00e9quipe de France et des responsabilit\u00e9s en tant que capitaine<\/em>\",a soulign\u00e9 le s\u00e9lectionneur en conf\u00e9rence de presse.<\/p>\n<p>Le capitaine des Bleus arrive plus arm\u00e9 que jamais.<\/p>\n<div class='share-to-whatsapp-wrapper'><div class='share-on-whsp'>PARTAGER SUR : <\/div><a data-text='DESCHAMPS - \"Mbapp\u00e9 est en forme\"' data-link='https:\/\/www.nettali.com\/2025\/08\/28\/deschamps-mbappe-est-en-forme\/' class='whatsapp-button whatsapp-share'>WhatsApp<\/a><div class='clear '><\/div><\/div>","protected":false},"excerpt":{"rendered":"<p>NETTALI.COM - Kylian Mbapp\u00e9 se pr\u00e9sente dans une forme \u00e9tincelante pour le rassemblement de l\u2019\u00e9quipe de France, qui d\u00e9fiera l\u2019Ukraine (5 septembre) et l\u2019Islande (9 septembre) en \u00e9liminatoires de la Coupe du monde 2026. Apr\u00e8s avoir perdu pr\u00e8s de six kilos en raison d\u2019un probl\u00e8me gastrique, l\u2019attaquant du Real Madrid a encha\u00een\u00e9 une pr\u00e9paration intense [&hellip;]<\/p>\n","protected":false},"author":5,"featured_media":160217,"comment_status":"open","ping_status":"open","sticky":false,"template":"","format":"standard","meta":{"_et_pb_use_builder":"","_et_pb_old_content":""},"categories":[6],"tags":[],"yoast_head":"<!-- This site is optimized with the Yoast SEO Premium plugin v17.8 (Yoast SEO v17.8) - https:\/\/yoast.com\/wordpress\/plugins\/seo\/ -->\n<title>DESCHAMPS - &quot;Mbapp\u00e9 est en forme&quot; | Nettali.com<\/title>\n<meta name=\"robots\" content=\"index, follow, max-snippet:-1, max-image-preview:large, max-video-preview:-1\" \/>\n<link rel=\"canonical\" href=\"https:\/\/www.nettali.com\/2025\/08\/28\/deschamps-mbappe-est-en-forme\/\" \/>\n<meta property=\"og:locale\" content=\"fr_FR\" \/>\n<meta property=\"og:type\" content=\"article\" \/>\n<meta property=\"og:title\" content=\"DESCHAMPS - &quot;Mbapp\u00e9 est en forme&quot;\" \/>\n<meta property=\"og:description\" content=\"NETTALI.COM - Kylian Mbapp\u00e9 se pr\u00e9sente dans une forme \u00e9tincelante pour le rassemblement de l\u2019\u00e9quipe de France, qui d\u00e9fiera l\u2019Ukraine (5 septembre) et l\u2019Islande (9 septembre) en \u00e9liminatoires de la Coupe du monde 2026. Apr\u00e8s avoir perdu pr\u00e8s de six kilos en raison d\u2019un probl\u00e8me gastrique, l\u2019attaquant du Real Madrid a encha\u00een\u00e9 une pr\u00e9paration intense [&hellip;]\" \/>\n<meta property=\"og:url\" content=\"https:\/\/www.nettali.com\/2025\/08\/28\/deschamps-mbappe-est-en-forme\/\" \/>\n<meta property=\"og:site_name\" content=\"Nettali.com\" \/>\n<meta property=\"article:publisher\" content=\"https:\/\/www.facebook.com\/nettalicom\" \/>\n<meta property=\"article:published_time\" content=\"2025-08-28T06:15:27+00:00\" \/>\n<meta property=\"og:image\" content=\"https:\/\/www.nettali.com\/wp-content\/uploads\/2025\/08\/1444x920_didier-deschamps-devoile-la-liste-des-joueurs-selectionnes-pour-les-matches-contre-l-ukraine-et-l-islande-mercredi.jpeg\" \/>\n\t<meta property=\"og:image:width\" content=\"1444\" \/>\n\t<meta property=\"og:image:height\" content=\"920\" \/>\n<meta name=\"twitter:card\" content=\"summary_large_image\" \/>\n<meta name=\"twitter:label1\" content=\"\u00c9crit par\" \/>\n\t<meta name=\"twitter:data1\" content=\"Ibrahima\" \/>\n\t<meta name=\"twitter:label2\" content=\"Dur\u00e9e de lecture estim\u00e9e\" \/>\n\t<meta name=\"twitter:data2\" content=\"1 minute\" \/>\n<script type=\"application\/ld+json\" class=\"yoast-schema-graph\">{\"@context\":\"https:\/\/schema.org\",\"@graph\":[{\"@type\":\"WebSite\",\"@id\":\"https:\/\/www.nettali.com\/#website\",\"url\":\"https:\/\/www.nettali.com\/\",\"name\":\"Nettali.com\",\"description\":\"Le rendez-vous critique du Net\",\"potentialAction\":[{\"@type\":\"SearchAction\",\"target\":{\"@type\":\"EntryPoint\",\"urlTemplate\":\"https:\/\/www.nettali.com\/?s={search_term_string}\"},\"query-input\":\"required name=search_term_string\"}],\"inLanguage\":\"fr-FR\"},{\"@type\":\"ImageObject\",\"@id\":\"https:\/\/www.nettali.com\/2025\/08\/28\/deschamps-mbappe-est-en-forme\/#primaryimage\",\"inLanguage\":\"fr-FR\",\"url\":\"https:\/\/www.nettali.com\/wp-content\/uploads\/2025\/08\/1444x920_didier-deschamps-devoile-la-liste-des-joueurs-selectionnes-pour-les-matches-contre-l-ukraine-et-l-islande-mercredi.jpeg\",\"contentUrl\":\"https:\/\/www.nettali.com\/wp-content\/uploads\/2025\/08\/1444x920_didier-deschamps-devoile-la-liste-des-joueurs-selectionnes-pour-les-matches-contre-l-ukraine-et-l-islande-mercredi.jpeg\",\"width\":1444,\"height\":920},{\"@type\":\"WebPage\",\"@id\":\"https:\/\/www.nettali.com\/2025\/08\/28\/deschamps-mbappe-est-en-forme\/#webpage\",\"url\":\"https:\/\/www.nettali.com\/2025\/08\/28\/deschamps-mbappe-est-en-forme\/\",\"name\":\"DESCHAMPS - \\\"Mbapp\\u00e9 est en forme\\\" | Nettali.com\",\"isPartOf\":{\"@id\":\"https:\/\/www.nettali.com\/#website\"},\"primaryImageOfPage\":{\"@id\":\"https:\/\/www.nettali.com\/2025\/08\/28\/deschamps-mbappe-est-en-forme\/#primaryimage\"},\"datePublished\":\"2025-08-28T06:15:27+00:00\",\"dateModified\":\"2025-08-28T06:15:27+00:00\",\"author\":{\"@id\":\"https:\/\/www.nettali.com\/#\/schema\/person\/bb147657c2986240405a608162b9bb23\"},\"breadcrumb\":{\"@id\":\"https:\/\/www.nettali.com\/2025\/08\/28\/deschamps-mbappe-est-en-forme\/#breadcrumb\"},\"inLanguage\":\"fr-FR\",\"potentialAction\":[{\"@type\":\"ReadAction\",\"target\":[\"https:\/\/www.nettali.com\/2025\/08\/28\/deschamps-mbappe-est-en-forme\/\"]}]},{\"@type\":\"BreadcrumbList\",\"@id\":\"https:\/\/www.nettali.com\/2025\/08\/28\/deschamps-mbappe-est-en-forme\/#breadcrumb\",\"itemListElement\":[{\"@type\":\"ListItem\",\"position\":1,\"name\":\"Accueil\",\"item\":\"https:\/\/www.nettali.com\/\"},{\"@type\":\"ListItem\",\"position\":2,\"name\":\"DESCHAMPS - \\\"Mbapp\\u00e9 est en forme\\\"\"}]},{\"@type\":\"Person\",\"@id\":\"https:\/\/www.nettali.com\/#\/schema\/person\/bb147657c2986240405a608162b9bb23\",\"name\":\"Ibrahima\",\"image\":{\"@type\":\"ImageObject\",\"@id\":\"https:\/\/www.nettali.com\/#personlogo\",\"inLanguage\":\"fr-FR\",\"url\":\"https:\/\/secure.gravatar.com\/avatar\/26a8a81f09f0dd7624c9d5c36c9ba3a2?s=96&d=mm&r=g\",\"contentUrl\":\"https:\/\/secure.gravatar.com\/avatar\/26a8a81f09f0dd7624c9d5c36c9ba3a2?s=96&d=mm&r=g\",\"caption\":\"Ibrahima\"},\"sameAs\":[\"https:\/\/www.nettali.com\"]}]}<\/script>\n<!-- \/ Yoast SEO Premium plugin. -->","yoast_head_json":{"title":"DESCHAMPS - \"Mbapp\u00e9 est en forme\" | Nettali.com","robots":{"index":"index","follow":"follow","max-snippet":"max-snippet:-1","max-image-preview":"max-image-preview:large","max-video-preview":"max-video-preview:-1"},"canonical":"https:\/\/www.nettali.com\/2025\/08\/28\/deschamps-mbappe-est-en-forme\/","og_locale":"fr_FR","og_type":"article","og_title":"DESCHAMPS - \"Mbapp\u00e9 est en forme\"","og_description":"NETTALI.COM - Kylian Mbapp\u00e9 se pr\u00e9sente dans une forme \u00e9tincelante pour le rassemblement de l\u2019\u00e9quipe de France, qui d\u00e9fiera l\u2019Ukraine (5 septembre) et l\u2019Islande (9 septembre) en \u00e9liminatoires de la Coupe du monde 2026. Apr\u00e8s avoir perdu pr\u00e8s de six kilos en raison d\u2019un probl\u00e8me gastrique, l\u2019attaquant du Real Madrid a encha\u00een\u00e9 une pr\u00e9paration intense [&hellip;]","og_url":"https:\/\/www.nettali.com\/2025\/08\/28\/deschamps-mbappe-est-en-forme\/","og_site_name":"Nettali.com","article_publisher":"https:\/\/www.facebook.com\/nettalicom","article_published_time":"2025-08-28T06:15:27+00:00","og_image":[{"width":1444,"height":920,"url":"https:\/\/www.nettali.com\/wp-content\/uploads\/2025\/08\/1444x920_didier-deschamps-devoile-la-liste-des-joueurs-selectionnes-pour-les-matches-contre-l-ukraine-et-l-islande-mercredi.jpeg","type":"image\/jpeg"}],"twitter_card":"summary_large_image","twitter_misc":{"\u00c9crit par":"Ibrahima","Dur\u00e9e de lecture estim\u00e9e":"1 minute"},"schema":{"@context":"https:\/\/schema.org","@graph":[{"@type":"WebSite","@id":"https:\/\/www.nettali.com\/#website","url":"https:\/\/www.nettali.com\/","name":"Nettali.com","description":"Le rendez-vous critique du Net","potentialAction":[{"@type":"SearchAction","target":{"@type":"EntryPoint","urlTemplate":"https:\/\/www.nettali.com\/?s={search_term_string}"},"query-input":"required name=search_term_string"}],"inLanguage":"fr-FR"},{"@type":"ImageObject","@id":"https:\/\/www.nettali.com\/2025\/08\/28\/deschamps-mbappe-est-en-forme\/#primaryimage","inLanguage":"fr-FR","url":"https:\/\/www.nettali.com\/wp-content\/uploads\/2025\/08\/1444x920_didier-deschamps-devoile-la-liste-des-joueurs-selectionnes-pour-les-matches-contre-l-ukraine-et-l-islande-mercredi.jpeg","contentUrl":"https:\/\/www.nettali.com\/wp-content\/uploads\/2025\/08\/1444x920_didier-deschamps-devoile-la-liste-des-joueurs-selectionnes-pour-les-matches-contre-l-ukraine-et-l-islande-mercredi.jpeg","width":1444,"height":920},{"@type":"WebPage","@id":"https:\/\/www.nettali.com\/2025\/08\/28\/deschamps-mbappe-est-en-forme\/#webpage","url":"https:\/\/www.nettali.com\/2025\/08\/28\/deschamps-mbappe-est-en-forme\/","name":"DESCHAMPS - \"Mbapp\u00e9 est en forme\" | Nettali.com","isPartOf":{"@id":"https:\/\/www.nettali.com\/#website"},"primaryImageOfPage":{"@id":"https:\/\/www.nettali.com\/2025\/08\/28\/deschamps-mbappe-est-en-forme\/#primaryimage"},"datePublished":"2025-08-28T06:15:27+00:00","dateModified":"2025-08-28T06:15:27+00:00","author":{"@id":"https:\/\/www.nettali.com\/#\/schema\/person\/bb147657c2986240405a608162b9bb23"},"breadcrumb":{"@id":"https:\/\/www.nettali.com\/2025\/08\/28\/deschamps-mbappe-est-en-forme\/#breadcrumb"},"inLanguage":"fr-FR","potentialAction":[{"@type":"ReadAction","target":["https:\/\/www.nettali.com\/2025\/08\/28\/deschamps-mbappe-est-en-forme\/"]}]},{"@type":"BreadcrumbList","@id":"https:\/\/www.nettali.com\/2025\/08\/28\/deschamps-mbappe-est-en-forme\/#breadcrumb","itemListElement":[{"@type":"ListItem","position":1,"name":"Accueil","item":"https:\/\/www.nettali.com\/"},{"@type":"ListItem","position":2,"name":"DESCHAMPS - \"Mbapp\u00e9 est en forme\""}]},{"@type":"Person","@id":"https:\/\/www.nettali.com\/#\/schema\/person\/bb147657c2986240405a608162b9bb23","name":"Ibrahima","image":{"@type":"ImageObject","@id":"https:\/\/www.nettali.com\/#personlogo","inLanguage":"fr-FR","url":"https:\/\/secure.gravatar.com\/avatar\/26a8a81f09f0dd7624c9d5c36c9ba3a2?s=96&d=mm&r=g","contentUrl":"https:\/\/secure.gravatar.com\/avatar\/26a8a81f09f0dd7624c9d5c36c9ba3a2?s=96&d=mm&r=g","caption":"Ibrahima"},"sameAs":["https:\/\/www.nettali.com"]}]}},"_links":{"self":[{"href":"https:\/\/www.nettali.com\/rest\/wp\/v2\/posts\/160216"}],"collection":[{"href":"https:\/\/www.nettali.com\/rest\/wp\/v2\/posts"}],"about":[{"href":"https:\/\/www.nettali.com\/rest\/wp\/v2\/types\/post"}],"author":[{"embeddable":true,"href":"https:\/\/www.nettali.com\/rest\/wp\/v2\/users\/5"}],"replies":[{"embeddable":true,"href":"https:\/\/www.nettali.com\/rest\/wp\/v2\/comments?post=160216"}],"version-history":[{"count":1,"href":"https:\/\/www.nettali.com\/rest\/wp\/v2\/posts\/160216\/revisions"}],"predecessor-version":[{"id":160218,"href":"https:\/\/www.nettali.com\/rest\/wp\/v2\/posts\/160216\/revisions\/160218"}],"wp:featuredmedia":[{"embeddable":true,"href":"https:\/\/www.nettali.com\/rest\/wp\/v2\/media\/160217"}],"wp:attachment":[{"href":"https:\/\/www.nettali.com\/rest\/wp\/v2\/media?parent=160216"}],"wp:term":[{"taxonomy":"category","embeddable":true,"href":"https:\/\/www.nettali.com\/rest\/wp\/v2\/categories?post=160216"},{"taxonomy":"post_tag","embeddable":true,"href":"https:\/\/www.nettali.com\/rest\/wp\/v2\/tags?post=160216"}],"curies":[{"name":"wp","href":"https:\/\/api.w.org\/{rel}","templated":true}]}}