{"id":160212,"date":"2025-08-27T22:57:39","date_gmt":"2025-08-27T22:57:39","guid":{"rendered":"https:\/\/www.nettali.com\/?p=160212"},"modified":"2025-08-27T20:59:44","modified_gmt":"2025-08-27T20:59:44","slug":"propos-sur-le-greffe-lentente-sytjust-untj-recadre-aissata-tall-sall","status":"publish","type":"post","link":"https:\/\/www.nettali.com\/2025\/08\/27\/propos-sur-le-greffe-lentente-sytjust-untj-recadre-aissata-tall-sall\/","title":{"rendered":"PROPOS SUR LE GREFFE- L\u2019Entente SYTJUST-UNTJ recadre A\u00efssata Tall Sall\u00a0"},"content":{"rendered":"<p><strong>NETTALI.COM - L\u2019Entente des syndicats des travailleurs de la Justice s\u2019indigne des d\u00e9clarations de la d\u00e9put\u00e9e A\u00efssata Tall Sall, qu\u2019elle juge infond\u00e9es et offensantes. Elle rappelle que la gestion du casier judiciaire rel\u00e8ve exclusivement de leurs attributions l\u00e9gales.<\/strong><\/p>\n<p>L\u2019Assembl\u00e9e nationale a \u00e9t\u00e9 le th\u00e9\u00e2tre d\u2019une vive pol\u00e9mique \u00e0 la suite des propos tenus par la d\u00e9put\u00e9e A\u00efssata Tall Sall. Cette derni\u00e8re a affirm\u00e9 que \u00ab<em> le casier judiciaire ne saurait \u00eatre laiss\u00e9 entre les mains des greffiers \u2026, au motif que ces derniers n'en comprendraient ni l\u2019importance ni la teneur<\/em> \u00bb. Une sortie qui a aussit\u00f4t fait r\u00e9agir l\u2019Entente SYTJUST-UNTJ, regroupant les syndicats des travailleurs de la Justice, qui dit exprimer sa \u00ab plus vive indignation \u00bb.<\/p>\n<p>Dans son communiqu\u00e9, l\u2019Entente consid\u00e8re que les propos de la parlementaire sont \u00ab <em>non seulement infond\u00e9s, mais \u00e9galement offensants \u00e0 l\u2019encontre d\u2019un corps professionnel dont la comp\u00e9tence et la rigueur ne sauraient \u00eatre mises en doute<\/em> \u00bb. Elle estime que la d\u00e9put\u00e9e n\u2019a pas saisi \u00ab <em>la subtile nuance qui existe entre judiciariser et juridictionnaliser<\/em> \u00bb, rappelant que les fonctions des greffiers, bien que non juridictionnelles, \u00ab <em>sont bel et bien judiciaires et d\u2019\u00e9gale dignit\u00e9 aux autres fonctions constitutives des cours et tribunaux<\/em> \u00bb.<\/p>\n<p>Les repr\u00e9sentants des greffiers soulignent que leurs attributions sont clairement d\u00e9finies par le droit positif s\u00e9n\u00e9galais. Selon eux, \u00ab <em>l\u2019\u00e9tablissement et la d\u00e9livrance des actes judiciaires, la tenue du casier judiciaire, ainsi que la gestion du registre du commerce et du cr\u00e9dit mobilier rel\u00e8vent exclusivement des greffiers<\/em> \u00bb. Ils insistent \u00e9galement sur le principe fondamental de s\u00e9paration des fonctions judiciaires : <em>\u00ab le si\u00e8ge juge, le parquet poursuit, le greffe \u00e9tablit, conserve et d\u00e9livre les actes judiciaires. D\u00e8s lors, personne ne peut ni ne doit s\u2019arroger les fonctions de greffier<\/em> \u00bb.<\/p>\n<p>L\u2019Entente met en avant la formation et l\u2019exp\u00e9rience de ces professionnels, qu\u2019elle qualifie de \u00ab <em>hautement qualifi\u00e9s<\/em> \u00bb, ajoutant que leur r\u00f4le strat\u00e9gique dans le fonctionnement quotidien de la justice s\u00e9n\u00e9galaise \u00ab <em>ne saurait souffrir la moindre contestation<\/em> \u00bb. Elle juge par ailleurs que l\u2019image renvoy\u00e9e par les propos de la d\u00e9put\u00e9e est \u00ab r\u00e9trograde \u00bb et \u00ab ne correspond en rien aux r\u00e9alit\u00e9s judiciaires de 2025 au S\u00e9n\u00e9gal \u00bb.<\/p>\n<p>R\u00e9affirmant le r\u00f4le de chacun dans la justice, le communiqu\u00e9 rappelle que \u00ab <em>le juge rend des d\u00e9cisions, le procureur poursuit et le greffier conserve, d\u00e9livre et garantit l\u2019authenticit\u00e9 des actes<\/em> \u00bb. Pour l\u2019Entente, toute remise en cause de cet \u00e9quilibre constituerait \u00ab <em>une atteinte grave \u00e0 la bonne marche de la Justice et \u00e0 la s\u00e9curit\u00e9 juridique de nos concitoyens<\/em> \u00bb.<\/p>\n<p>En conclusion, l\u2019organisation syndicale invite la d\u00e9put\u00e9e A\u00efssata Tall Sall \u00e0 \u00ab r<em>econsid\u00e9rer ses propos et \u00e0 manifester le respect d\u00fb \u00e0 chaque segment des institutions r\u00e9publicaines ainsi qu\u2019aux femmes et aux hommes qui les incarnent au quotidien<\/em> \u00bb.<\/p>\n<div class='share-to-whatsapp-wrapper'><div class='share-on-whsp'>PARTAGER SUR : <\/div><a data-text='PROPOS SUR LE GREFFE- L\u2019Entente SYTJUST-UNTJ recadre A\u00efssata Tall Sall\u00a0' data-link='https:\/\/www.nettali.com\/2025\/08\/27\/propos-sur-le-greffe-lentente-sytjust-untj-recadre-aissata-tall-sall\/' class='whatsapp-button whatsapp-share'>WhatsApp<\/a><div class='clear '><\/div><\/div>","protected":false},"excerpt":{"rendered":"<p>NETTALI.COM - L\u2019Entente des syndicats des travailleurs de la Justice s\u2019indigne des d\u00e9clarations de la d\u00e9put\u00e9e A\u00efssata Tall Sall, qu\u2019elle juge infond\u00e9es et offensantes. Elle rappelle que la gestion du casier judiciaire rel\u00e8ve exclusivement de leurs attributions l\u00e9gales. L\u2019Assembl\u00e9e nationale a \u00e9t\u00e9 le th\u00e9\u00e2tre d\u2019une vive pol\u00e9mique \u00e0 la suite des propos tenus par la [&hellip;]<\/p>\n","protected":false},"author":6,"featured_media":160079,"comment_status":"open","ping_status":"open","sticky":false,"template":"","format":"standard","meta":{"_et_pb_use_builder":"","_et_pb_old_content":""},"categories":[3],"tags":[],"yoast_head":"<!-- This site is optimized with the Yoast SEO Premium plugin v17.8 (Yoast SEO v17.8) - https:\/\/yoast.com\/wordpress\/plugins\/seo\/ -->\n<title>PROPOS SUR LE GREFFE- L\u2019Entente SYTJUST-UNTJ recadre A\u00efssata Tall Sall\u00a0 | Nettali.com<\/title>\n<meta name=\"robots\" content=\"index, follow, max-snippet:-1, max-image-preview:large, max-video-preview:-1\" \/>\n<link rel=\"canonical\" href=\"https:\/\/www.nettali.com\/2025\/08\/27\/propos-sur-le-greffe-lentente-sytjust-untj-recadre-aissata-tall-sall\/\" \/>\n<meta property=\"og:locale\" content=\"fr_FR\" \/>\n<meta property=\"og:type\" content=\"article\" \/>\n<meta property=\"og:title\" content=\"PROPOS SUR LE GREFFE- L\u2019Entente SYTJUST-UNTJ recadre A\u00efssata Tall Sall\u00a0\" \/>\n<meta property=\"og:description\" content=\"NETTALI.COM - L\u2019Entente des syndicats des travailleurs de la Justice s\u2019indigne des d\u00e9clarations de la d\u00e9put\u00e9e A\u00efssata Tall Sall, qu\u2019elle juge infond\u00e9es et offensantes. Elle rappelle que la gestion du casier judiciaire rel\u00e8ve exclusivement de leurs attributions l\u00e9gales. L\u2019Assembl\u00e9e nationale a \u00e9t\u00e9 le th\u00e9\u00e2tre d\u2019une vive pol\u00e9mique \u00e0 la suite des propos tenus par la [&hellip;]\" \/>\n<meta property=\"og:url\" content=\"https:\/\/www.nettali.com\/2025\/08\/27\/propos-sur-le-greffe-lentente-sytjust-untj-recadre-aissata-tall-sall\/\" \/>\n<meta property=\"og:site_name\" content=\"Nettali.com\" \/>\n<meta property=\"article:publisher\" content=\"https:\/\/www.facebook.com\/nettalicom\" \/>\n<meta property=\"article:published_time\" content=\"2025-08-27T22:57:39+00:00\" \/>\n<meta property=\"article:modified_time\" content=\"2025-08-27T20:59:44+00:00\" \/>\n<meta property=\"og:image\" content=\"https:\/\/www.nettali.com\/wp-content\/uploads\/2025\/08\/Aissata-Tall-Sall.jpg\" \/>\n\t<meta property=\"og:image:width\" content=\"1200\" \/>\n\t<meta property=\"og:image:height\" content=\"744\" \/>\n<meta name=\"twitter:card\" content=\"summary_large_image\" \/>\n<meta name=\"twitter:label1\" content=\"\u00c9crit par\" \/>\n\t<meta name=\"twitter:data1\" content=\"Fatou\" \/>\n\t<meta name=\"twitter:label2\" content=\"Dur\u00e9e de lecture estim\u00e9e\" \/>\n\t<meta name=\"twitter:data2\" content=\"3 minutes\" \/>\n<script type=\"application\/ld+json\" class=\"yoast-schema-graph\">{\"@context\":\"https:\/\/schema.org\",\"@graph\":[{\"@type\":\"WebSite\",\"@id\":\"https:\/\/www.nettali.com\/#website\",\"url\":\"https:\/\/www.nettali.com\/\",\"name\":\"Nettali.com\",\"description\":\"Le rendez-vous critique du Net\",\"potentialAction\":[{\"@type\":\"SearchAction\",\"target\":{\"@type\":\"EntryPoint\",\"urlTemplate\":\"https:\/\/www.nettali.com\/?s={search_term_string}\"},\"query-input\":\"required name=search_term_string\"}],\"inLanguage\":\"fr-FR\"},{\"@type\":\"ImageObject\",\"@id\":\"https:\/\/www.nettali.com\/2025\/08\/27\/propos-sur-le-greffe-lentente-sytjust-untj-recadre-aissata-tall-sall\/#primaryimage\",\"inLanguage\":\"fr-FR\",\"url\":\"https:\/\/www.nettali.com\/wp-content\/uploads\/2025\/08\/Aissata-Tall-Sall.jpg\",\"contentUrl\":\"https:\/\/www.nettali.com\/wp-content\/uploads\/2025\/08\/Aissata-Tall-Sall.jpg\",\"width\":1200,\"height\":744},{\"@type\":\"WebPage\",\"@id\":\"https:\/\/www.nettali.com\/2025\/08\/27\/propos-sur-le-greffe-lentente-sytjust-untj-recadre-aissata-tall-sall\/#webpage\",\"url\":\"https:\/\/www.nettali.com\/2025\/08\/27\/propos-sur-le-greffe-lentente-sytjust-untj-recadre-aissata-tall-sall\/\",\"name\":\"PROPOS SUR LE GREFFE- L\\u2019Entente SYTJUST-UNTJ recadre A\\u00efssata Tall Sall\\u00a0 | Nettali.com\",\"isPartOf\":{\"@id\":\"https:\/\/www.nettali.com\/#website\"},\"primaryImageOfPage\":{\"@id\":\"https:\/\/www.nettali.com\/2025\/08\/27\/propos-sur-le-greffe-lentente-sytjust-untj-recadre-aissata-tall-sall\/#primaryimage\"},\"datePublished\":\"2025-08-27T22:57:39+00:00\",\"dateModified\":\"2025-08-27T20:59:44+00:00\",\"author\":{\"@id\":\"https:\/\/www.nettali.com\/#\/schema\/person\/418274a86bdf87caff7a3ef476bd0bbf\"},\"breadcrumb\":{\"@id\":\"https:\/\/www.nettali.com\/2025\/08\/27\/propos-sur-le-greffe-lentente-sytjust-untj-recadre-aissata-tall-sall\/#breadcrumb\"},\"inLanguage\":\"fr-FR\",\"potentialAction\":[{\"@type\":\"ReadAction\",\"target\":[\"https:\/\/www.nettali.com\/2025\/08\/27\/propos-sur-le-greffe-lentente-sytjust-untj-recadre-aissata-tall-sall\/\"]}]},{\"@type\":\"BreadcrumbList\",\"@id\":\"https:\/\/www.nettali.com\/2025\/08\/27\/propos-sur-le-greffe-lentente-sytjust-untj-recadre-aissata-tall-sall\/#breadcrumb\",\"itemListElement\":[{\"@type\":\"ListItem\",\"position\":1,\"name\":\"Accueil\",\"item\":\"https:\/\/www.nettali.com\/\"},{\"@type\":\"ListItem\",\"position\":2,\"name\":\"PROPOS SUR LE GREFFE- L\\u2019Entente SYTJUST-UNTJ recadre A\\u00efssata Tall Sall\\u00a0\"}]},{\"@type\":\"Person\",\"@id\":\"https:\/\/www.nettali.com\/#\/schema\/person\/418274a86bdf87caff7a3ef476bd0bbf\",\"name\":\"Fatou\",\"image\":{\"@type\":\"ImageObject\",\"@id\":\"https:\/\/www.nettali.com\/#personlogo\",\"inLanguage\":\"fr-FR\",\"url\":\"https:\/\/secure.gravatar.com\/avatar\/5a9442a2bee7b4dcf167cab035858e9a?s=96&d=mm&r=g\",\"contentUrl\":\"https:\/\/secure.gravatar.com\/avatar\/5a9442a2bee7b4dcf167cab035858e9a?s=96&d=mm&r=g\",\"caption\":\"Fatou\"},\"sameAs\":[\"https:\/\/www.nettali.com\"]}]}<\/script>\n<!-- \/ Yoast SEO Premium plugin. -->","yoast_head_json":{"title":"PROPOS SUR LE GREFFE- L\u2019Entente SYTJUST-UNTJ recadre A\u00efssata Tall Sall\u00a0 | Nettali.com","robots":{"index":"index","follow":"follow","max-snippet":"max-snippet:-1","max-image-preview":"max-image-preview:large","max-video-preview":"max-video-preview:-1"},"canonical":"https:\/\/www.nettali.com\/2025\/08\/27\/propos-sur-le-greffe-lentente-sytjust-untj-recadre-aissata-tall-sall\/","og_locale":"fr_FR","og_type":"article","og_title":"PROPOS SUR LE GREFFE- L\u2019Entente SYTJUST-UNTJ recadre A\u00efssata Tall Sall\u00a0","og_description":"NETTALI.COM - L\u2019Entente des syndicats des travailleurs de la Justice s\u2019indigne des d\u00e9clarations de la d\u00e9put\u00e9e A\u00efssata Tall Sall, qu\u2019elle juge infond\u00e9es et offensantes. Elle rappelle que la gestion du casier judiciaire rel\u00e8ve exclusivement de leurs attributions l\u00e9gales. L\u2019Assembl\u00e9e nationale a \u00e9t\u00e9 le th\u00e9\u00e2tre d\u2019une vive pol\u00e9mique \u00e0 la suite des propos tenus par la [&hellip;]","og_url":"https:\/\/www.nettali.com\/2025\/08\/27\/propos-sur-le-greffe-lentente-sytjust-untj-recadre-aissata-tall-sall\/","og_site_name":"Nettali.com","article_publisher":"https:\/\/www.facebook.com\/nettalicom","article_published_time":"2025-08-27T22:57:39+00:00","article_modified_time":"2025-08-27T20:59:44+00:00","og_image":[{"width":1200,"height":744,"url":"https:\/\/www.nettali.com\/wp-content\/uploads\/2025\/08\/Aissata-Tall-Sall.jpg","type":"image\/jpeg"}],"twitter_card":"summary_large_image","twitter_misc":{"\u00c9crit par":"Fatou","Dur\u00e9e de lecture estim\u00e9e":"3 minutes"},"schema":{"@context":"https:\/\/schema.org","@graph":[{"@type":"WebSite","@id":"https:\/\/www.nettali.com\/#website","url":"https:\/\/www.nettali.com\/","name":"Nettali.com","description":"Le rendez-vous critique du Net","potentialAction":[{"@type":"SearchAction","target":{"@type":"EntryPoint","urlTemplate":"https:\/\/www.nettali.com\/?s={search_term_string}"},"query-input":"required name=search_term_string"}],"inLanguage":"fr-FR"},{"@type":"ImageObject","@id":"https:\/\/www.nettali.com\/2025\/08\/27\/propos-sur-le-greffe-lentente-sytjust-untj-recadre-aissata-tall-sall\/#primaryimage","inLanguage":"fr-FR","url":"https:\/\/www.nettali.com\/wp-content\/uploads\/2025\/08\/Aissata-Tall-Sall.jpg","contentUrl":"https:\/\/www.nettali.com\/wp-content\/uploads\/2025\/08\/Aissata-Tall-Sall.jpg","width":1200,"height":744},{"@type":"WebPage","@id":"https:\/\/www.nettali.com\/2025\/08\/27\/propos-sur-le-greffe-lentente-sytjust-untj-recadre-aissata-tall-sall\/#webpage","url":"https:\/\/www.nettali.com\/2025\/08\/27\/propos-sur-le-greffe-lentente-sytjust-untj-recadre-aissata-tall-sall\/","name":"PROPOS SUR LE GREFFE- L\u2019Entente SYTJUST-UNTJ recadre A\u00efssata Tall Sall\u00a0 | Nettali.com","isPartOf":{"@id":"https:\/\/www.nettali.com\/#website"},"primaryImageOfPage":{"@id":"https:\/\/www.nettali.com\/2025\/08\/27\/propos-sur-le-greffe-lentente-sytjust-untj-recadre-aissata-tall-sall\/#primaryimage"},"datePublished":"2025-08-27T22:57:39+00:00","dateModified":"2025-08-27T20:59:44+00:00","author":{"@id":"https:\/\/www.nettali.com\/#\/schema\/person\/418274a86bdf87caff7a3ef476bd0bbf"},"breadcrumb":{"@id":"https:\/\/www.nettali.com\/2025\/08\/27\/propos-sur-le-greffe-lentente-sytjust-untj-recadre-aissata-tall-sall\/#breadcrumb"},"inLanguage":"fr-FR","potentialAction":[{"@type":"ReadAction","target":["https:\/\/www.nettali.com\/2025\/08\/27\/propos-sur-le-greffe-lentente-sytjust-untj-recadre-aissata-tall-sall\/"]}]},{"@type":"BreadcrumbList","@id":"https:\/\/www.nettali.com\/2025\/08\/27\/propos-sur-le-greffe-lentente-sytjust-untj-recadre-aissata-tall-sall\/#breadcrumb","itemListElement":[{"@type":"ListItem","position":1,"name":"Accueil","item":"https:\/\/www.nettali.com\/"},{"@type":"ListItem","position":2,"name":"PROPOS SUR LE GREFFE- L\u2019Entente SYTJUST-UNTJ recadre A\u00efssata Tall Sall\u00a0"}]},{"@type":"Person","@id":"https:\/\/www.nettali.com\/#\/schema\/person\/418274a86bdf87caff7a3ef476bd0bbf","name":"Fatou","image":{"@type":"ImageObject","@id":"https:\/\/www.nettali.com\/#personlogo","inLanguage":"fr-FR","url":"https:\/\/secure.gravatar.com\/avatar\/5a9442a2bee7b4dcf167cab035858e9a?s=96&d=mm&r=g","contentUrl":"https:\/\/secure.gravatar.com\/avatar\/5a9442a2bee7b4dcf167cab035858e9a?s=96&d=mm&r=g","caption":"Fatou"},"sameAs":["https:\/\/www.nettali.com"]}]}},"_links":{"self":[{"href":"https:\/\/www.nettali.com\/rest\/wp\/v2\/posts\/160212"}],"collection":[{"href":"https:\/\/www.nettali.com\/rest\/wp\/v2\/posts"}],"about":[{"href":"https:\/\/www.nettali.com\/rest\/wp\/v2\/types\/post"}],"author":[{"embeddable":true,"href":"https:\/\/www.nettali.com\/rest\/wp\/v2\/users\/6"}],"replies":[{"embeddable":true,"href":"https:\/\/www.nettali.com\/rest\/wp\/v2\/comments?post=160212"}],"version-history":[{"count":3,"href":"https:\/\/www.nettali.com\/rest\/wp\/v2\/posts\/160212\/revisions"}],"predecessor-version":[{"id":160215,"href":"https:\/\/www.nettali.com\/rest\/wp\/v2\/posts\/160212\/revisions\/160215"}],"wp:featuredmedia":[{"embeddable":true,"href":"https:\/\/www.nettali.com\/rest\/wp\/v2\/media\/160079"}],"wp:attachment":[{"href":"https:\/\/www.nettali.com\/rest\/wp\/v2\/media?parent=160212"}],"wp:term":[{"taxonomy":"category","embeddable":true,"href":"https:\/\/www.nettali.com\/rest\/wp\/v2\/categories?post=160212"},{"taxonomy":"post_tag","embeddable":true,"href":"https:\/\/www.nettali.com\/rest\/wp\/v2\/tags?post=160212"}],"curies":[{"name":"wp","href":"https:\/\/api.w.org\/{rel}","templated":true}]}}