{"id":160210,"date":"2025-08-27T23:50:15","date_gmt":"2025-08-27T23:50:15","guid":{"rendered":"https:\/\/www.nettali.com\/?p=160210"},"modified":"2025-08-27T21:00:49","modified_gmt":"2025-08-27T21:00:49","slug":"dr-pape-samba-ndiaye-sur-letat-du-cas-confirme-de-mpox-le-malade-se-porte-tres-bien","status":"publish","type":"post","link":"https:\/\/www.nettali.com\/2025\/08\/27\/dr-pape-samba-ndiaye-sur-letat-du-cas-confirme-de-mpox-le-malade-se-porte-tres-bien\/","title":{"rendered":"DR PAPE SAMBA NDIAYE SUR L'\u00c9TAT DU CAS CONFIRM\u00c9 DE MPOX-\u00ab Le malade se porte tr\u00e8s bien ... \u00bb"},"content":{"rendered":"<p><strong>NETTALI.COM-\u00a0Le directeur du Centre des op\u00e9rations d'urgence sanitaire au minist\u00e8re de la Sant\u00e9 rassure que le cas de Mpox confirm\u00e9 se porte bien. Dr Pape Samba que le virus n'est pas en circulation au S\u00e9n\u00e9gal. Toutefois, il souligne qu\u2019il faut l'engagement de la communaut\u00e9 et une bonne communication pour parer \u00e0 toute \u00e9ventualit\u00e9.<\/strong><\/p>\n<p>Le premier cas de Mpox a \u00e9t\u00e9 confirm\u00e9 au S\u00e9n\u00e9gal samedi dernier. Toutefois, il n\u2019y a pas beaucoup de souci \u00e0 se faire sur l\u2019\u00e9tat de sant\u00e9 du patient. \u00ab <em>Le malade se porte tr\u00e8s bien. Je pense que la plupart de ces signes commencent \u00e0 dispara\u00eetre. Il est hors de danger<\/em> \u00bb a rassur\u00e9 le directeur du Centre des op\u00e9rations d'urgence sanitaire au minist\u00e8re de la Sant\u00e9<\/p>\n<p>Concernant la situation du pays sur la maladie , Dr Pape Samba Ndiaye de noter : \u00ab <em>Il s\u2019agit d\u2019un cas import\u00e9. Le virus n'est pas en circulation, au niveau du pays. Maintenant, quand un sujet vient avec le virus et qu'il a \u00e9t\u00e9 en contact avec un certain nombre de personnes, nous faisons des enqu\u00eates pour identifier tout son circuit \u00e0 l'int\u00e9rieur du pays. \u00c7a nous permet d'identifier toutes les personnes avec lesquelles il a \u00e9t\u00e9 en contact, ce qui nous permet d'identifier les personnes susceptibles d'\u00eatre contamin\u00e9es et de les suivre pour s'assurer qu'elles ne seront pas le point de d\u00e9part d'une propagation de la maladie au niveau du pays. Donc, ces sujets ont tous \u00e9t\u00e9 identifi\u00e9s. Ils sont actuellement suivis par le syst\u00e8me de sant\u00e9 avec les diff\u00e9rents acteurs qui sont impliqu\u00e9s. Et le suivi se passe normalement<\/em> \u00bb.<\/p>\n<p>Il invite toutefois \u00e0 la prudence. \u00ab <em>Aucun de ces cas n'est pour le moment suspect de la maladie. Donc, on n'a aucune suspicion qu'il y ait eu une transmission pour le moment. Maintenant, ce suivi, dans les normes doit se faire au moins pendant 21 jours \u00e0 partir de la date du dernier contact. Nous continuons donc ces activit\u00e9s de suivi. Maintenant, nous devons aussi continuer les activit\u00e9s de pr\u00e9paration, de communication, d'engagement de la communaut\u00e9, de pr\u00e9paration pour nous parer \u00e0 toute \u00e9ventualit\u00e9<\/em> \u00bb, dit la blouse blanche.<\/p>\n<div class='share-to-whatsapp-wrapper'><div class='share-on-whsp'>PARTAGER SUR : <\/div><a data-text='DR PAPE SAMBA NDIAYE SUR L'\u00c9TAT DU CAS CONFIRM\u00c9 DE MPOX-\u00ab Le malade se porte tr\u00e8s bien ... \u00bb' data-link='https:\/\/www.nettali.com\/2025\/08\/27\/dr-pape-samba-ndiaye-sur-letat-du-cas-confirme-de-mpox-le-malade-se-porte-tres-bien\/' class='whatsapp-button whatsapp-share'>WhatsApp<\/a><div class='clear '><\/div><\/div>","protected":false},"excerpt":{"rendered":"<p>NETTALI.COM-\u00a0Le directeur du Centre des op\u00e9rations d'urgence sanitaire au minist\u00e8re de la Sant\u00e9 rassure que le cas de Mpox confirm\u00e9 se porte bien. Dr Pape Samba que le virus n'est pas en circulation au S\u00e9n\u00e9gal. Toutefois, il souligne qu\u2019il faut l'engagement de la communaut\u00e9 et une bonne communication pour parer \u00e0 toute \u00e9ventualit\u00e9. Le premier [&hellip;]<\/p>\n","protected":false},"author":6,"featured_media":159966,"comment_status":"open","ping_status":"open","sticky":false,"template":"","format":"standard","meta":{"_et_pb_use_builder":"","_et_pb_old_content":""},"categories":[22],"tags":[],"yoast_head":"<!-- This site is optimized with the Yoast SEO Premium plugin v17.8 (Yoast SEO v17.8) - https:\/\/yoast.com\/wordpress\/plugins\/seo\/ -->\n<title>DR PAPE SAMBA NDIAYE SUR L&#039;\u00c9TAT DU CAS CONFIRM\u00c9 DE MPOX-\u00ab Le malade se porte tr\u00e8s bien ... \u00bb | Nettali.com<\/title>\n<meta name=\"robots\" content=\"index, follow, max-snippet:-1, max-image-preview:large, max-video-preview:-1\" \/>\n<link rel=\"canonical\" href=\"https:\/\/www.nettali.com\/2025\/08\/27\/dr-pape-samba-ndiaye-sur-letat-du-cas-confirme-de-mpox-le-malade-se-porte-tres-bien\/\" \/>\n<meta property=\"og:locale\" content=\"fr_FR\" \/>\n<meta property=\"og:type\" content=\"article\" \/>\n<meta property=\"og:title\" content=\"DR PAPE SAMBA NDIAYE SUR L&#039;\u00c9TAT DU CAS CONFIRM\u00c9 DE MPOX-\u00ab Le malade se porte tr\u00e8s bien ... \u00bb\" \/>\n<meta property=\"og:description\" content=\"NETTALI.COM-\u00a0Le directeur du Centre des op\u00e9rations d&#039;urgence sanitaire au minist\u00e8re de la Sant\u00e9 rassure que le cas de Mpox confirm\u00e9 se porte bien. Dr Pape Samba que le virus n&#039;est pas en circulation au S\u00e9n\u00e9gal. Toutefois, il souligne qu\u2019il faut l&#039;engagement de la communaut\u00e9 et une bonne communication pour parer \u00e0 toute \u00e9ventualit\u00e9. Le premier [&hellip;]\" \/>\n<meta property=\"og:url\" content=\"https:\/\/www.nettali.com\/2025\/08\/27\/dr-pape-samba-ndiaye-sur-letat-du-cas-confirme-de-mpox-le-malade-se-porte-tres-bien\/\" \/>\n<meta property=\"og:site_name\" content=\"Nettali.com\" \/>\n<meta property=\"article:publisher\" content=\"https:\/\/www.facebook.com\/nettalicom\" \/>\n<meta property=\"article:published_time\" content=\"2025-08-27T23:50:15+00:00\" \/>\n<meta property=\"article:modified_time\" content=\"2025-08-27T21:00:49+00:00\" \/>\n<meta property=\"og:image\" content=\"https:\/\/www.nettali.com\/wp-content\/uploads\/2025\/08\/variole-du-singe-ok-696x392-1.jpg\" \/>\n\t<meta property=\"og:image:width\" content=\"696\" \/>\n\t<meta property=\"og:image:height\" content=\"392\" \/>\n<meta name=\"twitter:card\" content=\"summary_large_image\" \/>\n<meta name=\"twitter:label1\" content=\"\u00c9crit par\" \/>\n\t<meta name=\"twitter:data1\" content=\"Fatou\" \/>\n\t<meta name=\"twitter:label2\" content=\"Dur\u00e9e de lecture estim\u00e9e\" \/>\n\t<meta name=\"twitter:data2\" content=\"2 minutes\" \/>\n<script type=\"application\/ld+json\" class=\"yoast-schema-graph\">{\"@context\":\"https:\/\/schema.org\",\"@graph\":[{\"@type\":\"WebSite\",\"@id\":\"https:\/\/www.nettali.com\/#website\",\"url\":\"https:\/\/www.nettali.com\/\",\"name\":\"Nettali.com\",\"description\":\"Le rendez-vous critique du Net\",\"potentialAction\":[{\"@type\":\"SearchAction\",\"target\":{\"@type\":\"EntryPoint\",\"urlTemplate\":\"https:\/\/www.nettali.com\/?s={search_term_string}\"},\"query-input\":\"required name=search_term_string\"}],\"inLanguage\":\"fr-FR\"},{\"@type\":\"ImageObject\",\"@id\":\"https:\/\/www.nettali.com\/2025\/08\/27\/dr-pape-samba-ndiaye-sur-letat-du-cas-confirme-de-mpox-le-malade-se-porte-tres-bien\/#primaryimage\",\"inLanguage\":\"fr-FR\",\"url\":\"https:\/\/www.nettali.com\/wp-content\/uploads\/2025\/08\/variole-du-singe-ok-696x392-1.jpg\",\"contentUrl\":\"https:\/\/www.nettali.com\/wp-content\/uploads\/2025\/08\/variole-du-singe-ok-696x392-1.jpg\",\"width\":696,\"height\":392},{\"@type\":\"WebPage\",\"@id\":\"https:\/\/www.nettali.com\/2025\/08\/27\/dr-pape-samba-ndiaye-sur-letat-du-cas-confirme-de-mpox-le-malade-se-porte-tres-bien\/#webpage\",\"url\":\"https:\/\/www.nettali.com\/2025\/08\/27\/dr-pape-samba-ndiaye-sur-letat-du-cas-confirme-de-mpox-le-malade-se-porte-tres-bien\/\",\"name\":\"DR PAPE SAMBA NDIAYE SUR L'\\u00c9TAT DU CAS CONFIRM\\u00c9 DE MPOX-\\u00ab Le malade se porte tr\\u00e8s bien ... \\u00bb | Nettali.com\",\"isPartOf\":{\"@id\":\"https:\/\/www.nettali.com\/#website\"},\"primaryImageOfPage\":{\"@id\":\"https:\/\/www.nettali.com\/2025\/08\/27\/dr-pape-samba-ndiaye-sur-letat-du-cas-confirme-de-mpox-le-malade-se-porte-tres-bien\/#primaryimage\"},\"datePublished\":\"2025-08-27T23:50:15+00:00\",\"dateModified\":\"2025-08-27T21:00:49+00:00\",\"author\":{\"@id\":\"https:\/\/www.nettali.com\/#\/schema\/person\/418274a86bdf87caff7a3ef476bd0bbf\"},\"breadcrumb\":{\"@id\":\"https:\/\/www.nettali.com\/2025\/08\/27\/dr-pape-samba-ndiaye-sur-letat-du-cas-confirme-de-mpox-le-malade-se-porte-tres-bien\/#breadcrumb\"},\"inLanguage\":\"fr-FR\",\"potentialAction\":[{\"@type\":\"ReadAction\",\"target\":[\"https:\/\/www.nettali.com\/2025\/08\/27\/dr-pape-samba-ndiaye-sur-letat-du-cas-confirme-de-mpox-le-malade-se-porte-tres-bien\/\"]}]},{\"@type\":\"BreadcrumbList\",\"@id\":\"https:\/\/www.nettali.com\/2025\/08\/27\/dr-pape-samba-ndiaye-sur-letat-du-cas-confirme-de-mpox-le-malade-se-porte-tres-bien\/#breadcrumb\",\"itemListElement\":[{\"@type\":\"ListItem\",\"position\":1,\"name\":\"Accueil\",\"item\":\"https:\/\/www.nettali.com\/\"},{\"@type\":\"ListItem\",\"position\":2,\"name\":\"DR PAPE SAMBA NDIAYE SUR L'\\u00c9TAT DU CAS CONFIRM\\u00c9 DE MPOX-\\u00ab Le malade se porte tr\\u00e8s bien ... \\u00bb\"}]},{\"@type\":\"Person\",\"@id\":\"https:\/\/www.nettali.com\/#\/schema\/person\/418274a86bdf87caff7a3ef476bd0bbf\",\"name\":\"Fatou\",\"image\":{\"@type\":\"ImageObject\",\"@id\":\"https:\/\/www.nettali.com\/#personlogo\",\"inLanguage\":\"fr-FR\",\"url\":\"https:\/\/secure.gravatar.com\/avatar\/5a9442a2bee7b4dcf167cab035858e9a?s=96&d=mm&r=g\",\"contentUrl\":\"https:\/\/secure.gravatar.com\/avatar\/5a9442a2bee7b4dcf167cab035858e9a?s=96&d=mm&r=g\",\"caption\":\"Fatou\"},\"sameAs\":[\"https:\/\/www.nettali.com\"]}]}<\/script>\n<!-- \/ Yoast SEO Premium plugin. -->","yoast_head_json":{"title":"DR PAPE SAMBA NDIAYE SUR L'\u00c9TAT DU CAS CONFIRM\u00c9 DE MPOX-\u00ab Le malade se porte tr\u00e8s bien ... \u00bb | Nettali.com","robots":{"index":"index","follow":"follow","max-snippet":"max-snippet:-1","max-image-preview":"max-image-preview:large","max-video-preview":"max-video-preview:-1"},"canonical":"https:\/\/www.nettali.com\/2025\/08\/27\/dr-pape-samba-ndiaye-sur-letat-du-cas-confirme-de-mpox-le-malade-se-porte-tres-bien\/","og_locale":"fr_FR","og_type":"article","og_title":"DR PAPE SAMBA NDIAYE SUR L'\u00c9TAT DU CAS CONFIRM\u00c9 DE MPOX-\u00ab Le malade se porte tr\u00e8s bien ... \u00bb","og_description":"NETTALI.COM-\u00a0Le directeur du Centre des op\u00e9rations d'urgence sanitaire au minist\u00e8re de la Sant\u00e9 rassure que le cas de Mpox confirm\u00e9 se porte bien. Dr Pape Samba que le virus n'est pas en circulation au S\u00e9n\u00e9gal. Toutefois, il souligne qu\u2019il faut l'engagement de la communaut\u00e9 et une bonne communication pour parer \u00e0 toute \u00e9ventualit\u00e9. Le premier [&hellip;]","og_url":"https:\/\/www.nettali.com\/2025\/08\/27\/dr-pape-samba-ndiaye-sur-letat-du-cas-confirme-de-mpox-le-malade-se-porte-tres-bien\/","og_site_name":"Nettali.com","article_publisher":"https:\/\/www.facebook.com\/nettalicom","article_published_time":"2025-08-27T23:50:15+00:00","article_modified_time":"2025-08-27T21:00:49+00:00","og_image":[{"width":696,"height":392,"url":"https:\/\/www.nettali.com\/wp-content\/uploads\/2025\/08\/variole-du-singe-ok-696x392-1.jpg","type":"image\/jpeg"}],"twitter_card":"summary_large_image","twitter_misc":{"\u00c9crit par":"Fatou","Dur\u00e9e de lecture estim\u00e9e":"2 minutes"},"schema":{"@context":"https:\/\/schema.org","@graph":[{"@type":"WebSite","@id":"https:\/\/www.nettali.com\/#website","url":"https:\/\/www.nettali.com\/","name":"Nettali.com","description":"Le rendez-vous critique du Net","potentialAction":[{"@type":"SearchAction","target":{"@type":"EntryPoint","urlTemplate":"https:\/\/www.nettali.com\/?s={search_term_string}"},"query-input":"required name=search_term_string"}],"inLanguage":"fr-FR"},{"@type":"ImageObject","@id":"https:\/\/www.nettali.com\/2025\/08\/27\/dr-pape-samba-ndiaye-sur-letat-du-cas-confirme-de-mpox-le-malade-se-porte-tres-bien\/#primaryimage","inLanguage":"fr-FR","url":"https:\/\/www.nettali.com\/wp-content\/uploads\/2025\/08\/variole-du-singe-ok-696x392-1.jpg","contentUrl":"https:\/\/www.nettali.com\/wp-content\/uploads\/2025\/08\/variole-du-singe-ok-696x392-1.jpg","width":696,"height":392},{"@type":"WebPage","@id":"https:\/\/www.nettali.com\/2025\/08\/27\/dr-pape-samba-ndiaye-sur-letat-du-cas-confirme-de-mpox-le-malade-se-porte-tres-bien\/#webpage","url":"https:\/\/www.nettali.com\/2025\/08\/27\/dr-pape-samba-ndiaye-sur-letat-du-cas-confirme-de-mpox-le-malade-se-porte-tres-bien\/","name":"DR PAPE SAMBA NDIAYE SUR L'\u00c9TAT DU CAS CONFIRM\u00c9 DE MPOX-\u00ab Le malade se porte tr\u00e8s bien ... \u00bb | Nettali.com","isPartOf":{"@id":"https:\/\/www.nettali.com\/#website"},"primaryImageOfPage":{"@id":"https:\/\/www.nettali.com\/2025\/08\/27\/dr-pape-samba-ndiaye-sur-letat-du-cas-confirme-de-mpox-le-malade-se-porte-tres-bien\/#primaryimage"},"datePublished":"2025-08-27T23:50:15+00:00","dateModified":"2025-08-27T21:00:49+00:00","author":{"@id":"https:\/\/www.nettali.com\/#\/schema\/person\/418274a86bdf87caff7a3ef476bd0bbf"},"breadcrumb":{"@id":"https:\/\/www.nettali.com\/2025\/08\/27\/dr-pape-samba-ndiaye-sur-letat-du-cas-confirme-de-mpox-le-malade-se-porte-tres-bien\/#breadcrumb"},"inLanguage":"fr-FR","potentialAction":[{"@type":"ReadAction","target":["https:\/\/www.nettali.com\/2025\/08\/27\/dr-pape-samba-ndiaye-sur-letat-du-cas-confirme-de-mpox-le-malade-se-porte-tres-bien\/"]}]},{"@type":"BreadcrumbList","@id":"https:\/\/www.nettali.com\/2025\/08\/27\/dr-pape-samba-ndiaye-sur-letat-du-cas-confirme-de-mpox-le-malade-se-porte-tres-bien\/#breadcrumb","itemListElement":[{"@type":"ListItem","position":1,"name":"Accueil","item":"https:\/\/www.nettali.com\/"},{"@type":"ListItem","position":2,"name":"DR PAPE SAMBA NDIAYE SUR L'\u00c9TAT DU CAS CONFIRM\u00c9 DE MPOX-\u00ab Le malade se porte tr\u00e8s bien ... \u00bb"}]},{"@type":"Person","@id":"https:\/\/www.nettali.com\/#\/schema\/person\/418274a86bdf87caff7a3ef476bd0bbf","name":"Fatou","image":{"@type":"ImageObject","@id":"https:\/\/www.nettali.com\/#personlogo","inLanguage":"fr-FR","url":"https:\/\/secure.gravatar.com\/avatar\/5a9442a2bee7b4dcf167cab035858e9a?s=96&d=mm&r=g","contentUrl":"https:\/\/secure.gravatar.com\/avatar\/5a9442a2bee7b4dcf167cab035858e9a?s=96&d=mm&r=g","caption":"Fatou"},"sameAs":["https:\/\/www.nettali.com"]}]}},"_links":{"self":[{"href":"https:\/\/www.nettali.com\/rest\/wp\/v2\/posts\/160210"}],"collection":[{"href":"https:\/\/www.nettali.com\/rest\/wp\/v2\/posts"}],"about":[{"href":"https:\/\/www.nettali.com\/rest\/wp\/v2\/types\/post"}],"author":[{"embeddable":true,"href":"https:\/\/www.nettali.com\/rest\/wp\/v2\/users\/6"}],"replies":[{"embeddable":true,"href":"https:\/\/www.nettali.com\/rest\/wp\/v2\/comments?post=160210"}],"version-history":[{"count":1,"href":"https:\/\/www.nettali.com\/rest\/wp\/v2\/posts\/160210\/revisions"}],"predecessor-version":[{"id":160211,"href":"https:\/\/www.nettali.com\/rest\/wp\/v2\/posts\/160210\/revisions\/160211"}],"wp:featuredmedia":[{"embeddable":true,"href":"https:\/\/www.nettali.com\/rest\/wp\/v2\/media\/159966"}],"wp:attachment":[{"href":"https:\/\/www.nettali.com\/rest\/wp\/v2\/media?parent=160210"}],"wp:term":[{"taxonomy":"category","embeddable":true,"href":"https:\/\/www.nettali.com\/rest\/wp\/v2\/categories?post=160210"},{"taxonomy":"post_tag","embeddable":true,"href":"https:\/\/www.nettali.com\/rest\/wp\/v2\/tags?post=160210"}],"curies":[{"name":"wp","href":"https:\/\/api.w.org\/{rel}","templated":true}]}}