{"id":160208,"date":"2025-08-27T21:00:24","date_gmt":"2025-08-27T21:00:24","guid":{"rendered":"https:\/\/www.nettali.com\/?p=160208"},"modified":"2025-08-27T21:01:31","modified_gmt":"2025-08-27T21:01:31","slug":"revocation-du-maire-de-dakar-alioune-tine-appelle-a-la-serenite-et-au-respect-de-letat-de-droit","status":"publish","type":"post","link":"https:\/\/www.nettali.com\/2025\/08\/27\/revocation-du-maire-de-dakar-alioune-tine-appelle-a-la-serenite-et-au-respect-de-letat-de-droit\/","title":{"rendered":"REVOCATION DU MAIRE DE DAKAR - Alioune Tine appelle \u00e0 la s\u00e9r\u00e9nit\u00e9 et au respect de l\u2019\u00c9tat de droit"},"content":{"rendered":"<p data-start=\"251\" data-end=\"716\"><strong>NETTALI.COM - Les conditions l\u00e9gales entourant la r\u00e9vocation du maire de Dakar demeurent sujettes \u00e0 contestation. Dans un tel contexte, la saisine de la Cour supr\u00eame appara\u00eet comme une d\u00e9marche pleinement justifi\u00e9e. Il convient donc, selon Alioune Tine, fondateur d\u2019AfrikaJom Center, de patienter dans la s\u00e9r\u00e9nit\u00e9 et de laisser la justice suivre son cours, au lieu d\u2019exercer des pressions qui pourraient \u00eatre per\u00e7ues comme une tentative d\u2019orientation de la d\u00e9cision judiciaire.<\/strong><\/p>\n<p data-start=\"718\" data-end=\"1273\">L\u2019activiste des droits humains rappelle que ceux qui, hier, ont \u00e9t\u00e9 victimes de la toute-puissance de l\u2019\u00c9tat et de l\u2019usage de moyens juridico-politiques destin\u00e9s \u00e0 emp\u00eacher la candidature de leur leader, Ousmane Sonko, ne devraient pas tomber aujourd\u2019hui dans les m\u00eames travers. <em>\u00ab Quel que soit l\u2019enjeu politique et \u00e9lectoral que repr\u00e9sente Dakar, le principe du Jub, Jubal, Jubanti doit pr\u00e9valoir \u00e0 tout moment \u00bb<\/em>, insiste-t-il, soulignant l\u2019importance d\u2019une \u00e9thique politique coh\u00e9rente et d\u2019un attachement constant aux valeurs de justice et d\u2019\u00e9quit\u00e9.<\/p>\n<p data-start=\"1275\" data-end=\"1584\">Alioune Tine met \u00e9galement en garde contre les cons\u00e9quences n\u00e9fastes de l\u2019injustice et de l\u2019arbitraire dans la gestion des affaires publiques. Selon lui, ces pratiques fragilisent les institutions, co\u00fbtent cher \u00e0 la soci\u00e9t\u00e9 dans tous les domaines et compromettent la confiance entre gouvernants et citoyens.<\/p>\n<p data-start=\"1586\" data-end=\"1867\">Pour le leader d\u2019AfrikaJom Center, la situation actuelle doit \u00eatre l\u2019occasion de prouver que le S\u00e9n\u00e9gal est capable d\u2019instaurer une gouvernance respectueuse de l\u2019\u00c9tat de droit, o\u00f9 la justice n\u2019est ni influenc\u00e9e, ni instrumentalis\u00e9e, mais demeure l\u2019ultime garant de la d\u00e9mocratie.<\/p>\n<div class='share-to-whatsapp-wrapper'><div class='share-on-whsp'>PARTAGER SUR : <\/div><a data-text='REVOCATION DU MAIRE DE DAKAR - Alioune Tine appelle \u00e0 la s\u00e9r\u00e9nit\u00e9 et au respect de l\u2019\u00c9tat de droit' data-link='https:\/\/www.nettali.com\/2025\/08\/27\/revocation-du-maire-de-dakar-alioune-tine-appelle-a-la-serenite-et-au-respect-de-letat-de-droit\/' class='whatsapp-button whatsapp-share'>WhatsApp<\/a><div class='clear '><\/div><\/div>","protected":false},"excerpt":{"rendered":"<p>NETTALI.COM - Les conditions l\u00e9gales entourant la r\u00e9vocation du maire de Dakar demeurent sujettes \u00e0 contestation. Dans un tel contexte, la saisine de la Cour supr\u00eame appara\u00eet comme une d\u00e9marche pleinement justifi\u00e9e. Il convient donc, selon Alioune Tine, fondateur d\u2019AfrikaJom Center, de patienter dans la s\u00e9r\u00e9nit\u00e9 et de laisser la justice suivre son cours, au [&hellip;]<\/p>\n","protected":false},"author":4,"featured_media":149524,"comment_status":"open","ping_status":"open","sticky":false,"template":"","format":"standard","meta":{"_et_pb_use_builder":"","_et_pb_old_content":""},"categories":[2],"tags":[],"yoast_head":"<!-- This site is optimized with the Yoast SEO Premium plugin v17.8 (Yoast SEO v17.8) - https:\/\/yoast.com\/wordpress\/plugins\/seo\/ -->\n<title>REVOCATION DU MAIRE DE DAKAR - Alioune Tine appelle \u00e0 la s\u00e9r\u00e9nit\u00e9 et au respect de l\u2019\u00c9tat de droit | Nettali.com<\/title>\n<meta name=\"robots\" content=\"index, follow, max-snippet:-1, max-image-preview:large, max-video-preview:-1\" \/>\n<link rel=\"canonical\" href=\"https:\/\/www.nettali.com\/2025\/08\/27\/revocation-du-maire-de-dakar-alioune-tine-appelle-a-la-serenite-et-au-respect-de-letat-de-droit\/\" \/>\n<meta property=\"og:locale\" content=\"fr_FR\" \/>\n<meta property=\"og:type\" content=\"article\" \/>\n<meta property=\"og:title\" content=\"REVOCATION DU MAIRE DE DAKAR - Alioune Tine appelle \u00e0 la s\u00e9r\u00e9nit\u00e9 et au respect de l\u2019\u00c9tat de droit\" \/>\n<meta property=\"og:description\" content=\"NETTALI.COM - Les conditions l\u00e9gales entourant la r\u00e9vocation du maire de Dakar demeurent sujettes \u00e0 contestation. Dans un tel contexte, la saisine de la Cour supr\u00eame appara\u00eet comme une d\u00e9marche pleinement justifi\u00e9e. Il convient donc, selon Alioune Tine, fondateur d\u2019AfrikaJom Center, de patienter dans la s\u00e9r\u00e9nit\u00e9 et de laisser la justice suivre son cours, au [&hellip;]\" \/>\n<meta property=\"og:url\" content=\"https:\/\/www.nettali.com\/2025\/08\/27\/revocation-du-maire-de-dakar-alioune-tine-appelle-a-la-serenite-et-au-respect-de-letat-de-droit\/\" \/>\n<meta property=\"og:site_name\" content=\"Nettali.com\" \/>\n<meta property=\"article:publisher\" content=\"https:\/\/www.facebook.com\/nettalicom\" \/>\n<meta property=\"article:published_time\" content=\"2025-08-27T21:00:24+00:00\" \/>\n<meta property=\"article:modified_time\" content=\"2025-08-27T21:01:31+00:00\" \/>\n<meta property=\"og:image\" content=\"https:\/\/www.nettali.com\/wp-content\/uploads\/2025\/02\/alioune-tine-600x375-1.jpg\" \/>\n\t<meta property=\"og:image:width\" content=\"600\" \/>\n\t<meta property=\"og:image:height\" content=\"375\" \/>\n<meta name=\"twitter:card\" content=\"summary_large_image\" \/>\n<meta name=\"twitter:label1\" content=\"\u00c9crit par\" \/>\n\t<meta name=\"twitter:data1\" content=\"Daouda\" \/>\n\t<meta name=\"twitter:label2\" content=\"Dur\u00e9e de lecture estim\u00e9e\" \/>\n\t<meta name=\"twitter:data2\" content=\"2 minutes\" \/>\n<script type=\"application\/ld+json\" class=\"yoast-schema-graph\">{\"@context\":\"https:\/\/schema.org\",\"@graph\":[{\"@type\":\"WebSite\",\"@id\":\"https:\/\/www.nettali.com\/#website\",\"url\":\"https:\/\/www.nettali.com\/\",\"name\":\"Nettali.com\",\"description\":\"Le rendez-vous critique du Net\",\"potentialAction\":[{\"@type\":\"SearchAction\",\"target\":{\"@type\":\"EntryPoint\",\"urlTemplate\":\"https:\/\/www.nettali.com\/?s={search_term_string}\"},\"query-input\":\"required name=search_term_string\"}],\"inLanguage\":\"fr-FR\"},{\"@type\":\"ImageObject\",\"@id\":\"https:\/\/www.nettali.com\/2025\/08\/27\/revocation-du-maire-de-dakar-alioune-tine-appelle-a-la-serenite-et-au-respect-de-letat-de-droit\/#primaryimage\",\"inLanguage\":\"fr-FR\",\"url\":\"https:\/\/www.nettali.com\/wp-content\/uploads\/2025\/02\/alioune-tine-600x375-1.jpg\",\"contentUrl\":\"https:\/\/www.nettali.com\/wp-content\/uploads\/2025\/02\/alioune-tine-600x375-1.jpg\",\"width\":600,\"height\":375},{\"@type\":\"WebPage\",\"@id\":\"https:\/\/www.nettali.com\/2025\/08\/27\/revocation-du-maire-de-dakar-alioune-tine-appelle-a-la-serenite-et-au-respect-de-letat-de-droit\/#webpage\",\"url\":\"https:\/\/www.nettali.com\/2025\/08\/27\/revocation-du-maire-de-dakar-alioune-tine-appelle-a-la-serenite-et-au-respect-de-letat-de-droit\/\",\"name\":\"REVOCATION DU MAIRE DE DAKAR - Alioune Tine appelle \\u00e0 la s\\u00e9r\\u00e9nit\\u00e9 et au respect de l\\u2019\\u00c9tat de droit | Nettali.com\",\"isPartOf\":{\"@id\":\"https:\/\/www.nettali.com\/#website\"},\"primaryImageOfPage\":{\"@id\":\"https:\/\/www.nettali.com\/2025\/08\/27\/revocation-du-maire-de-dakar-alioune-tine-appelle-a-la-serenite-et-au-respect-de-letat-de-droit\/#primaryimage\"},\"datePublished\":\"2025-08-27T21:00:24+00:00\",\"dateModified\":\"2025-08-27T21:01:31+00:00\",\"author\":{\"@id\":\"https:\/\/www.nettali.com\/#\/schema\/person\/3317e0bb3aa1da309fbf7b2780901bf4\"},\"breadcrumb\":{\"@id\":\"https:\/\/www.nettali.com\/2025\/08\/27\/revocation-du-maire-de-dakar-alioune-tine-appelle-a-la-serenite-et-au-respect-de-letat-de-droit\/#breadcrumb\"},\"inLanguage\":\"fr-FR\",\"potentialAction\":[{\"@type\":\"ReadAction\",\"target\":[\"https:\/\/www.nettali.com\/2025\/08\/27\/revocation-du-maire-de-dakar-alioune-tine-appelle-a-la-serenite-et-au-respect-de-letat-de-droit\/\"]}]},{\"@type\":\"BreadcrumbList\",\"@id\":\"https:\/\/www.nettali.com\/2025\/08\/27\/revocation-du-maire-de-dakar-alioune-tine-appelle-a-la-serenite-et-au-respect-de-letat-de-droit\/#breadcrumb\",\"itemListElement\":[{\"@type\":\"ListItem\",\"position\":1,\"name\":\"Accueil\",\"item\":\"https:\/\/www.nettali.com\/\"},{\"@type\":\"ListItem\",\"position\":2,\"name\":\"REVOCATION DU MAIRE DE DAKAR - Alioune Tine appelle \\u00e0 la s\\u00e9r\\u00e9nit\\u00e9 et au respect de l\\u2019\\u00c9tat de droit\"}]},{\"@type\":\"Person\",\"@id\":\"https:\/\/www.nettali.com\/#\/schema\/person\/3317e0bb3aa1da309fbf7b2780901bf4\",\"name\":\"Daouda\",\"image\":{\"@type\":\"ImageObject\",\"@id\":\"https:\/\/www.nettali.com\/#personlogo\",\"inLanguage\":\"fr-FR\",\"url\":\"https:\/\/secure.gravatar.com\/avatar\/8d143b5a49345098ddcfee1c49c2f47c?s=96&d=mm&r=g\",\"contentUrl\":\"https:\/\/secure.gravatar.com\/avatar\/8d143b5a49345098ddcfee1c49c2f47c?s=96&d=mm&r=g\",\"caption\":\"Daouda\"},\"sameAs\":[\"https:\/\/www.nettali.com\"]}]}<\/script>\n<!-- \/ Yoast SEO Premium plugin. -->","yoast_head_json":{"title":"REVOCATION DU MAIRE DE DAKAR - Alioune Tine appelle \u00e0 la s\u00e9r\u00e9nit\u00e9 et au respect de l\u2019\u00c9tat de droit | Nettali.com","robots":{"index":"index","follow":"follow","max-snippet":"max-snippet:-1","max-image-preview":"max-image-preview:large","max-video-preview":"max-video-preview:-1"},"canonical":"https:\/\/www.nettali.com\/2025\/08\/27\/revocation-du-maire-de-dakar-alioune-tine-appelle-a-la-serenite-et-au-respect-de-letat-de-droit\/","og_locale":"fr_FR","og_type":"article","og_title":"REVOCATION DU MAIRE DE DAKAR - Alioune Tine appelle \u00e0 la s\u00e9r\u00e9nit\u00e9 et au respect de l\u2019\u00c9tat de droit","og_description":"NETTALI.COM - Les conditions l\u00e9gales entourant la r\u00e9vocation du maire de Dakar demeurent sujettes \u00e0 contestation. Dans un tel contexte, la saisine de la Cour supr\u00eame appara\u00eet comme une d\u00e9marche pleinement justifi\u00e9e. Il convient donc, selon Alioune Tine, fondateur d\u2019AfrikaJom Center, de patienter dans la s\u00e9r\u00e9nit\u00e9 et de laisser la justice suivre son cours, au [&hellip;]","og_url":"https:\/\/www.nettali.com\/2025\/08\/27\/revocation-du-maire-de-dakar-alioune-tine-appelle-a-la-serenite-et-au-respect-de-letat-de-droit\/","og_site_name":"Nettali.com","article_publisher":"https:\/\/www.facebook.com\/nettalicom","article_published_time":"2025-08-27T21:00:24+00:00","article_modified_time":"2025-08-27T21:01:31+00:00","og_image":[{"width":600,"height":375,"url":"https:\/\/www.nettali.com\/wp-content\/uploads\/2025\/02\/alioune-tine-600x375-1.jpg","type":"image\/jpeg"}],"twitter_card":"summary_large_image","twitter_misc":{"\u00c9crit par":"Daouda","Dur\u00e9e de lecture estim\u00e9e":"2 minutes"},"schema":{"@context":"https:\/\/schema.org","@graph":[{"@type":"WebSite","@id":"https:\/\/www.nettali.com\/#website","url":"https:\/\/www.nettali.com\/","name":"Nettali.com","description":"Le rendez-vous critique du Net","potentialAction":[{"@type":"SearchAction","target":{"@type":"EntryPoint","urlTemplate":"https:\/\/www.nettali.com\/?s={search_term_string}"},"query-input":"required name=search_term_string"}],"inLanguage":"fr-FR"},{"@type":"ImageObject","@id":"https:\/\/www.nettali.com\/2025\/08\/27\/revocation-du-maire-de-dakar-alioune-tine-appelle-a-la-serenite-et-au-respect-de-letat-de-droit\/#primaryimage","inLanguage":"fr-FR","url":"https:\/\/www.nettali.com\/wp-content\/uploads\/2025\/02\/alioune-tine-600x375-1.jpg","contentUrl":"https:\/\/www.nettali.com\/wp-content\/uploads\/2025\/02\/alioune-tine-600x375-1.jpg","width":600,"height":375},{"@type":"WebPage","@id":"https:\/\/www.nettali.com\/2025\/08\/27\/revocation-du-maire-de-dakar-alioune-tine-appelle-a-la-serenite-et-au-respect-de-letat-de-droit\/#webpage","url":"https:\/\/www.nettali.com\/2025\/08\/27\/revocation-du-maire-de-dakar-alioune-tine-appelle-a-la-serenite-et-au-respect-de-letat-de-droit\/","name":"REVOCATION DU MAIRE DE DAKAR - Alioune Tine appelle \u00e0 la s\u00e9r\u00e9nit\u00e9 et au respect de l\u2019\u00c9tat de droit | Nettali.com","isPartOf":{"@id":"https:\/\/www.nettali.com\/#website"},"primaryImageOfPage":{"@id":"https:\/\/www.nettali.com\/2025\/08\/27\/revocation-du-maire-de-dakar-alioune-tine-appelle-a-la-serenite-et-au-respect-de-letat-de-droit\/#primaryimage"},"datePublished":"2025-08-27T21:00:24+00:00","dateModified":"2025-08-27T21:01:31+00:00","author":{"@id":"https:\/\/www.nettali.com\/#\/schema\/person\/3317e0bb3aa1da309fbf7b2780901bf4"},"breadcrumb":{"@id":"https:\/\/www.nettali.com\/2025\/08\/27\/revocation-du-maire-de-dakar-alioune-tine-appelle-a-la-serenite-et-au-respect-de-letat-de-droit\/#breadcrumb"},"inLanguage":"fr-FR","potentialAction":[{"@type":"ReadAction","target":["https:\/\/www.nettali.com\/2025\/08\/27\/revocation-du-maire-de-dakar-alioune-tine-appelle-a-la-serenite-et-au-respect-de-letat-de-droit\/"]}]},{"@type":"BreadcrumbList","@id":"https:\/\/www.nettali.com\/2025\/08\/27\/revocation-du-maire-de-dakar-alioune-tine-appelle-a-la-serenite-et-au-respect-de-letat-de-droit\/#breadcrumb","itemListElement":[{"@type":"ListItem","position":1,"name":"Accueil","item":"https:\/\/www.nettali.com\/"},{"@type":"ListItem","position":2,"name":"REVOCATION DU MAIRE DE DAKAR - Alioune Tine appelle \u00e0 la s\u00e9r\u00e9nit\u00e9 et au respect de l\u2019\u00c9tat de droit"}]},{"@type":"Person","@id":"https:\/\/www.nettali.com\/#\/schema\/person\/3317e0bb3aa1da309fbf7b2780901bf4","name":"Daouda","image":{"@type":"ImageObject","@id":"https:\/\/www.nettali.com\/#personlogo","inLanguage":"fr-FR","url":"https:\/\/secure.gravatar.com\/avatar\/8d143b5a49345098ddcfee1c49c2f47c?s=96&d=mm&r=g","contentUrl":"https:\/\/secure.gravatar.com\/avatar\/8d143b5a49345098ddcfee1c49c2f47c?s=96&d=mm&r=g","caption":"Daouda"},"sameAs":["https:\/\/www.nettali.com"]}]}},"_links":{"self":[{"href":"https:\/\/www.nettali.com\/rest\/wp\/v2\/posts\/160208"}],"collection":[{"href":"https:\/\/www.nettali.com\/rest\/wp\/v2\/posts"}],"about":[{"href":"https:\/\/www.nettali.com\/rest\/wp\/v2\/types\/post"}],"author":[{"embeddable":true,"href":"https:\/\/www.nettali.com\/rest\/wp\/v2\/users\/4"}],"replies":[{"embeddable":true,"href":"https:\/\/www.nettali.com\/rest\/wp\/v2\/comments?post=160208"}],"version-history":[{"count":1,"href":"https:\/\/www.nettali.com\/rest\/wp\/v2\/posts\/160208\/revisions"}],"predecessor-version":[{"id":160209,"href":"https:\/\/www.nettali.com\/rest\/wp\/v2\/posts\/160208\/revisions\/160209"}],"wp:featuredmedia":[{"embeddable":true,"href":"https:\/\/www.nettali.com\/rest\/wp\/v2\/media\/149524"}],"wp:attachment":[{"href":"https:\/\/www.nettali.com\/rest\/wp\/v2\/media?parent=160208"}],"wp:term":[{"taxonomy":"category","embeddable":true,"href":"https:\/\/www.nettali.com\/rest\/wp\/v2\/categories?post=160208"},{"taxonomy":"post_tag","embeddable":true,"href":"https:\/\/www.nettali.com\/rest\/wp\/v2\/tags?post=160208"}],"curies":[{"name":"wp","href":"https:\/\/api.w.org\/{rel}","templated":true}]}}