{"id":159909,"date":"2025-08-22T22:14:21","date_gmt":"2025-08-22T22:14:21","guid":{"rendered":"https:\/\/www.nettali.com\/?p=159909"},"modified":"2025-08-25T15:19:10","modified_gmt":"2025-08-25T15:19:10","slug":"90e-anniversaire-dabdou-diouf-la-fondation-sport-vertu-honore-lancien-chef-detat","status":"publish","type":"post","link":"https:\/\/www.nettali.com\/2025\/08\/22\/90e-anniversaire-dabdou-diouf-la-fondation-sport-vertu-honore-lancien-chef-detat\/","title":{"rendered":"90\u00c8 ANNIVERSAIRE D'ABDOU DIOUF - La Fondation \"Sport-Vertu\" honore l'ancien chef d\u2019\u00c9tat"},"content":{"rendered":"<p><strong>NETTALI.COM - La Fondation Abdou Diouf \"Sport-Vertu\" pr\u00e9sid\u00e9e par l\u2019inspecteur G\u00e9n\u00e9ral d\u2019\u00c9tat, Mamadou Moustapha Tall a tenu une conf\u00e9rence de presse, ce vendredi 22 ao\u00fbt \u00e0 Dakar. L\u2019objectif de cette rencontre avec la presse \u00e9tait de pr\u00e9parer les festivit\u00e9s marquant les 90 ans de SEM Abdou Diouf, ancien Pr\u00e9sident de la R\u00e9publique du S\u00e9n\u00e9gal.<\/strong><\/p>\n<p>La Fondation Abdou Diouf Sport Vertu (FADSV) a officiellement lanc\u00e9 les pr\u00e9paratifs pour le 90\u00e8me anniversaire de l\u2019ancien Pr\u00e9sident de la R\u00e9publique, Son Excellence Monsieur Abdou DIOUF. Une conf\u00e9rence de presse, tenue ce vendredi 22 ao\u00fbt \u00e0 Dakar a r\u00e9uni des personnalit\u00e9s \u00e9minentes pour annoncer un programme d\u2019activit\u00e9s en l\u2019honneur de l\u2019h\u00e9ritage de l\u2019ancien chef d\u2019\u00c9tat.<\/p>\n<p>Pr\u00e9sid\u00e9e par l\u2019Inspecteur G\u00e9n\u00e9ral d\u2019\u00c9tat Mamadou Moustapha Tall, la FADSV a soulign\u00e9 l\u2019importance de cet \u00e9v\u00e9nement pour la m\u00e9moire collective du S\u00e9n\u00e9gal. \"<em>L\u2019objectif de cette rencontre \u00e9tait de pr\u00e9parer les festivit\u00e9s marquant les 90 ans de SEM Abdou Diouf<\/em>\", a d\u00e9clar\u00e9 Mamadou Moustapha Tall, devant une assembl\u00e9e de figures respect\u00e9es de la vie politique, militaire et intellectuelle du pays.<\/p>\n<p>La pr\u00e9sence de nombreuses sommit\u00e9s, dont le G\u00e9n\u00e9ral Mouhamadou Mansour Seck, l\u2019Amiral Sall, Abdoulaye Wilane, le Professeur Beno\u00eet Ngom, Seydina Diagne (CNOSS), Papa Massar Ndoye, Papa Demba Diop, Papa Amadou Diagne, Abdoulaye Thiam, sans oublier le fils de l'ancien pr\u00e9sident de la R\u00e9publique, Cheikh Makhtar Diouf, t\u00e9moigne du respect et de la reconnaissance dont jouit le Pr\u00e9sident Diouf. Leurs participations illustrent l\u2019impact durable de son action sur la soci\u00e9t\u00e9 s\u00e9n\u00e9galaise, bien au-del\u00e0 des clivages partisans.<\/p>\n<p>Au programme : exposition et conf\u00e9rence de haut niveau<\/p>\n<p>Pour marquer ce jubil\u00e9, la FADSV a pr\u00e9vu deux temps forts :<\/p>\n<p>Le 2 septembre 2025, le Mus\u00e9e des Civilisations Noires accueillera une exposition in\u00e9dite sur la vie et l\u2019\u0153uvre de l\u2019ancien chef d\u2019\u00c9tat. Cette r\u00e9trospective permettra de plonger dans l\u2019histoire d\u2019un homme qui a fa\u00e7onn\u00e9 l\u2019avenir du pays, de ses d\u00e9buts \u00e0 son accession \u00e0 la t\u00eate de la nation.<\/p>\n<p>Le 6 septembre 2025, une conf\u00e9rence-d\u00e9bat aura lieu \u00e0 l\u2019h\u00f4tel Pullman. Organis\u00e9e en partenariat avec l\u2019Association des Juristes d\u2019Afrique et anim\u00e9e par le Professeur Beno\u00eet Ngom, cette rencontre offrira un espace d\u2019\u00e9change et de r\u00e9flexion sur le parcours de l\u2019ancien Pr\u00e9sident, notamment sur son r\u00f4le en tant que juriste \u00e9m\u00e9rite et sa contribution \u00e0 la gouvernance.<\/p>\n<p>La FADS, cr\u00e9\u00e9e en 1987, a appel\u00e9 \u00e0 la mobilisation de tous les S\u00e9n\u00e9galais pour rendre un vibrant hommage \u00e0 celui qui est consid\u00e9r\u00e9 comme une ic\u00f4ne nationale. Les \u00e9v\u00e9nements pr\u00e9vus sont une occasion unique de se reconnecter avec les valeurs de leadership, de dignit\u00e9 et de vertu que le Pr\u00e9sident Diouf a toujours incarn\u00e9es.<\/p>\n<div class='share-to-whatsapp-wrapper'><div class='share-on-whsp'>PARTAGER SUR : <\/div><a data-text='90\u00c8 ANNIVERSAIRE D'ABDOU DIOUF - La Fondation \"Sport-Vertu\" honore l'ancien chef d\u2019\u00c9tat' data-link='https:\/\/www.nettali.com\/2025\/08\/22\/90e-anniversaire-dabdou-diouf-la-fondation-sport-vertu-honore-lancien-chef-detat\/' class='whatsapp-button whatsapp-share'>WhatsApp<\/a><div class='clear '><\/div><\/div>","protected":false},"excerpt":{"rendered":"<p>NETTALI.COM - La Fondation Abdou Diouf \"Sport-Vertu\" pr\u00e9sid\u00e9e par l\u2019inspecteur G\u00e9n\u00e9ral d\u2019\u00c9tat, Mamadou Moustapha Tall a tenu une conf\u00e9rence de presse, ce vendredi 22 ao\u00fbt \u00e0 Dakar. L\u2019objectif de cette rencontre avec la presse \u00e9tait de pr\u00e9parer les festivit\u00e9s marquant les 90 ans de SEM Abdou Diouf, ancien Pr\u00e9sident de la R\u00e9publique du S\u00e9n\u00e9gal. La [&hellip;]<\/p>\n","protected":false},"author":5,"featured_media":160051,"comment_status":"open","ping_status":"open","sticky":false,"template":"","format":"standard","meta":{"_et_pb_use_builder":"","_et_pb_old_content":""},"categories":[6],"tags":[],"yoast_head":"<!-- This site is optimized with the Yoast SEO Premium plugin v17.8 (Yoast SEO v17.8) - https:\/\/yoast.com\/wordpress\/plugins\/seo\/ -->\n<title>90\u00c8 ANNIVERSAIRE D&#039;ABDOU DIOUF - La Fondation &quot;Sport-Vertu&quot; honore l&#039;ancien chef d\u2019\u00c9tat | Nettali.com<\/title>\n<meta name=\"robots\" content=\"index, follow, max-snippet:-1, max-image-preview:large, max-video-preview:-1\" \/>\n<link rel=\"canonical\" href=\"https:\/\/www.nettali.com\/2025\/08\/22\/90e-anniversaire-dabdou-diouf-la-fondation-sport-vertu-honore-lancien-chef-detat\/\" \/>\n<meta property=\"og:locale\" content=\"fr_FR\" \/>\n<meta property=\"og:type\" content=\"article\" \/>\n<meta property=\"og:title\" content=\"90\u00c8 ANNIVERSAIRE D&#039;ABDOU DIOUF - La Fondation &quot;Sport-Vertu&quot; honore l&#039;ancien chef d\u2019\u00c9tat\" \/>\n<meta property=\"og:description\" content=\"NETTALI.COM - La Fondation Abdou Diouf &quot;Sport-Vertu&quot; pr\u00e9sid\u00e9e par l\u2019inspecteur G\u00e9n\u00e9ral d\u2019\u00c9tat, Mamadou Moustapha Tall a tenu une conf\u00e9rence de presse, ce vendredi 22 ao\u00fbt \u00e0 Dakar. L\u2019objectif de cette rencontre avec la presse \u00e9tait de pr\u00e9parer les festivit\u00e9s marquant les 90 ans de SEM Abdou Diouf, ancien Pr\u00e9sident de la R\u00e9publique du S\u00e9n\u00e9gal. La [&hellip;]\" \/>\n<meta property=\"og:url\" content=\"https:\/\/www.nettali.com\/2025\/08\/22\/90e-anniversaire-dabdou-diouf-la-fondation-sport-vertu-honore-lancien-chef-detat\/\" \/>\n<meta property=\"og:site_name\" content=\"Nettali.com\" \/>\n<meta property=\"article:publisher\" content=\"https:\/\/www.facebook.com\/nettalicom\" \/>\n<meta property=\"article:published_time\" content=\"2025-08-22T22:14:21+00:00\" \/>\n<meta property=\"article:modified_time\" content=\"2025-08-25T15:19:10+00:00\" \/>\n<meta property=\"og:image\" content=\"https:\/\/www.nettali.com\/wp-content\/uploads\/2025\/08\/Pt-presse-fondation-Abdou-Diouf-2-sur-11.jpg\" \/>\n\t<meta property=\"og:image:width\" content=\"1600\" \/>\n\t<meta property=\"og:image:height\" content=\"872\" \/>\n<meta name=\"twitter:card\" content=\"summary_large_image\" \/>\n<meta name=\"twitter:label1\" content=\"\u00c9crit par\" \/>\n\t<meta name=\"twitter:data1\" content=\"Ibrahima\" \/>\n\t<meta name=\"twitter:label2\" content=\"Dur\u00e9e de lecture estim\u00e9e\" \/>\n\t<meta name=\"twitter:data2\" content=\"3 minutes\" \/>\n<script type=\"application\/ld+json\" class=\"yoast-schema-graph\">{\"@context\":\"https:\/\/schema.org\",\"@graph\":[{\"@type\":\"WebSite\",\"@id\":\"https:\/\/www.nettali.com\/#website\",\"url\":\"https:\/\/www.nettali.com\/\",\"name\":\"Nettali.com\",\"description\":\"Le rendez-vous critique du Net\",\"potentialAction\":[{\"@type\":\"SearchAction\",\"target\":{\"@type\":\"EntryPoint\",\"urlTemplate\":\"https:\/\/www.nettali.com\/?s={search_term_string}\"},\"query-input\":\"required name=search_term_string\"}],\"inLanguage\":\"fr-FR\"},{\"@type\":\"ImageObject\",\"@id\":\"https:\/\/www.nettali.com\/2025\/08\/22\/90e-anniversaire-dabdou-diouf-la-fondation-sport-vertu-honore-lancien-chef-detat\/#primaryimage\",\"inLanguage\":\"fr-FR\",\"url\":\"https:\/\/www.nettali.com\/wp-content\/uploads\/2025\/08\/Pt-presse-fondation-Abdou-Diouf-2-sur-11.jpg\",\"contentUrl\":\"https:\/\/www.nettali.com\/wp-content\/uploads\/2025\/08\/Pt-presse-fondation-Abdou-Diouf-2-sur-11.jpg\",\"width\":1600,\"height\":872},{\"@type\":\"WebPage\",\"@id\":\"https:\/\/www.nettali.com\/2025\/08\/22\/90e-anniversaire-dabdou-diouf-la-fondation-sport-vertu-honore-lancien-chef-detat\/#webpage\",\"url\":\"https:\/\/www.nettali.com\/2025\/08\/22\/90e-anniversaire-dabdou-diouf-la-fondation-sport-vertu-honore-lancien-chef-detat\/\",\"name\":\"90\\u00c8 ANNIVERSAIRE D'ABDOU DIOUF - La Fondation \\\"Sport-Vertu\\\" honore l'ancien chef d\\u2019\\u00c9tat | Nettali.com\",\"isPartOf\":{\"@id\":\"https:\/\/www.nettali.com\/#website\"},\"primaryImageOfPage\":{\"@id\":\"https:\/\/www.nettali.com\/2025\/08\/22\/90e-anniversaire-dabdou-diouf-la-fondation-sport-vertu-honore-lancien-chef-detat\/#primaryimage\"},\"datePublished\":\"2025-08-22T22:14:21+00:00\",\"dateModified\":\"2025-08-25T15:19:10+00:00\",\"author\":{\"@id\":\"https:\/\/www.nettali.com\/#\/schema\/person\/bb147657c2986240405a608162b9bb23\"},\"breadcrumb\":{\"@id\":\"https:\/\/www.nettali.com\/2025\/08\/22\/90e-anniversaire-dabdou-diouf-la-fondation-sport-vertu-honore-lancien-chef-detat\/#breadcrumb\"},\"inLanguage\":\"fr-FR\",\"potentialAction\":[{\"@type\":\"ReadAction\",\"target\":[\"https:\/\/www.nettali.com\/2025\/08\/22\/90e-anniversaire-dabdou-diouf-la-fondation-sport-vertu-honore-lancien-chef-detat\/\"]}]},{\"@type\":\"BreadcrumbList\",\"@id\":\"https:\/\/www.nettali.com\/2025\/08\/22\/90e-anniversaire-dabdou-diouf-la-fondation-sport-vertu-honore-lancien-chef-detat\/#breadcrumb\",\"itemListElement\":[{\"@type\":\"ListItem\",\"position\":1,\"name\":\"Accueil\",\"item\":\"https:\/\/www.nettali.com\/\"},{\"@type\":\"ListItem\",\"position\":2,\"name\":\"90\\u00c8 ANNIVERSAIRE D'ABDOU DIOUF - La Fondation \\\"Sport-Vertu\\\" honore l'ancien chef d\\u2019\\u00c9tat\"}]},{\"@type\":\"Person\",\"@id\":\"https:\/\/www.nettali.com\/#\/schema\/person\/bb147657c2986240405a608162b9bb23\",\"name\":\"Ibrahima\",\"image\":{\"@type\":\"ImageObject\",\"@id\":\"https:\/\/www.nettali.com\/#personlogo\",\"inLanguage\":\"fr-FR\",\"url\":\"https:\/\/secure.gravatar.com\/avatar\/26a8a81f09f0dd7624c9d5c36c9ba3a2?s=96&d=mm&r=g\",\"contentUrl\":\"https:\/\/secure.gravatar.com\/avatar\/26a8a81f09f0dd7624c9d5c36c9ba3a2?s=96&d=mm&r=g\",\"caption\":\"Ibrahima\"},\"sameAs\":[\"https:\/\/www.nettali.com\"]}]}<\/script>\n<!-- \/ Yoast SEO Premium plugin. -->","yoast_head_json":{"title":"90\u00c8 ANNIVERSAIRE D'ABDOU DIOUF - La Fondation \"Sport-Vertu\" honore l'ancien chef d\u2019\u00c9tat | Nettali.com","robots":{"index":"index","follow":"follow","max-snippet":"max-snippet:-1","max-image-preview":"max-image-preview:large","max-video-preview":"max-video-preview:-1"},"canonical":"https:\/\/www.nettali.com\/2025\/08\/22\/90e-anniversaire-dabdou-diouf-la-fondation-sport-vertu-honore-lancien-chef-detat\/","og_locale":"fr_FR","og_type":"article","og_title":"90\u00c8 ANNIVERSAIRE D'ABDOU DIOUF - La Fondation \"Sport-Vertu\" honore l'ancien chef d\u2019\u00c9tat","og_description":"NETTALI.COM - La Fondation Abdou Diouf \"Sport-Vertu\" pr\u00e9sid\u00e9e par l\u2019inspecteur G\u00e9n\u00e9ral d\u2019\u00c9tat, Mamadou Moustapha Tall a tenu une conf\u00e9rence de presse, ce vendredi 22 ao\u00fbt \u00e0 Dakar. L\u2019objectif de cette rencontre avec la presse \u00e9tait de pr\u00e9parer les festivit\u00e9s marquant les 90 ans de SEM Abdou Diouf, ancien Pr\u00e9sident de la R\u00e9publique du S\u00e9n\u00e9gal. La [&hellip;]","og_url":"https:\/\/www.nettali.com\/2025\/08\/22\/90e-anniversaire-dabdou-diouf-la-fondation-sport-vertu-honore-lancien-chef-detat\/","og_site_name":"Nettali.com","article_publisher":"https:\/\/www.facebook.com\/nettalicom","article_published_time":"2025-08-22T22:14:21+00:00","article_modified_time":"2025-08-25T15:19:10+00:00","og_image":[{"width":1600,"height":872,"url":"https:\/\/www.nettali.com\/wp-content\/uploads\/2025\/08\/Pt-presse-fondation-Abdou-Diouf-2-sur-11.jpg","type":"image\/jpeg"}],"twitter_card":"summary_large_image","twitter_misc":{"\u00c9crit par":"Ibrahima","Dur\u00e9e de lecture estim\u00e9e":"3 minutes"},"schema":{"@context":"https:\/\/schema.org","@graph":[{"@type":"WebSite","@id":"https:\/\/www.nettali.com\/#website","url":"https:\/\/www.nettali.com\/","name":"Nettali.com","description":"Le rendez-vous critique du Net","potentialAction":[{"@type":"SearchAction","target":{"@type":"EntryPoint","urlTemplate":"https:\/\/www.nettali.com\/?s={search_term_string}"},"query-input":"required name=search_term_string"}],"inLanguage":"fr-FR"},{"@type":"ImageObject","@id":"https:\/\/www.nettali.com\/2025\/08\/22\/90e-anniversaire-dabdou-diouf-la-fondation-sport-vertu-honore-lancien-chef-detat\/#primaryimage","inLanguage":"fr-FR","url":"https:\/\/www.nettali.com\/wp-content\/uploads\/2025\/08\/Pt-presse-fondation-Abdou-Diouf-2-sur-11.jpg","contentUrl":"https:\/\/www.nettali.com\/wp-content\/uploads\/2025\/08\/Pt-presse-fondation-Abdou-Diouf-2-sur-11.jpg","width":1600,"height":872},{"@type":"WebPage","@id":"https:\/\/www.nettali.com\/2025\/08\/22\/90e-anniversaire-dabdou-diouf-la-fondation-sport-vertu-honore-lancien-chef-detat\/#webpage","url":"https:\/\/www.nettali.com\/2025\/08\/22\/90e-anniversaire-dabdou-diouf-la-fondation-sport-vertu-honore-lancien-chef-detat\/","name":"90\u00c8 ANNIVERSAIRE D'ABDOU DIOUF - La Fondation \"Sport-Vertu\" honore l'ancien chef d\u2019\u00c9tat | Nettali.com","isPartOf":{"@id":"https:\/\/www.nettali.com\/#website"},"primaryImageOfPage":{"@id":"https:\/\/www.nettali.com\/2025\/08\/22\/90e-anniversaire-dabdou-diouf-la-fondation-sport-vertu-honore-lancien-chef-detat\/#primaryimage"},"datePublished":"2025-08-22T22:14:21+00:00","dateModified":"2025-08-25T15:19:10+00:00","author":{"@id":"https:\/\/www.nettali.com\/#\/schema\/person\/bb147657c2986240405a608162b9bb23"},"breadcrumb":{"@id":"https:\/\/www.nettali.com\/2025\/08\/22\/90e-anniversaire-dabdou-diouf-la-fondation-sport-vertu-honore-lancien-chef-detat\/#breadcrumb"},"inLanguage":"fr-FR","potentialAction":[{"@type":"ReadAction","target":["https:\/\/www.nettali.com\/2025\/08\/22\/90e-anniversaire-dabdou-diouf-la-fondation-sport-vertu-honore-lancien-chef-detat\/"]}]},{"@type":"BreadcrumbList","@id":"https:\/\/www.nettali.com\/2025\/08\/22\/90e-anniversaire-dabdou-diouf-la-fondation-sport-vertu-honore-lancien-chef-detat\/#breadcrumb","itemListElement":[{"@type":"ListItem","position":1,"name":"Accueil","item":"https:\/\/www.nettali.com\/"},{"@type":"ListItem","position":2,"name":"90\u00c8 ANNIVERSAIRE D'ABDOU DIOUF - La Fondation \"Sport-Vertu\" honore l'ancien chef d\u2019\u00c9tat"}]},{"@type":"Person","@id":"https:\/\/www.nettali.com\/#\/schema\/person\/bb147657c2986240405a608162b9bb23","name":"Ibrahima","image":{"@type":"ImageObject","@id":"https:\/\/www.nettali.com\/#personlogo","inLanguage":"fr-FR","url":"https:\/\/secure.gravatar.com\/avatar\/26a8a81f09f0dd7624c9d5c36c9ba3a2?s=96&d=mm&r=g","contentUrl":"https:\/\/secure.gravatar.com\/avatar\/26a8a81f09f0dd7624c9d5c36c9ba3a2?s=96&d=mm&r=g","caption":"Ibrahima"},"sameAs":["https:\/\/www.nettali.com"]}]}},"_links":{"self":[{"href":"https:\/\/www.nettali.com\/rest\/wp\/v2\/posts\/159909"}],"collection":[{"href":"https:\/\/www.nettali.com\/rest\/wp\/v2\/posts"}],"about":[{"href":"https:\/\/www.nettali.com\/rest\/wp\/v2\/types\/post"}],"author":[{"embeddable":true,"href":"https:\/\/www.nettali.com\/rest\/wp\/v2\/users\/5"}],"replies":[{"embeddable":true,"href":"https:\/\/www.nettali.com\/rest\/wp\/v2\/comments?post=159909"}],"version-history":[{"count":3,"href":"https:\/\/www.nettali.com\/rest\/wp\/v2\/posts\/159909\/revisions"}],"predecessor-version":[{"id":160052,"href":"https:\/\/www.nettali.com\/rest\/wp\/v2\/posts\/159909\/revisions\/160052"}],"wp:featuredmedia":[{"embeddable":true,"href":"https:\/\/www.nettali.com\/rest\/wp\/v2\/media\/160051"}],"wp:attachment":[{"href":"https:\/\/www.nettali.com\/rest\/wp\/v2\/media?parent=159909"}],"wp:term":[{"taxonomy":"category","embeddable":true,"href":"https:\/\/www.nettali.com\/rest\/wp\/v2\/categories?post=159909"},{"taxonomy":"post_tag","embeddable":true,"href":"https:\/\/www.nettali.com\/rest\/wp\/v2\/tags?post=159909"}],"curies":[{"name":"wp","href":"https:\/\/api.w.org\/{rel}","templated":true}]}}