{"id":159866,"date":"2025-08-22T07:05:28","date_gmt":"2025-08-22T07:05:28","guid":{"rendered":"https:\/\/www.nettali.com\/?p=159866"},"modified":"2025-08-22T07:05:28","modified_gmt":"2025-08-22T07:05:28","slug":"forum-daffaires-ousmane-sonko-annonce-a-paris-le-23-septembre","status":"publish","type":"post","link":"https:\/\/www.nettali.com\/2025\/08\/22\/forum-daffaires-ousmane-sonko-annonce-a-paris-le-23-septembre\/","title":{"rendered":"FORUM D'AFFAIRES - Ousmane Sonko annonc\u00e9 \u00e0 Paris le 23 septembre\u00a0"},"content":{"rendered":"<p data-start=\"126\" data-end=\"516\">NETTALI.COM - Le Premier ministre du S\u00e9n\u00e9gal, Ousmane Sonko, est attendu \u00e0 Paris le 23 septembre prochain pour participer au forum d\u2019affaires BIG (Bpifrance Inno G\u00e9n\u00e9ration), consid\u00e9r\u00e9 comme l\u2019un des plus grands \u00e9v\u00e9nements \u00e9conomiques europ\u00e9ens. Organis\u00e9e \u00e0 l\u2019Accor Arena par Bpifrance, cette rencontre r\u00e9unira des milliers de chefs d\u2019entreprise, investisseurs, d\u00e9cideurs politiques et innovateurs.<\/p>\n<p data-start=\"518\" data-end=\"736\">La participation du chef du gouvernement s\u00e9n\u00e9galais s\u2019inscrirait dans une dynamique de renforcement des relations \u00e9conomiques entre Dakar et Paris, autour des enjeux de croissance, d\u2019innovation et de coop\u00e9ration.<\/p>\n<p data-start=\"738\" data-end=\"973\">Toutefois, aucune confirmation officielle n\u2019a encore \u00e9t\u00e9 donn\u00e9e du c\u00f4t\u00e9 des autorit\u00e9s diplomatiques s\u00e9n\u00e9galaises ou fran\u00e7aises. Les pr\u00e9paratifs sont en cours, et une communication officielle est attendue dans les prochains jours.<\/p>\n<div class='share-to-whatsapp-wrapper'><div class='share-on-whsp'>PARTAGER SUR : <\/div><a data-text='FORUM D'AFFAIRES - Ousmane Sonko annonc\u00e9 \u00e0 Paris le 23 septembre\u00a0' data-link='https:\/\/www.nettali.com\/2025\/08\/22\/forum-daffaires-ousmane-sonko-annonce-a-paris-le-23-septembre\/' class='whatsapp-button whatsapp-share'>WhatsApp<\/a><div class='clear '><\/div><\/div>","protected":false},"excerpt":{"rendered":"<p>NETTALI.COM - Le Premier ministre du S\u00e9n\u00e9gal, Ousmane Sonko, est attendu \u00e0 Paris le 23 septembre prochain pour participer au forum d\u2019affaires BIG (Bpifrance Inno G\u00e9n\u00e9ration), consid\u00e9r\u00e9 comme l\u2019un des plus grands \u00e9v\u00e9nements \u00e9conomiques europ\u00e9ens. Organis\u00e9e \u00e0 l\u2019Accor Arena par Bpifrance, cette rencontre r\u00e9unira des milliers de chefs d\u2019entreprise, investisseurs, d\u00e9cideurs politiques et innovateurs. La [&hellip;]<\/p>\n","protected":false},"author":4,"featured_media":158943,"comment_status":"open","ping_status":"open","sticky":false,"template":"","format":"standard","meta":{"_et_pb_use_builder":"","_et_pb_old_content":""},"categories":[34945],"tags":[],"yoast_head":"<!-- This site is optimized with the Yoast SEO Premium plugin v17.8 (Yoast SEO v17.8) - https:\/\/yoast.com\/wordpress\/plugins\/seo\/ -->\n<title>FORUM D&#039;AFFAIRES - Ousmane Sonko annonc\u00e9 \u00e0 Paris le 23 septembre\u00a0 | Nettali.com<\/title>\n<meta name=\"robots\" content=\"index, follow, max-snippet:-1, max-image-preview:large, max-video-preview:-1\" \/>\n<link rel=\"canonical\" href=\"https:\/\/www.nettali.com\/2025\/08\/22\/forum-daffaires-ousmane-sonko-annonce-a-paris-le-23-septembre\/\" \/>\n<meta property=\"og:locale\" content=\"fr_FR\" \/>\n<meta property=\"og:type\" content=\"article\" \/>\n<meta property=\"og:title\" content=\"FORUM D&#039;AFFAIRES - Ousmane Sonko annonc\u00e9 \u00e0 Paris le 23 septembre\u00a0\" \/>\n<meta property=\"og:description\" content=\"NETTALI.COM - Le Premier ministre du S\u00e9n\u00e9gal, Ousmane Sonko, est attendu \u00e0 Paris le 23 septembre prochain pour participer au forum d\u2019affaires BIG (Bpifrance Inno G\u00e9n\u00e9ration), consid\u00e9r\u00e9 comme l\u2019un des plus grands \u00e9v\u00e9nements \u00e9conomiques europ\u00e9ens. Organis\u00e9e \u00e0 l\u2019Accor Arena par Bpifrance, cette rencontre r\u00e9unira des milliers de chefs d\u2019entreprise, investisseurs, d\u00e9cideurs politiques et innovateurs. La [&hellip;]\" \/>\n<meta property=\"og:url\" content=\"https:\/\/www.nettali.com\/2025\/08\/22\/forum-daffaires-ousmane-sonko-annonce-a-paris-le-23-septembre\/\" \/>\n<meta property=\"og:site_name\" content=\"Nettali.com\" \/>\n<meta property=\"article:publisher\" content=\"https:\/\/www.facebook.com\/nettalicom\" \/>\n<meta property=\"article:published_time\" content=\"2025-08-22T07:05:28+00:00\" \/>\n<meta property=\"og:image\" content=\"https:\/\/www.nettali.com\/wp-content\/uploads\/2025\/08\/ousmane-sonko-avion-voyage-e1754408790971.jpg\" \/>\n\t<meta property=\"og:image:width\" content=\"1600\" \/>\n\t<meta property=\"og:image:height\" content=\"820\" \/>\n<meta name=\"twitter:card\" content=\"summary_large_image\" \/>\n<meta name=\"twitter:label1\" content=\"\u00c9crit par\" \/>\n\t<meta name=\"twitter:data1\" content=\"Daouda\" \/>\n\t<meta name=\"twitter:label2\" content=\"Dur\u00e9e de lecture estim\u00e9e\" \/>\n\t<meta name=\"twitter:data2\" content=\"1 minute\" \/>\n<script type=\"application\/ld+json\" class=\"yoast-schema-graph\">{\"@context\":\"https:\/\/schema.org\",\"@graph\":[{\"@type\":\"WebSite\",\"@id\":\"https:\/\/www.nettali.com\/#website\",\"url\":\"https:\/\/www.nettali.com\/\",\"name\":\"Nettali.com\",\"description\":\"Le rendez-vous critique du Net\",\"potentialAction\":[{\"@type\":\"SearchAction\",\"target\":{\"@type\":\"EntryPoint\",\"urlTemplate\":\"https:\/\/www.nettali.com\/?s={search_term_string}\"},\"query-input\":\"required name=search_term_string\"}],\"inLanguage\":\"fr-FR\"},{\"@type\":\"ImageObject\",\"@id\":\"https:\/\/www.nettali.com\/2025\/08\/22\/forum-daffaires-ousmane-sonko-annonce-a-paris-le-23-septembre\/#primaryimage\",\"inLanguage\":\"fr-FR\",\"url\":\"https:\/\/www.nettali.com\/wp-content\/uploads\/2025\/08\/ousmane-sonko-avion-voyage-e1754408790971.jpg\",\"contentUrl\":\"https:\/\/www.nettali.com\/wp-content\/uploads\/2025\/08\/ousmane-sonko-avion-voyage-e1754408790971.jpg\",\"width\":1600,\"height\":820},{\"@type\":\"WebPage\",\"@id\":\"https:\/\/www.nettali.com\/2025\/08\/22\/forum-daffaires-ousmane-sonko-annonce-a-paris-le-23-septembre\/#webpage\",\"url\":\"https:\/\/www.nettali.com\/2025\/08\/22\/forum-daffaires-ousmane-sonko-annonce-a-paris-le-23-septembre\/\",\"name\":\"FORUM D'AFFAIRES - Ousmane Sonko annonc\\u00e9 \\u00e0 Paris le 23 septembre\\u00a0 | Nettali.com\",\"isPartOf\":{\"@id\":\"https:\/\/www.nettali.com\/#website\"},\"primaryImageOfPage\":{\"@id\":\"https:\/\/www.nettali.com\/2025\/08\/22\/forum-daffaires-ousmane-sonko-annonce-a-paris-le-23-septembre\/#primaryimage\"},\"datePublished\":\"2025-08-22T07:05:28+00:00\",\"dateModified\":\"2025-08-22T07:05:28+00:00\",\"author\":{\"@id\":\"https:\/\/www.nettali.com\/#\/schema\/person\/3317e0bb3aa1da309fbf7b2780901bf4\"},\"breadcrumb\":{\"@id\":\"https:\/\/www.nettali.com\/2025\/08\/22\/forum-daffaires-ousmane-sonko-annonce-a-paris-le-23-septembre\/#breadcrumb\"},\"inLanguage\":\"fr-FR\",\"potentialAction\":[{\"@type\":\"ReadAction\",\"target\":[\"https:\/\/www.nettali.com\/2025\/08\/22\/forum-daffaires-ousmane-sonko-annonce-a-paris-le-23-septembre\/\"]}]},{\"@type\":\"BreadcrumbList\",\"@id\":\"https:\/\/www.nettali.com\/2025\/08\/22\/forum-daffaires-ousmane-sonko-annonce-a-paris-le-23-septembre\/#breadcrumb\",\"itemListElement\":[{\"@type\":\"ListItem\",\"position\":1,\"name\":\"Accueil\",\"item\":\"https:\/\/www.nettali.com\/\"},{\"@type\":\"ListItem\",\"position\":2,\"name\":\"FORUM D'AFFAIRES - Ousmane Sonko annonc\\u00e9 \\u00e0 Paris le 23 septembre\\u00a0\"}]},{\"@type\":\"Person\",\"@id\":\"https:\/\/www.nettali.com\/#\/schema\/person\/3317e0bb3aa1da309fbf7b2780901bf4\",\"name\":\"Daouda\",\"image\":{\"@type\":\"ImageObject\",\"@id\":\"https:\/\/www.nettali.com\/#personlogo\",\"inLanguage\":\"fr-FR\",\"url\":\"https:\/\/secure.gravatar.com\/avatar\/8d143b5a49345098ddcfee1c49c2f47c?s=96&d=mm&r=g\",\"contentUrl\":\"https:\/\/secure.gravatar.com\/avatar\/8d143b5a49345098ddcfee1c49c2f47c?s=96&d=mm&r=g\",\"caption\":\"Daouda\"},\"sameAs\":[\"https:\/\/www.nettali.com\"]}]}<\/script>\n<!-- \/ Yoast SEO Premium plugin. -->","yoast_head_json":{"title":"FORUM D'AFFAIRES - Ousmane Sonko annonc\u00e9 \u00e0 Paris le 23 septembre\u00a0 | Nettali.com","robots":{"index":"index","follow":"follow","max-snippet":"max-snippet:-1","max-image-preview":"max-image-preview:large","max-video-preview":"max-video-preview:-1"},"canonical":"https:\/\/www.nettali.com\/2025\/08\/22\/forum-daffaires-ousmane-sonko-annonce-a-paris-le-23-septembre\/","og_locale":"fr_FR","og_type":"article","og_title":"FORUM D'AFFAIRES - Ousmane Sonko annonc\u00e9 \u00e0 Paris le 23 septembre\u00a0","og_description":"NETTALI.COM - Le Premier ministre du S\u00e9n\u00e9gal, Ousmane Sonko, est attendu \u00e0 Paris le 23 septembre prochain pour participer au forum d\u2019affaires BIG (Bpifrance Inno G\u00e9n\u00e9ration), consid\u00e9r\u00e9 comme l\u2019un des plus grands \u00e9v\u00e9nements \u00e9conomiques europ\u00e9ens. Organis\u00e9e \u00e0 l\u2019Accor Arena par Bpifrance, cette rencontre r\u00e9unira des milliers de chefs d\u2019entreprise, investisseurs, d\u00e9cideurs politiques et innovateurs. La [&hellip;]","og_url":"https:\/\/www.nettali.com\/2025\/08\/22\/forum-daffaires-ousmane-sonko-annonce-a-paris-le-23-septembre\/","og_site_name":"Nettali.com","article_publisher":"https:\/\/www.facebook.com\/nettalicom","article_published_time":"2025-08-22T07:05:28+00:00","og_image":[{"width":1600,"height":820,"url":"https:\/\/www.nettali.com\/wp-content\/uploads\/2025\/08\/ousmane-sonko-avion-voyage-e1754408790971.jpg","type":"image\/jpeg"}],"twitter_card":"summary_large_image","twitter_misc":{"\u00c9crit par":"Daouda","Dur\u00e9e de lecture estim\u00e9e":"1 minute"},"schema":{"@context":"https:\/\/schema.org","@graph":[{"@type":"WebSite","@id":"https:\/\/www.nettali.com\/#website","url":"https:\/\/www.nettali.com\/","name":"Nettali.com","description":"Le rendez-vous critique du Net","potentialAction":[{"@type":"SearchAction","target":{"@type":"EntryPoint","urlTemplate":"https:\/\/www.nettali.com\/?s={search_term_string}"},"query-input":"required name=search_term_string"}],"inLanguage":"fr-FR"},{"@type":"ImageObject","@id":"https:\/\/www.nettali.com\/2025\/08\/22\/forum-daffaires-ousmane-sonko-annonce-a-paris-le-23-septembre\/#primaryimage","inLanguage":"fr-FR","url":"https:\/\/www.nettali.com\/wp-content\/uploads\/2025\/08\/ousmane-sonko-avion-voyage-e1754408790971.jpg","contentUrl":"https:\/\/www.nettali.com\/wp-content\/uploads\/2025\/08\/ousmane-sonko-avion-voyage-e1754408790971.jpg","width":1600,"height":820},{"@type":"WebPage","@id":"https:\/\/www.nettali.com\/2025\/08\/22\/forum-daffaires-ousmane-sonko-annonce-a-paris-le-23-septembre\/#webpage","url":"https:\/\/www.nettali.com\/2025\/08\/22\/forum-daffaires-ousmane-sonko-annonce-a-paris-le-23-septembre\/","name":"FORUM D'AFFAIRES - Ousmane Sonko annonc\u00e9 \u00e0 Paris le 23 septembre\u00a0 | Nettali.com","isPartOf":{"@id":"https:\/\/www.nettali.com\/#website"},"primaryImageOfPage":{"@id":"https:\/\/www.nettali.com\/2025\/08\/22\/forum-daffaires-ousmane-sonko-annonce-a-paris-le-23-septembre\/#primaryimage"},"datePublished":"2025-08-22T07:05:28+00:00","dateModified":"2025-08-22T07:05:28+00:00","author":{"@id":"https:\/\/www.nettali.com\/#\/schema\/person\/3317e0bb3aa1da309fbf7b2780901bf4"},"breadcrumb":{"@id":"https:\/\/www.nettali.com\/2025\/08\/22\/forum-daffaires-ousmane-sonko-annonce-a-paris-le-23-septembre\/#breadcrumb"},"inLanguage":"fr-FR","potentialAction":[{"@type":"ReadAction","target":["https:\/\/www.nettali.com\/2025\/08\/22\/forum-daffaires-ousmane-sonko-annonce-a-paris-le-23-septembre\/"]}]},{"@type":"BreadcrumbList","@id":"https:\/\/www.nettali.com\/2025\/08\/22\/forum-daffaires-ousmane-sonko-annonce-a-paris-le-23-septembre\/#breadcrumb","itemListElement":[{"@type":"ListItem","position":1,"name":"Accueil","item":"https:\/\/www.nettali.com\/"},{"@type":"ListItem","position":2,"name":"FORUM D'AFFAIRES - Ousmane Sonko annonc\u00e9 \u00e0 Paris le 23 septembre\u00a0"}]},{"@type":"Person","@id":"https:\/\/www.nettali.com\/#\/schema\/person\/3317e0bb3aa1da309fbf7b2780901bf4","name":"Daouda","image":{"@type":"ImageObject","@id":"https:\/\/www.nettali.com\/#personlogo","inLanguage":"fr-FR","url":"https:\/\/secure.gravatar.com\/avatar\/8d143b5a49345098ddcfee1c49c2f47c?s=96&d=mm&r=g","contentUrl":"https:\/\/secure.gravatar.com\/avatar\/8d143b5a49345098ddcfee1c49c2f47c?s=96&d=mm&r=g","caption":"Daouda"},"sameAs":["https:\/\/www.nettali.com"]}]}},"_links":{"self":[{"href":"https:\/\/www.nettali.com\/rest\/wp\/v2\/posts\/159866"}],"collection":[{"href":"https:\/\/www.nettali.com\/rest\/wp\/v2\/posts"}],"about":[{"href":"https:\/\/www.nettali.com\/rest\/wp\/v2\/types\/post"}],"author":[{"embeddable":true,"href":"https:\/\/www.nettali.com\/rest\/wp\/v2\/users\/4"}],"replies":[{"embeddable":true,"href":"https:\/\/www.nettali.com\/rest\/wp\/v2\/comments?post=159866"}],"version-history":[{"count":1,"href":"https:\/\/www.nettali.com\/rest\/wp\/v2\/posts\/159866\/revisions"}],"predecessor-version":[{"id":159867,"href":"https:\/\/www.nettali.com\/rest\/wp\/v2\/posts\/159866\/revisions\/159867"}],"wp:featuredmedia":[{"embeddable":true,"href":"https:\/\/www.nettali.com\/rest\/wp\/v2\/media\/158943"}],"wp:attachment":[{"href":"https:\/\/www.nettali.com\/rest\/wp\/v2\/media?parent=159866"}],"wp:term":[{"taxonomy":"category","embeddable":true,"href":"https:\/\/www.nettali.com\/rest\/wp\/v2\/categories?post=159866"},{"taxonomy":"post_tag","embeddable":true,"href":"https:\/\/www.nettali.com\/rest\/wp\/v2\/tags?post=159866"}],"curies":[{"name":"wp","href":"https:\/\/api.w.org\/{rel}","templated":true}]}}