{"id":159830,"date":"2025-08-21T17:52:31","date_gmt":"2025-08-21T17:52:31","guid":{"rendered":"https:\/\/www.nettali.com\/?p=159830"},"modified":"2025-08-21T18:35:23","modified_gmt":"2025-08-21T18:35:23","slug":"cybersecurite-boucar-diouf-de-diomaye-president-convoque","status":"publish","type":"post","link":"https:\/\/www.nettali.com\/2025\/08\/21\/cybersecurite-boucar-diouf-de-diomaye-president-convoque\/","title":{"rendered":"CYBERS\u00c9CURIT\u00c9 - Boucar Diouf de \"Diomaye Pr\u00e9sident\" convoqu\u00e9"},"content":{"rendered":"<p><strong>NETTALI.COM - Les enqu\u00eateurs de la Division sp\u00e9ciale de la cybers\u00e9curit\u00e9 (DSC) ne ch\u00f4ment pas. Apr\u00e8s le journaliste Doudou Coulibaly d\u00e9f\u00e9r\u00e9 au parquet ce jeudi, ils viennent d'envoyer une convocation Boucar Diouf, membre de la coalition \"Diomaye Pr\u00e9sident\".\u00a0<\/strong><\/p>\n<p>\"<em>Le moment tant attendu est venu, je pars recevoir une convocation de la Cybers\u00e9curit\u00e9 aujourd'hui. Dieu merci ! Alhamdoulilah!<\/em>\" Ces en ces termes que Boucar Diouf annonce, lui-m\u00eame, sa convocation par les enqu\u00eateurs de la Division sp\u00e9ciale de la cybers\u00e9curit\u00e9. Il faut que la convocation de M. Diouf est tout sauf une surprise pour ceux qui suivent ses sorties dans les m\u00e9dias.<\/p>\n<p>Membre de la coalition \"Diomaye Pr\u00e9sident\" qui a port\u00e9 la candidature de l'actuel pr\u00e9sident de la R\u00e9publique \u00e0 la pr\u00e9sidentielle de mars 2024, Boucar Diouf s'illustre, depuis quelques, par ses sorties contre le Premier ministre Ousmane. Dirigeant d'un parti d\u00e9nomm\u00e9 Union des panafricanistes s\u00e9n\u00e9galais (UPS), il s'est r\u00e9cemment illustr\u00e9 par un post sur Facebook dans lequel il soutient que \"les rebelles de la Casamance\" ach\u00e8tent des armes en France et en Turquie.<\/p>\n<p>R\u00e9pondant \u00e0 un post de Guy Marius Sagna notamment, Boucar Diouf \u00e9crit : \"<em>Il\u00a0faut interpeller directement le Premier ministre Ousmane Sonko, qu\u2019il demande aux rebelles de la Casamance d\u2019arr\u00eater d\u2019acheter des armes \u00e0 Paris et en Turquie. La question est simple : ces armes, c\u2019est pour quoi faire ?<\/em>\" Avant d'ajouter : \"<em>Le d\u00e9placement du g\u00e9n\u00e9ral Kand\u00e9 en Inde montre bien une tentative de fragiliser ou de disperser notre arm\u00e9e. J\u2019ai m\u00eame constat\u00e9 qu\u2019au cours d\u2019une rencontre entre les g\u00e9n\u00e9raux et le pr\u00e9sident de la R\u00e9publique, Ousmane Sonko souhaitait y assister en tant que Premier ministre. Ce n\u2019\u00e9tait pas sa place<\/em>.\"<\/p>\n<p>C'est sans doute sur ces d\u00e9clarations que les autorit\u00e9s judiciaires souhaitent l'entendre. Il est attendu \u00e0 la DSC ce vendredi \u00e0 partir de 9 heures.<\/p>\n<div class='share-to-whatsapp-wrapper'><div class='share-on-whsp'>PARTAGER SUR : <\/div><a data-text='CYBERS\u00c9CURIT\u00c9 - Boucar Diouf de \"Diomaye Pr\u00e9sident\" convoqu\u00e9' data-link='https:\/\/www.nettali.com\/2025\/08\/21\/cybersecurite-boucar-diouf-de-diomaye-president-convoque\/' class='whatsapp-button whatsapp-share'>WhatsApp<\/a><div class='clear '><\/div><\/div>","protected":false},"excerpt":{"rendered":"<p>NETTALI.COM - Les enqu\u00eateurs de la Division sp\u00e9ciale de la cybers\u00e9curit\u00e9 (DSC) ne ch\u00f4ment pas. Apr\u00e8s le journaliste Doudou Coulibaly d\u00e9f\u00e9r\u00e9 au parquet ce jeudi, ils viennent d'envoyer une convocation Boucar Diouf, membre de la coalition \"Diomaye Pr\u00e9sident\".\u00a0 \"Le moment tant attendu est venu, je pars recevoir une convocation de la Cybers\u00e9curit\u00e9 aujourd'hui. Dieu merci [&hellip;]<\/p>\n","protected":false},"author":3,"featured_media":159833,"comment_status":"open","ping_status":"open","sticky":false,"template":"","format":"standard","meta":{"_et_pb_use_builder":"","_et_pb_old_content":""},"categories":[3],"tags":[],"yoast_head":"<!-- This site is optimized with the Yoast SEO Premium plugin v17.8 (Yoast SEO v17.8) - https:\/\/yoast.com\/wordpress\/plugins\/seo\/ -->\n<title>CYBERS\u00c9CURIT\u00c9 - Boucar Diouf de &quot;Diomaye Pr\u00e9sident&quot; convoqu\u00e9 | Nettali.com<\/title>\n<meta name=\"robots\" content=\"index, follow, max-snippet:-1, max-image-preview:large, max-video-preview:-1\" \/>\n<link rel=\"canonical\" href=\"https:\/\/www.nettali.com\/2025\/08\/21\/cybersecurite-boucar-diouf-de-diomaye-president-convoque\/\" \/>\n<meta property=\"og:locale\" content=\"fr_FR\" \/>\n<meta property=\"og:type\" content=\"article\" \/>\n<meta property=\"og:title\" content=\"CYBERS\u00c9CURIT\u00c9 - Boucar Diouf de &quot;Diomaye Pr\u00e9sident&quot; convoqu\u00e9\" \/>\n<meta property=\"og:description\" content=\"NETTALI.COM - Les enqu\u00eateurs de la Division sp\u00e9ciale de la cybers\u00e9curit\u00e9 (DSC) ne ch\u00f4ment pas. Apr\u00e8s le journaliste Doudou Coulibaly d\u00e9f\u00e9r\u00e9 au parquet ce jeudi, ils viennent d&#039;envoyer une convocation Boucar Diouf, membre de la coalition &quot;Diomaye Pr\u00e9sident&quot;.\u00a0 &quot;Le moment tant attendu est venu, je pars recevoir une convocation de la Cybers\u00e9curit\u00e9 aujourd&#039;hui. Dieu merci [&hellip;]\" \/>\n<meta property=\"og:url\" content=\"https:\/\/www.nettali.com\/2025\/08\/21\/cybersecurite-boucar-diouf-de-diomaye-president-convoque\/\" \/>\n<meta property=\"og:site_name\" content=\"Nettali.com\" \/>\n<meta property=\"article:publisher\" content=\"https:\/\/www.facebook.com\/nettalicom\" \/>\n<meta property=\"article:published_time\" content=\"2025-08-21T17:52:31+00:00\" \/>\n<meta property=\"article:modified_time\" content=\"2025-08-21T18:35:23+00:00\" \/>\n<meta property=\"og:image\" content=\"https:\/\/www.nettali.com\/wp-content\/uploads\/2025\/08\/FB_IMG_1755798704235.jpg\" \/>\n\t<meta property=\"og:image:width\" content=\"720\" \/>\n\t<meta property=\"og:image:height\" content=\"1065\" \/>\n<meta name=\"twitter:card\" content=\"summary_large_image\" \/>\n<meta name=\"twitter:label1\" content=\"\u00c9crit par\" \/>\n\t<meta name=\"twitter:data1\" content=\"Moustapha\" \/>\n\t<meta name=\"twitter:label2\" content=\"Dur\u00e9e de lecture estim\u00e9e\" \/>\n\t<meta name=\"twitter:data2\" content=\"2 minutes\" \/>\n<script type=\"application\/ld+json\" class=\"yoast-schema-graph\">{\"@context\":\"https:\/\/schema.org\",\"@graph\":[{\"@type\":\"WebSite\",\"@id\":\"https:\/\/www.nettali.com\/#website\",\"url\":\"https:\/\/www.nettali.com\/\",\"name\":\"Nettali.com\",\"description\":\"Le rendez-vous critique du Net\",\"potentialAction\":[{\"@type\":\"SearchAction\",\"target\":{\"@type\":\"EntryPoint\",\"urlTemplate\":\"https:\/\/www.nettali.com\/?s={search_term_string}\"},\"query-input\":\"required name=search_term_string\"}],\"inLanguage\":\"fr-FR\"},{\"@type\":\"ImageObject\",\"@id\":\"https:\/\/www.nettali.com\/2025\/08\/21\/cybersecurite-boucar-diouf-de-diomaye-president-convoque\/#primaryimage\",\"inLanguage\":\"fr-FR\",\"url\":\"https:\/\/www.nettali.com\/wp-content\/uploads\/2025\/08\/FB_IMG_1755798704235.jpg\",\"contentUrl\":\"https:\/\/www.nettali.com\/wp-content\/uploads\/2025\/08\/FB_IMG_1755798704235.jpg\",\"width\":720,\"height\":1065},{\"@type\":\"WebPage\",\"@id\":\"https:\/\/www.nettali.com\/2025\/08\/21\/cybersecurite-boucar-diouf-de-diomaye-president-convoque\/#webpage\",\"url\":\"https:\/\/www.nettali.com\/2025\/08\/21\/cybersecurite-boucar-diouf-de-diomaye-president-convoque\/\",\"name\":\"CYBERS\\u00c9CURIT\\u00c9 - Boucar Diouf de \\\"Diomaye Pr\\u00e9sident\\\" convoqu\\u00e9 | Nettali.com\",\"isPartOf\":{\"@id\":\"https:\/\/www.nettali.com\/#website\"},\"primaryImageOfPage\":{\"@id\":\"https:\/\/www.nettali.com\/2025\/08\/21\/cybersecurite-boucar-diouf-de-diomaye-president-convoque\/#primaryimage\"},\"datePublished\":\"2025-08-21T17:52:31+00:00\",\"dateModified\":\"2025-08-21T18:35:23+00:00\",\"author\":{\"@id\":\"https:\/\/www.nettali.com\/#\/schema\/person\/7962a12a6e0267f88f0ffa544c36469a\"},\"breadcrumb\":{\"@id\":\"https:\/\/www.nettali.com\/2025\/08\/21\/cybersecurite-boucar-diouf-de-diomaye-president-convoque\/#breadcrumb\"},\"inLanguage\":\"fr-FR\",\"potentialAction\":[{\"@type\":\"ReadAction\",\"target\":[\"https:\/\/www.nettali.com\/2025\/08\/21\/cybersecurite-boucar-diouf-de-diomaye-president-convoque\/\"]}]},{\"@type\":\"BreadcrumbList\",\"@id\":\"https:\/\/www.nettali.com\/2025\/08\/21\/cybersecurite-boucar-diouf-de-diomaye-president-convoque\/#breadcrumb\",\"itemListElement\":[{\"@type\":\"ListItem\",\"position\":1,\"name\":\"Accueil\",\"item\":\"https:\/\/www.nettali.com\/\"},{\"@type\":\"ListItem\",\"position\":2,\"name\":\"CYBERS\\u00c9CURIT\\u00c9 - Boucar Diouf de \\\"Diomaye Pr\\u00e9sident\\\" convoqu\\u00e9\"}]},{\"@type\":\"Person\",\"@id\":\"https:\/\/www.nettali.com\/#\/schema\/person\/7962a12a6e0267f88f0ffa544c36469a\",\"name\":\"Moustapha\",\"image\":{\"@type\":\"ImageObject\",\"@id\":\"https:\/\/www.nettali.com\/#personlogo\",\"inLanguage\":\"fr-FR\",\"url\":\"https:\/\/secure.gravatar.com\/avatar\/10fdf6a071cccdcf374e3dbe45159590?s=96&d=mm&r=g\",\"contentUrl\":\"https:\/\/secure.gravatar.com\/avatar\/10fdf6a071cccdcf374e3dbe45159590?s=96&d=mm&r=g\",\"caption\":\"Moustapha\"},\"sameAs\":[\"https:\/\/www.nettali.com\"]}]}<\/script>\n<!-- \/ Yoast SEO Premium plugin. -->","yoast_head_json":{"title":"CYBERS\u00c9CURIT\u00c9 - Boucar Diouf de \"Diomaye Pr\u00e9sident\" convoqu\u00e9 | Nettali.com","robots":{"index":"index","follow":"follow","max-snippet":"max-snippet:-1","max-image-preview":"max-image-preview:large","max-video-preview":"max-video-preview:-1"},"canonical":"https:\/\/www.nettali.com\/2025\/08\/21\/cybersecurite-boucar-diouf-de-diomaye-president-convoque\/","og_locale":"fr_FR","og_type":"article","og_title":"CYBERS\u00c9CURIT\u00c9 - Boucar Diouf de \"Diomaye Pr\u00e9sident\" convoqu\u00e9","og_description":"NETTALI.COM - Les enqu\u00eateurs de la Division sp\u00e9ciale de la cybers\u00e9curit\u00e9 (DSC) ne ch\u00f4ment pas. Apr\u00e8s le journaliste Doudou Coulibaly d\u00e9f\u00e9r\u00e9 au parquet ce jeudi, ils viennent d'envoyer une convocation Boucar Diouf, membre de la coalition \"Diomaye Pr\u00e9sident\".\u00a0 \"Le moment tant attendu est venu, je pars recevoir une convocation de la Cybers\u00e9curit\u00e9 aujourd'hui. Dieu merci [&hellip;]","og_url":"https:\/\/www.nettali.com\/2025\/08\/21\/cybersecurite-boucar-diouf-de-diomaye-president-convoque\/","og_site_name":"Nettali.com","article_publisher":"https:\/\/www.facebook.com\/nettalicom","article_published_time":"2025-08-21T17:52:31+00:00","article_modified_time":"2025-08-21T18:35:23+00:00","og_image":[{"width":720,"height":1065,"url":"https:\/\/www.nettali.com\/wp-content\/uploads\/2025\/08\/FB_IMG_1755798704235.jpg","type":"image\/jpeg"}],"twitter_card":"summary_large_image","twitter_misc":{"\u00c9crit par":"Moustapha","Dur\u00e9e de lecture estim\u00e9e":"2 minutes"},"schema":{"@context":"https:\/\/schema.org","@graph":[{"@type":"WebSite","@id":"https:\/\/www.nettali.com\/#website","url":"https:\/\/www.nettali.com\/","name":"Nettali.com","description":"Le rendez-vous critique du Net","potentialAction":[{"@type":"SearchAction","target":{"@type":"EntryPoint","urlTemplate":"https:\/\/www.nettali.com\/?s={search_term_string}"},"query-input":"required name=search_term_string"}],"inLanguage":"fr-FR"},{"@type":"ImageObject","@id":"https:\/\/www.nettali.com\/2025\/08\/21\/cybersecurite-boucar-diouf-de-diomaye-president-convoque\/#primaryimage","inLanguage":"fr-FR","url":"https:\/\/www.nettali.com\/wp-content\/uploads\/2025\/08\/FB_IMG_1755798704235.jpg","contentUrl":"https:\/\/www.nettali.com\/wp-content\/uploads\/2025\/08\/FB_IMG_1755798704235.jpg","width":720,"height":1065},{"@type":"WebPage","@id":"https:\/\/www.nettali.com\/2025\/08\/21\/cybersecurite-boucar-diouf-de-diomaye-president-convoque\/#webpage","url":"https:\/\/www.nettali.com\/2025\/08\/21\/cybersecurite-boucar-diouf-de-diomaye-president-convoque\/","name":"CYBERS\u00c9CURIT\u00c9 - Boucar Diouf de \"Diomaye Pr\u00e9sident\" convoqu\u00e9 | Nettali.com","isPartOf":{"@id":"https:\/\/www.nettali.com\/#website"},"primaryImageOfPage":{"@id":"https:\/\/www.nettali.com\/2025\/08\/21\/cybersecurite-boucar-diouf-de-diomaye-president-convoque\/#primaryimage"},"datePublished":"2025-08-21T17:52:31+00:00","dateModified":"2025-08-21T18:35:23+00:00","author":{"@id":"https:\/\/www.nettali.com\/#\/schema\/person\/7962a12a6e0267f88f0ffa544c36469a"},"breadcrumb":{"@id":"https:\/\/www.nettali.com\/2025\/08\/21\/cybersecurite-boucar-diouf-de-diomaye-president-convoque\/#breadcrumb"},"inLanguage":"fr-FR","potentialAction":[{"@type":"ReadAction","target":["https:\/\/www.nettali.com\/2025\/08\/21\/cybersecurite-boucar-diouf-de-diomaye-president-convoque\/"]}]},{"@type":"BreadcrumbList","@id":"https:\/\/www.nettali.com\/2025\/08\/21\/cybersecurite-boucar-diouf-de-diomaye-president-convoque\/#breadcrumb","itemListElement":[{"@type":"ListItem","position":1,"name":"Accueil","item":"https:\/\/www.nettali.com\/"},{"@type":"ListItem","position":2,"name":"CYBERS\u00c9CURIT\u00c9 - Boucar Diouf de \"Diomaye Pr\u00e9sident\" convoqu\u00e9"}]},{"@type":"Person","@id":"https:\/\/www.nettali.com\/#\/schema\/person\/7962a12a6e0267f88f0ffa544c36469a","name":"Moustapha","image":{"@type":"ImageObject","@id":"https:\/\/www.nettali.com\/#personlogo","inLanguage":"fr-FR","url":"https:\/\/secure.gravatar.com\/avatar\/10fdf6a071cccdcf374e3dbe45159590?s=96&d=mm&r=g","contentUrl":"https:\/\/secure.gravatar.com\/avatar\/10fdf6a071cccdcf374e3dbe45159590?s=96&d=mm&r=g","caption":"Moustapha"},"sameAs":["https:\/\/www.nettali.com"]}]}},"_links":{"self":[{"href":"https:\/\/www.nettali.com\/rest\/wp\/v2\/posts\/159830"}],"collection":[{"href":"https:\/\/www.nettali.com\/rest\/wp\/v2\/posts"}],"about":[{"href":"https:\/\/www.nettali.com\/rest\/wp\/v2\/types\/post"}],"author":[{"embeddable":true,"href":"https:\/\/www.nettali.com\/rest\/wp\/v2\/users\/3"}],"replies":[{"embeddable":true,"href":"https:\/\/www.nettali.com\/rest\/wp\/v2\/comments?post=159830"}],"version-history":[{"count":3,"href":"https:\/\/www.nettali.com\/rest\/wp\/v2\/posts\/159830\/revisions"}],"predecessor-version":[{"id":159836,"href":"https:\/\/www.nettali.com\/rest\/wp\/v2\/posts\/159830\/revisions\/159836"}],"wp:featuredmedia":[{"embeddable":true,"href":"https:\/\/www.nettali.com\/rest\/wp\/v2\/media\/159833"}],"wp:attachment":[{"href":"https:\/\/www.nettali.com\/rest\/wp\/v2\/media?parent=159830"}],"wp:term":[{"taxonomy":"category","embeddable":true,"href":"https:\/\/www.nettali.com\/rest\/wp\/v2\/categories?post=159830"},{"taxonomy":"post_tag","embeddable":true,"href":"https:\/\/www.nettali.com\/rest\/wp\/v2\/tags?post=159830"}],"curies":[{"name":"wp","href":"https:\/\/api.w.org\/{rel}","templated":true}]}}