{"id":159803,"date":"2025-08-21T09:43:30","date_gmt":"2025-08-21T09:43:30","guid":{"rendered":"https:\/\/www.nettali.com\/?p=159803"},"modified":"2025-08-21T09:43:30","modified_gmt":"2025-08-21T09:43:30","slug":"affaire-des-8-milliards-lat-diop-reclame-une-confrontation-avec-son-accusateur","status":"publish","type":"post","link":"https:\/\/www.nettali.com\/2025\/08\/21\/affaire-des-8-milliards-lat-diop-reclame-une-confrontation-avec-son-accusateur\/","title":{"rendered":"AFFAIRE DES 8 MILLIARDS - Lat Diop r\u00e9clame une confrontation avec son accusateur"},"content":{"rendered":"<p><strong>NETTALI.COM - Sous mandat de d\u00e9p\u00f4t depuis pr\u00e8s d\u2019un an, l\u2019ancien ministre des Sports et ex-directeur g\u00e9n\u00e9ral de la Lonase, Lat Diop, continue de se battre pour prouver son innocence. Ses avocats envisagent une nouvelle d\u00e9marche judiciaire d\u00e9cisive.<\/strong><br \/>\n\u200e<br \/>\n\u200eAlors qu\u2019il est poursuivi pour d\u00e9tournement de deniers publics, blanchiment de capitaux et extorsion de fonds \u00e0 hauteur de 8 milliards F CFA, Lat Diop va saisir le juge d\u2019instruction du Pool judiciaire financier pour demander une confrontation avec Mouhamed Dieng, patron de 1XBET S\u00e9n\u00e9gal et principal accusateur.<br \/>\n\u200e<br \/>\n\u200eLors de l\u2019enqu\u00eate pr\u00e9liminaire, une confrontation \u00e9tait pr\u00e9vue, mais n\u2019avait pas pu se tenir en raison de l\u2019absence de Dieng du territoire national. Ce dernier a depuis \u00e9t\u00e9 entendu par le magistrat instructeur et a confirm\u00e9 ses accusations, sans toutefois avoir \u00e9t\u00e9 confront\u00e9 \u00e0 l\u2019ancien patron de la Lonase.<\/p>\n<p>Pour la d\u00e9fense de Lat Diop, cette rencontre est jug\u00e9e \u00ab fondamentale pour \u00e9clairer la lanterne du juge \u00bb.<br \/>\n\u200e<br \/>\n\u200eCette initiative intervient dans un contexte difficile pour Lat Diop. Le parquet financier a en effet transmis un r\u00e9quisitoire suppl\u00e9tif, r\u00e9clamant son inculpation pour association de malfaiteurs et d\u00e9tournement de deniers publics portant sur un montant de 1,43 milliard F CFA.<\/p>\n<p>Selon en effet un rapport d\u2019expertise cit\u00e9 par Lib\u00e9ration, cette somme correspond \u00e0 des d\u00e9caissements jug\u00e9s injustifi\u00e9s lorsque Lat Diop dirigeait la Lonase.<\/p>\n<p>Dans le sillage de ce r\u00e9quisitoire, la Division des investigations criminelles (DIC) a proc\u00e9d\u00e9 \u00e0 de nouvelles arrestations, accentuant la pression judiciaire sur l\u2019ex-responsable public.<br \/>\n\u200e<\/p>\n<div class='share-to-whatsapp-wrapper'><div class='share-on-whsp'>PARTAGER SUR : <\/div><a data-text='AFFAIRE DES 8 MILLIARDS - Lat Diop r\u00e9clame une confrontation avec son accusateur' data-link='https:\/\/www.nettali.com\/2025\/08\/21\/affaire-des-8-milliards-lat-diop-reclame-une-confrontation-avec-son-accusateur\/' class='whatsapp-button whatsapp-share'>WhatsApp<\/a><div class='clear '><\/div><\/div>","protected":false},"excerpt":{"rendered":"<p>NETTALI.COM - Sous mandat de d\u00e9p\u00f4t depuis pr\u00e8s d\u2019un an, l\u2019ancien ministre des Sports et ex-directeur g\u00e9n\u00e9ral de la Lonase, Lat Diop, continue de se battre pour prouver son innocence. Ses avocats envisagent une nouvelle d\u00e9marche judiciaire d\u00e9cisive. \u200e \u200eAlors qu\u2019il est poursuivi pour d\u00e9tournement de deniers publics, blanchiment de capitaux et extorsion de fonds [&hellip;]<\/p>\n","protected":false},"author":6,"featured_media":119920,"comment_status":"open","ping_status":"open","sticky":false,"template":"","format":"standard","meta":{"_et_pb_use_builder":"","_et_pb_old_content":""},"categories":[3],"tags":[],"yoast_head":"<!-- This site is optimized with the Yoast SEO Premium plugin v17.8 (Yoast SEO v17.8) - https:\/\/yoast.com\/wordpress\/plugins\/seo\/ -->\n<title>AFFAIRE DES 8 MILLIARDS - Lat Diop r\u00e9clame une confrontation avec son accusateur | Nettali.com<\/title>\n<meta name=\"robots\" content=\"index, follow, max-snippet:-1, max-image-preview:large, max-video-preview:-1\" \/>\n<link rel=\"canonical\" href=\"https:\/\/www.nettali.com\/2025\/08\/21\/affaire-des-8-milliards-lat-diop-reclame-une-confrontation-avec-son-accusateur\/\" \/>\n<meta property=\"og:locale\" content=\"fr_FR\" \/>\n<meta property=\"og:type\" content=\"article\" \/>\n<meta property=\"og:title\" content=\"AFFAIRE DES 8 MILLIARDS - Lat Diop r\u00e9clame une confrontation avec son accusateur\" \/>\n<meta property=\"og:description\" content=\"NETTALI.COM - Sous mandat de d\u00e9p\u00f4t depuis pr\u00e8s d\u2019un an, l\u2019ancien ministre des Sports et ex-directeur g\u00e9n\u00e9ral de la Lonase, Lat Diop, continue de se battre pour prouver son innocence. Ses avocats envisagent une nouvelle d\u00e9marche judiciaire d\u00e9cisive. \u200e \u200eAlors qu\u2019il est poursuivi pour d\u00e9tournement de deniers publics, blanchiment de capitaux et extorsion de fonds [&hellip;]\" \/>\n<meta property=\"og:url\" content=\"https:\/\/www.nettali.com\/2025\/08\/21\/affaire-des-8-milliards-lat-diop-reclame-une-confrontation-avec-son-accusateur\/\" \/>\n<meta property=\"og:site_name\" content=\"Nettali.com\" \/>\n<meta property=\"article:publisher\" content=\"https:\/\/www.facebook.com\/nettalicom\" \/>\n<meta property=\"article:published_time\" content=\"2025-08-21T09:43:30+00:00\" \/>\n<meta property=\"og:image\" content=\"https:\/\/www.nettali.com\/wp-content\/uploads\/2023\/10\/Lat-diop.jpg\" \/>\n\t<meta property=\"og:image:width\" content=\"800\" \/>\n\t<meta property=\"og:image:height\" content=\"800\" \/>\n<meta name=\"twitter:card\" content=\"summary_large_image\" \/>\n<meta name=\"twitter:label1\" content=\"\u00c9crit par\" \/>\n\t<meta name=\"twitter:data1\" content=\"Fatou\" \/>\n\t<meta name=\"twitter:label2\" content=\"Dur\u00e9e de lecture estim\u00e9e\" \/>\n\t<meta name=\"twitter:data2\" content=\"2 minutes\" \/>\n<script type=\"application\/ld+json\" class=\"yoast-schema-graph\">{\"@context\":\"https:\/\/schema.org\",\"@graph\":[{\"@type\":\"WebSite\",\"@id\":\"https:\/\/www.nettali.com\/#website\",\"url\":\"https:\/\/www.nettali.com\/\",\"name\":\"Nettali.com\",\"description\":\"Le rendez-vous critique du Net\",\"potentialAction\":[{\"@type\":\"SearchAction\",\"target\":{\"@type\":\"EntryPoint\",\"urlTemplate\":\"https:\/\/www.nettali.com\/?s={search_term_string}\"},\"query-input\":\"required name=search_term_string\"}],\"inLanguage\":\"fr-FR\"},{\"@type\":\"ImageObject\",\"@id\":\"https:\/\/www.nettali.com\/2025\/08\/21\/affaire-des-8-milliards-lat-diop-reclame-une-confrontation-avec-son-accusateur\/#primaryimage\",\"inLanguage\":\"fr-FR\",\"url\":\"https:\/\/www.nettali.com\/wp-content\/uploads\/2023\/10\/Lat-diop.jpg\",\"contentUrl\":\"https:\/\/www.nettali.com\/wp-content\/uploads\/2023\/10\/Lat-diop.jpg\",\"width\":800,\"height\":800},{\"@type\":\"WebPage\",\"@id\":\"https:\/\/www.nettali.com\/2025\/08\/21\/affaire-des-8-milliards-lat-diop-reclame-une-confrontation-avec-son-accusateur\/#webpage\",\"url\":\"https:\/\/www.nettali.com\/2025\/08\/21\/affaire-des-8-milliards-lat-diop-reclame-une-confrontation-avec-son-accusateur\/\",\"name\":\"AFFAIRE DES 8 MILLIARDS - Lat Diop r\\u00e9clame une confrontation avec son accusateur | Nettali.com\",\"isPartOf\":{\"@id\":\"https:\/\/www.nettali.com\/#website\"},\"primaryImageOfPage\":{\"@id\":\"https:\/\/www.nettali.com\/2025\/08\/21\/affaire-des-8-milliards-lat-diop-reclame-une-confrontation-avec-son-accusateur\/#primaryimage\"},\"datePublished\":\"2025-08-21T09:43:30+00:00\",\"dateModified\":\"2025-08-21T09:43:30+00:00\",\"author\":{\"@id\":\"https:\/\/www.nettali.com\/#\/schema\/person\/418274a86bdf87caff7a3ef476bd0bbf\"},\"breadcrumb\":{\"@id\":\"https:\/\/www.nettali.com\/2025\/08\/21\/affaire-des-8-milliards-lat-diop-reclame-une-confrontation-avec-son-accusateur\/#breadcrumb\"},\"inLanguage\":\"fr-FR\",\"potentialAction\":[{\"@type\":\"ReadAction\",\"target\":[\"https:\/\/www.nettali.com\/2025\/08\/21\/affaire-des-8-milliards-lat-diop-reclame-une-confrontation-avec-son-accusateur\/\"]}]},{\"@type\":\"BreadcrumbList\",\"@id\":\"https:\/\/www.nettali.com\/2025\/08\/21\/affaire-des-8-milliards-lat-diop-reclame-une-confrontation-avec-son-accusateur\/#breadcrumb\",\"itemListElement\":[{\"@type\":\"ListItem\",\"position\":1,\"name\":\"Accueil\",\"item\":\"https:\/\/www.nettali.com\/\"},{\"@type\":\"ListItem\",\"position\":2,\"name\":\"AFFAIRE DES 8 MILLIARDS - Lat Diop r\\u00e9clame une confrontation avec son accusateur\"}]},{\"@type\":\"Person\",\"@id\":\"https:\/\/www.nettali.com\/#\/schema\/person\/418274a86bdf87caff7a3ef476bd0bbf\",\"name\":\"Fatou\",\"image\":{\"@type\":\"ImageObject\",\"@id\":\"https:\/\/www.nettali.com\/#personlogo\",\"inLanguage\":\"fr-FR\",\"url\":\"https:\/\/secure.gravatar.com\/avatar\/5a9442a2bee7b4dcf167cab035858e9a?s=96&d=mm&r=g\",\"contentUrl\":\"https:\/\/secure.gravatar.com\/avatar\/5a9442a2bee7b4dcf167cab035858e9a?s=96&d=mm&r=g\",\"caption\":\"Fatou\"},\"sameAs\":[\"https:\/\/www.nettali.com\"]}]}<\/script>\n<!-- \/ Yoast SEO Premium plugin. -->","yoast_head_json":{"title":"AFFAIRE DES 8 MILLIARDS - Lat Diop r\u00e9clame une confrontation avec son accusateur | Nettali.com","robots":{"index":"index","follow":"follow","max-snippet":"max-snippet:-1","max-image-preview":"max-image-preview:large","max-video-preview":"max-video-preview:-1"},"canonical":"https:\/\/www.nettali.com\/2025\/08\/21\/affaire-des-8-milliards-lat-diop-reclame-une-confrontation-avec-son-accusateur\/","og_locale":"fr_FR","og_type":"article","og_title":"AFFAIRE DES 8 MILLIARDS - Lat Diop r\u00e9clame une confrontation avec son accusateur","og_description":"NETTALI.COM - Sous mandat de d\u00e9p\u00f4t depuis pr\u00e8s d\u2019un an, l\u2019ancien ministre des Sports et ex-directeur g\u00e9n\u00e9ral de la Lonase, Lat Diop, continue de se battre pour prouver son innocence. Ses avocats envisagent une nouvelle d\u00e9marche judiciaire d\u00e9cisive. \u200e \u200eAlors qu\u2019il est poursuivi pour d\u00e9tournement de deniers publics, blanchiment de capitaux et extorsion de fonds [&hellip;]","og_url":"https:\/\/www.nettali.com\/2025\/08\/21\/affaire-des-8-milliards-lat-diop-reclame-une-confrontation-avec-son-accusateur\/","og_site_name":"Nettali.com","article_publisher":"https:\/\/www.facebook.com\/nettalicom","article_published_time":"2025-08-21T09:43:30+00:00","og_image":[{"width":800,"height":800,"url":"https:\/\/www.nettali.com\/wp-content\/uploads\/2023\/10\/Lat-diop.jpg","type":"image\/jpeg"}],"twitter_card":"summary_large_image","twitter_misc":{"\u00c9crit par":"Fatou","Dur\u00e9e de lecture estim\u00e9e":"2 minutes"},"schema":{"@context":"https:\/\/schema.org","@graph":[{"@type":"WebSite","@id":"https:\/\/www.nettali.com\/#website","url":"https:\/\/www.nettali.com\/","name":"Nettali.com","description":"Le rendez-vous critique du Net","potentialAction":[{"@type":"SearchAction","target":{"@type":"EntryPoint","urlTemplate":"https:\/\/www.nettali.com\/?s={search_term_string}"},"query-input":"required name=search_term_string"}],"inLanguage":"fr-FR"},{"@type":"ImageObject","@id":"https:\/\/www.nettali.com\/2025\/08\/21\/affaire-des-8-milliards-lat-diop-reclame-une-confrontation-avec-son-accusateur\/#primaryimage","inLanguage":"fr-FR","url":"https:\/\/www.nettali.com\/wp-content\/uploads\/2023\/10\/Lat-diop.jpg","contentUrl":"https:\/\/www.nettali.com\/wp-content\/uploads\/2023\/10\/Lat-diop.jpg","width":800,"height":800},{"@type":"WebPage","@id":"https:\/\/www.nettali.com\/2025\/08\/21\/affaire-des-8-milliards-lat-diop-reclame-une-confrontation-avec-son-accusateur\/#webpage","url":"https:\/\/www.nettali.com\/2025\/08\/21\/affaire-des-8-milliards-lat-diop-reclame-une-confrontation-avec-son-accusateur\/","name":"AFFAIRE DES 8 MILLIARDS - Lat Diop r\u00e9clame une confrontation avec son accusateur | Nettali.com","isPartOf":{"@id":"https:\/\/www.nettali.com\/#website"},"primaryImageOfPage":{"@id":"https:\/\/www.nettali.com\/2025\/08\/21\/affaire-des-8-milliards-lat-diop-reclame-une-confrontation-avec-son-accusateur\/#primaryimage"},"datePublished":"2025-08-21T09:43:30+00:00","dateModified":"2025-08-21T09:43:30+00:00","author":{"@id":"https:\/\/www.nettali.com\/#\/schema\/person\/418274a86bdf87caff7a3ef476bd0bbf"},"breadcrumb":{"@id":"https:\/\/www.nettali.com\/2025\/08\/21\/affaire-des-8-milliards-lat-diop-reclame-une-confrontation-avec-son-accusateur\/#breadcrumb"},"inLanguage":"fr-FR","potentialAction":[{"@type":"ReadAction","target":["https:\/\/www.nettali.com\/2025\/08\/21\/affaire-des-8-milliards-lat-diop-reclame-une-confrontation-avec-son-accusateur\/"]}]},{"@type":"BreadcrumbList","@id":"https:\/\/www.nettali.com\/2025\/08\/21\/affaire-des-8-milliards-lat-diop-reclame-une-confrontation-avec-son-accusateur\/#breadcrumb","itemListElement":[{"@type":"ListItem","position":1,"name":"Accueil","item":"https:\/\/www.nettali.com\/"},{"@type":"ListItem","position":2,"name":"AFFAIRE DES 8 MILLIARDS - Lat Diop r\u00e9clame une confrontation avec son accusateur"}]},{"@type":"Person","@id":"https:\/\/www.nettali.com\/#\/schema\/person\/418274a86bdf87caff7a3ef476bd0bbf","name":"Fatou","image":{"@type":"ImageObject","@id":"https:\/\/www.nettali.com\/#personlogo","inLanguage":"fr-FR","url":"https:\/\/secure.gravatar.com\/avatar\/5a9442a2bee7b4dcf167cab035858e9a?s=96&d=mm&r=g","contentUrl":"https:\/\/secure.gravatar.com\/avatar\/5a9442a2bee7b4dcf167cab035858e9a?s=96&d=mm&r=g","caption":"Fatou"},"sameAs":["https:\/\/www.nettali.com"]}]}},"_links":{"self":[{"href":"https:\/\/www.nettali.com\/rest\/wp\/v2\/posts\/159803"}],"collection":[{"href":"https:\/\/www.nettali.com\/rest\/wp\/v2\/posts"}],"about":[{"href":"https:\/\/www.nettali.com\/rest\/wp\/v2\/types\/post"}],"author":[{"embeddable":true,"href":"https:\/\/www.nettali.com\/rest\/wp\/v2\/users\/6"}],"replies":[{"embeddable":true,"href":"https:\/\/www.nettali.com\/rest\/wp\/v2\/comments?post=159803"}],"version-history":[{"count":3,"href":"https:\/\/www.nettali.com\/rest\/wp\/v2\/posts\/159803\/revisions"}],"predecessor-version":[{"id":159808,"href":"https:\/\/www.nettali.com\/rest\/wp\/v2\/posts\/159803\/revisions\/159808"}],"wp:featuredmedia":[{"embeddable":true,"href":"https:\/\/www.nettali.com\/rest\/wp\/v2\/media\/119920"}],"wp:attachment":[{"href":"https:\/\/www.nettali.com\/rest\/wp\/v2\/media?parent=159803"}],"wp:term":[{"taxonomy":"category","embeddable":true,"href":"https:\/\/www.nettali.com\/rest\/wp\/v2\/categories?post=159803"},{"taxonomy":"post_tag","embeddable":true,"href":"https:\/\/www.nettali.com\/rest\/wp\/v2\/tags?post=159803"}],"curies":[{"name":"wp","href":"https:\/\/api.w.org\/{rel}","templated":true}]}}