{"id":159785,"date":"2025-08-21T06:24:01","date_gmt":"2025-08-21T06:24:01","guid":{"rendered":"https:\/\/www.nettali.com\/?p=159785"},"modified":"2025-08-21T07:55:24","modified_gmt":"2025-08-21T07:55:24","slug":"affaire-lat-diop-larrestation-du-patron-dafritech-ordonnee-par-le-parquet-financier","status":"publish","type":"post","link":"https:\/\/www.nettali.com\/2025\/08\/21\/affaire-lat-diop-larrestation-du-patron-dafritech-ordonnee-par-le-parquet-financier\/","title":{"rendered":"AFFAIRE LAT DIOP - L'arrestation du patron d\u2019Afritech ordonn\u00e9e par le parquet financier"},"content":{"rendered":"<p data-start=\"182\" data-end=\"491\"><strong data-start=\"182\" data-end=\"489\">NETTALI.COM - Nouveau tournant dans le dossier Lat Diop. Le parquet financier a transmis un suppl\u00e9tif au pr\u00e9sident du Coll\u00e8ge des juges d\u2019instruction, ordonnant l\u2019arrestation du directeur g\u00e9n\u00e9ral d\u2019Afritech et d\u2019autres mis en cause. La soci\u00e9t\u00e9 est \u00e9pingl\u00e9e pour des irr\u00e9gularit\u00e9s dans un contrat pass\u00e9 avec la Lonase.<\/strong><\/p>\n<p data-start=\"493\" data-end=\"797\">Selon le r\u00e9quisitoire suppl\u00e9tif du parquet financier, Afritech avait \u00e9t\u00e9 d\u00e9sign\u00e9e, sans appel d\u2019offres, pour contr\u00f4ler les op\u00e9rations des soci\u00e9t\u00e9s de paris en ligne. Un rapport d\u2019expertise comptable r\u00e9v\u00e8le qu\u2019elle a per\u00e7u une avance de 100 millions de Fcfa de la Lonase avant m\u00eame le d\u00e9marrage de sa mission.<\/p>\n<p data-start=\"799\" data-end=\"979\">L\u2019enqu\u00eate met \u00e9galement en lumi\u00e8re un conflit d\u2019int\u00e9r\u00eats : Afritech, charg\u00e9e de superviser les soci\u00e9t\u00e9s de jeux, exploiterait en parall\u00e8le sa propre plateforme de paris en ligne.<\/p>\n<p data-start=\"981\" data-end=\"1181\">En application du suppl\u00e9tif, le pr\u00e9sident du Coll\u00e8ge des juges d\u2019instruction a saisi la Division des investigations criminelles (DIC), qui devrait proc\u00e9der aux arrestations dans les prochains jours.<\/p>\n<div class='share-to-whatsapp-wrapper'><div class='share-on-whsp'>PARTAGER SUR : <\/div><a data-text='AFFAIRE LAT DIOP - L'arrestation du patron d\u2019Afritech ordonn\u00e9e par le parquet financier' data-link='https:\/\/www.nettali.com\/2025\/08\/21\/affaire-lat-diop-larrestation-du-patron-dafritech-ordonnee-par-le-parquet-financier\/' class='whatsapp-button whatsapp-share'>WhatsApp<\/a><div class='clear '><\/div><\/div>","protected":false},"excerpt":{"rendered":"<p>NETTALI.COM - Nouveau tournant dans le dossier Lat Diop. Le parquet financier a transmis un suppl\u00e9tif au pr\u00e9sident du Coll\u00e8ge des juges d\u2019instruction, ordonnant l\u2019arrestation du directeur g\u00e9n\u00e9ral d\u2019Afritech et d\u2019autres mis en cause. La soci\u00e9t\u00e9 est \u00e9pingl\u00e9e pour des irr\u00e9gularit\u00e9s dans un contrat pass\u00e9 avec la Lonase. Selon le r\u00e9quisitoire suppl\u00e9tif du parquet financier, [&hellip;]<\/p>\n","protected":false},"author":4,"featured_media":118164,"comment_status":"open","ping_status":"open","sticky":false,"template":"","format":"standard","meta":{"_et_pb_use_builder":"","_et_pb_old_content":""},"categories":[3],"tags":[],"yoast_head":"<!-- This site is optimized with the Yoast SEO Premium plugin v17.8 (Yoast SEO v17.8) - https:\/\/yoast.com\/wordpress\/plugins\/seo\/ -->\n<title>AFFAIRE LAT DIOP - L&#039;arrestation du patron d\u2019Afritech ordonn\u00e9e par le parquet financier | Nettali.com<\/title>\n<meta name=\"robots\" content=\"index, follow, max-snippet:-1, max-image-preview:large, max-video-preview:-1\" \/>\n<link rel=\"canonical\" href=\"https:\/\/www.nettali.com\/2025\/08\/21\/affaire-lat-diop-larrestation-du-patron-dafritech-ordonnee-par-le-parquet-financier\/\" \/>\n<meta property=\"og:locale\" content=\"fr_FR\" \/>\n<meta property=\"og:type\" content=\"article\" \/>\n<meta property=\"og:title\" content=\"AFFAIRE LAT DIOP - L&#039;arrestation du patron d\u2019Afritech ordonn\u00e9e par le parquet financier\" \/>\n<meta property=\"og:description\" content=\"NETTALI.COM - Nouveau tournant dans le dossier Lat Diop. Le parquet financier a transmis un suppl\u00e9tif au pr\u00e9sident du Coll\u00e8ge des juges d\u2019instruction, ordonnant l\u2019arrestation du directeur g\u00e9n\u00e9ral d\u2019Afritech et d\u2019autres mis en cause. La soci\u00e9t\u00e9 est \u00e9pingl\u00e9e pour des irr\u00e9gularit\u00e9s dans un contrat pass\u00e9 avec la Lonase. Selon le r\u00e9quisitoire suppl\u00e9tif du parquet financier, [&hellip;]\" \/>\n<meta property=\"og:url\" content=\"https:\/\/www.nettali.com\/2025\/08\/21\/affaire-lat-diop-larrestation-du-patron-dafritech-ordonnee-par-le-parquet-financier\/\" \/>\n<meta property=\"og:site_name\" content=\"Nettali.com\" \/>\n<meta property=\"article:publisher\" content=\"https:\/\/www.facebook.com\/nettalicom\" \/>\n<meta property=\"article:published_time\" content=\"2025-08-21T06:24:01+00:00\" \/>\n<meta property=\"article:modified_time\" content=\"2025-08-21T07:55:24+00:00\" \/>\n<meta property=\"og:image\" content=\"https:\/\/www.nettali.com\/wp-content\/uploads\/2023\/09\/lat-diop.jpg\" \/>\n\t<meta property=\"og:image:width\" content=\"800\" \/>\n\t<meta property=\"og:image:height\" content=\"800\" \/>\n<meta name=\"twitter:card\" content=\"summary_large_image\" \/>\n<meta name=\"twitter:label1\" content=\"\u00c9crit par\" \/>\n\t<meta name=\"twitter:data1\" content=\"Daouda\" \/>\n\t<meta name=\"twitter:label2\" content=\"Dur\u00e9e de lecture estim\u00e9e\" \/>\n\t<meta name=\"twitter:data2\" content=\"1 minute\" \/>\n<script type=\"application\/ld+json\" class=\"yoast-schema-graph\">{\"@context\":\"https:\/\/schema.org\",\"@graph\":[{\"@type\":\"WebSite\",\"@id\":\"https:\/\/www.nettali.com\/#website\",\"url\":\"https:\/\/www.nettali.com\/\",\"name\":\"Nettali.com\",\"description\":\"Le rendez-vous critique du Net\",\"potentialAction\":[{\"@type\":\"SearchAction\",\"target\":{\"@type\":\"EntryPoint\",\"urlTemplate\":\"https:\/\/www.nettali.com\/?s={search_term_string}\"},\"query-input\":\"required name=search_term_string\"}],\"inLanguage\":\"fr-FR\"},{\"@type\":\"ImageObject\",\"@id\":\"https:\/\/www.nettali.com\/2025\/08\/21\/affaire-lat-diop-larrestation-du-patron-dafritech-ordonnee-par-le-parquet-financier\/#primaryimage\",\"inLanguage\":\"fr-FR\",\"url\":\"https:\/\/www.nettali.com\/wp-content\/uploads\/2023\/09\/lat-diop.jpg\",\"contentUrl\":\"https:\/\/www.nettali.com\/wp-content\/uploads\/2023\/09\/lat-diop.jpg\",\"width\":800,\"height\":800},{\"@type\":\"WebPage\",\"@id\":\"https:\/\/www.nettali.com\/2025\/08\/21\/affaire-lat-diop-larrestation-du-patron-dafritech-ordonnee-par-le-parquet-financier\/#webpage\",\"url\":\"https:\/\/www.nettali.com\/2025\/08\/21\/affaire-lat-diop-larrestation-du-patron-dafritech-ordonnee-par-le-parquet-financier\/\",\"name\":\"AFFAIRE LAT DIOP - L'arrestation du patron d\\u2019Afritech ordonn\\u00e9e par le parquet financier | Nettali.com\",\"isPartOf\":{\"@id\":\"https:\/\/www.nettali.com\/#website\"},\"primaryImageOfPage\":{\"@id\":\"https:\/\/www.nettali.com\/2025\/08\/21\/affaire-lat-diop-larrestation-du-patron-dafritech-ordonnee-par-le-parquet-financier\/#primaryimage\"},\"datePublished\":\"2025-08-21T06:24:01+00:00\",\"dateModified\":\"2025-08-21T07:55:24+00:00\",\"author\":{\"@id\":\"https:\/\/www.nettali.com\/#\/schema\/person\/3317e0bb3aa1da309fbf7b2780901bf4\"},\"breadcrumb\":{\"@id\":\"https:\/\/www.nettali.com\/2025\/08\/21\/affaire-lat-diop-larrestation-du-patron-dafritech-ordonnee-par-le-parquet-financier\/#breadcrumb\"},\"inLanguage\":\"fr-FR\",\"potentialAction\":[{\"@type\":\"ReadAction\",\"target\":[\"https:\/\/www.nettali.com\/2025\/08\/21\/affaire-lat-diop-larrestation-du-patron-dafritech-ordonnee-par-le-parquet-financier\/\"]}]},{\"@type\":\"BreadcrumbList\",\"@id\":\"https:\/\/www.nettali.com\/2025\/08\/21\/affaire-lat-diop-larrestation-du-patron-dafritech-ordonnee-par-le-parquet-financier\/#breadcrumb\",\"itemListElement\":[{\"@type\":\"ListItem\",\"position\":1,\"name\":\"Accueil\",\"item\":\"https:\/\/www.nettali.com\/\"},{\"@type\":\"ListItem\",\"position\":2,\"name\":\"AFFAIRE LAT DIOP - L'arrestation du patron d\\u2019Afritech ordonn\\u00e9e par le parquet financier\"}]},{\"@type\":\"Person\",\"@id\":\"https:\/\/www.nettali.com\/#\/schema\/person\/3317e0bb3aa1da309fbf7b2780901bf4\",\"name\":\"Daouda\",\"image\":{\"@type\":\"ImageObject\",\"@id\":\"https:\/\/www.nettali.com\/#personlogo\",\"inLanguage\":\"fr-FR\",\"url\":\"https:\/\/secure.gravatar.com\/avatar\/8d143b5a49345098ddcfee1c49c2f47c?s=96&d=mm&r=g\",\"contentUrl\":\"https:\/\/secure.gravatar.com\/avatar\/8d143b5a49345098ddcfee1c49c2f47c?s=96&d=mm&r=g\",\"caption\":\"Daouda\"},\"sameAs\":[\"https:\/\/www.nettali.com\"]}]}<\/script>\n<!-- \/ Yoast SEO Premium plugin. -->","yoast_head_json":{"title":"AFFAIRE LAT DIOP - L'arrestation du patron d\u2019Afritech ordonn\u00e9e par le parquet financier | Nettali.com","robots":{"index":"index","follow":"follow","max-snippet":"max-snippet:-1","max-image-preview":"max-image-preview:large","max-video-preview":"max-video-preview:-1"},"canonical":"https:\/\/www.nettali.com\/2025\/08\/21\/affaire-lat-diop-larrestation-du-patron-dafritech-ordonnee-par-le-parquet-financier\/","og_locale":"fr_FR","og_type":"article","og_title":"AFFAIRE LAT DIOP - L'arrestation du patron d\u2019Afritech ordonn\u00e9e par le parquet financier","og_description":"NETTALI.COM - Nouveau tournant dans le dossier Lat Diop. Le parquet financier a transmis un suppl\u00e9tif au pr\u00e9sident du Coll\u00e8ge des juges d\u2019instruction, ordonnant l\u2019arrestation du directeur g\u00e9n\u00e9ral d\u2019Afritech et d\u2019autres mis en cause. La soci\u00e9t\u00e9 est \u00e9pingl\u00e9e pour des irr\u00e9gularit\u00e9s dans un contrat pass\u00e9 avec la Lonase. Selon le r\u00e9quisitoire suppl\u00e9tif du parquet financier, [&hellip;]","og_url":"https:\/\/www.nettali.com\/2025\/08\/21\/affaire-lat-diop-larrestation-du-patron-dafritech-ordonnee-par-le-parquet-financier\/","og_site_name":"Nettali.com","article_publisher":"https:\/\/www.facebook.com\/nettalicom","article_published_time":"2025-08-21T06:24:01+00:00","article_modified_time":"2025-08-21T07:55:24+00:00","og_image":[{"width":800,"height":800,"url":"https:\/\/www.nettali.com\/wp-content\/uploads\/2023\/09\/lat-diop.jpg","type":"image\/jpeg"}],"twitter_card":"summary_large_image","twitter_misc":{"\u00c9crit par":"Daouda","Dur\u00e9e de lecture estim\u00e9e":"1 minute"},"schema":{"@context":"https:\/\/schema.org","@graph":[{"@type":"WebSite","@id":"https:\/\/www.nettali.com\/#website","url":"https:\/\/www.nettali.com\/","name":"Nettali.com","description":"Le rendez-vous critique du Net","potentialAction":[{"@type":"SearchAction","target":{"@type":"EntryPoint","urlTemplate":"https:\/\/www.nettali.com\/?s={search_term_string}"},"query-input":"required name=search_term_string"}],"inLanguage":"fr-FR"},{"@type":"ImageObject","@id":"https:\/\/www.nettali.com\/2025\/08\/21\/affaire-lat-diop-larrestation-du-patron-dafritech-ordonnee-par-le-parquet-financier\/#primaryimage","inLanguage":"fr-FR","url":"https:\/\/www.nettali.com\/wp-content\/uploads\/2023\/09\/lat-diop.jpg","contentUrl":"https:\/\/www.nettali.com\/wp-content\/uploads\/2023\/09\/lat-diop.jpg","width":800,"height":800},{"@type":"WebPage","@id":"https:\/\/www.nettali.com\/2025\/08\/21\/affaire-lat-diop-larrestation-du-patron-dafritech-ordonnee-par-le-parquet-financier\/#webpage","url":"https:\/\/www.nettali.com\/2025\/08\/21\/affaire-lat-diop-larrestation-du-patron-dafritech-ordonnee-par-le-parquet-financier\/","name":"AFFAIRE LAT DIOP - L'arrestation du patron d\u2019Afritech ordonn\u00e9e par le parquet financier | Nettali.com","isPartOf":{"@id":"https:\/\/www.nettali.com\/#website"},"primaryImageOfPage":{"@id":"https:\/\/www.nettali.com\/2025\/08\/21\/affaire-lat-diop-larrestation-du-patron-dafritech-ordonnee-par-le-parquet-financier\/#primaryimage"},"datePublished":"2025-08-21T06:24:01+00:00","dateModified":"2025-08-21T07:55:24+00:00","author":{"@id":"https:\/\/www.nettali.com\/#\/schema\/person\/3317e0bb3aa1da309fbf7b2780901bf4"},"breadcrumb":{"@id":"https:\/\/www.nettali.com\/2025\/08\/21\/affaire-lat-diop-larrestation-du-patron-dafritech-ordonnee-par-le-parquet-financier\/#breadcrumb"},"inLanguage":"fr-FR","potentialAction":[{"@type":"ReadAction","target":["https:\/\/www.nettali.com\/2025\/08\/21\/affaire-lat-diop-larrestation-du-patron-dafritech-ordonnee-par-le-parquet-financier\/"]}]},{"@type":"BreadcrumbList","@id":"https:\/\/www.nettali.com\/2025\/08\/21\/affaire-lat-diop-larrestation-du-patron-dafritech-ordonnee-par-le-parquet-financier\/#breadcrumb","itemListElement":[{"@type":"ListItem","position":1,"name":"Accueil","item":"https:\/\/www.nettali.com\/"},{"@type":"ListItem","position":2,"name":"AFFAIRE LAT DIOP - L'arrestation du patron d\u2019Afritech ordonn\u00e9e par le parquet financier"}]},{"@type":"Person","@id":"https:\/\/www.nettali.com\/#\/schema\/person\/3317e0bb3aa1da309fbf7b2780901bf4","name":"Daouda","image":{"@type":"ImageObject","@id":"https:\/\/www.nettali.com\/#personlogo","inLanguage":"fr-FR","url":"https:\/\/secure.gravatar.com\/avatar\/8d143b5a49345098ddcfee1c49c2f47c?s=96&d=mm&r=g","contentUrl":"https:\/\/secure.gravatar.com\/avatar\/8d143b5a49345098ddcfee1c49c2f47c?s=96&d=mm&r=g","caption":"Daouda"},"sameAs":["https:\/\/www.nettali.com"]}]}},"_links":{"self":[{"href":"https:\/\/www.nettali.com\/rest\/wp\/v2\/posts\/159785"}],"collection":[{"href":"https:\/\/www.nettali.com\/rest\/wp\/v2\/posts"}],"about":[{"href":"https:\/\/www.nettali.com\/rest\/wp\/v2\/types\/post"}],"author":[{"embeddable":true,"href":"https:\/\/www.nettali.com\/rest\/wp\/v2\/users\/4"}],"replies":[{"embeddable":true,"href":"https:\/\/www.nettali.com\/rest\/wp\/v2\/comments?post=159785"}],"version-history":[{"count":1,"href":"https:\/\/www.nettali.com\/rest\/wp\/v2\/posts\/159785\/revisions"}],"predecessor-version":[{"id":159786,"href":"https:\/\/www.nettali.com\/rest\/wp\/v2\/posts\/159785\/revisions\/159786"}],"wp:featuredmedia":[{"embeddable":true,"href":"https:\/\/www.nettali.com\/rest\/wp\/v2\/media\/118164"}],"wp:attachment":[{"href":"https:\/\/www.nettali.com\/rest\/wp\/v2\/media?parent=159785"}],"wp:term":[{"taxonomy":"category","embeddable":true,"href":"https:\/\/www.nettali.com\/rest\/wp\/v2\/categories?post=159785"},{"taxonomy":"post_tag","embeddable":true,"href":"https:\/\/www.nettali.com\/rest\/wp\/v2\/tags?post=159785"}],"curies":[{"name":"wp","href":"https:\/\/api.w.org\/{rel}","templated":true}]}}