{"id":159768,"date":"2025-08-21T01:12:42","date_gmt":"2025-08-21T01:12:42","guid":{"rendered":"https:\/\/www.nettali.com\/?p=159768"},"modified":"2025-08-21T01:12:42","modified_gmt":"2025-08-21T01:12:42","slug":"deces-de-lex-deputee-fanta-sall-les-condoleances-emues-de-macky-sall","status":"publish","type":"post","link":"https:\/\/www.nettali.com\/2025\/08\/21\/deces-de-lex-deputee-fanta-sall-les-condoleances-emues-de-macky-sall\/","title":{"rendered":"DECES DE L'EX-DEPUTEE FANTA SALL  - Les \"condol\u00e9ances \u00e9mues\" de Macky Sall"},"content":{"rendered":"<p><strong>NETTALI.COM - Macky Sall se dit \u00e9mu par la disparition de l'ex-d\u00e9put\u00e9e Fanta Sall. L'ancien pr\u00e9sident de la R\u00e9publique s'est exprim\u00e9 sur ses r\u00e9seaux sociaux.\u00a0<\/strong><\/p>\n<p>La nouvelle du d\u00e9c\u00e8s de Fanta Sall est tomb\u00e9e comme un couperet ce mercredi. Et la classe politique, pouvoir comme opposition, a tenu \u00e0 lui rendre hommage. Ancien chef de l\u2019Etat et pr\u00e9sident de l'Alliance pour la r\u00e9publique (APR) dont la d\u00e9funte \u00e9tait membre, Macky Sall a r\u00e9agi sur ses r\u00e9seaux sociaux.<\/p>\n<p>\"<em>Je suis attrist\u00e9 par le d\u00e9c\u00e8s de Mme Fanta Sall, ancienne d\u00e9put\u00e9e. Je salue sa m\u00e9moire et rends un vibrant hommage \u00e0 son engagement de militante d\u00e9vou\u00e9e, fid\u00e8le \u00e0 sa ville de Koungheul qu\u2019elle a toujours d\u00e9fendue avec foi et d\u00e9termination. Mes condol\u00e9ances \u00e9mues \u00e0 sa famille. Que la terre lui soit l\u00e9g\u00e8re<\/em>\", a post\u00e9 Macky Sall sur sa page Facebook.<\/p>\n<p>Actuel pr\u00e9sident de l'Assembl\u00e9e nationale, El Malick Ndiaye se dit, lui aussi, attrist\u00e9 par le rappel \u00e0 Dieu de Fanta Sall. \"<em>Au nom de la repr\u00e9sentation nationale et en mon nom propre, j\u2019adresse mes sinc\u00e8res condol\u00e9ances \u00e0 sa famille, \u00e0 ses proches ainsi qu\u2019\u00e0 ses camarades de parti. Je prie pour le repos de son \u00e2me et exprime toute ma solidarit\u00e9 en ces moments douloureux<\/em>\", a \u00e9crit El Malick Ndiaye.<\/p>\n<p>&nbsp;<\/p>\n<div class='share-to-whatsapp-wrapper'><div class='share-on-whsp'>PARTAGER SUR : <\/div><a data-text='DECES DE L'EX-DEPUTEE FANTA SALL  - Les \"condol\u00e9ances \u00e9mues\" de Macky Sall' data-link='https:\/\/www.nettali.com\/2025\/08\/21\/deces-de-lex-deputee-fanta-sall-les-condoleances-emues-de-macky-sall\/' class='whatsapp-button whatsapp-share'>WhatsApp<\/a><div class='clear '><\/div><\/div>","protected":false},"excerpt":{"rendered":"<p>NETTALI.COM - Macky Sall se dit \u00e9mu par la disparition de l'ex-d\u00e9put\u00e9e Fanta Sall. L'ancien pr\u00e9sident de la R\u00e9publique s'est exprim\u00e9 sur ses r\u00e9seaux sociaux.\u00a0 La nouvelle du d\u00e9c\u00e8s de Fanta Sall est tomb\u00e9e comme un couperet ce mercredi. Et la classe politique, pouvoir comme opposition, a tenu \u00e0 lui rendre hommage. Ancien chef de [&hellip;]<\/p>\n","protected":false},"author":3,"featured_media":159771,"comment_status":"open","ping_status":"open","sticky":false,"template":"","format":"standard","meta":{"_et_pb_use_builder":"","_et_pb_old_content":""},"categories":[2],"tags":[],"yoast_head":"<!-- This site is optimized with the Yoast SEO Premium plugin v17.8 (Yoast SEO v17.8) - https:\/\/yoast.com\/wordpress\/plugins\/seo\/ -->\n<title>DECES DE L&#039;EX-DEPUTEE FANTA SALL - Les &quot;condol\u00e9ances \u00e9mues&quot; de Macky Sall | Nettali.com<\/title>\n<meta name=\"robots\" content=\"index, follow, max-snippet:-1, max-image-preview:large, max-video-preview:-1\" \/>\n<link rel=\"canonical\" href=\"https:\/\/www.nettali.com\/2025\/08\/21\/deces-de-lex-deputee-fanta-sall-les-condoleances-emues-de-macky-sall\/\" \/>\n<meta property=\"og:locale\" content=\"fr_FR\" \/>\n<meta property=\"og:type\" content=\"article\" \/>\n<meta property=\"og:title\" content=\"DECES DE L&#039;EX-DEPUTEE FANTA SALL - Les &quot;condol\u00e9ances \u00e9mues&quot; de Macky Sall\" \/>\n<meta property=\"og:description\" content=\"NETTALI.COM - Macky Sall se dit \u00e9mu par la disparition de l&#039;ex-d\u00e9put\u00e9e Fanta Sall. L&#039;ancien pr\u00e9sident de la R\u00e9publique s&#039;est exprim\u00e9 sur ses r\u00e9seaux sociaux.\u00a0 La nouvelle du d\u00e9c\u00e8s de Fanta Sall est tomb\u00e9e comme un couperet ce mercredi. Et la classe politique, pouvoir comme opposition, a tenu \u00e0 lui rendre hommage. Ancien chef de [&hellip;]\" \/>\n<meta property=\"og:url\" content=\"https:\/\/www.nettali.com\/2025\/08\/21\/deces-de-lex-deputee-fanta-sall-les-condoleances-emues-de-macky-sall\/\" \/>\n<meta property=\"og:site_name\" content=\"Nettali.com\" \/>\n<meta property=\"article:publisher\" content=\"https:\/\/www.facebook.com\/nettalicom\" \/>\n<meta property=\"article:published_time\" content=\"2025-08-21T01:12:42+00:00\" \/>\n<meta property=\"og:image\" content=\"https:\/\/www.nettali.com\/wp-content\/uploads\/2025\/08\/90609368-63864798.jpg\" \/>\n\t<meta property=\"og:image:width\" content=\"600\" \/>\n\t<meta property=\"og:image:height\" content=\"372\" \/>\n<meta name=\"twitter:card\" content=\"summary_large_image\" \/>\n<meta name=\"twitter:label1\" content=\"\u00c9crit par\" \/>\n\t<meta name=\"twitter:data1\" content=\"Moustapha\" \/>\n\t<meta name=\"twitter:label2\" content=\"Dur\u00e9e de lecture estim\u00e9e\" \/>\n\t<meta name=\"twitter:data2\" content=\"2 minutes\" \/>\n<script type=\"application\/ld+json\" class=\"yoast-schema-graph\">{\"@context\":\"https:\/\/schema.org\",\"@graph\":[{\"@type\":\"WebSite\",\"@id\":\"https:\/\/www.nettali.com\/#website\",\"url\":\"https:\/\/www.nettali.com\/\",\"name\":\"Nettali.com\",\"description\":\"Le rendez-vous critique du Net\",\"potentialAction\":[{\"@type\":\"SearchAction\",\"target\":{\"@type\":\"EntryPoint\",\"urlTemplate\":\"https:\/\/www.nettali.com\/?s={search_term_string}\"},\"query-input\":\"required name=search_term_string\"}],\"inLanguage\":\"fr-FR\"},{\"@type\":\"ImageObject\",\"@id\":\"https:\/\/www.nettali.com\/2025\/08\/21\/deces-de-lex-deputee-fanta-sall-les-condoleances-emues-de-macky-sall\/#primaryimage\",\"inLanguage\":\"fr-FR\",\"url\":\"https:\/\/www.nettali.com\/wp-content\/uploads\/2025\/08\/90609368-63864798.jpg\",\"contentUrl\":\"https:\/\/www.nettali.com\/wp-content\/uploads\/2025\/08\/90609368-63864798.jpg\",\"width\":600,\"height\":372},{\"@type\":\"WebPage\",\"@id\":\"https:\/\/www.nettali.com\/2025\/08\/21\/deces-de-lex-deputee-fanta-sall-les-condoleances-emues-de-macky-sall\/#webpage\",\"url\":\"https:\/\/www.nettali.com\/2025\/08\/21\/deces-de-lex-deputee-fanta-sall-les-condoleances-emues-de-macky-sall\/\",\"name\":\"DECES DE L'EX-DEPUTEE FANTA SALL - Les \\\"condol\\u00e9ances \\u00e9mues\\\" de Macky Sall | Nettali.com\",\"isPartOf\":{\"@id\":\"https:\/\/www.nettali.com\/#website\"},\"primaryImageOfPage\":{\"@id\":\"https:\/\/www.nettali.com\/2025\/08\/21\/deces-de-lex-deputee-fanta-sall-les-condoleances-emues-de-macky-sall\/#primaryimage\"},\"datePublished\":\"2025-08-21T01:12:42+00:00\",\"dateModified\":\"2025-08-21T01:12:42+00:00\",\"author\":{\"@id\":\"https:\/\/www.nettali.com\/#\/schema\/person\/7962a12a6e0267f88f0ffa544c36469a\"},\"breadcrumb\":{\"@id\":\"https:\/\/www.nettali.com\/2025\/08\/21\/deces-de-lex-deputee-fanta-sall-les-condoleances-emues-de-macky-sall\/#breadcrumb\"},\"inLanguage\":\"fr-FR\",\"potentialAction\":[{\"@type\":\"ReadAction\",\"target\":[\"https:\/\/www.nettali.com\/2025\/08\/21\/deces-de-lex-deputee-fanta-sall-les-condoleances-emues-de-macky-sall\/\"]}]},{\"@type\":\"BreadcrumbList\",\"@id\":\"https:\/\/www.nettali.com\/2025\/08\/21\/deces-de-lex-deputee-fanta-sall-les-condoleances-emues-de-macky-sall\/#breadcrumb\",\"itemListElement\":[{\"@type\":\"ListItem\",\"position\":1,\"name\":\"Accueil\",\"item\":\"https:\/\/www.nettali.com\/\"},{\"@type\":\"ListItem\",\"position\":2,\"name\":\"DECES DE L'EX-DEPUTEE FANTA SALL - Les \\\"condol\\u00e9ances \\u00e9mues\\\" de Macky Sall\"}]},{\"@type\":\"Person\",\"@id\":\"https:\/\/www.nettali.com\/#\/schema\/person\/7962a12a6e0267f88f0ffa544c36469a\",\"name\":\"Moustapha\",\"image\":{\"@type\":\"ImageObject\",\"@id\":\"https:\/\/www.nettali.com\/#personlogo\",\"inLanguage\":\"fr-FR\",\"url\":\"https:\/\/secure.gravatar.com\/avatar\/10fdf6a071cccdcf374e3dbe45159590?s=96&d=mm&r=g\",\"contentUrl\":\"https:\/\/secure.gravatar.com\/avatar\/10fdf6a071cccdcf374e3dbe45159590?s=96&d=mm&r=g\",\"caption\":\"Moustapha\"},\"sameAs\":[\"https:\/\/www.nettali.com\"]}]}<\/script>\n<!-- \/ Yoast SEO Premium plugin. -->","yoast_head_json":{"title":"DECES DE L'EX-DEPUTEE FANTA SALL - Les \"condol\u00e9ances \u00e9mues\" de Macky Sall | Nettali.com","robots":{"index":"index","follow":"follow","max-snippet":"max-snippet:-1","max-image-preview":"max-image-preview:large","max-video-preview":"max-video-preview:-1"},"canonical":"https:\/\/www.nettali.com\/2025\/08\/21\/deces-de-lex-deputee-fanta-sall-les-condoleances-emues-de-macky-sall\/","og_locale":"fr_FR","og_type":"article","og_title":"DECES DE L'EX-DEPUTEE FANTA SALL - Les \"condol\u00e9ances \u00e9mues\" de Macky Sall","og_description":"NETTALI.COM - Macky Sall se dit \u00e9mu par la disparition de l'ex-d\u00e9put\u00e9e Fanta Sall. L'ancien pr\u00e9sident de la R\u00e9publique s'est exprim\u00e9 sur ses r\u00e9seaux sociaux.\u00a0 La nouvelle du d\u00e9c\u00e8s de Fanta Sall est tomb\u00e9e comme un couperet ce mercredi. Et la classe politique, pouvoir comme opposition, a tenu \u00e0 lui rendre hommage. Ancien chef de [&hellip;]","og_url":"https:\/\/www.nettali.com\/2025\/08\/21\/deces-de-lex-deputee-fanta-sall-les-condoleances-emues-de-macky-sall\/","og_site_name":"Nettali.com","article_publisher":"https:\/\/www.facebook.com\/nettalicom","article_published_time":"2025-08-21T01:12:42+00:00","og_image":[{"width":600,"height":372,"url":"https:\/\/www.nettali.com\/wp-content\/uploads\/2025\/08\/90609368-63864798.jpg","type":"image\/jpeg"}],"twitter_card":"summary_large_image","twitter_misc":{"\u00c9crit par":"Moustapha","Dur\u00e9e de lecture estim\u00e9e":"2 minutes"},"schema":{"@context":"https:\/\/schema.org","@graph":[{"@type":"WebSite","@id":"https:\/\/www.nettali.com\/#website","url":"https:\/\/www.nettali.com\/","name":"Nettali.com","description":"Le rendez-vous critique du Net","potentialAction":[{"@type":"SearchAction","target":{"@type":"EntryPoint","urlTemplate":"https:\/\/www.nettali.com\/?s={search_term_string}"},"query-input":"required name=search_term_string"}],"inLanguage":"fr-FR"},{"@type":"ImageObject","@id":"https:\/\/www.nettali.com\/2025\/08\/21\/deces-de-lex-deputee-fanta-sall-les-condoleances-emues-de-macky-sall\/#primaryimage","inLanguage":"fr-FR","url":"https:\/\/www.nettali.com\/wp-content\/uploads\/2025\/08\/90609368-63864798.jpg","contentUrl":"https:\/\/www.nettali.com\/wp-content\/uploads\/2025\/08\/90609368-63864798.jpg","width":600,"height":372},{"@type":"WebPage","@id":"https:\/\/www.nettali.com\/2025\/08\/21\/deces-de-lex-deputee-fanta-sall-les-condoleances-emues-de-macky-sall\/#webpage","url":"https:\/\/www.nettali.com\/2025\/08\/21\/deces-de-lex-deputee-fanta-sall-les-condoleances-emues-de-macky-sall\/","name":"DECES DE L'EX-DEPUTEE FANTA SALL - Les \"condol\u00e9ances \u00e9mues\" de Macky Sall | Nettali.com","isPartOf":{"@id":"https:\/\/www.nettali.com\/#website"},"primaryImageOfPage":{"@id":"https:\/\/www.nettali.com\/2025\/08\/21\/deces-de-lex-deputee-fanta-sall-les-condoleances-emues-de-macky-sall\/#primaryimage"},"datePublished":"2025-08-21T01:12:42+00:00","dateModified":"2025-08-21T01:12:42+00:00","author":{"@id":"https:\/\/www.nettali.com\/#\/schema\/person\/7962a12a6e0267f88f0ffa544c36469a"},"breadcrumb":{"@id":"https:\/\/www.nettali.com\/2025\/08\/21\/deces-de-lex-deputee-fanta-sall-les-condoleances-emues-de-macky-sall\/#breadcrumb"},"inLanguage":"fr-FR","potentialAction":[{"@type":"ReadAction","target":["https:\/\/www.nettali.com\/2025\/08\/21\/deces-de-lex-deputee-fanta-sall-les-condoleances-emues-de-macky-sall\/"]}]},{"@type":"BreadcrumbList","@id":"https:\/\/www.nettali.com\/2025\/08\/21\/deces-de-lex-deputee-fanta-sall-les-condoleances-emues-de-macky-sall\/#breadcrumb","itemListElement":[{"@type":"ListItem","position":1,"name":"Accueil","item":"https:\/\/www.nettali.com\/"},{"@type":"ListItem","position":2,"name":"DECES DE L'EX-DEPUTEE FANTA SALL - Les \"condol\u00e9ances \u00e9mues\" de Macky Sall"}]},{"@type":"Person","@id":"https:\/\/www.nettali.com\/#\/schema\/person\/7962a12a6e0267f88f0ffa544c36469a","name":"Moustapha","image":{"@type":"ImageObject","@id":"https:\/\/www.nettali.com\/#personlogo","inLanguage":"fr-FR","url":"https:\/\/secure.gravatar.com\/avatar\/10fdf6a071cccdcf374e3dbe45159590?s=96&d=mm&r=g","contentUrl":"https:\/\/secure.gravatar.com\/avatar\/10fdf6a071cccdcf374e3dbe45159590?s=96&d=mm&r=g","caption":"Moustapha"},"sameAs":["https:\/\/www.nettali.com"]}]}},"_links":{"self":[{"href":"https:\/\/www.nettali.com\/rest\/wp\/v2\/posts\/159768"}],"collection":[{"href":"https:\/\/www.nettali.com\/rest\/wp\/v2\/posts"}],"about":[{"href":"https:\/\/www.nettali.com\/rest\/wp\/v2\/types\/post"}],"author":[{"embeddable":true,"href":"https:\/\/www.nettali.com\/rest\/wp\/v2\/users\/3"}],"replies":[{"embeddable":true,"href":"https:\/\/www.nettali.com\/rest\/wp\/v2\/comments?post=159768"}],"version-history":[{"count":1,"href":"https:\/\/www.nettali.com\/rest\/wp\/v2\/posts\/159768\/revisions"}],"predecessor-version":[{"id":159772,"href":"https:\/\/www.nettali.com\/rest\/wp\/v2\/posts\/159768\/revisions\/159772"}],"wp:featuredmedia":[{"embeddable":true,"href":"https:\/\/www.nettali.com\/rest\/wp\/v2\/media\/159771"}],"wp:attachment":[{"href":"https:\/\/www.nettali.com\/rest\/wp\/v2\/media?parent=159768"}],"wp:term":[{"taxonomy":"category","embeddable":true,"href":"https:\/\/www.nettali.com\/rest\/wp\/v2\/categories?post=159768"},{"taxonomy":"post_tag","embeddable":true,"href":"https:\/\/www.nettali.com\/rest\/wp\/v2\/tags?post=159768"}],"curies":[{"name":"wp","href":"https:\/\/api.w.org\/{rel}","templated":true}]}}