{"id":159765,"date":"2025-08-21T01:16:45","date_gmt":"2025-08-21T01:16:45","guid":{"rendered":"https:\/\/www.nettali.com\/?p=159765"},"modified":"2025-08-21T01:16:45","modified_gmt":"2025-08-21T01:16:45","slug":"necrologie-me-elhadji-guisse-ancien-membre-de-la-cena-nest-plus","status":"publish","type":"post","link":"https:\/\/www.nettali.com\/2025\/08\/21\/necrologie-me-elhadji-guisse-ancien-membre-de-la-cena-nest-plus\/","title":{"rendered":"NECROLOGIE - Me Elhadji Guiss\u00e9, ancien membre de la CENA, n'est plus"},"content":{"rendered":"<p><strong>NETTALI.COM - La justice s\u00e9n\u00e9galaise est en deuil. Me Elhadji Guiss\u00e9, ancien avocat puis magistrat, est d\u00e9c\u00e9d\u00e9 ce mercredi 20 ao\u00fbt \u00e0 Dakar.<\/strong><\/p>\n<p>Membre de la Commission \u00e9lectorale nationale autonome (CENA) de 2005 \u00e0 ao\u00fbt 2015, il \u00e9tait \u00e9galement reconnu pour son engagement en faveur des droits de l\u2019homme.<\/p>\n<p>En 2016, il avait \u00e9t\u00e9 \u00e9lu juge \u00e0 la Cour africaine de justice \u00e0 Arusha, en Tanzanie, pour un mandat de six ans.<\/p>\n<div class='share-to-whatsapp-wrapper'><div class='share-on-whsp'>PARTAGER SUR : <\/div><a data-text='NECROLOGIE - Me Elhadji Guiss\u00e9, ancien membre de la CENA, n'est plus' data-link='https:\/\/www.nettali.com\/2025\/08\/21\/necrologie-me-elhadji-guisse-ancien-membre-de-la-cena-nest-plus\/' class='whatsapp-button whatsapp-share'>WhatsApp<\/a><div class='clear '><\/div><\/div>","protected":false},"excerpt":{"rendered":"<p>NETTALI.COM - La justice s\u00e9n\u00e9galaise est en deuil. Me Elhadji Guiss\u00e9, ancien avocat puis magistrat, est d\u00e9c\u00e9d\u00e9 ce mercredi 20 ao\u00fbt \u00e0 Dakar. Membre de la Commission \u00e9lectorale nationale autonome (CENA) de 2005 \u00e0 ao\u00fbt 2015, il \u00e9tait \u00e9galement reconnu pour son engagement en faveur des droits de l\u2019homme. En 2016, il avait \u00e9t\u00e9 \u00e9lu [&hellip;]<\/p>\n","protected":false},"author":5,"featured_media":159766,"comment_status":"open","ping_status":"open","sticky":false,"template":"","format":"standard","meta":{"_et_pb_use_builder":"","_et_pb_old_content":""},"categories":[3],"tags":[],"yoast_head":"<!-- This site is optimized with the Yoast SEO Premium plugin v17.8 (Yoast SEO v17.8) - https:\/\/yoast.com\/wordpress\/plugins\/seo\/ -->\n<title>NECROLOGIE - Me Elhadji Guiss\u00e9, ancien membre de la CENA, n&#039;est plus | Nettali.com<\/title>\n<meta name=\"robots\" content=\"index, follow, max-snippet:-1, max-image-preview:large, max-video-preview:-1\" \/>\n<link rel=\"canonical\" href=\"https:\/\/www.nettali.com\/2025\/08\/21\/necrologie-me-elhadji-guisse-ancien-membre-de-la-cena-nest-plus\/\" \/>\n<meta property=\"og:locale\" content=\"fr_FR\" \/>\n<meta property=\"og:type\" content=\"article\" \/>\n<meta property=\"og:title\" content=\"NECROLOGIE - Me Elhadji Guiss\u00e9, ancien membre de la CENA, n&#039;est plus\" \/>\n<meta property=\"og:description\" content=\"NETTALI.COM - La justice s\u00e9n\u00e9galaise est en deuil. Me Elhadji Guiss\u00e9, ancien avocat puis magistrat, est d\u00e9c\u00e9d\u00e9 ce mercredi 20 ao\u00fbt \u00e0 Dakar. Membre de la Commission \u00e9lectorale nationale autonome (CENA) de 2005 \u00e0 ao\u00fbt 2015, il \u00e9tait \u00e9galement reconnu pour son engagement en faveur des droits de l\u2019homme. En 2016, il avait \u00e9t\u00e9 \u00e9lu [&hellip;]\" \/>\n<meta property=\"og:url\" content=\"https:\/\/www.nettali.com\/2025\/08\/21\/necrologie-me-elhadji-guisse-ancien-membre-de-la-cena-nest-plus\/\" \/>\n<meta property=\"og:site_name\" content=\"Nettali.com\" \/>\n<meta property=\"article:publisher\" content=\"https:\/\/www.facebook.com\/nettalicom\" \/>\n<meta property=\"article:published_time\" content=\"2025-08-21T01:16:45+00:00\" \/>\n<meta property=\"og:image\" content=\"https:\/\/www.nettali.com\/wp-content\/uploads\/2025\/08\/images-5.jpeg\" \/>\n\t<meta property=\"og:image:width\" content=\"226\" \/>\n\t<meta property=\"og:image:height\" content=\"163\" \/>\n<meta name=\"twitter:card\" content=\"summary_large_image\" \/>\n<meta name=\"twitter:label1\" content=\"\u00c9crit par\" \/>\n\t<meta name=\"twitter:data1\" content=\"Ibrahima\" \/>\n\t<meta name=\"twitter:label2\" content=\"Dur\u00e9e de lecture estim\u00e9e\" \/>\n\t<meta name=\"twitter:data2\" content=\"1 minute\" \/>\n<script type=\"application\/ld+json\" class=\"yoast-schema-graph\">{\"@context\":\"https:\/\/schema.org\",\"@graph\":[{\"@type\":\"WebSite\",\"@id\":\"https:\/\/www.nettali.com\/#website\",\"url\":\"https:\/\/www.nettali.com\/\",\"name\":\"Nettali.com\",\"description\":\"Le rendez-vous critique du Net\",\"potentialAction\":[{\"@type\":\"SearchAction\",\"target\":{\"@type\":\"EntryPoint\",\"urlTemplate\":\"https:\/\/www.nettali.com\/?s={search_term_string}\"},\"query-input\":\"required name=search_term_string\"}],\"inLanguage\":\"fr-FR\"},{\"@type\":\"ImageObject\",\"@id\":\"https:\/\/www.nettali.com\/2025\/08\/21\/necrologie-me-elhadji-guisse-ancien-membre-de-la-cena-nest-plus\/#primaryimage\",\"inLanguage\":\"fr-FR\",\"url\":\"https:\/\/www.nettali.com\/wp-content\/uploads\/2025\/08\/images-5.jpeg\",\"contentUrl\":\"https:\/\/www.nettali.com\/wp-content\/uploads\/2025\/08\/images-5.jpeg\",\"width\":226,\"height\":163},{\"@type\":\"WebPage\",\"@id\":\"https:\/\/www.nettali.com\/2025\/08\/21\/necrologie-me-elhadji-guisse-ancien-membre-de-la-cena-nest-plus\/#webpage\",\"url\":\"https:\/\/www.nettali.com\/2025\/08\/21\/necrologie-me-elhadji-guisse-ancien-membre-de-la-cena-nest-plus\/\",\"name\":\"NECROLOGIE - Me Elhadji Guiss\\u00e9, ancien membre de la CENA, n'est plus | Nettali.com\",\"isPartOf\":{\"@id\":\"https:\/\/www.nettali.com\/#website\"},\"primaryImageOfPage\":{\"@id\":\"https:\/\/www.nettali.com\/2025\/08\/21\/necrologie-me-elhadji-guisse-ancien-membre-de-la-cena-nest-plus\/#primaryimage\"},\"datePublished\":\"2025-08-21T01:16:45+00:00\",\"dateModified\":\"2025-08-21T01:16:45+00:00\",\"author\":{\"@id\":\"https:\/\/www.nettali.com\/#\/schema\/person\/bb147657c2986240405a608162b9bb23\"},\"breadcrumb\":{\"@id\":\"https:\/\/www.nettali.com\/2025\/08\/21\/necrologie-me-elhadji-guisse-ancien-membre-de-la-cena-nest-plus\/#breadcrumb\"},\"inLanguage\":\"fr-FR\",\"potentialAction\":[{\"@type\":\"ReadAction\",\"target\":[\"https:\/\/www.nettali.com\/2025\/08\/21\/necrologie-me-elhadji-guisse-ancien-membre-de-la-cena-nest-plus\/\"]}]},{\"@type\":\"BreadcrumbList\",\"@id\":\"https:\/\/www.nettali.com\/2025\/08\/21\/necrologie-me-elhadji-guisse-ancien-membre-de-la-cena-nest-plus\/#breadcrumb\",\"itemListElement\":[{\"@type\":\"ListItem\",\"position\":1,\"name\":\"Accueil\",\"item\":\"https:\/\/www.nettali.com\/\"},{\"@type\":\"ListItem\",\"position\":2,\"name\":\"NECROLOGIE - Me Elhadji Guiss\\u00e9, ancien membre de la CENA, n'est plus\"}]},{\"@type\":\"Person\",\"@id\":\"https:\/\/www.nettali.com\/#\/schema\/person\/bb147657c2986240405a608162b9bb23\",\"name\":\"Ibrahima\",\"image\":{\"@type\":\"ImageObject\",\"@id\":\"https:\/\/www.nettali.com\/#personlogo\",\"inLanguage\":\"fr-FR\",\"url\":\"https:\/\/secure.gravatar.com\/avatar\/26a8a81f09f0dd7624c9d5c36c9ba3a2?s=96&d=mm&r=g\",\"contentUrl\":\"https:\/\/secure.gravatar.com\/avatar\/26a8a81f09f0dd7624c9d5c36c9ba3a2?s=96&d=mm&r=g\",\"caption\":\"Ibrahima\"},\"sameAs\":[\"https:\/\/www.nettali.com\"]}]}<\/script>\n<!-- \/ Yoast SEO Premium plugin. -->","yoast_head_json":{"title":"NECROLOGIE - Me Elhadji Guiss\u00e9, ancien membre de la CENA, n'est plus | Nettali.com","robots":{"index":"index","follow":"follow","max-snippet":"max-snippet:-1","max-image-preview":"max-image-preview:large","max-video-preview":"max-video-preview:-1"},"canonical":"https:\/\/www.nettali.com\/2025\/08\/21\/necrologie-me-elhadji-guisse-ancien-membre-de-la-cena-nest-plus\/","og_locale":"fr_FR","og_type":"article","og_title":"NECROLOGIE - Me Elhadji Guiss\u00e9, ancien membre de la CENA, n'est plus","og_description":"NETTALI.COM - La justice s\u00e9n\u00e9galaise est en deuil. Me Elhadji Guiss\u00e9, ancien avocat puis magistrat, est d\u00e9c\u00e9d\u00e9 ce mercredi 20 ao\u00fbt \u00e0 Dakar. Membre de la Commission \u00e9lectorale nationale autonome (CENA) de 2005 \u00e0 ao\u00fbt 2015, il \u00e9tait \u00e9galement reconnu pour son engagement en faveur des droits de l\u2019homme. En 2016, il avait \u00e9t\u00e9 \u00e9lu [&hellip;]","og_url":"https:\/\/www.nettali.com\/2025\/08\/21\/necrologie-me-elhadji-guisse-ancien-membre-de-la-cena-nest-plus\/","og_site_name":"Nettali.com","article_publisher":"https:\/\/www.facebook.com\/nettalicom","article_published_time":"2025-08-21T01:16:45+00:00","og_image":[{"width":226,"height":163,"url":"https:\/\/www.nettali.com\/wp-content\/uploads\/2025\/08\/images-5.jpeg","type":"image\/jpeg"}],"twitter_card":"summary_large_image","twitter_misc":{"\u00c9crit par":"Ibrahima","Dur\u00e9e de lecture estim\u00e9e":"1 minute"},"schema":{"@context":"https:\/\/schema.org","@graph":[{"@type":"WebSite","@id":"https:\/\/www.nettali.com\/#website","url":"https:\/\/www.nettali.com\/","name":"Nettali.com","description":"Le rendez-vous critique du Net","potentialAction":[{"@type":"SearchAction","target":{"@type":"EntryPoint","urlTemplate":"https:\/\/www.nettali.com\/?s={search_term_string}"},"query-input":"required name=search_term_string"}],"inLanguage":"fr-FR"},{"@type":"ImageObject","@id":"https:\/\/www.nettali.com\/2025\/08\/21\/necrologie-me-elhadji-guisse-ancien-membre-de-la-cena-nest-plus\/#primaryimage","inLanguage":"fr-FR","url":"https:\/\/www.nettali.com\/wp-content\/uploads\/2025\/08\/images-5.jpeg","contentUrl":"https:\/\/www.nettali.com\/wp-content\/uploads\/2025\/08\/images-5.jpeg","width":226,"height":163},{"@type":"WebPage","@id":"https:\/\/www.nettali.com\/2025\/08\/21\/necrologie-me-elhadji-guisse-ancien-membre-de-la-cena-nest-plus\/#webpage","url":"https:\/\/www.nettali.com\/2025\/08\/21\/necrologie-me-elhadji-guisse-ancien-membre-de-la-cena-nest-plus\/","name":"NECROLOGIE - Me Elhadji Guiss\u00e9, ancien membre de la CENA, n'est plus | Nettali.com","isPartOf":{"@id":"https:\/\/www.nettali.com\/#website"},"primaryImageOfPage":{"@id":"https:\/\/www.nettali.com\/2025\/08\/21\/necrologie-me-elhadji-guisse-ancien-membre-de-la-cena-nest-plus\/#primaryimage"},"datePublished":"2025-08-21T01:16:45+00:00","dateModified":"2025-08-21T01:16:45+00:00","author":{"@id":"https:\/\/www.nettali.com\/#\/schema\/person\/bb147657c2986240405a608162b9bb23"},"breadcrumb":{"@id":"https:\/\/www.nettali.com\/2025\/08\/21\/necrologie-me-elhadji-guisse-ancien-membre-de-la-cena-nest-plus\/#breadcrumb"},"inLanguage":"fr-FR","potentialAction":[{"@type":"ReadAction","target":["https:\/\/www.nettali.com\/2025\/08\/21\/necrologie-me-elhadji-guisse-ancien-membre-de-la-cena-nest-plus\/"]}]},{"@type":"BreadcrumbList","@id":"https:\/\/www.nettali.com\/2025\/08\/21\/necrologie-me-elhadji-guisse-ancien-membre-de-la-cena-nest-plus\/#breadcrumb","itemListElement":[{"@type":"ListItem","position":1,"name":"Accueil","item":"https:\/\/www.nettali.com\/"},{"@type":"ListItem","position":2,"name":"NECROLOGIE - Me Elhadji Guiss\u00e9, ancien membre de la CENA, n'est plus"}]},{"@type":"Person","@id":"https:\/\/www.nettali.com\/#\/schema\/person\/bb147657c2986240405a608162b9bb23","name":"Ibrahima","image":{"@type":"ImageObject","@id":"https:\/\/www.nettali.com\/#personlogo","inLanguage":"fr-FR","url":"https:\/\/secure.gravatar.com\/avatar\/26a8a81f09f0dd7624c9d5c36c9ba3a2?s=96&d=mm&r=g","contentUrl":"https:\/\/secure.gravatar.com\/avatar\/26a8a81f09f0dd7624c9d5c36c9ba3a2?s=96&d=mm&r=g","caption":"Ibrahima"},"sameAs":["https:\/\/www.nettali.com"]}]}},"_links":{"self":[{"href":"https:\/\/www.nettali.com\/rest\/wp\/v2\/posts\/159765"}],"collection":[{"href":"https:\/\/www.nettali.com\/rest\/wp\/v2\/posts"}],"about":[{"href":"https:\/\/www.nettali.com\/rest\/wp\/v2\/types\/post"}],"author":[{"embeddable":true,"href":"https:\/\/www.nettali.com\/rest\/wp\/v2\/users\/5"}],"replies":[{"embeddable":true,"href":"https:\/\/www.nettali.com\/rest\/wp\/v2\/comments?post=159765"}],"version-history":[{"count":2,"href":"https:\/\/www.nettali.com\/rest\/wp\/v2\/posts\/159765\/revisions"}],"predecessor-version":[{"id":159776,"href":"https:\/\/www.nettali.com\/rest\/wp\/v2\/posts\/159765\/revisions\/159776"}],"wp:featuredmedia":[{"embeddable":true,"href":"https:\/\/www.nettali.com\/rest\/wp\/v2\/media\/159766"}],"wp:attachment":[{"href":"https:\/\/www.nettali.com\/rest\/wp\/v2\/media?parent=159765"}],"wp:term":[{"taxonomy":"category","embeddable":true,"href":"https:\/\/www.nettali.com\/rest\/wp\/v2\/categories?post=159765"},{"taxonomy":"post_tag","embeddable":true,"href":"https:\/\/www.nettali.com\/rest\/wp\/v2\/tags?post=159765"}],"curies":[{"name":"wp","href":"https:\/\/api.w.org\/{rel}","templated":true}]}}