{"id":159750,"date":"2025-08-21T06:18:13","date_gmt":"2025-08-21T06:18:13","guid":{"rendered":"https:\/\/www.nettali.com\/?p=159750"},"modified":"2025-08-21T22:24:49","modified_gmt":"2025-08-21T22:24:49","slug":"affaire-arcelor-mittal-retour-sur-un-feuilleton-judiciaire-a-rebondissements","status":"publish","type":"post","link":"https:\/\/www.nettali.com\/2025\/08\/21\/affaire-arcelor-mittal-retour-sur-un-feuilleton-judiciaire-a-rebondissements\/","title":{"rendered":"AFFAIRE ARCELOR MITTAL - Retour sur un feuilleton judiciaire \u00e0 rebondissements"},"content":{"rendered":"<p data-start=\"237\" data-end=\"440\"><strong data-start=\"237\" data-end=\"438\">NETTALI.COM - De la signature du contrat \u00e0 l\u2019audition d\u2019anciens ministres, l\u2019affaire ArcelorMittal continue d\u2019agiter la sc\u00e8ne politico-judiciaire s\u00e9n\u00e9galaise. Voici les grandes \u00e9tapes de ce dossier tentaculaire.<\/strong><\/p>\n<h3 data-start=\"442\" data-end=\"476\">2007 : un contrat historique<\/h3>\n<p data-start=\"477\" data-end=\"725\">L\u2019\u00c9tat du S\u00e9n\u00e9gal signe une convention avec le g\u00e9ant de l\u2019acier ArcelorMittal pour l\u2019exploitation du gisement de fer de Fal\u00e9m\u00e9, \u00e0 K\u00e9dougou. Le projet, ambitieux, pr\u00e9voit des investissements colossaux en infrastructures ferroviaires et portuaires.<\/p>\n<h3 data-start=\"727\" data-end=\"762\">2010 : rupture du partenariat<\/h3>\n<p data-start=\"763\" data-end=\"999\">Face aux retards accumul\u00e9s et au d\u00e9sengagement d\u2019ArcelorMittal, l\u2019\u00c9tat s\u00e9n\u00e9galais r\u00e9silie le contrat. Le diff\u00e9rend est port\u00e9 devant la Chambre de commerce internationale (CCI), o\u00f9 Dakar r\u00e9clame entre <strong data-start=\"963\" data-end=\"996\">1 600 et 3 300 milliards FCFA<\/strong>.<\/p>\n<h3 data-start=\"1001\" data-end=\"1038\">2014 : une transaction surprise<\/h3>\n<p data-start=\"1039\" data-end=\"1289\">\u00c0 la stupeur g\u00e9n\u00e9rale, le litige est sold\u00e9 le <strong data-start=\"1085\" data-end=\"1100\">30 mai 2014<\/strong> par un accord transactionnel fix\u00e9 \u00e0 <strong data-start=\"1137\" data-end=\"1164\">150 millions de dollars<\/strong> (environ 90 milliards FCFA). Les fonds sont vir\u00e9s sur des comptes Carpa g\u00e9r\u00e9s par l\u2019avocat fran\u00e7ais <strong data-start=\"1265\" data-end=\"1286\">Me Fran\u00e7ois Meyer<\/strong>.<\/p>\n<h3 data-start=\"1291\" data-end=\"1328\">2015 \u2013 2023 : l\u2019ombre des fonds<\/h3>\n<p data-start=\"1329\" data-end=\"1513\">L\u2019opacit\u00e9 autour de la gestion de ces 150 millions de dollars alimente les pol\u00e9miques. Plusieurs tentatives d\u2019audition des repr\u00e9sentants d\u2019ArcelorMittal \u00e9chouent. L\u2019affaire s\u2019enlise.<\/p>\n<h3 data-start=\"1515\" data-end=\"1553\">2024 \u2013 2025 : le dossier relanc\u00e9<\/h3>\n<p data-start=\"1554\" data-end=\"1794\">Avec l\u2019\u00e9lection du pr\u00e9sident Bassirou Diomaye Faye, l\u2019Agent judiciaire de l\u2019\u00c9tat (AJE) d\u00e9pose une plainte. Une information judiciaire est ouverte pour association de malfaiteurs, corruption, blanchiment de capitaux et escroquerie.<\/p>\n<h3 data-start=\"1796\" data-end=\"1847\">20 ao\u00fbt 2025 : audition d\u2019Aly Ngouille Ndiaye<\/h3>\n<p data-start=\"1848\" data-end=\"2174\">Ce mercredi, l\u2019ancien ministre des Mines a \u00e9t\u00e9 entendu comme t\u00e9moin par le doyen des juges. Son audition, centr\u00e9e sur le protocole de paiement des 150 millions de dollars d\u00e9bloqu\u00e9s, marque une nouvelle \u00e9tape. L\u2019ancien ministre du Budget Birima Mangara et celui des Finances, Amadou Ba, doivent aussi r\u00e9pondre prochainement aux questions de la justice.<\/p>\n<div class='share-to-whatsapp-wrapper'><div class='share-on-whsp'>PARTAGER SUR : <\/div><a data-text='AFFAIRE ARCELOR MITTAL - Retour sur un feuilleton judiciaire \u00e0 rebondissements' data-link='https:\/\/www.nettali.com\/2025\/08\/21\/affaire-arcelor-mittal-retour-sur-un-feuilleton-judiciaire-a-rebondissements\/' class='whatsapp-button whatsapp-share'>WhatsApp<\/a><div class='clear '><\/div><\/div>","protected":false},"excerpt":{"rendered":"<p>NETTALI.COM - De la signature du contrat \u00e0 l\u2019audition d\u2019anciens ministres, l\u2019affaire ArcelorMittal continue d\u2019agiter la sc\u00e8ne politico-judiciaire s\u00e9n\u00e9galaise. Voici les grandes \u00e9tapes de ce dossier tentaculaire. 2007 : un contrat historique L\u2019\u00c9tat du S\u00e9n\u00e9gal signe une convention avec le g\u00e9ant de l\u2019acier ArcelorMittal pour l\u2019exploitation du gisement de fer de Fal\u00e9m\u00e9, \u00e0 K\u00e9dougou. Le [&hellip;]<\/p>\n","protected":false},"author":4,"featured_media":159657,"comment_status":"open","ping_status":"open","sticky":false,"template":"","format":"standard","meta":{"_et_pb_use_builder":"","_et_pb_old_content":""},"categories":[3],"tags":[],"yoast_head":"<!-- This site is optimized with the Yoast SEO Premium plugin v17.8 (Yoast SEO v17.8) - https:\/\/yoast.com\/wordpress\/plugins\/seo\/ -->\n<title>AFFAIRE ARCELOR MITTAL - Retour sur un feuilleton judiciaire \u00e0 rebondissements | Nettali.com<\/title>\n<meta name=\"robots\" content=\"index, follow, max-snippet:-1, max-image-preview:large, max-video-preview:-1\" \/>\n<link rel=\"canonical\" href=\"https:\/\/www.nettali.com\/2025\/08\/21\/affaire-arcelor-mittal-retour-sur-un-feuilleton-judiciaire-a-rebondissements\/\" \/>\n<meta property=\"og:locale\" content=\"fr_FR\" \/>\n<meta property=\"og:type\" content=\"article\" \/>\n<meta property=\"og:title\" content=\"AFFAIRE ARCELOR MITTAL - Retour sur un feuilleton judiciaire \u00e0 rebondissements\" \/>\n<meta property=\"og:description\" content=\"NETTALI.COM - De la signature du contrat \u00e0 l\u2019audition d\u2019anciens ministres, l\u2019affaire ArcelorMittal continue d\u2019agiter la sc\u00e8ne politico-judiciaire s\u00e9n\u00e9galaise. Voici les grandes \u00e9tapes de ce dossier tentaculaire. 2007 : un contrat historique L\u2019\u00c9tat du S\u00e9n\u00e9gal signe une convention avec le g\u00e9ant de l\u2019acier ArcelorMittal pour l\u2019exploitation du gisement de fer de Fal\u00e9m\u00e9, \u00e0 K\u00e9dougou. Le [&hellip;]\" \/>\n<meta property=\"og:url\" content=\"https:\/\/www.nettali.com\/2025\/08\/21\/affaire-arcelor-mittal-retour-sur-un-feuilleton-judiciaire-a-rebondissements\/\" \/>\n<meta property=\"og:site_name\" content=\"Nettali.com\" \/>\n<meta property=\"article:publisher\" content=\"https:\/\/www.facebook.com\/nettalicom\" \/>\n<meta property=\"article:published_time\" content=\"2025-08-21T06:18:13+00:00\" \/>\n<meta property=\"article:modified_time\" content=\"2025-08-21T22:24:49+00:00\" \/>\n<meta property=\"og:image\" content=\"https:\/\/www.nettali.com\/wp-content\/uploads\/2025\/08\/Capture-de\u0301cran-2025-08-20-a\u0300-06.26.06.png\" \/>\n\t<meta property=\"og:image:width\" content=\"599\" \/>\n\t<meta property=\"og:image:height\" content=\"327\" \/>\n<meta name=\"twitter:card\" content=\"summary_large_image\" \/>\n<meta name=\"twitter:label1\" content=\"\u00c9crit par\" \/>\n\t<meta name=\"twitter:data1\" content=\"Daouda\" \/>\n\t<meta name=\"twitter:label2\" content=\"Dur\u00e9e de lecture estim\u00e9e\" \/>\n\t<meta name=\"twitter:data2\" content=\"2 minutes\" \/>\n<script type=\"application\/ld+json\" class=\"yoast-schema-graph\">{\"@context\":\"https:\/\/schema.org\",\"@graph\":[{\"@type\":\"WebSite\",\"@id\":\"https:\/\/www.nettali.com\/#website\",\"url\":\"https:\/\/www.nettali.com\/\",\"name\":\"Nettali.com\",\"description\":\"Le rendez-vous critique du Net\",\"potentialAction\":[{\"@type\":\"SearchAction\",\"target\":{\"@type\":\"EntryPoint\",\"urlTemplate\":\"https:\/\/www.nettali.com\/?s={search_term_string}\"},\"query-input\":\"required name=search_term_string\"}],\"inLanguage\":\"fr-FR\"},{\"@type\":\"ImageObject\",\"@id\":\"https:\/\/www.nettali.com\/2025\/08\/21\/affaire-arcelor-mittal-retour-sur-un-feuilleton-judiciaire-a-rebondissements\/#primaryimage\",\"inLanguage\":\"fr-FR\",\"url\":\"https:\/\/www.nettali.com\/wp-content\/uploads\/2025\/08\/Capture-de\\u0301cran-2025-08-20-a\\u0300-06.26.06.png\",\"contentUrl\":\"https:\/\/www.nettali.com\/wp-content\/uploads\/2025\/08\/Capture-de\\u0301cran-2025-08-20-a\\u0300-06.26.06.png\",\"width\":599,\"height\":327},{\"@type\":\"WebPage\",\"@id\":\"https:\/\/www.nettali.com\/2025\/08\/21\/affaire-arcelor-mittal-retour-sur-un-feuilleton-judiciaire-a-rebondissements\/#webpage\",\"url\":\"https:\/\/www.nettali.com\/2025\/08\/21\/affaire-arcelor-mittal-retour-sur-un-feuilleton-judiciaire-a-rebondissements\/\",\"name\":\"AFFAIRE ARCELOR MITTAL - Retour sur un feuilleton judiciaire \\u00e0 rebondissements | Nettali.com\",\"isPartOf\":{\"@id\":\"https:\/\/www.nettali.com\/#website\"},\"primaryImageOfPage\":{\"@id\":\"https:\/\/www.nettali.com\/2025\/08\/21\/affaire-arcelor-mittal-retour-sur-un-feuilleton-judiciaire-a-rebondissements\/#primaryimage\"},\"datePublished\":\"2025-08-21T06:18:13+00:00\",\"dateModified\":\"2025-08-21T22:24:49+00:00\",\"author\":{\"@id\":\"https:\/\/www.nettali.com\/#\/schema\/person\/3317e0bb3aa1da309fbf7b2780901bf4\"},\"breadcrumb\":{\"@id\":\"https:\/\/www.nettali.com\/2025\/08\/21\/affaire-arcelor-mittal-retour-sur-un-feuilleton-judiciaire-a-rebondissements\/#breadcrumb\"},\"inLanguage\":\"fr-FR\",\"potentialAction\":[{\"@type\":\"ReadAction\",\"target\":[\"https:\/\/www.nettali.com\/2025\/08\/21\/affaire-arcelor-mittal-retour-sur-un-feuilleton-judiciaire-a-rebondissements\/\"]}]},{\"@type\":\"BreadcrumbList\",\"@id\":\"https:\/\/www.nettali.com\/2025\/08\/21\/affaire-arcelor-mittal-retour-sur-un-feuilleton-judiciaire-a-rebondissements\/#breadcrumb\",\"itemListElement\":[{\"@type\":\"ListItem\",\"position\":1,\"name\":\"Accueil\",\"item\":\"https:\/\/www.nettali.com\/\"},{\"@type\":\"ListItem\",\"position\":2,\"name\":\"AFFAIRE ARCELOR MITTAL - Retour sur un feuilleton judiciaire \\u00e0 rebondissements\"}]},{\"@type\":\"Person\",\"@id\":\"https:\/\/www.nettali.com\/#\/schema\/person\/3317e0bb3aa1da309fbf7b2780901bf4\",\"name\":\"Daouda\",\"image\":{\"@type\":\"ImageObject\",\"@id\":\"https:\/\/www.nettali.com\/#personlogo\",\"inLanguage\":\"fr-FR\",\"url\":\"https:\/\/secure.gravatar.com\/avatar\/8d143b5a49345098ddcfee1c49c2f47c?s=96&d=mm&r=g\",\"contentUrl\":\"https:\/\/secure.gravatar.com\/avatar\/8d143b5a49345098ddcfee1c49c2f47c?s=96&d=mm&r=g\",\"caption\":\"Daouda\"},\"sameAs\":[\"https:\/\/www.nettali.com\"]}]}<\/script>\n<!-- \/ Yoast SEO Premium plugin. -->","yoast_head_json":{"title":"AFFAIRE ARCELOR MITTAL - Retour sur un feuilleton judiciaire \u00e0 rebondissements | Nettali.com","robots":{"index":"index","follow":"follow","max-snippet":"max-snippet:-1","max-image-preview":"max-image-preview:large","max-video-preview":"max-video-preview:-1"},"canonical":"https:\/\/www.nettali.com\/2025\/08\/21\/affaire-arcelor-mittal-retour-sur-un-feuilleton-judiciaire-a-rebondissements\/","og_locale":"fr_FR","og_type":"article","og_title":"AFFAIRE ARCELOR MITTAL - Retour sur un feuilleton judiciaire \u00e0 rebondissements","og_description":"NETTALI.COM - De la signature du contrat \u00e0 l\u2019audition d\u2019anciens ministres, l\u2019affaire ArcelorMittal continue d\u2019agiter la sc\u00e8ne politico-judiciaire s\u00e9n\u00e9galaise. Voici les grandes \u00e9tapes de ce dossier tentaculaire. 2007 : un contrat historique L\u2019\u00c9tat du S\u00e9n\u00e9gal signe une convention avec le g\u00e9ant de l\u2019acier ArcelorMittal pour l\u2019exploitation du gisement de fer de Fal\u00e9m\u00e9, \u00e0 K\u00e9dougou. Le [&hellip;]","og_url":"https:\/\/www.nettali.com\/2025\/08\/21\/affaire-arcelor-mittal-retour-sur-un-feuilleton-judiciaire-a-rebondissements\/","og_site_name":"Nettali.com","article_publisher":"https:\/\/www.facebook.com\/nettalicom","article_published_time":"2025-08-21T06:18:13+00:00","article_modified_time":"2025-08-21T22:24:49+00:00","og_image":[{"width":599,"height":327,"url":"https:\/\/www.nettali.com\/wp-content\/uploads\/2025\/08\/Capture-de\u0301cran-2025-08-20-a\u0300-06.26.06.png","type":"image\/png"}],"twitter_card":"summary_large_image","twitter_misc":{"\u00c9crit par":"Daouda","Dur\u00e9e de lecture estim\u00e9e":"2 minutes"},"schema":{"@context":"https:\/\/schema.org","@graph":[{"@type":"WebSite","@id":"https:\/\/www.nettali.com\/#website","url":"https:\/\/www.nettali.com\/","name":"Nettali.com","description":"Le rendez-vous critique du Net","potentialAction":[{"@type":"SearchAction","target":{"@type":"EntryPoint","urlTemplate":"https:\/\/www.nettali.com\/?s={search_term_string}"},"query-input":"required name=search_term_string"}],"inLanguage":"fr-FR"},{"@type":"ImageObject","@id":"https:\/\/www.nettali.com\/2025\/08\/21\/affaire-arcelor-mittal-retour-sur-un-feuilleton-judiciaire-a-rebondissements\/#primaryimage","inLanguage":"fr-FR","url":"https:\/\/www.nettali.com\/wp-content\/uploads\/2025\/08\/Capture-de\u0301cran-2025-08-20-a\u0300-06.26.06.png","contentUrl":"https:\/\/www.nettali.com\/wp-content\/uploads\/2025\/08\/Capture-de\u0301cran-2025-08-20-a\u0300-06.26.06.png","width":599,"height":327},{"@type":"WebPage","@id":"https:\/\/www.nettali.com\/2025\/08\/21\/affaire-arcelor-mittal-retour-sur-un-feuilleton-judiciaire-a-rebondissements\/#webpage","url":"https:\/\/www.nettali.com\/2025\/08\/21\/affaire-arcelor-mittal-retour-sur-un-feuilleton-judiciaire-a-rebondissements\/","name":"AFFAIRE ARCELOR MITTAL - Retour sur un feuilleton judiciaire \u00e0 rebondissements | Nettali.com","isPartOf":{"@id":"https:\/\/www.nettali.com\/#website"},"primaryImageOfPage":{"@id":"https:\/\/www.nettali.com\/2025\/08\/21\/affaire-arcelor-mittal-retour-sur-un-feuilleton-judiciaire-a-rebondissements\/#primaryimage"},"datePublished":"2025-08-21T06:18:13+00:00","dateModified":"2025-08-21T22:24:49+00:00","author":{"@id":"https:\/\/www.nettali.com\/#\/schema\/person\/3317e0bb3aa1da309fbf7b2780901bf4"},"breadcrumb":{"@id":"https:\/\/www.nettali.com\/2025\/08\/21\/affaire-arcelor-mittal-retour-sur-un-feuilleton-judiciaire-a-rebondissements\/#breadcrumb"},"inLanguage":"fr-FR","potentialAction":[{"@type":"ReadAction","target":["https:\/\/www.nettali.com\/2025\/08\/21\/affaire-arcelor-mittal-retour-sur-un-feuilleton-judiciaire-a-rebondissements\/"]}]},{"@type":"BreadcrumbList","@id":"https:\/\/www.nettali.com\/2025\/08\/21\/affaire-arcelor-mittal-retour-sur-un-feuilleton-judiciaire-a-rebondissements\/#breadcrumb","itemListElement":[{"@type":"ListItem","position":1,"name":"Accueil","item":"https:\/\/www.nettali.com\/"},{"@type":"ListItem","position":2,"name":"AFFAIRE ARCELOR MITTAL - Retour sur un feuilleton judiciaire \u00e0 rebondissements"}]},{"@type":"Person","@id":"https:\/\/www.nettali.com\/#\/schema\/person\/3317e0bb3aa1da309fbf7b2780901bf4","name":"Daouda","image":{"@type":"ImageObject","@id":"https:\/\/www.nettali.com\/#personlogo","inLanguage":"fr-FR","url":"https:\/\/secure.gravatar.com\/avatar\/8d143b5a49345098ddcfee1c49c2f47c?s=96&d=mm&r=g","contentUrl":"https:\/\/secure.gravatar.com\/avatar\/8d143b5a49345098ddcfee1c49c2f47c?s=96&d=mm&r=g","caption":"Daouda"},"sameAs":["https:\/\/www.nettali.com"]}]}},"_links":{"self":[{"href":"https:\/\/www.nettali.com\/rest\/wp\/v2\/posts\/159750"}],"collection":[{"href":"https:\/\/www.nettali.com\/rest\/wp\/v2\/posts"}],"about":[{"href":"https:\/\/www.nettali.com\/rest\/wp\/v2\/types\/post"}],"author":[{"embeddable":true,"href":"https:\/\/www.nettali.com\/rest\/wp\/v2\/users\/4"}],"replies":[{"embeddable":true,"href":"https:\/\/www.nettali.com\/rest\/wp\/v2\/comments?post=159750"}],"version-history":[{"count":1,"href":"https:\/\/www.nettali.com\/rest\/wp\/v2\/posts\/159750\/revisions"}],"predecessor-version":[{"id":159751,"href":"https:\/\/www.nettali.com\/rest\/wp\/v2\/posts\/159750\/revisions\/159751"}],"wp:featuredmedia":[{"embeddable":true,"href":"https:\/\/www.nettali.com\/rest\/wp\/v2\/media\/159657"}],"wp:attachment":[{"href":"https:\/\/www.nettali.com\/rest\/wp\/v2\/media?parent=159750"}],"wp:term":[{"taxonomy":"category","embeddable":true,"href":"https:\/\/www.nettali.com\/rest\/wp\/v2\/categories?post=159750"},{"taxonomy":"post_tag","embeddable":true,"href":"https:\/\/www.nettali.com\/rest\/wp\/v2\/tags?post=159750"}],"curies":[{"name":"wp","href":"https:\/\/api.w.org\/{rel}","templated":true}]}}