{"id":159732,"date":"2025-08-21T01:10:46","date_gmt":"2025-08-21T01:10:46","guid":{"rendered":"https:\/\/www.nettali.com\/?p=159732"},"modified":"2025-08-21T17:30:49","modified_gmt":"2025-08-21T17:30:49","slug":"visite-officielle-au-japon-bassirou-diomaye-faye-plaide-pour-une-cooperation-renforcee","status":"publish","type":"post","link":"https:\/\/www.nettali.com\/2025\/08\/21\/visite-officielle-au-japon-bassirou-diomaye-faye-plaide-pour-une-cooperation-renforcee\/","title":{"rendered":"VISITE OFFICIELLE AU JAPON - Bassirou Diomaye Faye plaide pour une coop\u00e9ration renforc\u00e9e"},"content":{"rendered":"<p><strong>NETTALI.COM -<\/strong> Le pr\u00e9sident de la R\u00e9publique, Bassirou Diomaye Faye, a entam\u00e9 une visite officielle au Japon marqu\u00e9e par une intense activit\u00e9 diplomatique et \u00e9conomique. \u00c0 Yokohama, o\u00f9 se tient la 9e Conf\u00e9rence internationale de Tokyo sur le d\u00e9veloppement de l\u2019Afrique (Ticad 9), il a multipli\u00e9 les rencontres et plaid\u00e9 pour un partenariat plus fort entre l\u2019Afrique et ses partenaires. Au terme d\u2019une journ\u00e9e de travail charg\u00e9e, le chef de l\u2019\u00c9tat a \u00e9chang\u00e9 avec la communaut\u00e9 s\u00e9n\u00e9galaise vivant au Japon.<\/p>\n<p>Dans une ambiance empreinte d\u2019\u00e9coute et de proximit\u00e9, il a salu\u00e9 la contribution d\u00e9cisive des S\u00e9n\u00e9galais de l\u2019ext\u00e9rieur au rayonnement du pays. Il a \u00e9galement r\u00e9affirm\u00e9 son engagement \u00e0 renforcer les actions en faveur de leur \u00e9panouissement et de leur pleine participation au d\u00e9veloppement national.<\/p>\n<p>Par ailleurs, lors de la premi\u00e8re s\u00e9ance pl\u00e9ni\u00e8re de la Ticad, consacr\u00e9e \u00e0 la paix et \u00e0 la s\u00e9curit\u00e9, Bassirou Diomaye Faye a insist\u00e9 sur l\u2019urgence d\u2019un financement pr\u00e9visible et durable des op\u00e9rations de maintien de la paix en Afrique.<\/p>\n<p>Il a \u00e9galement plaid\u00e9 pour une r\u00e9forme du multilat\u00e9ralisme afin de b\u00e2tir une gouvernance internationale plus \u00e9quitable et repr\u00e9sentative.<\/p>\n<p>Le pr\u00e9sident a, en outre, soulign\u00e9 la n\u00e9cessit\u00e9 d\u2019investir dans les infrastructures, l\u2019\u00e9ducation, la formation et l\u2019innovation, qu\u2019il consid\u00e8re comme des piliers essentiels d\u2019une croissance inclusive et durable.<\/p>\n<p>Pr\u00e9sentant l\u2019Agenda national de transformation S\u00e9n\u00e9gal 2050, il a invit\u00e9 les partenaires internationaux \u00e0 prendre part au Forum Invest in Senegal, pr\u00e9vu \u00e0 Dakar les 7 et 8 octobre 2025.<\/p>\n<p>En marge de la conf\u00e9rence, le pr\u00e9sident Faye a re\u00e7u en audience le pr\u00e9sident de la Japan External Trade Organization (Jetro). L\u2019agence japonaise, qui compte d\u00e9j\u00e0 25 entreprises install\u00e9es au S\u00e9n\u00e9gal, a exprim\u00e9 sa volont\u00e9 d\u2019accro\u00eetre sa pr\u00e9sence, notamment dans la formation professionnelle, le num\u00e9rique et les \u00e9nergies vertes. Jetro a confirm\u00e9 sa participation au Forum Invest in Senegal.<\/p>\n<p>La journ\u00e9e a \u00e9galement \u00e9t\u00e9 marqu\u00e9e par une s\u00e9rie d\u2019entretiens bilat\u00e9raux. Avec la Premi\u00e8re ministre de Tunisie, Sarra Zaafrani Zenzri, le pr\u00e9sident s\u00e9n\u00e9galais a \u00e9voqu\u00e9 la redynamisation de la coop\u00e9ration entre Dakar et Tunis. Les deux pays veulent accentuer leur collaboration dans les domaines de la sant\u00e9, du num\u00e9rique, des investissements et de la migration, avec une attention particuli\u00e8re port\u00e9e \u00e0 une meilleure synergie entre les secteurs priv\u00e9s.<\/p>\n<p>Bassirou Diomaye Faye a ensuite \u00e9t\u00e9 re\u00e7u par le Premier ministre japonais, Shigeru Ishiba. Les deux dirigeants ont salu\u00e9 l\u2019excellence des relations entre le S\u00e9n\u00e9gal et le Japon, fond\u00e9es sur des valeurs partag\u00e9es telles que la paix, la d\u00e9mocratie et le respect du droit international. Le chef de l\u2019\u00c9tat s\u00e9n\u00e9galais a plaid\u00e9 pour un renforcement de la coop\u00e9ration dans des domaines strat\u00e9giques comme la formation, la sant\u00e9, l\u2019hydraulique, la p\u00eache et la s\u00e9curit\u00e9.<\/p>\n<p>Un accord a d\u2019ores et d\u00e9j\u00e0 \u00e9t\u00e9 conclu pour la construction d\u2019une annexe du Centre de formation professionnelle et technique S\u00e9n\u00e9gal- Japon (CFPT-SJ) \u00e0 Diamniadio.<\/p>\n<p>D\u2019autres accords sont attendus dans les prochains jours, ouvrant de nouvelles perspectives pour un partenariat jug\u00e9 prometteur.<\/p>\n<div class='share-to-whatsapp-wrapper'><div class='share-on-whsp'>PARTAGER SUR : <\/div><a data-text='VISITE OFFICIELLE AU JAPON - Bassirou Diomaye Faye plaide pour une coop\u00e9ration renforc\u00e9e' data-link='https:\/\/www.nettali.com\/2025\/08\/21\/visite-officielle-au-japon-bassirou-diomaye-faye-plaide-pour-une-cooperation-renforcee\/' class='whatsapp-button whatsapp-share'>WhatsApp<\/a><div class='clear '><\/div><\/div>","protected":false},"excerpt":{"rendered":"<p>NETTALI.COM - Le pr\u00e9sident de la R\u00e9publique, Bassirou Diomaye Faye, a entam\u00e9 une visite officielle au Japon marqu\u00e9e par une intense activit\u00e9 diplomatique et \u00e9conomique. \u00c0 Yokohama, o\u00f9 se tient la 9e Conf\u00e9rence internationale de Tokyo sur le d\u00e9veloppement de l\u2019Afrique (Ticad 9), il a multipli\u00e9 les rencontres et plaid\u00e9 pour un partenariat plus fort [&hellip;]<\/p>\n","protected":false},"author":2,"featured_media":159769,"comment_status":"open","ping_status":"open","sticky":false,"template":"","format":"standard","meta":{"_et_pb_use_builder":"","_et_pb_old_content":""},"categories":[34945],"tags":[],"yoast_head":"<!-- This site is optimized with the Yoast SEO Premium plugin v17.8 (Yoast SEO v17.8) - https:\/\/yoast.com\/wordpress\/plugins\/seo\/ -->\n<title>VISITE OFFICIELLE AU JAPON - Bassirou Diomaye Faye plaide pour une coop\u00e9ration renforc\u00e9e | Nettali.com<\/title>\n<meta name=\"robots\" content=\"index, follow, max-snippet:-1, max-image-preview:large, max-video-preview:-1\" \/>\n<link rel=\"canonical\" href=\"https:\/\/www.nettali.com\/2025\/08\/21\/visite-officielle-au-japon-bassirou-diomaye-faye-plaide-pour-une-cooperation-renforcee\/\" \/>\n<meta property=\"og:locale\" content=\"fr_FR\" \/>\n<meta property=\"og:type\" content=\"article\" \/>\n<meta property=\"og:title\" content=\"VISITE OFFICIELLE AU JAPON - Bassirou Diomaye Faye plaide pour une coop\u00e9ration renforc\u00e9e\" \/>\n<meta property=\"og:description\" content=\"NETTALI.COM - Le pr\u00e9sident de la R\u00e9publique, Bassirou Diomaye Faye, a entam\u00e9 une visite officielle au Japon marqu\u00e9e par une intense activit\u00e9 diplomatique et \u00e9conomique. \u00c0 Yokohama, o\u00f9 se tient la 9e Conf\u00e9rence internationale de Tokyo sur le d\u00e9veloppement de l\u2019Afrique (Ticad 9), il a multipli\u00e9 les rencontres et plaid\u00e9 pour un partenariat plus fort [&hellip;]\" \/>\n<meta property=\"og:url\" content=\"https:\/\/www.nettali.com\/2025\/08\/21\/visite-officielle-au-japon-bassirou-diomaye-faye-plaide-pour-une-cooperation-renforcee\/\" \/>\n<meta property=\"og:site_name\" content=\"Nettali.com\" \/>\n<meta property=\"article:publisher\" content=\"https:\/\/www.facebook.com\/nettalicom\" \/>\n<meta property=\"article:published_time\" content=\"2025-08-21T01:10:46+00:00\" \/>\n<meta property=\"article:modified_time\" content=\"2025-08-21T17:30:49+00:00\" \/>\n<meta property=\"og:image\" content=\"https:\/\/www.nettali.com\/wp-content\/uploads\/2025\/08\/90598533-63858097.jpg\" \/>\n\t<meta property=\"og:image:width\" content=\"2048\" \/>\n\t<meta property=\"og:image:height\" content=\"1366\" \/>\n<meta name=\"twitter:card\" content=\"summary_large_image\" \/>\n<meta name=\"twitter:label1\" content=\"\u00c9crit par\" \/>\n\t<meta name=\"twitter:data1\" content=\"CK\" \/>\n\t<meta name=\"twitter:label2\" content=\"Dur\u00e9e de lecture estim\u00e9e\" \/>\n\t<meta name=\"twitter:data2\" content=\"3 minutes\" \/>\n<script type=\"application\/ld+json\" class=\"yoast-schema-graph\">{\"@context\":\"https:\/\/schema.org\",\"@graph\":[{\"@type\":\"WebSite\",\"@id\":\"https:\/\/www.nettali.com\/#website\",\"url\":\"https:\/\/www.nettali.com\/\",\"name\":\"Nettali.com\",\"description\":\"Le rendez-vous critique du Net\",\"potentialAction\":[{\"@type\":\"SearchAction\",\"target\":{\"@type\":\"EntryPoint\",\"urlTemplate\":\"https:\/\/www.nettali.com\/?s={search_term_string}\"},\"query-input\":\"required name=search_term_string\"}],\"inLanguage\":\"fr-FR\"},{\"@type\":\"ImageObject\",\"@id\":\"https:\/\/www.nettali.com\/2025\/08\/21\/visite-officielle-au-japon-bassirou-diomaye-faye-plaide-pour-une-cooperation-renforcee\/#primaryimage\",\"inLanguage\":\"fr-FR\",\"url\":\"https:\/\/www.nettali.com\/wp-content\/uploads\/2025\/08\/90598533-63858097.jpg\",\"contentUrl\":\"https:\/\/www.nettali.com\/wp-content\/uploads\/2025\/08\/90598533-63858097.jpg\",\"width\":2048,\"height\":1366},{\"@type\":\"WebPage\",\"@id\":\"https:\/\/www.nettali.com\/2025\/08\/21\/visite-officielle-au-japon-bassirou-diomaye-faye-plaide-pour-une-cooperation-renforcee\/#webpage\",\"url\":\"https:\/\/www.nettali.com\/2025\/08\/21\/visite-officielle-au-japon-bassirou-diomaye-faye-plaide-pour-une-cooperation-renforcee\/\",\"name\":\"VISITE OFFICIELLE AU JAPON - Bassirou Diomaye Faye plaide pour une coop\\u00e9ration renforc\\u00e9e | Nettali.com\",\"isPartOf\":{\"@id\":\"https:\/\/www.nettali.com\/#website\"},\"primaryImageOfPage\":{\"@id\":\"https:\/\/www.nettali.com\/2025\/08\/21\/visite-officielle-au-japon-bassirou-diomaye-faye-plaide-pour-une-cooperation-renforcee\/#primaryimage\"},\"datePublished\":\"2025-08-21T01:10:46+00:00\",\"dateModified\":\"2025-08-21T17:30:49+00:00\",\"author\":{\"@id\":\"https:\/\/www.nettali.com\/#\/schema\/person\/d8ac7b7e27ddad43f1c0d2ef090d7f71\"},\"breadcrumb\":{\"@id\":\"https:\/\/www.nettali.com\/2025\/08\/21\/visite-officielle-au-japon-bassirou-diomaye-faye-plaide-pour-une-cooperation-renforcee\/#breadcrumb\"},\"inLanguage\":\"fr-FR\",\"potentialAction\":[{\"@type\":\"ReadAction\",\"target\":[\"https:\/\/www.nettali.com\/2025\/08\/21\/visite-officielle-au-japon-bassirou-diomaye-faye-plaide-pour-une-cooperation-renforcee\/\"]}]},{\"@type\":\"BreadcrumbList\",\"@id\":\"https:\/\/www.nettali.com\/2025\/08\/21\/visite-officielle-au-japon-bassirou-diomaye-faye-plaide-pour-une-cooperation-renforcee\/#breadcrumb\",\"itemListElement\":[{\"@type\":\"ListItem\",\"position\":1,\"name\":\"Accueil\",\"item\":\"https:\/\/www.nettali.com\/\"},{\"@type\":\"ListItem\",\"position\":2,\"name\":\"VISITE OFFICIELLE AU JAPON - Bassirou Diomaye Faye plaide pour une coop\\u00e9ration renforc\\u00e9e\"}]},{\"@type\":\"Person\",\"@id\":\"https:\/\/www.nettali.com\/#\/schema\/person\/d8ac7b7e27ddad43f1c0d2ef090d7f71\",\"name\":\"CK\",\"image\":{\"@type\":\"ImageObject\",\"@id\":\"https:\/\/www.nettali.com\/#personlogo\",\"inLanguage\":\"fr-FR\",\"url\":\"https:\/\/secure.gravatar.com\/avatar\/1d8d5118b9327d94da7cd4ce7f17fec2?s=96&d=mm&r=g\",\"contentUrl\":\"https:\/\/secure.gravatar.com\/avatar\/1d8d5118b9327d94da7cd4ce7f17fec2?s=96&d=mm&r=g\",\"caption\":\"CK\"},\"sameAs\":[\"https:\/\/www.nettali.com\"]}]}<\/script>\n<!-- \/ Yoast SEO Premium plugin. -->","yoast_head_json":{"title":"VISITE OFFICIELLE AU JAPON - Bassirou Diomaye Faye plaide pour une coop\u00e9ration renforc\u00e9e | Nettali.com","robots":{"index":"index","follow":"follow","max-snippet":"max-snippet:-1","max-image-preview":"max-image-preview:large","max-video-preview":"max-video-preview:-1"},"canonical":"https:\/\/www.nettali.com\/2025\/08\/21\/visite-officielle-au-japon-bassirou-diomaye-faye-plaide-pour-une-cooperation-renforcee\/","og_locale":"fr_FR","og_type":"article","og_title":"VISITE OFFICIELLE AU JAPON - Bassirou Diomaye Faye plaide pour une coop\u00e9ration renforc\u00e9e","og_description":"NETTALI.COM - Le pr\u00e9sident de la R\u00e9publique, Bassirou Diomaye Faye, a entam\u00e9 une visite officielle au Japon marqu\u00e9e par une intense activit\u00e9 diplomatique et \u00e9conomique. \u00c0 Yokohama, o\u00f9 se tient la 9e Conf\u00e9rence internationale de Tokyo sur le d\u00e9veloppement de l\u2019Afrique (Ticad 9), il a multipli\u00e9 les rencontres et plaid\u00e9 pour un partenariat plus fort [&hellip;]","og_url":"https:\/\/www.nettali.com\/2025\/08\/21\/visite-officielle-au-japon-bassirou-diomaye-faye-plaide-pour-une-cooperation-renforcee\/","og_site_name":"Nettali.com","article_publisher":"https:\/\/www.facebook.com\/nettalicom","article_published_time":"2025-08-21T01:10:46+00:00","article_modified_time":"2025-08-21T17:30:49+00:00","og_image":[{"width":2048,"height":1366,"url":"https:\/\/www.nettali.com\/wp-content\/uploads\/2025\/08\/90598533-63858097.jpg","type":"image\/jpeg"}],"twitter_card":"summary_large_image","twitter_misc":{"\u00c9crit par":"CK","Dur\u00e9e de lecture estim\u00e9e":"3 minutes"},"schema":{"@context":"https:\/\/schema.org","@graph":[{"@type":"WebSite","@id":"https:\/\/www.nettali.com\/#website","url":"https:\/\/www.nettali.com\/","name":"Nettali.com","description":"Le rendez-vous critique du Net","potentialAction":[{"@type":"SearchAction","target":{"@type":"EntryPoint","urlTemplate":"https:\/\/www.nettali.com\/?s={search_term_string}"},"query-input":"required name=search_term_string"}],"inLanguage":"fr-FR"},{"@type":"ImageObject","@id":"https:\/\/www.nettali.com\/2025\/08\/21\/visite-officielle-au-japon-bassirou-diomaye-faye-plaide-pour-une-cooperation-renforcee\/#primaryimage","inLanguage":"fr-FR","url":"https:\/\/www.nettali.com\/wp-content\/uploads\/2025\/08\/90598533-63858097.jpg","contentUrl":"https:\/\/www.nettali.com\/wp-content\/uploads\/2025\/08\/90598533-63858097.jpg","width":2048,"height":1366},{"@type":"WebPage","@id":"https:\/\/www.nettali.com\/2025\/08\/21\/visite-officielle-au-japon-bassirou-diomaye-faye-plaide-pour-une-cooperation-renforcee\/#webpage","url":"https:\/\/www.nettali.com\/2025\/08\/21\/visite-officielle-au-japon-bassirou-diomaye-faye-plaide-pour-une-cooperation-renforcee\/","name":"VISITE OFFICIELLE AU JAPON - Bassirou Diomaye Faye plaide pour une coop\u00e9ration renforc\u00e9e | Nettali.com","isPartOf":{"@id":"https:\/\/www.nettali.com\/#website"},"primaryImageOfPage":{"@id":"https:\/\/www.nettali.com\/2025\/08\/21\/visite-officielle-au-japon-bassirou-diomaye-faye-plaide-pour-une-cooperation-renforcee\/#primaryimage"},"datePublished":"2025-08-21T01:10:46+00:00","dateModified":"2025-08-21T17:30:49+00:00","author":{"@id":"https:\/\/www.nettali.com\/#\/schema\/person\/d8ac7b7e27ddad43f1c0d2ef090d7f71"},"breadcrumb":{"@id":"https:\/\/www.nettali.com\/2025\/08\/21\/visite-officielle-au-japon-bassirou-diomaye-faye-plaide-pour-une-cooperation-renforcee\/#breadcrumb"},"inLanguage":"fr-FR","potentialAction":[{"@type":"ReadAction","target":["https:\/\/www.nettali.com\/2025\/08\/21\/visite-officielle-au-japon-bassirou-diomaye-faye-plaide-pour-une-cooperation-renforcee\/"]}]},{"@type":"BreadcrumbList","@id":"https:\/\/www.nettali.com\/2025\/08\/21\/visite-officielle-au-japon-bassirou-diomaye-faye-plaide-pour-une-cooperation-renforcee\/#breadcrumb","itemListElement":[{"@type":"ListItem","position":1,"name":"Accueil","item":"https:\/\/www.nettali.com\/"},{"@type":"ListItem","position":2,"name":"VISITE OFFICIELLE AU JAPON - Bassirou Diomaye Faye plaide pour une coop\u00e9ration renforc\u00e9e"}]},{"@type":"Person","@id":"https:\/\/www.nettali.com\/#\/schema\/person\/d8ac7b7e27ddad43f1c0d2ef090d7f71","name":"CK","image":{"@type":"ImageObject","@id":"https:\/\/www.nettali.com\/#personlogo","inLanguage":"fr-FR","url":"https:\/\/secure.gravatar.com\/avatar\/1d8d5118b9327d94da7cd4ce7f17fec2?s=96&d=mm&r=g","contentUrl":"https:\/\/secure.gravatar.com\/avatar\/1d8d5118b9327d94da7cd4ce7f17fec2?s=96&d=mm&r=g","caption":"CK"},"sameAs":["https:\/\/www.nettali.com"]}]}},"_links":{"self":[{"href":"https:\/\/www.nettali.com\/rest\/wp\/v2\/posts\/159732"}],"collection":[{"href":"https:\/\/www.nettali.com\/rest\/wp\/v2\/posts"}],"about":[{"href":"https:\/\/www.nettali.com\/rest\/wp\/v2\/types\/post"}],"author":[{"embeddable":true,"href":"https:\/\/www.nettali.com\/rest\/wp\/v2\/users\/2"}],"replies":[{"embeddable":true,"href":"https:\/\/www.nettali.com\/rest\/wp\/v2\/comments?post=159732"}],"version-history":[{"count":1,"href":"https:\/\/www.nettali.com\/rest\/wp\/v2\/posts\/159732\/revisions"}],"predecessor-version":[{"id":159770,"href":"https:\/\/www.nettali.com\/rest\/wp\/v2\/posts\/159732\/revisions\/159770"}],"wp:featuredmedia":[{"embeddable":true,"href":"https:\/\/www.nettali.com\/rest\/wp\/v2\/media\/159769"}],"wp:attachment":[{"href":"https:\/\/www.nettali.com\/rest\/wp\/v2\/media?parent=159732"}],"wp:term":[{"taxonomy":"category","embeddable":true,"href":"https:\/\/www.nettali.com\/rest\/wp\/v2\/categories?post=159732"},{"taxonomy":"post_tag","embeddable":true,"href":"https:\/\/www.nettali.com\/rest\/wp\/v2\/tags?post=159732"}],"curies":[{"name":"wp","href":"https:\/\/api.w.org\/{rel}","templated":true}]}}