{"id":159575,"date":"2025-08-18T18:26:31","date_gmt":"2025-08-18T18:26:31","guid":{"rendered":"https:\/\/www.nettali.com\/?p=159575"},"modified":"2025-08-18T18:27:05","modified_gmt":"2025-08-18T18:27:05","slug":"hivernage-la-directrice-de-la-meteorologie-annonce-de-fortes-pluies-a-partir-de-ce-mercredi","status":"publish","type":"post","link":"https:\/\/www.nettali.com\/2025\/08\/18\/hivernage-la-directrice-de-la-meteorologie-annonce-de-fortes-pluies-a-partir-de-ce-mercredi\/","title":{"rendered":"HIVERNAGE \u2013 La directrice de la M\u00e9t\u00e9orologie annonce de fortes pluies \u00e0 partir de ce mercredi\u2026"},"content":{"rendered":"<p><strong>NETTALI.COM-\u00a0La directrice de la m\u00e9t\u00e9orologie nationale, Dr A\u00efda Diongue Niang, a averti que de fortes pr\u00e9cipitations sont attendues \u00e0 partir de ce mercredi et devraient se poursuivre tout au long du week-end.<\/strong><\/p>\n<p>Docteur Aida Diongue, directrice de la m\u00e9t\u00e9orologie nationale, a lanc\u00e9 l\u2019alerte sur de prochaines pluies additionnelles qui provoqueraient \u00e0 coup s\u00fbr le d\u00e9bordement des fleuves.<\/p>\n<p>\u00ab <em>Apr\u00e8s deux jours de r\u00e9pit, de fortes pluies sont pr\u00e9vues. Elles pourraient occasionner d\u2019importantes inondations<\/em> \u00bb, a-t-elle pr\u00e9venu, invitant les populations \u00e0 la prudence.<\/p>\n<p>\u00ab <em>Cette succession de perturbations n'est pas termin\u00e9e. L\u00e0, nous avons un court r\u00e9pit en d\u00e9but de cette semaine, ces deux jours \u00e0 venir. Ensuite, nos services de pr\u00e9vision pr\u00e9voient \u00e9galement une autre perturbation entre le 20 et le 23. Cette semaine, mes coll\u00e8gues hydrologues qui s'occupent des ressources en eau nous alertent que nous sommes tr\u00e8s proches des c\u00f4tes d'alerte et que si on a des pluies additionnelles, on risque d'avoir des d\u00e9bordements des fleuves de leur lit. On risque d'avoir des inondations imm\u00e9diates et nous surveillons pour alerter ces jours-ci<\/em> \u00bb, a t-elle dit.<\/p>\n<div class='share-to-whatsapp-wrapper'><div class='share-on-whsp'>PARTAGER SUR : <\/div><a data-text='HIVERNAGE \u2013 La directrice de la M\u00e9t\u00e9orologie annonce de fortes pluies \u00e0 partir de ce mercredi\u2026' data-link='https:\/\/www.nettali.com\/2025\/08\/18\/hivernage-la-directrice-de-la-meteorologie-annonce-de-fortes-pluies-a-partir-de-ce-mercredi\/' class='whatsapp-button whatsapp-share'>WhatsApp<\/a><div class='clear '><\/div><\/div>","protected":false},"excerpt":{"rendered":"<p>NETTALI.COM-\u00a0La directrice de la m\u00e9t\u00e9orologie nationale, Dr A\u00efda Diongue Niang, a averti que de fortes pr\u00e9cipitations sont attendues \u00e0 partir de ce mercredi et devraient se poursuivre tout au long du week-end. Docteur Aida Diongue, directrice de la m\u00e9t\u00e9orologie nationale, a lanc\u00e9 l\u2019alerte sur de prochaines pluies additionnelles qui provoqueraient \u00e0 coup s\u00fbr le d\u00e9bordement [&hellip;]<\/p>\n","protected":false},"author":6,"featured_media":11826,"comment_status":"open","ping_status":"open","sticky":false,"template":"","format":"standard","meta":{"_et_pb_use_builder":"","_et_pb_old_content":""},"categories":[3],"tags":[],"yoast_head":"<!-- This site is optimized with the Yoast SEO Premium plugin v17.8 (Yoast SEO v17.8) - https:\/\/yoast.com\/wordpress\/plugins\/seo\/ -->\n<title>HIVERNAGE \u2013 La directrice de la M\u00e9t\u00e9orologie annonce de fortes pluies \u00e0 partir de ce mercredi\u2026 | Nettali.com<\/title>\n<meta name=\"robots\" content=\"index, follow, max-snippet:-1, max-image-preview:large, max-video-preview:-1\" \/>\n<link rel=\"canonical\" href=\"https:\/\/www.nettali.com\/2025\/08\/18\/hivernage-la-directrice-de-la-meteorologie-annonce-de-fortes-pluies-a-partir-de-ce-mercredi\/\" \/>\n<meta property=\"og:locale\" content=\"fr_FR\" \/>\n<meta property=\"og:type\" content=\"article\" \/>\n<meta property=\"og:title\" content=\"HIVERNAGE \u2013 La directrice de la M\u00e9t\u00e9orologie annonce de fortes pluies \u00e0 partir de ce mercredi\u2026\" \/>\n<meta property=\"og:description\" content=\"NETTALI.COM-\u00a0La directrice de la m\u00e9t\u00e9orologie nationale, Dr A\u00efda Diongue Niang, a averti que de fortes pr\u00e9cipitations sont attendues \u00e0 partir de ce mercredi et devraient se poursuivre tout au long du week-end. Docteur Aida Diongue, directrice de la m\u00e9t\u00e9orologie nationale, a lanc\u00e9 l\u2019alerte sur de prochaines pluies additionnelles qui provoqueraient \u00e0 coup s\u00fbr le d\u00e9bordement [&hellip;]\" \/>\n<meta property=\"og:url\" content=\"https:\/\/www.nettali.com\/2025\/08\/18\/hivernage-la-directrice-de-la-meteorologie-annonce-de-fortes-pluies-a-partir-de-ce-mercredi\/\" \/>\n<meta property=\"og:site_name\" content=\"Nettali.com\" \/>\n<meta property=\"article:publisher\" content=\"https:\/\/www.facebook.com\/nettalicom\" \/>\n<meta property=\"article:published_time\" content=\"2025-08-18T18:26:31+00:00\" \/>\n<meta property=\"article:modified_time\" content=\"2025-08-18T18:27:05+00:00\" \/>\n<meta property=\"og:image\" content=\"https:\/\/www.nettali.com\/wp-content\/uploads\/2019\/06\/pluies-zig.jpeg\" \/>\n\t<meta property=\"og:image:width\" content=\"599\" \/>\n\t<meta property=\"og:image:height\" content=\"275\" \/>\n<meta name=\"twitter:card\" content=\"summary_large_image\" \/>\n<meta name=\"twitter:label1\" content=\"\u00c9crit par\" \/>\n\t<meta name=\"twitter:data1\" content=\"Fatou\" \/>\n\t<meta name=\"twitter:label2\" content=\"Dur\u00e9e de lecture estim\u00e9e\" \/>\n\t<meta name=\"twitter:data2\" content=\"1 minute\" \/>\n<script type=\"application\/ld+json\" class=\"yoast-schema-graph\">{\"@context\":\"https:\/\/schema.org\",\"@graph\":[{\"@type\":\"WebSite\",\"@id\":\"https:\/\/www.nettali.com\/#website\",\"url\":\"https:\/\/www.nettali.com\/\",\"name\":\"Nettali.com\",\"description\":\"Le rendez-vous critique du Net\",\"potentialAction\":[{\"@type\":\"SearchAction\",\"target\":{\"@type\":\"EntryPoint\",\"urlTemplate\":\"https:\/\/www.nettali.com\/?s={search_term_string}\"},\"query-input\":\"required name=search_term_string\"}],\"inLanguage\":\"fr-FR\"},{\"@type\":\"ImageObject\",\"@id\":\"https:\/\/www.nettali.com\/2025\/08\/18\/hivernage-la-directrice-de-la-meteorologie-annonce-de-fortes-pluies-a-partir-de-ce-mercredi\/#primaryimage\",\"inLanguage\":\"fr-FR\",\"url\":\"https:\/\/www.nettali.com\/wp-content\/uploads\/2019\/06\/pluies-zig.jpeg\",\"contentUrl\":\"https:\/\/www.nettali.com\/wp-content\/uploads\/2019\/06\/pluies-zig.jpeg\",\"width\":599,\"height\":275},{\"@type\":\"WebPage\",\"@id\":\"https:\/\/www.nettali.com\/2025\/08\/18\/hivernage-la-directrice-de-la-meteorologie-annonce-de-fortes-pluies-a-partir-de-ce-mercredi\/#webpage\",\"url\":\"https:\/\/www.nettali.com\/2025\/08\/18\/hivernage-la-directrice-de-la-meteorologie-annonce-de-fortes-pluies-a-partir-de-ce-mercredi\/\",\"name\":\"HIVERNAGE \\u2013 La directrice de la M\\u00e9t\\u00e9orologie annonce de fortes pluies \\u00e0 partir de ce mercredi\\u2026 | Nettali.com\",\"isPartOf\":{\"@id\":\"https:\/\/www.nettali.com\/#website\"},\"primaryImageOfPage\":{\"@id\":\"https:\/\/www.nettali.com\/2025\/08\/18\/hivernage-la-directrice-de-la-meteorologie-annonce-de-fortes-pluies-a-partir-de-ce-mercredi\/#primaryimage\"},\"datePublished\":\"2025-08-18T18:26:31+00:00\",\"dateModified\":\"2025-08-18T18:27:05+00:00\",\"author\":{\"@id\":\"https:\/\/www.nettali.com\/#\/schema\/person\/418274a86bdf87caff7a3ef476bd0bbf\"},\"breadcrumb\":{\"@id\":\"https:\/\/www.nettali.com\/2025\/08\/18\/hivernage-la-directrice-de-la-meteorologie-annonce-de-fortes-pluies-a-partir-de-ce-mercredi\/#breadcrumb\"},\"inLanguage\":\"fr-FR\",\"potentialAction\":[{\"@type\":\"ReadAction\",\"target\":[\"https:\/\/www.nettali.com\/2025\/08\/18\/hivernage-la-directrice-de-la-meteorologie-annonce-de-fortes-pluies-a-partir-de-ce-mercredi\/\"]}]},{\"@type\":\"BreadcrumbList\",\"@id\":\"https:\/\/www.nettali.com\/2025\/08\/18\/hivernage-la-directrice-de-la-meteorologie-annonce-de-fortes-pluies-a-partir-de-ce-mercredi\/#breadcrumb\",\"itemListElement\":[{\"@type\":\"ListItem\",\"position\":1,\"name\":\"Accueil\",\"item\":\"https:\/\/www.nettali.com\/\"},{\"@type\":\"ListItem\",\"position\":2,\"name\":\"HIVERNAGE \\u2013 La directrice de la M\\u00e9t\\u00e9orologie annonce de fortes pluies \\u00e0 partir de ce mercredi\\u2026\"}]},{\"@type\":\"Person\",\"@id\":\"https:\/\/www.nettali.com\/#\/schema\/person\/418274a86bdf87caff7a3ef476bd0bbf\",\"name\":\"Fatou\",\"image\":{\"@type\":\"ImageObject\",\"@id\":\"https:\/\/www.nettali.com\/#personlogo\",\"inLanguage\":\"fr-FR\",\"url\":\"https:\/\/secure.gravatar.com\/avatar\/5a9442a2bee7b4dcf167cab035858e9a?s=96&d=mm&r=g\",\"contentUrl\":\"https:\/\/secure.gravatar.com\/avatar\/5a9442a2bee7b4dcf167cab035858e9a?s=96&d=mm&r=g\",\"caption\":\"Fatou\"},\"sameAs\":[\"https:\/\/www.nettali.com\"]}]}<\/script>\n<!-- \/ Yoast SEO Premium plugin. -->","yoast_head_json":{"title":"HIVERNAGE \u2013 La directrice de la M\u00e9t\u00e9orologie annonce de fortes pluies \u00e0 partir de ce mercredi\u2026 | Nettali.com","robots":{"index":"index","follow":"follow","max-snippet":"max-snippet:-1","max-image-preview":"max-image-preview:large","max-video-preview":"max-video-preview:-1"},"canonical":"https:\/\/www.nettali.com\/2025\/08\/18\/hivernage-la-directrice-de-la-meteorologie-annonce-de-fortes-pluies-a-partir-de-ce-mercredi\/","og_locale":"fr_FR","og_type":"article","og_title":"HIVERNAGE \u2013 La directrice de la M\u00e9t\u00e9orologie annonce de fortes pluies \u00e0 partir de ce mercredi\u2026","og_description":"NETTALI.COM-\u00a0La directrice de la m\u00e9t\u00e9orologie nationale, Dr A\u00efda Diongue Niang, a averti que de fortes pr\u00e9cipitations sont attendues \u00e0 partir de ce mercredi et devraient se poursuivre tout au long du week-end. Docteur Aida Diongue, directrice de la m\u00e9t\u00e9orologie nationale, a lanc\u00e9 l\u2019alerte sur de prochaines pluies additionnelles qui provoqueraient \u00e0 coup s\u00fbr le d\u00e9bordement [&hellip;]","og_url":"https:\/\/www.nettali.com\/2025\/08\/18\/hivernage-la-directrice-de-la-meteorologie-annonce-de-fortes-pluies-a-partir-de-ce-mercredi\/","og_site_name":"Nettali.com","article_publisher":"https:\/\/www.facebook.com\/nettalicom","article_published_time":"2025-08-18T18:26:31+00:00","article_modified_time":"2025-08-18T18:27:05+00:00","og_image":[{"width":599,"height":275,"url":"https:\/\/www.nettali.com\/wp-content\/uploads\/2019\/06\/pluies-zig.jpeg","type":"image\/jpeg"}],"twitter_card":"summary_large_image","twitter_misc":{"\u00c9crit par":"Fatou","Dur\u00e9e de lecture estim\u00e9e":"1 minute"},"schema":{"@context":"https:\/\/schema.org","@graph":[{"@type":"WebSite","@id":"https:\/\/www.nettali.com\/#website","url":"https:\/\/www.nettali.com\/","name":"Nettali.com","description":"Le rendez-vous critique du Net","potentialAction":[{"@type":"SearchAction","target":{"@type":"EntryPoint","urlTemplate":"https:\/\/www.nettali.com\/?s={search_term_string}"},"query-input":"required name=search_term_string"}],"inLanguage":"fr-FR"},{"@type":"ImageObject","@id":"https:\/\/www.nettali.com\/2025\/08\/18\/hivernage-la-directrice-de-la-meteorologie-annonce-de-fortes-pluies-a-partir-de-ce-mercredi\/#primaryimage","inLanguage":"fr-FR","url":"https:\/\/www.nettali.com\/wp-content\/uploads\/2019\/06\/pluies-zig.jpeg","contentUrl":"https:\/\/www.nettali.com\/wp-content\/uploads\/2019\/06\/pluies-zig.jpeg","width":599,"height":275},{"@type":"WebPage","@id":"https:\/\/www.nettali.com\/2025\/08\/18\/hivernage-la-directrice-de-la-meteorologie-annonce-de-fortes-pluies-a-partir-de-ce-mercredi\/#webpage","url":"https:\/\/www.nettali.com\/2025\/08\/18\/hivernage-la-directrice-de-la-meteorologie-annonce-de-fortes-pluies-a-partir-de-ce-mercredi\/","name":"HIVERNAGE \u2013 La directrice de la M\u00e9t\u00e9orologie annonce de fortes pluies \u00e0 partir de ce mercredi\u2026 | Nettali.com","isPartOf":{"@id":"https:\/\/www.nettali.com\/#website"},"primaryImageOfPage":{"@id":"https:\/\/www.nettali.com\/2025\/08\/18\/hivernage-la-directrice-de-la-meteorologie-annonce-de-fortes-pluies-a-partir-de-ce-mercredi\/#primaryimage"},"datePublished":"2025-08-18T18:26:31+00:00","dateModified":"2025-08-18T18:27:05+00:00","author":{"@id":"https:\/\/www.nettali.com\/#\/schema\/person\/418274a86bdf87caff7a3ef476bd0bbf"},"breadcrumb":{"@id":"https:\/\/www.nettali.com\/2025\/08\/18\/hivernage-la-directrice-de-la-meteorologie-annonce-de-fortes-pluies-a-partir-de-ce-mercredi\/#breadcrumb"},"inLanguage":"fr-FR","potentialAction":[{"@type":"ReadAction","target":["https:\/\/www.nettali.com\/2025\/08\/18\/hivernage-la-directrice-de-la-meteorologie-annonce-de-fortes-pluies-a-partir-de-ce-mercredi\/"]}]},{"@type":"BreadcrumbList","@id":"https:\/\/www.nettali.com\/2025\/08\/18\/hivernage-la-directrice-de-la-meteorologie-annonce-de-fortes-pluies-a-partir-de-ce-mercredi\/#breadcrumb","itemListElement":[{"@type":"ListItem","position":1,"name":"Accueil","item":"https:\/\/www.nettali.com\/"},{"@type":"ListItem","position":2,"name":"HIVERNAGE \u2013 La directrice de la M\u00e9t\u00e9orologie annonce de fortes pluies \u00e0 partir de ce mercredi\u2026"}]},{"@type":"Person","@id":"https:\/\/www.nettali.com\/#\/schema\/person\/418274a86bdf87caff7a3ef476bd0bbf","name":"Fatou","image":{"@type":"ImageObject","@id":"https:\/\/www.nettali.com\/#personlogo","inLanguage":"fr-FR","url":"https:\/\/secure.gravatar.com\/avatar\/5a9442a2bee7b4dcf167cab035858e9a?s=96&d=mm&r=g","contentUrl":"https:\/\/secure.gravatar.com\/avatar\/5a9442a2bee7b4dcf167cab035858e9a?s=96&d=mm&r=g","caption":"Fatou"},"sameAs":["https:\/\/www.nettali.com"]}]}},"_links":{"self":[{"href":"https:\/\/www.nettali.com\/rest\/wp\/v2\/posts\/159575"}],"collection":[{"href":"https:\/\/www.nettali.com\/rest\/wp\/v2\/posts"}],"about":[{"href":"https:\/\/www.nettali.com\/rest\/wp\/v2\/types\/post"}],"author":[{"embeddable":true,"href":"https:\/\/www.nettali.com\/rest\/wp\/v2\/users\/6"}],"replies":[{"embeddable":true,"href":"https:\/\/www.nettali.com\/rest\/wp\/v2\/comments?post=159575"}],"version-history":[{"count":3,"href":"https:\/\/www.nettali.com\/rest\/wp\/v2\/posts\/159575\/revisions"}],"predecessor-version":[{"id":159578,"href":"https:\/\/www.nettali.com\/rest\/wp\/v2\/posts\/159575\/revisions\/159578"}],"wp:featuredmedia":[{"embeddable":true,"href":"https:\/\/www.nettali.com\/rest\/wp\/v2\/media\/11826"}],"wp:attachment":[{"href":"https:\/\/www.nettali.com\/rest\/wp\/v2\/media?parent=159575"}],"wp:term":[{"taxonomy":"category","embeddable":true,"href":"https:\/\/www.nettali.com\/rest\/wp\/v2\/categories?post=159575"},{"taxonomy":"post_tag","embeddable":true,"href":"https:\/\/www.nettali.com\/rest\/wp\/v2\/tags?post=159575"}],"curies":[{"name":"wp","href":"https:\/\/api.w.org\/{rel}","templated":true}]}}