{"id":159557,"date":"2025-08-18T13:00:41","date_gmt":"2025-08-18T13:00:41","guid":{"rendered":"https:\/\/www.nettali.com\/?p=159557"},"modified":"2025-08-18T07:55:43","modified_gmt":"2025-08-18T07:55:43","slug":"om-de-fortes-tensions-dans-le-vestiaire","status":"publish","type":"post","link":"https:\/\/www.nettali.com\/2025\/08\/18\/om-de-fortes-tensions-dans-le-vestiaire\/","title":{"rendered":"OM - De fortes tensions dans le vestiaire !"},"content":{"rendered":"<p><strong>NETTALI.COM -<\/strong> Face \u00e0 la presse, l'entra\u00eeneur de l'Olympique de Marseille Roberto De Zerbi a assur\u00e9 que les murs du vestiaire phoc\u00e9en n'avaient pas trembl\u00e9 apr\u00e8s la d\u00e9faite \u00e0 Rennes (0-1) vendredi en Ligue 1. Pourtant, selon les informations d'ici Provence ce samedi, certains joueurs mais aussi le technicien italien ont hauss\u00e9 le ton avec de grosses tensions en interne. Au point d'en venir aux mains ?<\/p>\n<p>La radio RMC \u00e9voque une altercation entre Jonathan Rowe et Adrien Rabiot, mais sans un d\u00e9rapage physique.<\/p>\n<p>Vis\u00e9 par des critiques concernant un manque d'effort, l'Anglais, \"dans un \u00e9tat second\", s'est d\u00e9fendu avec v\u00e9h\u00e9mence et les deux hommes ont eu une confrontation en se rapprochant physiquement. \"<em>Les autres, ils nous battent sur le terrain et nous, on rentre, on se tape ici. Vous savez ce que cela veut dire ? Que l'on a des petites couilles. Alors qu'\u00e0 Marseille, on doit en avoir des grosses<\/em>\", a lanc\u00e9 le traducteur, en fran\u00e7ais, de De Zerbi devant le groupe.<\/p>\n<p>Un t\u00e9moin de la sc\u00e8ne a tout de m\u00eame calm\u00e9 le jeu. \"<em>Il y a de la frustration, la d\u00e9faite, les nerfs s'\u00e9chauffent et il y a quelques r\u00e9flexions, mais rien qui a pu me choquer<\/em>\", a-t-il expliqu\u00e9. \"<em>Cela prouve que des joueurs n'ont pas accept\u00e9 la d\u00e9faite. Surtout une d\u00e9faite comme \u00e7a, cela n'est jamais arriv\u00e9<\/em>\", a ajout\u00e9 un membre de l'OM.<\/p>\n<p>De son c\u00f4t\u00e9, le Transalpin a termin\u00e9 son intervention avec un message clair : \"C'est la derni\u00e8re fois que cela arrive.\"<\/p>\n<div class='share-to-whatsapp-wrapper'><div class='share-on-whsp'>PARTAGER SUR : <\/div><a data-text='OM - De fortes tensions dans le vestiaire !' data-link='https:\/\/www.nettali.com\/2025\/08\/18\/om-de-fortes-tensions-dans-le-vestiaire\/' class='whatsapp-button whatsapp-share'>WhatsApp<\/a><div class='clear '><\/div><\/div>","protected":false},"excerpt":{"rendered":"<p>NETTALI.COM - Face \u00e0 la presse, l'entra\u00eeneur de l'Olympique de Marseille Roberto De Zerbi a assur\u00e9 que les murs du vestiaire phoc\u00e9en n'avaient pas trembl\u00e9 apr\u00e8s la d\u00e9faite \u00e0 Rennes (0-1) vendredi en Ligue 1. Pourtant, selon les informations d'ici Provence ce samedi, certains joueurs mais aussi le technicien italien ont hauss\u00e9 le ton avec [&hellip;]<\/p>\n","protected":false},"author":2,"featured_media":159558,"comment_status":"open","ping_status":"open","sticky":false,"template":"","format":"standard","meta":{"_et_pb_use_builder":"","_et_pb_old_content":""},"categories":[6],"tags":[],"yoast_head":"<!-- This site is optimized with the Yoast SEO Premium plugin v17.8 (Yoast SEO v17.8) - https:\/\/yoast.com\/wordpress\/plugins\/seo\/ -->\n<title>OM - De fortes tensions dans le vestiaire ! | Nettali.com<\/title>\n<meta name=\"robots\" content=\"index, follow, max-snippet:-1, max-image-preview:large, max-video-preview:-1\" \/>\n<link rel=\"canonical\" href=\"https:\/\/www.nettali.com\/2025\/08\/18\/om-de-fortes-tensions-dans-le-vestiaire\/\" \/>\n<meta property=\"og:locale\" content=\"fr_FR\" \/>\n<meta property=\"og:type\" content=\"article\" \/>\n<meta property=\"og:title\" content=\"OM - De fortes tensions dans le vestiaire !\" \/>\n<meta property=\"og:description\" content=\"NETTALI.COM - Face \u00e0 la presse, l&#039;entra\u00eeneur de l&#039;Olympique de Marseille Roberto De Zerbi a assur\u00e9 que les murs du vestiaire phoc\u00e9en n&#039;avaient pas trembl\u00e9 apr\u00e8s la d\u00e9faite \u00e0 Rennes (0-1) vendredi en Ligue 1. Pourtant, selon les informations d&#039;ici Provence ce samedi, certains joueurs mais aussi le technicien italien ont hauss\u00e9 le ton avec [&hellip;]\" \/>\n<meta property=\"og:url\" content=\"https:\/\/www.nettali.com\/2025\/08\/18\/om-de-fortes-tensions-dans-le-vestiaire\/\" \/>\n<meta property=\"og:site_name\" content=\"Nettali.com\" \/>\n<meta property=\"article:publisher\" content=\"https:\/\/www.facebook.com\/nettalicom\" \/>\n<meta property=\"article:published_time\" content=\"2025-08-18T13:00:41+00:00\" \/>\n<meta property=\"article:modified_time\" content=\"2025-08-18T07:55:43+00:00\" \/>\n<meta property=\"og:image\" content=\"https:\/\/www.nettali.com\/wp-content\/uploads\/2025\/08\/1200x680_sc_000-34lr42x.jpg\" \/>\n\t<meta property=\"og:image:width\" content=\"1200\" \/>\n\t<meta property=\"og:image:height\" content=\"680\" \/>\n<meta name=\"twitter:card\" content=\"summary_large_image\" \/>\n<meta name=\"twitter:label1\" content=\"\u00c9crit par\" \/>\n\t<meta name=\"twitter:data1\" content=\"CK\" \/>\n\t<meta name=\"twitter:label2\" content=\"Dur\u00e9e de lecture estim\u00e9e\" \/>\n\t<meta name=\"twitter:data2\" content=\"2 minutes\" \/>\n<script type=\"application\/ld+json\" class=\"yoast-schema-graph\">{\"@context\":\"https:\/\/schema.org\",\"@graph\":[{\"@type\":\"WebSite\",\"@id\":\"https:\/\/www.nettali.com\/#website\",\"url\":\"https:\/\/www.nettali.com\/\",\"name\":\"Nettali.com\",\"description\":\"Le rendez-vous critique du Net\",\"potentialAction\":[{\"@type\":\"SearchAction\",\"target\":{\"@type\":\"EntryPoint\",\"urlTemplate\":\"https:\/\/www.nettali.com\/?s={search_term_string}\"},\"query-input\":\"required name=search_term_string\"}],\"inLanguage\":\"fr-FR\"},{\"@type\":\"ImageObject\",\"@id\":\"https:\/\/www.nettali.com\/2025\/08\/18\/om-de-fortes-tensions-dans-le-vestiaire\/#primaryimage\",\"inLanguage\":\"fr-FR\",\"url\":\"https:\/\/www.nettali.com\/wp-content\/uploads\/2025\/08\/1200x680_sc_000-34lr42x.jpg\",\"contentUrl\":\"https:\/\/www.nettali.com\/wp-content\/uploads\/2025\/08\/1200x680_sc_000-34lr42x.jpg\",\"width\":1200,\"height\":680},{\"@type\":\"WebPage\",\"@id\":\"https:\/\/www.nettali.com\/2025\/08\/18\/om-de-fortes-tensions-dans-le-vestiaire\/#webpage\",\"url\":\"https:\/\/www.nettali.com\/2025\/08\/18\/om-de-fortes-tensions-dans-le-vestiaire\/\",\"name\":\"OM - De fortes tensions dans le vestiaire ! | Nettali.com\",\"isPartOf\":{\"@id\":\"https:\/\/www.nettali.com\/#website\"},\"primaryImageOfPage\":{\"@id\":\"https:\/\/www.nettali.com\/2025\/08\/18\/om-de-fortes-tensions-dans-le-vestiaire\/#primaryimage\"},\"datePublished\":\"2025-08-18T13:00:41+00:00\",\"dateModified\":\"2025-08-18T07:55:43+00:00\",\"author\":{\"@id\":\"https:\/\/www.nettali.com\/#\/schema\/person\/d8ac7b7e27ddad43f1c0d2ef090d7f71\"},\"breadcrumb\":{\"@id\":\"https:\/\/www.nettali.com\/2025\/08\/18\/om-de-fortes-tensions-dans-le-vestiaire\/#breadcrumb\"},\"inLanguage\":\"fr-FR\",\"potentialAction\":[{\"@type\":\"ReadAction\",\"target\":[\"https:\/\/www.nettali.com\/2025\/08\/18\/om-de-fortes-tensions-dans-le-vestiaire\/\"]}]},{\"@type\":\"BreadcrumbList\",\"@id\":\"https:\/\/www.nettali.com\/2025\/08\/18\/om-de-fortes-tensions-dans-le-vestiaire\/#breadcrumb\",\"itemListElement\":[{\"@type\":\"ListItem\",\"position\":1,\"name\":\"Accueil\",\"item\":\"https:\/\/www.nettali.com\/\"},{\"@type\":\"ListItem\",\"position\":2,\"name\":\"OM - De fortes tensions dans le vestiaire !\"}]},{\"@type\":\"Person\",\"@id\":\"https:\/\/www.nettali.com\/#\/schema\/person\/d8ac7b7e27ddad43f1c0d2ef090d7f71\",\"name\":\"CK\",\"image\":{\"@type\":\"ImageObject\",\"@id\":\"https:\/\/www.nettali.com\/#personlogo\",\"inLanguage\":\"fr-FR\",\"url\":\"https:\/\/secure.gravatar.com\/avatar\/1d8d5118b9327d94da7cd4ce7f17fec2?s=96&d=mm&r=g\",\"contentUrl\":\"https:\/\/secure.gravatar.com\/avatar\/1d8d5118b9327d94da7cd4ce7f17fec2?s=96&d=mm&r=g\",\"caption\":\"CK\"},\"sameAs\":[\"https:\/\/www.nettali.com\"]}]}<\/script>\n<!-- \/ Yoast SEO Premium plugin. -->","yoast_head_json":{"title":"OM - De fortes tensions dans le vestiaire ! | Nettali.com","robots":{"index":"index","follow":"follow","max-snippet":"max-snippet:-1","max-image-preview":"max-image-preview:large","max-video-preview":"max-video-preview:-1"},"canonical":"https:\/\/www.nettali.com\/2025\/08\/18\/om-de-fortes-tensions-dans-le-vestiaire\/","og_locale":"fr_FR","og_type":"article","og_title":"OM - De fortes tensions dans le vestiaire !","og_description":"NETTALI.COM - Face \u00e0 la presse, l'entra\u00eeneur de l'Olympique de Marseille Roberto De Zerbi a assur\u00e9 que les murs du vestiaire phoc\u00e9en n'avaient pas trembl\u00e9 apr\u00e8s la d\u00e9faite \u00e0 Rennes (0-1) vendredi en Ligue 1. Pourtant, selon les informations d'ici Provence ce samedi, certains joueurs mais aussi le technicien italien ont hauss\u00e9 le ton avec [&hellip;]","og_url":"https:\/\/www.nettali.com\/2025\/08\/18\/om-de-fortes-tensions-dans-le-vestiaire\/","og_site_name":"Nettali.com","article_publisher":"https:\/\/www.facebook.com\/nettalicom","article_published_time":"2025-08-18T13:00:41+00:00","article_modified_time":"2025-08-18T07:55:43+00:00","og_image":[{"width":1200,"height":680,"url":"https:\/\/www.nettali.com\/wp-content\/uploads\/2025\/08\/1200x680_sc_000-34lr42x.jpg","type":"image\/jpeg"}],"twitter_card":"summary_large_image","twitter_misc":{"\u00c9crit par":"CK","Dur\u00e9e de lecture estim\u00e9e":"2 minutes"},"schema":{"@context":"https:\/\/schema.org","@graph":[{"@type":"WebSite","@id":"https:\/\/www.nettali.com\/#website","url":"https:\/\/www.nettali.com\/","name":"Nettali.com","description":"Le rendez-vous critique du Net","potentialAction":[{"@type":"SearchAction","target":{"@type":"EntryPoint","urlTemplate":"https:\/\/www.nettali.com\/?s={search_term_string}"},"query-input":"required name=search_term_string"}],"inLanguage":"fr-FR"},{"@type":"ImageObject","@id":"https:\/\/www.nettali.com\/2025\/08\/18\/om-de-fortes-tensions-dans-le-vestiaire\/#primaryimage","inLanguage":"fr-FR","url":"https:\/\/www.nettali.com\/wp-content\/uploads\/2025\/08\/1200x680_sc_000-34lr42x.jpg","contentUrl":"https:\/\/www.nettali.com\/wp-content\/uploads\/2025\/08\/1200x680_sc_000-34lr42x.jpg","width":1200,"height":680},{"@type":"WebPage","@id":"https:\/\/www.nettali.com\/2025\/08\/18\/om-de-fortes-tensions-dans-le-vestiaire\/#webpage","url":"https:\/\/www.nettali.com\/2025\/08\/18\/om-de-fortes-tensions-dans-le-vestiaire\/","name":"OM - De fortes tensions dans le vestiaire ! | Nettali.com","isPartOf":{"@id":"https:\/\/www.nettali.com\/#website"},"primaryImageOfPage":{"@id":"https:\/\/www.nettali.com\/2025\/08\/18\/om-de-fortes-tensions-dans-le-vestiaire\/#primaryimage"},"datePublished":"2025-08-18T13:00:41+00:00","dateModified":"2025-08-18T07:55:43+00:00","author":{"@id":"https:\/\/www.nettali.com\/#\/schema\/person\/d8ac7b7e27ddad43f1c0d2ef090d7f71"},"breadcrumb":{"@id":"https:\/\/www.nettali.com\/2025\/08\/18\/om-de-fortes-tensions-dans-le-vestiaire\/#breadcrumb"},"inLanguage":"fr-FR","potentialAction":[{"@type":"ReadAction","target":["https:\/\/www.nettali.com\/2025\/08\/18\/om-de-fortes-tensions-dans-le-vestiaire\/"]}]},{"@type":"BreadcrumbList","@id":"https:\/\/www.nettali.com\/2025\/08\/18\/om-de-fortes-tensions-dans-le-vestiaire\/#breadcrumb","itemListElement":[{"@type":"ListItem","position":1,"name":"Accueil","item":"https:\/\/www.nettali.com\/"},{"@type":"ListItem","position":2,"name":"OM - De fortes tensions dans le vestiaire !"}]},{"@type":"Person","@id":"https:\/\/www.nettali.com\/#\/schema\/person\/d8ac7b7e27ddad43f1c0d2ef090d7f71","name":"CK","image":{"@type":"ImageObject","@id":"https:\/\/www.nettali.com\/#personlogo","inLanguage":"fr-FR","url":"https:\/\/secure.gravatar.com\/avatar\/1d8d5118b9327d94da7cd4ce7f17fec2?s=96&d=mm&r=g","contentUrl":"https:\/\/secure.gravatar.com\/avatar\/1d8d5118b9327d94da7cd4ce7f17fec2?s=96&d=mm&r=g","caption":"CK"},"sameAs":["https:\/\/www.nettali.com"]}]}},"_links":{"self":[{"href":"https:\/\/www.nettali.com\/rest\/wp\/v2\/posts\/159557"}],"collection":[{"href":"https:\/\/www.nettali.com\/rest\/wp\/v2\/posts"}],"about":[{"href":"https:\/\/www.nettali.com\/rest\/wp\/v2\/types\/post"}],"author":[{"embeddable":true,"href":"https:\/\/www.nettali.com\/rest\/wp\/v2\/users\/2"}],"replies":[{"embeddable":true,"href":"https:\/\/www.nettali.com\/rest\/wp\/v2\/comments?post=159557"}],"version-history":[{"count":1,"href":"https:\/\/www.nettali.com\/rest\/wp\/v2\/posts\/159557\/revisions"}],"predecessor-version":[{"id":159559,"href":"https:\/\/www.nettali.com\/rest\/wp\/v2\/posts\/159557\/revisions\/159559"}],"wp:featuredmedia":[{"embeddable":true,"href":"https:\/\/www.nettali.com\/rest\/wp\/v2\/media\/159558"}],"wp:attachment":[{"href":"https:\/\/www.nettali.com\/rest\/wp\/v2\/media?parent=159557"}],"wp:term":[{"taxonomy":"category","embeddable":true,"href":"https:\/\/www.nettali.com\/rest\/wp\/v2\/categories?post=159557"},{"taxonomy":"post_tag","embeddable":true,"href":"https:\/\/www.nettali.com\/rest\/wp\/v2\/tags?post=159557"}],"curies":[{"name":"wp","href":"https:\/\/api.w.org\/{rel}","templated":true}]}}