{"id":159526,"date":"2025-08-17T17:22:13","date_gmt":"2025-08-17T17:22:13","guid":{"rendered":"https:\/\/www.nettali.com\/?p=159526"},"modified":"2025-08-17T17:22:13","modified_gmt":"2025-08-17T17:22:13","slug":"bougane-gueye-dani-demonte-le-rapport-budgetaire-une-croissance-sur-du-vent","status":"publish","type":"post","link":"https:\/\/www.nettali.com\/2025\/08\/17\/bougane-gueye-dani-demonte-le-rapport-budgetaire-une-croissance-sur-du-vent\/","title":{"rendered":"BOUGANE GUEYE DANI DEMONTE LE RAPPORT BUDGETAIRE - \u00ab Une croissance sur du vent \u00bb"},"content":{"rendered":"<p data-start=\"160\" data-end=\"511\"><strong>NETTALI.COM - Le rapport trimestriel d\u2019ex\u00e9cution budg\u00e9taire pour le deuxi\u00e8me trimestre 2025, publi\u00e9 par le minist\u00e8re des Finances, suscite d\u00e9j\u00e0 de vives critiques dans l\u2019opposition. Bougane Gu\u00e8ye Dani, leader du mouvement <em data-start=\"368\" data-end=\"394\">Gueum Sa Bopp \u2013 Jambaars<\/em>, estime que les chiffres avanc\u00e9s par le gouvernement \u00ab ne refl\u00e8tent en rien la r\u00e9alit\u00e9 v\u00e9cue par les S\u00e9n\u00e9galais \u00bb.<\/strong><\/p>\n<p data-start=\"513\" data-end=\"704\"><em>\u00ab Le gouvernement vient d\u2019afficher une croissance sur le papier, mais elle repose sur du vent. La r\u00e9alit\u00e9, c\u2019est qu\u2019aucun S\u00e9n\u00e9galais ne sent cette croissance \u00bb<\/em>, a-t-il d\u00e9clar\u00e9 dans un post.<\/p>\n<p data-start=\"706\" data-end=\"1119\">L\u2019opposant fustige par ailleurs <em>\u00ab une mauvaise orientation des finances publiques \u00bb<\/em>, accusant l\u2019administration Sonko-Diomaye de privil\u00e9gier l\u2019endettement pour financer les charges de fonctionnement, au d\u00e9triment de la construction d\u2019une \u00e9conomie productive. <em>\u00ab Tant que la masse salariale gonflera sans qu\u2019on sache qui en profite r\u00e9ellement, le S\u00e9n\u00e9gal ne fera qu\u2019entretenir le chaos \u00e9conomique \u00bb<\/em>, a-t-il averti.<\/p>\n<p data-start=\"1121\" data-end=\"1276\">Pour Bougane Gu\u00e8ye Dani, le v\u00e9ritable danger r\u00e9side moins dans le manque de ressources que dans \u00ab un mod\u00e8le budg\u00e9taire qui consomme au lieu d\u2019investir \u00bb.<\/p>\n<div class='share-to-whatsapp-wrapper'><div class='share-on-whsp'>PARTAGER SUR : <\/div><a data-text='BOUGANE GUEYE DANI DEMONTE LE RAPPORT BUDGETAIRE - \u00ab Une croissance sur du vent \u00bb' data-link='https:\/\/www.nettali.com\/2025\/08\/17\/bougane-gueye-dani-demonte-le-rapport-budgetaire-une-croissance-sur-du-vent\/' class='whatsapp-button whatsapp-share'>WhatsApp<\/a><div class='clear '><\/div><\/div>","protected":false},"excerpt":{"rendered":"<p>NETTALI.COM - Le rapport trimestriel d\u2019ex\u00e9cution budg\u00e9taire pour le deuxi\u00e8me trimestre 2025, publi\u00e9 par le minist\u00e8re des Finances, suscite d\u00e9j\u00e0 de vives critiques dans l\u2019opposition. Bougane Gu\u00e8ye Dani, leader du mouvement Gueum Sa Bopp \u2013 Jambaars, estime que les chiffres avanc\u00e9s par le gouvernement \u00ab ne refl\u00e8tent en rien la r\u00e9alit\u00e9 v\u00e9cue par les S\u00e9n\u00e9galais [&hellip;]<\/p>\n","protected":false},"author":4,"featured_media":154399,"comment_status":"open","ping_status":"open","sticky":false,"template":"","format":"standard","meta":{"_et_pb_use_builder":"","_et_pb_old_content":""},"categories":[2],"tags":[],"yoast_head":"<!-- This site is optimized with the Yoast SEO Premium plugin v17.8 (Yoast SEO v17.8) - https:\/\/yoast.com\/wordpress\/plugins\/seo\/ -->\n<title>BOUGANE GUEYE DANI DEMONTE LE RAPPORT BUDGETAIRE - \u00ab Une croissance sur du vent \u00bb | Nettali.com<\/title>\n<meta name=\"robots\" content=\"index, follow, max-snippet:-1, max-image-preview:large, max-video-preview:-1\" \/>\n<link rel=\"canonical\" href=\"https:\/\/www.nettali.com\/2025\/08\/17\/bougane-gueye-dani-demonte-le-rapport-budgetaire-une-croissance-sur-du-vent\/\" \/>\n<meta property=\"og:locale\" content=\"fr_FR\" \/>\n<meta property=\"og:type\" content=\"article\" \/>\n<meta property=\"og:title\" content=\"BOUGANE GUEYE DANI DEMONTE LE RAPPORT BUDGETAIRE - \u00ab Une croissance sur du vent \u00bb\" \/>\n<meta property=\"og:description\" content=\"NETTALI.COM - Le rapport trimestriel d\u2019ex\u00e9cution budg\u00e9taire pour le deuxi\u00e8me trimestre 2025, publi\u00e9 par le minist\u00e8re des Finances, suscite d\u00e9j\u00e0 de vives critiques dans l\u2019opposition. Bougane Gu\u00e8ye Dani, leader du mouvement Gueum Sa Bopp \u2013 Jambaars, estime que les chiffres avanc\u00e9s par le gouvernement \u00ab ne refl\u00e8tent en rien la r\u00e9alit\u00e9 v\u00e9cue par les S\u00e9n\u00e9galais [&hellip;]\" \/>\n<meta property=\"og:url\" content=\"https:\/\/www.nettali.com\/2025\/08\/17\/bougane-gueye-dani-demonte-le-rapport-budgetaire-une-croissance-sur-du-vent\/\" \/>\n<meta property=\"og:site_name\" content=\"Nettali.com\" \/>\n<meta property=\"article:publisher\" content=\"https:\/\/www.facebook.com\/nettalicom\" \/>\n<meta property=\"article:published_time\" content=\"2025-08-17T17:22:13+00:00\" \/>\n<meta property=\"og:image\" content=\"https:\/\/www.nettali.com\/wp-content\/uploads\/2025\/05\/Bougane-GUEYE-Dany.jpeg\" \/>\n\t<meta property=\"og:image:width\" content=\"635\" \/>\n\t<meta property=\"og:image:height\" content=\"438\" \/>\n<meta name=\"twitter:card\" content=\"summary_large_image\" \/>\n<meta name=\"twitter:label1\" content=\"\u00c9crit par\" \/>\n\t<meta name=\"twitter:data1\" content=\"Daouda\" \/>\n\t<meta name=\"twitter:label2\" content=\"Dur\u00e9e de lecture estim\u00e9e\" \/>\n\t<meta name=\"twitter:data2\" content=\"1 minute\" \/>\n<script type=\"application\/ld+json\" class=\"yoast-schema-graph\">{\"@context\":\"https:\/\/schema.org\",\"@graph\":[{\"@type\":\"WebSite\",\"@id\":\"https:\/\/www.nettali.com\/#website\",\"url\":\"https:\/\/www.nettali.com\/\",\"name\":\"Nettali.com\",\"description\":\"Le rendez-vous critique du Net\",\"potentialAction\":[{\"@type\":\"SearchAction\",\"target\":{\"@type\":\"EntryPoint\",\"urlTemplate\":\"https:\/\/www.nettali.com\/?s={search_term_string}\"},\"query-input\":\"required name=search_term_string\"}],\"inLanguage\":\"fr-FR\"},{\"@type\":\"ImageObject\",\"@id\":\"https:\/\/www.nettali.com\/2025\/08\/17\/bougane-gueye-dani-demonte-le-rapport-budgetaire-une-croissance-sur-du-vent\/#primaryimage\",\"inLanguage\":\"fr-FR\",\"url\":\"https:\/\/www.nettali.com\/wp-content\/uploads\/2025\/05\/Bougane-GUEYE-Dany.jpeg\",\"contentUrl\":\"https:\/\/www.nettali.com\/wp-content\/uploads\/2025\/05\/Bougane-GUEYE-Dany.jpeg\",\"width\":635,\"height\":438},{\"@type\":\"WebPage\",\"@id\":\"https:\/\/www.nettali.com\/2025\/08\/17\/bougane-gueye-dani-demonte-le-rapport-budgetaire-une-croissance-sur-du-vent\/#webpage\",\"url\":\"https:\/\/www.nettali.com\/2025\/08\/17\/bougane-gueye-dani-demonte-le-rapport-budgetaire-une-croissance-sur-du-vent\/\",\"name\":\"BOUGANE GUEYE DANI DEMONTE LE RAPPORT BUDGETAIRE - \\u00ab Une croissance sur du vent \\u00bb | Nettali.com\",\"isPartOf\":{\"@id\":\"https:\/\/www.nettali.com\/#website\"},\"primaryImageOfPage\":{\"@id\":\"https:\/\/www.nettali.com\/2025\/08\/17\/bougane-gueye-dani-demonte-le-rapport-budgetaire-une-croissance-sur-du-vent\/#primaryimage\"},\"datePublished\":\"2025-08-17T17:22:13+00:00\",\"dateModified\":\"2025-08-17T17:22:13+00:00\",\"author\":{\"@id\":\"https:\/\/www.nettali.com\/#\/schema\/person\/3317e0bb3aa1da309fbf7b2780901bf4\"},\"breadcrumb\":{\"@id\":\"https:\/\/www.nettali.com\/2025\/08\/17\/bougane-gueye-dani-demonte-le-rapport-budgetaire-une-croissance-sur-du-vent\/#breadcrumb\"},\"inLanguage\":\"fr-FR\",\"potentialAction\":[{\"@type\":\"ReadAction\",\"target\":[\"https:\/\/www.nettali.com\/2025\/08\/17\/bougane-gueye-dani-demonte-le-rapport-budgetaire-une-croissance-sur-du-vent\/\"]}]},{\"@type\":\"BreadcrumbList\",\"@id\":\"https:\/\/www.nettali.com\/2025\/08\/17\/bougane-gueye-dani-demonte-le-rapport-budgetaire-une-croissance-sur-du-vent\/#breadcrumb\",\"itemListElement\":[{\"@type\":\"ListItem\",\"position\":1,\"name\":\"Accueil\",\"item\":\"https:\/\/www.nettali.com\/\"},{\"@type\":\"ListItem\",\"position\":2,\"name\":\"BOUGANE GUEYE DANI DEMONTE LE RAPPORT BUDGETAIRE - \\u00ab Une croissance sur du vent \\u00bb\"}]},{\"@type\":\"Person\",\"@id\":\"https:\/\/www.nettali.com\/#\/schema\/person\/3317e0bb3aa1da309fbf7b2780901bf4\",\"name\":\"Daouda\",\"image\":{\"@type\":\"ImageObject\",\"@id\":\"https:\/\/www.nettali.com\/#personlogo\",\"inLanguage\":\"fr-FR\",\"url\":\"https:\/\/secure.gravatar.com\/avatar\/8d143b5a49345098ddcfee1c49c2f47c?s=96&d=mm&r=g\",\"contentUrl\":\"https:\/\/secure.gravatar.com\/avatar\/8d143b5a49345098ddcfee1c49c2f47c?s=96&d=mm&r=g\",\"caption\":\"Daouda\"},\"sameAs\":[\"https:\/\/www.nettali.com\"]}]}<\/script>\n<!-- \/ Yoast SEO Premium plugin. -->","yoast_head_json":{"title":"BOUGANE GUEYE DANI DEMONTE LE RAPPORT BUDGETAIRE - \u00ab Une croissance sur du vent \u00bb | Nettali.com","robots":{"index":"index","follow":"follow","max-snippet":"max-snippet:-1","max-image-preview":"max-image-preview:large","max-video-preview":"max-video-preview:-1"},"canonical":"https:\/\/www.nettali.com\/2025\/08\/17\/bougane-gueye-dani-demonte-le-rapport-budgetaire-une-croissance-sur-du-vent\/","og_locale":"fr_FR","og_type":"article","og_title":"BOUGANE GUEYE DANI DEMONTE LE RAPPORT BUDGETAIRE - \u00ab Une croissance sur du vent \u00bb","og_description":"NETTALI.COM - Le rapport trimestriel d\u2019ex\u00e9cution budg\u00e9taire pour le deuxi\u00e8me trimestre 2025, publi\u00e9 par le minist\u00e8re des Finances, suscite d\u00e9j\u00e0 de vives critiques dans l\u2019opposition. Bougane Gu\u00e8ye Dani, leader du mouvement Gueum Sa Bopp \u2013 Jambaars, estime que les chiffres avanc\u00e9s par le gouvernement \u00ab ne refl\u00e8tent en rien la r\u00e9alit\u00e9 v\u00e9cue par les S\u00e9n\u00e9galais [&hellip;]","og_url":"https:\/\/www.nettali.com\/2025\/08\/17\/bougane-gueye-dani-demonte-le-rapport-budgetaire-une-croissance-sur-du-vent\/","og_site_name":"Nettali.com","article_publisher":"https:\/\/www.facebook.com\/nettalicom","article_published_time":"2025-08-17T17:22:13+00:00","og_image":[{"width":635,"height":438,"url":"https:\/\/www.nettali.com\/wp-content\/uploads\/2025\/05\/Bougane-GUEYE-Dany.jpeg","type":"image\/jpeg"}],"twitter_card":"summary_large_image","twitter_misc":{"\u00c9crit par":"Daouda","Dur\u00e9e de lecture estim\u00e9e":"1 minute"},"schema":{"@context":"https:\/\/schema.org","@graph":[{"@type":"WebSite","@id":"https:\/\/www.nettali.com\/#website","url":"https:\/\/www.nettali.com\/","name":"Nettali.com","description":"Le rendez-vous critique du Net","potentialAction":[{"@type":"SearchAction","target":{"@type":"EntryPoint","urlTemplate":"https:\/\/www.nettali.com\/?s={search_term_string}"},"query-input":"required name=search_term_string"}],"inLanguage":"fr-FR"},{"@type":"ImageObject","@id":"https:\/\/www.nettali.com\/2025\/08\/17\/bougane-gueye-dani-demonte-le-rapport-budgetaire-une-croissance-sur-du-vent\/#primaryimage","inLanguage":"fr-FR","url":"https:\/\/www.nettali.com\/wp-content\/uploads\/2025\/05\/Bougane-GUEYE-Dany.jpeg","contentUrl":"https:\/\/www.nettali.com\/wp-content\/uploads\/2025\/05\/Bougane-GUEYE-Dany.jpeg","width":635,"height":438},{"@type":"WebPage","@id":"https:\/\/www.nettali.com\/2025\/08\/17\/bougane-gueye-dani-demonte-le-rapport-budgetaire-une-croissance-sur-du-vent\/#webpage","url":"https:\/\/www.nettali.com\/2025\/08\/17\/bougane-gueye-dani-demonte-le-rapport-budgetaire-une-croissance-sur-du-vent\/","name":"BOUGANE GUEYE DANI DEMONTE LE RAPPORT BUDGETAIRE - \u00ab Une croissance sur du vent \u00bb | Nettali.com","isPartOf":{"@id":"https:\/\/www.nettali.com\/#website"},"primaryImageOfPage":{"@id":"https:\/\/www.nettali.com\/2025\/08\/17\/bougane-gueye-dani-demonte-le-rapport-budgetaire-une-croissance-sur-du-vent\/#primaryimage"},"datePublished":"2025-08-17T17:22:13+00:00","dateModified":"2025-08-17T17:22:13+00:00","author":{"@id":"https:\/\/www.nettali.com\/#\/schema\/person\/3317e0bb3aa1da309fbf7b2780901bf4"},"breadcrumb":{"@id":"https:\/\/www.nettali.com\/2025\/08\/17\/bougane-gueye-dani-demonte-le-rapport-budgetaire-une-croissance-sur-du-vent\/#breadcrumb"},"inLanguage":"fr-FR","potentialAction":[{"@type":"ReadAction","target":["https:\/\/www.nettali.com\/2025\/08\/17\/bougane-gueye-dani-demonte-le-rapport-budgetaire-une-croissance-sur-du-vent\/"]}]},{"@type":"BreadcrumbList","@id":"https:\/\/www.nettali.com\/2025\/08\/17\/bougane-gueye-dani-demonte-le-rapport-budgetaire-une-croissance-sur-du-vent\/#breadcrumb","itemListElement":[{"@type":"ListItem","position":1,"name":"Accueil","item":"https:\/\/www.nettali.com\/"},{"@type":"ListItem","position":2,"name":"BOUGANE GUEYE DANI DEMONTE LE RAPPORT BUDGETAIRE - \u00ab Une croissance sur du vent \u00bb"}]},{"@type":"Person","@id":"https:\/\/www.nettali.com\/#\/schema\/person\/3317e0bb3aa1da309fbf7b2780901bf4","name":"Daouda","image":{"@type":"ImageObject","@id":"https:\/\/www.nettali.com\/#personlogo","inLanguage":"fr-FR","url":"https:\/\/secure.gravatar.com\/avatar\/8d143b5a49345098ddcfee1c49c2f47c?s=96&d=mm&r=g","contentUrl":"https:\/\/secure.gravatar.com\/avatar\/8d143b5a49345098ddcfee1c49c2f47c?s=96&d=mm&r=g","caption":"Daouda"},"sameAs":["https:\/\/www.nettali.com"]}]}},"_links":{"self":[{"href":"https:\/\/www.nettali.com\/rest\/wp\/v2\/posts\/159526"}],"collection":[{"href":"https:\/\/www.nettali.com\/rest\/wp\/v2\/posts"}],"about":[{"href":"https:\/\/www.nettali.com\/rest\/wp\/v2\/types\/post"}],"author":[{"embeddable":true,"href":"https:\/\/www.nettali.com\/rest\/wp\/v2\/users\/4"}],"replies":[{"embeddable":true,"href":"https:\/\/www.nettali.com\/rest\/wp\/v2\/comments?post=159526"}],"version-history":[{"count":1,"href":"https:\/\/www.nettali.com\/rest\/wp\/v2\/posts\/159526\/revisions"}],"predecessor-version":[{"id":159527,"href":"https:\/\/www.nettali.com\/rest\/wp\/v2\/posts\/159526\/revisions\/159527"}],"wp:featuredmedia":[{"embeddable":true,"href":"https:\/\/www.nettali.com\/rest\/wp\/v2\/media\/154399"}],"wp:attachment":[{"href":"https:\/\/www.nettali.com\/rest\/wp\/v2\/media?parent=159526"}],"wp:term":[{"taxonomy":"category","embeddable":true,"href":"https:\/\/www.nettali.com\/rest\/wp\/v2\/categories?post=159526"},{"taxonomy":"post_tag","embeddable":true,"href":"https:\/\/www.nettali.com\/rest\/wp\/v2\/tags?post=159526"}],"curies":[{"name":"wp","href":"https:\/\/api.w.org\/{rel}","templated":true}]}}