{"id":159462,"date":"2025-08-16T11:23:45","date_gmt":"2025-08-16T11:23:45","guid":{"rendered":"https:\/\/www.nettali.com\/?p=159462"},"modified":"2025-08-16T14:03:33","modified_gmt":"2025-08-16T14:03:33","slug":"nouvelle-sortie-guy-marius-sagna-plaide-pour-une-reforme-profonde-de-la-justice-senegalaise","status":"publish","type":"post","link":"https:\/\/www.nettali.com\/2025\/08\/16\/nouvelle-sortie-guy-marius-sagna-plaide-pour-une-reforme-profonde-de-la-justice-senegalaise\/","title":{"rendered":"NOUVELLE SORTIE - Guy Marius Sagna plaide pour une r\u00e9forme profonde de la justice s\u00e9n\u00e9galaise"},"content":{"rendered":"<p data-start=\"162\" data-end=\"479\"><strong>NETTALI.COM - Le d\u00e9put\u00e9 de la majorit\u00e9 pr\u00e9sidentielle et membre du parti Pastef, Guy Marius Sagna, a une nouvelle fois appel\u00e9 \u00e0 transformer en profondeur le syst\u00e8me judiciaire s\u00e9n\u00e9galais. <\/strong><\/p>\n<p data-start=\"162\" data-end=\"479\">Dans un message diffus\u00e9 sur ses r\u00e9seaux sociaux, il a compar\u00e9 la justice \u00e0 la guerre, citant un adage attribu\u00e9 \u00e0 un ancien Premier ministre : <em>\u00ab La guerre est une chose trop s\u00e9rieuse pour \u00eatre confi\u00e9e \u00e0 des g\u00e9n\u00e9raux. De la m\u00eame mani\u00e8re, la justice est une chose trop s\u00e9rieuse pour \u00eatre confi\u00e9e \u00e0 des magistrats. \u00bb<\/em><\/p>\n<p data-start=\"657\" data-end=\"975\">Pour l\u2019\u00e9lu, la justice doit ob\u00e9ir \u00e0 une seule boussole : le peuple, au nom duquel elle est rendue. Il affirme que la majorit\u00e9 des S\u00e9n\u00e9galais r\u00e9clame <em>\u00ab la rupture dans l\u2019administration de la justice \u00bb<\/em> et exige justice pour <em>\u00ab les plus de 80 personnes tu\u00e9es ou tortur\u00e9es \u00bb<\/em> lors des \u00e9v\u00e9nements politiques de 2021 \u00e0 2024.<\/p>\n<p data-start=\"977\" data-end=\"1152\">Guy Marius Sagna d\u00e9nonce \u00e9galement ce qu\u2019il consid\u00e8re comme une impunit\u00e9 accord\u00e9e \u00e0 certains responsables politiques ou \u00e9conomiques impliqu\u00e9s dans des d\u00e9tournements massifs.<\/p>\n<p data-start=\"977\" data-end=\"1152\"><em>\u00ab Il ne faut surtout pas assurer l\u2019impunit\u00e9 des kulunas voleurs de milliards, car cela n\u2019entra\u00eenera que l\u2019incivisme des petits et la trahison de la R\u00e9volution \u00bb<\/em>, a-t-il averti.<\/p>\n<div class='share-to-whatsapp-wrapper'><div class='share-on-whsp'>PARTAGER SUR : <\/div><a data-text='NOUVELLE SORTIE - Guy Marius Sagna plaide pour une r\u00e9forme profonde de la justice s\u00e9n\u00e9galaise' data-link='https:\/\/www.nettali.com\/2025\/08\/16\/nouvelle-sortie-guy-marius-sagna-plaide-pour-une-reforme-profonde-de-la-justice-senegalaise\/' class='whatsapp-button whatsapp-share'>WhatsApp<\/a><div class='clear '><\/div><\/div>","protected":false},"excerpt":{"rendered":"<p>NETTALI.COM - Le d\u00e9put\u00e9 de la majorit\u00e9 pr\u00e9sidentielle et membre du parti Pastef, Guy Marius Sagna, a une nouvelle fois appel\u00e9 \u00e0 transformer en profondeur le syst\u00e8me judiciaire s\u00e9n\u00e9galais. Dans un message diffus\u00e9 sur ses r\u00e9seaux sociaux, il a compar\u00e9 la justice \u00e0 la guerre, citant un adage attribu\u00e9 \u00e0 un ancien Premier ministre : [&hellip;]<\/p>\n","protected":false},"author":4,"featured_media":15989,"comment_status":"open","ping_status":"open","sticky":false,"template":"","format":"standard","meta":{"_et_pb_use_builder":"","_et_pb_old_content":""},"categories":[2],"tags":[],"yoast_head":"<!-- This site is optimized with the Yoast SEO Premium plugin v17.8 (Yoast SEO v17.8) - https:\/\/yoast.com\/wordpress\/plugins\/seo\/ -->\n<title>NOUVELLE SORTIE - Guy Marius Sagna plaide pour une r\u00e9forme profonde de la justice s\u00e9n\u00e9galaise | Nettali.com<\/title>\n<meta name=\"robots\" content=\"index, follow, max-snippet:-1, max-image-preview:large, max-video-preview:-1\" \/>\n<link rel=\"canonical\" href=\"https:\/\/www.nettali.com\/2025\/08\/16\/nouvelle-sortie-guy-marius-sagna-plaide-pour-une-reforme-profonde-de-la-justice-senegalaise\/\" \/>\n<meta property=\"og:locale\" content=\"fr_FR\" \/>\n<meta property=\"og:type\" content=\"article\" \/>\n<meta property=\"og:title\" content=\"NOUVELLE SORTIE - Guy Marius Sagna plaide pour une r\u00e9forme profonde de la justice s\u00e9n\u00e9galaise\" \/>\n<meta property=\"og:description\" content=\"NETTALI.COM - Le d\u00e9put\u00e9 de la majorit\u00e9 pr\u00e9sidentielle et membre du parti Pastef, Guy Marius Sagna, a une nouvelle fois appel\u00e9 \u00e0 transformer en profondeur le syst\u00e8me judiciaire s\u00e9n\u00e9galais. Dans un message diffus\u00e9 sur ses r\u00e9seaux sociaux, il a compar\u00e9 la justice \u00e0 la guerre, citant un adage attribu\u00e9 \u00e0 un ancien Premier ministre : [&hellip;]\" \/>\n<meta property=\"og:url\" content=\"https:\/\/www.nettali.com\/2025\/08\/16\/nouvelle-sortie-guy-marius-sagna-plaide-pour-une-reforme-profonde-de-la-justice-senegalaise\/\" \/>\n<meta property=\"og:site_name\" content=\"Nettali.com\" \/>\n<meta property=\"article:publisher\" content=\"https:\/\/www.facebook.com\/nettalicom\" \/>\n<meta property=\"article:published_time\" content=\"2025-08-16T11:23:45+00:00\" \/>\n<meta property=\"article:modified_time\" content=\"2025-08-16T14:03:33+00:00\" \/>\n<meta property=\"og:image\" content=\"https:\/\/www.nettali.com\/wp-content\/uploads\/2019\/08\/guy_sagna-696x391.png\" \/>\n\t<meta property=\"og:image:width\" content=\"696\" \/>\n\t<meta property=\"og:image:height\" content=\"391\" \/>\n<meta name=\"twitter:card\" content=\"summary_large_image\" \/>\n<meta name=\"twitter:label1\" content=\"\u00c9crit par\" \/>\n\t<meta name=\"twitter:data1\" content=\"Daouda\" \/>\n\t<meta name=\"twitter:label2\" content=\"Dur\u00e9e de lecture estim\u00e9e\" \/>\n\t<meta name=\"twitter:data2\" content=\"1 minute\" \/>\n<script type=\"application\/ld+json\" class=\"yoast-schema-graph\">{\"@context\":\"https:\/\/schema.org\",\"@graph\":[{\"@type\":\"WebSite\",\"@id\":\"https:\/\/www.nettali.com\/#website\",\"url\":\"https:\/\/www.nettali.com\/\",\"name\":\"Nettali.com\",\"description\":\"Le rendez-vous critique du Net\",\"potentialAction\":[{\"@type\":\"SearchAction\",\"target\":{\"@type\":\"EntryPoint\",\"urlTemplate\":\"https:\/\/www.nettali.com\/?s={search_term_string}\"},\"query-input\":\"required name=search_term_string\"}],\"inLanguage\":\"fr-FR\"},{\"@type\":\"ImageObject\",\"@id\":\"https:\/\/www.nettali.com\/2025\/08\/16\/nouvelle-sortie-guy-marius-sagna-plaide-pour-une-reforme-profonde-de-la-justice-senegalaise\/#primaryimage\",\"inLanguage\":\"fr-FR\",\"url\":\"https:\/\/www.nettali.com\/wp-content\/uploads\/2019\/08\/guy_sagna-696x391.png\",\"contentUrl\":\"https:\/\/www.nettali.com\/wp-content\/uploads\/2019\/08\/guy_sagna-696x391.png\",\"width\":696,\"height\":391},{\"@type\":\"WebPage\",\"@id\":\"https:\/\/www.nettali.com\/2025\/08\/16\/nouvelle-sortie-guy-marius-sagna-plaide-pour-une-reforme-profonde-de-la-justice-senegalaise\/#webpage\",\"url\":\"https:\/\/www.nettali.com\/2025\/08\/16\/nouvelle-sortie-guy-marius-sagna-plaide-pour-une-reforme-profonde-de-la-justice-senegalaise\/\",\"name\":\"NOUVELLE SORTIE - Guy Marius Sagna plaide pour une r\\u00e9forme profonde de la justice s\\u00e9n\\u00e9galaise | Nettali.com\",\"isPartOf\":{\"@id\":\"https:\/\/www.nettali.com\/#website\"},\"primaryImageOfPage\":{\"@id\":\"https:\/\/www.nettali.com\/2025\/08\/16\/nouvelle-sortie-guy-marius-sagna-plaide-pour-une-reforme-profonde-de-la-justice-senegalaise\/#primaryimage\"},\"datePublished\":\"2025-08-16T11:23:45+00:00\",\"dateModified\":\"2025-08-16T14:03:33+00:00\",\"author\":{\"@id\":\"https:\/\/www.nettali.com\/#\/schema\/person\/3317e0bb3aa1da309fbf7b2780901bf4\"},\"breadcrumb\":{\"@id\":\"https:\/\/www.nettali.com\/2025\/08\/16\/nouvelle-sortie-guy-marius-sagna-plaide-pour-une-reforme-profonde-de-la-justice-senegalaise\/#breadcrumb\"},\"inLanguage\":\"fr-FR\",\"potentialAction\":[{\"@type\":\"ReadAction\",\"target\":[\"https:\/\/www.nettali.com\/2025\/08\/16\/nouvelle-sortie-guy-marius-sagna-plaide-pour-une-reforme-profonde-de-la-justice-senegalaise\/\"]}]},{\"@type\":\"BreadcrumbList\",\"@id\":\"https:\/\/www.nettali.com\/2025\/08\/16\/nouvelle-sortie-guy-marius-sagna-plaide-pour-une-reforme-profonde-de-la-justice-senegalaise\/#breadcrumb\",\"itemListElement\":[{\"@type\":\"ListItem\",\"position\":1,\"name\":\"Accueil\",\"item\":\"https:\/\/www.nettali.com\/\"},{\"@type\":\"ListItem\",\"position\":2,\"name\":\"NOUVELLE SORTIE - Guy Marius Sagna plaide pour une r\\u00e9forme profonde de la justice s\\u00e9n\\u00e9galaise\"}]},{\"@type\":\"Person\",\"@id\":\"https:\/\/www.nettali.com\/#\/schema\/person\/3317e0bb3aa1da309fbf7b2780901bf4\",\"name\":\"Daouda\",\"image\":{\"@type\":\"ImageObject\",\"@id\":\"https:\/\/www.nettali.com\/#personlogo\",\"inLanguage\":\"fr-FR\",\"url\":\"https:\/\/secure.gravatar.com\/avatar\/8d143b5a49345098ddcfee1c49c2f47c?s=96&d=mm&r=g\",\"contentUrl\":\"https:\/\/secure.gravatar.com\/avatar\/8d143b5a49345098ddcfee1c49c2f47c?s=96&d=mm&r=g\",\"caption\":\"Daouda\"},\"sameAs\":[\"https:\/\/www.nettali.com\"]}]}<\/script>\n<!-- \/ Yoast SEO Premium plugin. -->","yoast_head_json":{"title":"NOUVELLE SORTIE - Guy Marius Sagna plaide pour une r\u00e9forme profonde de la justice s\u00e9n\u00e9galaise | Nettali.com","robots":{"index":"index","follow":"follow","max-snippet":"max-snippet:-1","max-image-preview":"max-image-preview:large","max-video-preview":"max-video-preview:-1"},"canonical":"https:\/\/www.nettali.com\/2025\/08\/16\/nouvelle-sortie-guy-marius-sagna-plaide-pour-une-reforme-profonde-de-la-justice-senegalaise\/","og_locale":"fr_FR","og_type":"article","og_title":"NOUVELLE SORTIE - Guy Marius Sagna plaide pour une r\u00e9forme profonde de la justice s\u00e9n\u00e9galaise","og_description":"NETTALI.COM - Le d\u00e9put\u00e9 de la majorit\u00e9 pr\u00e9sidentielle et membre du parti Pastef, Guy Marius Sagna, a une nouvelle fois appel\u00e9 \u00e0 transformer en profondeur le syst\u00e8me judiciaire s\u00e9n\u00e9galais. Dans un message diffus\u00e9 sur ses r\u00e9seaux sociaux, il a compar\u00e9 la justice \u00e0 la guerre, citant un adage attribu\u00e9 \u00e0 un ancien Premier ministre : [&hellip;]","og_url":"https:\/\/www.nettali.com\/2025\/08\/16\/nouvelle-sortie-guy-marius-sagna-plaide-pour-une-reforme-profonde-de-la-justice-senegalaise\/","og_site_name":"Nettali.com","article_publisher":"https:\/\/www.facebook.com\/nettalicom","article_published_time":"2025-08-16T11:23:45+00:00","article_modified_time":"2025-08-16T14:03:33+00:00","og_image":[{"width":696,"height":391,"url":"https:\/\/www.nettali.com\/wp-content\/uploads\/2019\/08\/guy_sagna-696x391.png","type":"image\/png"}],"twitter_card":"summary_large_image","twitter_misc":{"\u00c9crit par":"Daouda","Dur\u00e9e de lecture estim\u00e9e":"1 minute"},"schema":{"@context":"https:\/\/schema.org","@graph":[{"@type":"WebSite","@id":"https:\/\/www.nettali.com\/#website","url":"https:\/\/www.nettali.com\/","name":"Nettali.com","description":"Le rendez-vous critique du Net","potentialAction":[{"@type":"SearchAction","target":{"@type":"EntryPoint","urlTemplate":"https:\/\/www.nettali.com\/?s={search_term_string}"},"query-input":"required name=search_term_string"}],"inLanguage":"fr-FR"},{"@type":"ImageObject","@id":"https:\/\/www.nettali.com\/2025\/08\/16\/nouvelle-sortie-guy-marius-sagna-plaide-pour-une-reforme-profonde-de-la-justice-senegalaise\/#primaryimage","inLanguage":"fr-FR","url":"https:\/\/www.nettali.com\/wp-content\/uploads\/2019\/08\/guy_sagna-696x391.png","contentUrl":"https:\/\/www.nettali.com\/wp-content\/uploads\/2019\/08\/guy_sagna-696x391.png","width":696,"height":391},{"@type":"WebPage","@id":"https:\/\/www.nettali.com\/2025\/08\/16\/nouvelle-sortie-guy-marius-sagna-plaide-pour-une-reforme-profonde-de-la-justice-senegalaise\/#webpage","url":"https:\/\/www.nettali.com\/2025\/08\/16\/nouvelle-sortie-guy-marius-sagna-plaide-pour-une-reforme-profonde-de-la-justice-senegalaise\/","name":"NOUVELLE SORTIE - Guy Marius Sagna plaide pour une r\u00e9forme profonde de la justice s\u00e9n\u00e9galaise | Nettali.com","isPartOf":{"@id":"https:\/\/www.nettali.com\/#website"},"primaryImageOfPage":{"@id":"https:\/\/www.nettali.com\/2025\/08\/16\/nouvelle-sortie-guy-marius-sagna-plaide-pour-une-reforme-profonde-de-la-justice-senegalaise\/#primaryimage"},"datePublished":"2025-08-16T11:23:45+00:00","dateModified":"2025-08-16T14:03:33+00:00","author":{"@id":"https:\/\/www.nettali.com\/#\/schema\/person\/3317e0bb3aa1da309fbf7b2780901bf4"},"breadcrumb":{"@id":"https:\/\/www.nettali.com\/2025\/08\/16\/nouvelle-sortie-guy-marius-sagna-plaide-pour-une-reforme-profonde-de-la-justice-senegalaise\/#breadcrumb"},"inLanguage":"fr-FR","potentialAction":[{"@type":"ReadAction","target":["https:\/\/www.nettali.com\/2025\/08\/16\/nouvelle-sortie-guy-marius-sagna-plaide-pour-une-reforme-profonde-de-la-justice-senegalaise\/"]}]},{"@type":"BreadcrumbList","@id":"https:\/\/www.nettali.com\/2025\/08\/16\/nouvelle-sortie-guy-marius-sagna-plaide-pour-une-reforme-profonde-de-la-justice-senegalaise\/#breadcrumb","itemListElement":[{"@type":"ListItem","position":1,"name":"Accueil","item":"https:\/\/www.nettali.com\/"},{"@type":"ListItem","position":2,"name":"NOUVELLE SORTIE - Guy Marius Sagna plaide pour une r\u00e9forme profonde de la justice s\u00e9n\u00e9galaise"}]},{"@type":"Person","@id":"https:\/\/www.nettali.com\/#\/schema\/person\/3317e0bb3aa1da309fbf7b2780901bf4","name":"Daouda","image":{"@type":"ImageObject","@id":"https:\/\/www.nettali.com\/#personlogo","inLanguage":"fr-FR","url":"https:\/\/secure.gravatar.com\/avatar\/8d143b5a49345098ddcfee1c49c2f47c?s=96&d=mm&r=g","contentUrl":"https:\/\/secure.gravatar.com\/avatar\/8d143b5a49345098ddcfee1c49c2f47c?s=96&d=mm&r=g","caption":"Daouda"},"sameAs":["https:\/\/www.nettali.com"]}]}},"_links":{"self":[{"href":"https:\/\/www.nettali.com\/rest\/wp\/v2\/posts\/159462"}],"collection":[{"href":"https:\/\/www.nettali.com\/rest\/wp\/v2\/posts"}],"about":[{"href":"https:\/\/www.nettali.com\/rest\/wp\/v2\/types\/post"}],"author":[{"embeddable":true,"href":"https:\/\/www.nettali.com\/rest\/wp\/v2\/users\/4"}],"replies":[{"embeddable":true,"href":"https:\/\/www.nettali.com\/rest\/wp\/v2\/comments?post=159462"}],"version-history":[{"count":1,"href":"https:\/\/www.nettali.com\/rest\/wp\/v2\/posts\/159462\/revisions"}],"predecessor-version":[{"id":159463,"href":"https:\/\/www.nettali.com\/rest\/wp\/v2\/posts\/159462\/revisions\/159463"}],"wp:featuredmedia":[{"embeddable":true,"href":"https:\/\/www.nettali.com\/rest\/wp\/v2\/media\/15989"}],"wp:attachment":[{"href":"https:\/\/www.nettali.com\/rest\/wp\/v2\/media?parent=159462"}],"wp:term":[{"taxonomy":"category","embeddable":true,"href":"https:\/\/www.nettali.com\/rest\/wp\/v2\/categories?post=159462"},{"taxonomy":"post_tag","embeddable":true,"href":"https:\/\/www.nettali.com\/rest\/wp\/v2\/tags?post=159462"}],"curies":[{"name":"wp","href":"https:\/\/api.w.org\/{rel}","templated":true}]}}