{"id":159450,"date":"2025-08-16T08:58:49","date_gmt":"2025-08-16T08:58:49","guid":{"rendered":"https:\/\/www.nettali.com\/?p=159450"},"modified":"2025-08-16T08:58:49","modified_gmt":"2025-08-16T08:58:49","slug":"mercato-kingsley-coman-debarque-a-al-nassr","status":"publish","type":"post","link":"https:\/\/www.nettali.com\/2025\/08\/16\/mercato-kingsley-coman-debarque-a-al-nassr\/","title":{"rendered":"MERCATO - Kingsley Coman d\u00e9barque \u00e0 Al-Nassr"},"content":{"rendered":"<p><strong>NETTALI.COM - Dans les tuyaux depuis plusieurs jours, le d\u00e9part de Kingsley Coman en Arabie saoudite a \u00e9t\u00e9 officialis\u00e9 ce vendredi 15 ao\u00fbt. L\u2019international fran\u00e7ais quitte le Bayern Munich apr\u00e8s une d\u00e9cennie dor\u00e9e en Bavi\u00e8re. Il rejoint Sadio Man\u00e9 et Al-Nassr, qui a d\u00e9pens\u00e9 30 millions d\u2019euros pour s\u2019attacher ses services.<\/strong><\/p>\n<p>Kingsley Coman est officiellement un joueur d\u2019Al Nassr, quelques heures apr\u00e8s avoir annonc\u00e9 son d\u00e9part du Bayern Munich. Le club saoudien l\u2019a officialis\u00e9 sur ses r\u00e9seaux ce vendredi 15 ao\u00fbt, apr\u00e8s \u00eatre tomb\u00e9 d\u2019accord avec le club allemand pour un transfert estim\u00e9 \u00e0 30 millions d\u2019euros. L\u2019ailier de 29 ans est le quatri\u00e8me joueur offensif \u00e0 quitter les rangs munichois, apr\u00e8s Leroy San\u00e9 (Galatasaray), Mathys Tel (Tottenham) et Thomas M\u00fbller (Vancouver Whitecaps), lors de ce marcato 2025.<\/p>\n<p><strong>Une augmentation de salaire \u00e0 la cl\u00e9<\/strong><\/p>\n<p>L\u2019international fran\u00e7ais aux 58 s\u00e9lections rejoint l\u2019Arabie Saoudite apr\u00e8s dix ans pass\u00e9s en Bavi\u00e8re o\u00f9 il a notamment remport\u00e9 neuf titres de champion d\u2019Allemagne. L\u2019ancien joueur du Paris Saint-Germain a sign\u00e9 un contrat de 3 ans et rejoint Cristiano Ronaldo, ou encore Joao Felix, avec \u00e0 la cl\u00e9, une augmentation de salaire, lui qui touchait d\u00e9j\u00e0 19 millions d\u2019euros annuels avec le club bavarois.<\/p>\n<p>\u00c0 un an de la Coupe du monde, qu\u2019il n\u2019a jamais remport\u00e9 car ne faisant pas partie de l\u2019effectif en 2018 en raison d\u2019une blessure, l\u2019ailier fran\u00e7ais se lance dans une nouvelle aventure avec le club entra\u00een\u00e9 par Jorge Jesus.<\/p>\n<div class='share-to-whatsapp-wrapper'><div class='share-on-whsp'>PARTAGER SUR : <\/div><a data-text='MERCATO - Kingsley Coman d\u00e9barque \u00e0 Al-Nassr' data-link='https:\/\/www.nettali.com\/2025\/08\/16\/mercato-kingsley-coman-debarque-a-al-nassr\/' class='whatsapp-button whatsapp-share'>WhatsApp<\/a><div class='clear '><\/div><\/div>","protected":false},"excerpt":{"rendered":"<p>NETTALI.COM - Dans les tuyaux depuis plusieurs jours, le d\u00e9part de Kingsley Coman en Arabie saoudite a \u00e9t\u00e9 officialis\u00e9 ce vendredi 15 ao\u00fbt. L\u2019international fran\u00e7ais quitte le Bayern Munich apr\u00e8s une d\u00e9cennie dor\u00e9e en Bavi\u00e8re. Il rejoint Sadio Man\u00e9 et Al-Nassr, qui a d\u00e9pens\u00e9 30 millions d\u2019euros pour s\u2019attacher ses services. Kingsley Coman est officiellement [&hellip;]<\/p>\n","protected":false},"author":5,"featured_media":159451,"comment_status":"open","ping_status":"open","sticky":false,"template":"","format":"standard","meta":{"_et_pb_use_builder":"","_et_pb_old_content":""},"categories":[6],"tags":[],"yoast_head":"<!-- This site is optimized with the Yoast SEO Premium plugin v17.8 (Yoast SEO v17.8) - https:\/\/yoast.com\/wordpress\/plugins\/seo\/ -->\n<title>MERCATO - Kingsley Coman d\u00e9barque \u00e0 Al-Nassr | Nettali.com<\/title>\n<meta name=\"robots\" content=\"index, follow, max-snippet:-1, max-image-preview:large, max-video-preview:-1\" \/>\n<link rel=\"canonical\" href=\"https:\/\/www.nettali.com\/2025\/08\/16\/mercato-kingsley-coman-debarque-a-al-nassr\/\" \/>\n<meta property=\"og:locale\" content=\"fr_FR\" \/>\n<meta property=\"og:type\" content=\"article\" \/>\n<meta property=\"og:title\" content=\"MERCATO - Kingsley Coman d\u00e9barque \u00e0 Al-Nassr\" \/>\n<meta property=\"og:description\" content=\"NETTALI.COM - Dans les tuyaux depuis plusieurs jours, le d\u00e9part de Kingsley Coman en Arabie saoudite a \u00e9t\u00e9 officialis\u00e9 ce vendredi 15 ao\u00fbt. L\u2019international fran\u00e7ais quitte le Bayern Munich apr\u00e8s une d\u00e9cennie dor\u00e9e en Bavi\u00e8re. Il rejoint Sadio Man\u00e9 et Al-Nassr, qui a d\u00e9pens\u00e9 30 millions d\u2019euros pour s\u2019attacher ses services. Kingsley Coman est officiellement [&hellip;]\" \/>\n<meta property=\"og:url\" content=\"https:\/\/www.nettali.com\/2025\/08\/16\/mercato-kingsley-coman-debarque-a-al-nassr\/\" \/>\n<meta property=\"og:site_name\" content=\"Nettali.com\" \/>\n<meta property=\"article:publisher\" content=\"https:\/\/www.facebook.com\/nettalicom\" \/>\n<meta property=\"article:published_time\" content=\"2025-08-16T08:58:49+00:00\" \/>\n<meta property=\"og:image\" content=\"https:\/\/www.nettali.com\/wp-content\/uploads\/2025\/08\/Screenshot_20250815_205931_Chrome.jpg\" \/>\n\t<meta property=\"og:image:width\" content=\"1080\" \/>\n\t<meta property=\"og:image:height\" content=\"859\" \/>\n<meta name=\"twitter:card\" content=\"summary_large_image\" \/>\n<meta name=\"twitter:label1\" content=\"\u00c9crit par\" \/>\n\t<meta name=\"twitter:data1\" content=\"Ibrahima\" \/>\n\t<meta name=\"twitter:label2\" content=\"Dur\u00e9e de lecture estim\u00e9e\" \/>\n\t<meta name=\"twitter:data2\" content=\"2 minutes\" \/>\n<script type=\"application\/ld+json\" class=\"yoast-schema-graph\">{\"@context\":\"https:\/\/schema.org\",\"@graph\":[{\"@type\":\"WebSite\",\"@id\":\"https:\/\/www.nettali.com\/#website\",\"url\":\"https:\/\/www.nettali.com\/\",\"name\":\"Nettali.com\",\"description\":\"Le rendez-vous critique du Net\",\"potentialAction\":[{\"@type\":\"SearchAction\",\"target\":{\"@type\":\"EntryPoint\",\"urlTemplate\":\"https:\/\/www.nettali.com\/?s={search_term_string}\"},\"query-input\":\"required name=search_term_string\"}],\"inLanguage\":\"fr-FR\"},{\"@type\":\"ImageObject\",\"@id\":\"https:\/\/www.nettali.com\/2025\/08\/16\/mercato-kingsley-coman-debarque-a-al-nassr\/#primaryimage\",\"inLanguage\":\"fr-FR\",\"url\":\"https:\/\/www.nettali.com\/wp-content\/uploads\/2025\/08\/Screenshot_20250815_205931_Chrome.jpg\",\"contentUrl\":\"https:\/\/www.nettali.com\/wp-content\/uploads\/2025\/08\/Screenshot_20250815_205931_Chrome.jpg\",\"width\":1080,\"height\":859},{\"@type\":\"WebPage\",\"@id\":\"https:\/\/www.nettali.com\/2025\/08\/16\/mercato-kingsley-coman-debarque-a-al-nassr\/#webpage\",\"url\":\"https:\/\/www.nettali.com\/2025\/08\/16\/mercato-kingsley-coman-debarque-a-al-nassr\/\",\"name\":\"MERCATO - Kingsley Coman d\\u00e9barque \\u00e0 Al-Nassr | Nettali.com\",\"isPartOf\":{\"@id\":\"https:\/\/www.nettali.com\/#website\"},\"primaryImageOfPage\":{\"@id\":\"https:\/\/www.nettali.com\/2025\/08\/16\/mercato-kingsley-coman-debarque-a-al-nassr\/#primaryimage\"},\"datePublished\":\"2025-08-16T08:58:49+00:00\",\"dateModified\":\"2025-08-16T08:58:49+00:00\",\"author\":{\"@id\":\"https:\/\/www.nettali.com\/#\/schema\/person\/bb147657c2986240405a608162b9bb23\"},\"breadcrumb\":{\"@id\":\"https:\/\/www.nettali.com\/2025\/08\/16\/mercato-kingsley-coman-debarque-a-al-nassr\/#breadcrumb\"},\"inLanguage\":\"fr-FR\",\"potentialAction\":[{\"@type\":\"ReadAction\",\"target\":[\"https:\/\/www.nettali.com\/2025\/08\/16\/mercato-kingsley-coman-debarque-a-al-nassr\/\"]}]},{\"@type\":\"BreadcrumbList\",\"@id\":\"https:\/\/www.nettali.com\/2025\/08\/16\/mercato-kingsley-coman-debarque-a-al-nassr\/#breadcrumb\",\"itemListElement\":[{\"@type\":\"ListItem\",\"position\":1,\"name\":\"Accueil\",\"item\":\"https:\/\/www.nettali.com\/\"},{\"@type\":\"ListItem\",\"position\":2,\"name\":\"MERCATO - Kingsley Coman d\\u00e9barque \\u00e0 Al-Nassr\"}]},{\"@type\":\"Person\",\"@id\":\"https:\/\/www.nettali.com\/#\/schema\/person\/bb147657c2986240405a608162b9bb23\",\"name\":\"Ibrahima\",\"image\":{\"@type\":\"ImageObject\",\"@id\":\"https:\/\/www.nettali.com\/#personlogo\",\"inLanguage\":\"fr-FR\",\"url\":\"https:\/\/secure.gravatar.com\/avatar\/26a8a81f09f0dd7624c9d5c36c9ba3a2?s=96&d=mm&r=g\",\"contentUrl\":\"https:\/\/secure.gravatar.com\/avatar\/26a8a81f09f0dd7624c9d5c36c9ba3a2?s=96&d=mm&r=g\",\"caption\":\"Ibrahima\"},\"sameAs\":[\"https:\/\/www.nettali.com\"]}]}<\/script>\n<!-- \/ Yoast SEO Premium plugin. -->","yoast_head_json":{"title":"MERCATO - Kingsley Coman d\u00e9barque \u00e0 Al-Nassr | Nettali.com","robots":{"index":"index","follow":"follow","max-snippet":"max-snippet:-1","max-image-preview":"max-image-preview:large","max-video-preview":"max-video-preview:-1"},"canonical":"https:\/\/www.nettali.com\/2025\/08\/16\/mercato-kingsley-coman-debarque-a-al-nassr\/","og_locale":"fr_FR","og_type":"article","og_title":"MERCATO - Kingsley Coman d\u00e9barque \u00e0 Al-Nassr","og_description":"NETTALI.COM - Dans les tuyaux depuis plusieurs jours, le d\u00e9part de Kingsley Coman en Arabie saoudite a \u00e9t\u00e9 officialis\u00e9 ce vendredi 15 ao\u00fbt. L\u2019international fran\u00e7ais quitte le Bayern Munich apr\u00e8s une d\u00e9cennie dor\u00e9e en Bavi\u00e8re. Il rejoint Sadio Man\u00e9 et Al-Nassr, qui a d\u00e9pens\u00e9 30 millions d\u2019euros pour s\u2019attacher ses services. Kingsley Coman est officiellement [&hellip;]","og_url":"https:\/\/www.nettali.com\/2025\/08\/16\/mercato-kingsley-coman-debarque-a-al-nassr\/","og_site_name":"Nettali.com","article_publisher":"https:\/\/www.facebook.com\/nettalicom","article_published_time":"2025-08-16T08:58:49+00:00","og_image":[{"width":1080,"height":859,"url":"https:\/\/www.nettali.com\/wp-content\/uploads\/2025\/08\/Screenshot_20250815_205931_Chrome.jpg","type":"image\/jpeg"}],"twitter_card":"summary_large_image","twitter_misc":{"\u00c9crit par":"Ibrahima","Dur\u00e9e de lecture estim\u00e9e":"2 minutes"},"schema":{"@context":"https:\/\/schema.org","@graph":[{"@type":"WebSite","@id":"https:\/\/www.nettali.com\/#website","url":"https:\/\/www.nettali.com\/","name":"Nettali.com","description":"Le rendez-vous critique du Net","potentialAction":[{"@type":"SearchAction","target":{"@type":"EntryPoint","urlTemplate":"https:\/\/www.nettali.com\/?s={search_term_string}"},"query-input":"required name=search_term_string"}],"inLanguage":"fr-FR"},{"@type":"ImageObject","@id":"https:\/\/www.nettali.com\/2025\/08\/16\/mercato-kingsley-coman-debarque-a-al-nassr\/#primaryimage","inLanguage":"fr-FR","url":"https:\/\/www.nettali.com\/wp-content\/uploads\/2025\/08\/Screenshot_20250815_205931_Chrome.jpg","contentUrl":"https:\/\/www.nettali.com\/wp-content\/uploads\/2025\/08\/Screenshot_20250815_205931_Chrome.jpg","width":1080,"height":859},{"@type":"WebPage","@id":"https:\/\/www.nettali.com\/2025\/08\/16\/mercato-kingsley-coman-debarque-a-al-nassr\/#webpage","url":"https:\/\/www.nettali.com\/2025\/08\/16\/mercato-kingsley-coman-debarque-a-al-nassr\/","name":"MERCATO - Kingsley Coman d\u00e9barque \u00e0 Al-Nassr | Nettali.com","isPartOf":{"@id":"https:\/\/www.nettali.com\/#website"},"primaryImageOfPage":{"@id":"https:\/\/www.nettali.com\/2025\/08\/16\/mercato-kingsley-coman-debarque-a-al-nassr\/#primaryimage"},"datePublished":"2025-08-16T08:58:49+00:00","dateModified":"2025-08-16T08:58:49+00:00","author":{"@id":"https:\/\/www.nettali.com\/#\/schema\/person\/bb147657c2986240405a608162b9bb23"},"breadcrumb":{"@id":"https:\/\/www.nettali.com\/2025\/08\/16\/mercato-kingsley-coman-debarque-a-al-nassr\/#breadcrumb"},"inLanguage":"fr-FR","potentialAction":[{"@type":"ReadAction","target":["https:\/\/www.nettali.com\/2025\/08\/16\/mercato-kingsley-coman-debarque-a-al-nassr\/"]}]},{"@type":"BreadcrumbList","@id":"https:\/\/www.nettali.com\/2025\/08\/16\/mercato-kingsley-coman-debarque-a-al-nassr\/#breadcrumb","itemListElement":[{"@type":"ListItem","position":1,"name":"Accueil","item":"https:\/\/www.nettali.com\/"},{"@type":"ListItem","position":2,"name":"MERCATO - Kingsley Coman d\u00e9barque \u00e0 Al-Nassr"}]},{"@type":"Person","@id":"https:\/\/www.nettali.com\/#\/schema\/person\/bb147657c2986240405a608162b9bb23","name":"Ibrahima","image":{"@type":"ImageObject","@id":"https:\/\/www.nettali.com\/#personlogo","inLanguage":"fr-FR","url":"https:\/\/secure.gravatar.com\/avatar\/26a8a81f09f0dd7624c9d5c36c9ba3a2?s=96&d=mm&r=g","contentUrl":"https:\/\/secure.gravatar.com\/avatar\/26a8a81f09f0dd7624c9d5c36c9ba3a2?s=96&d=mm&r=g","caption":"Ibrahima"},"sameAs":["https:\/\/www.nettali.com"]}]}},"_links":{"self":[{"href":"https:\/\/www.nettali.com\/rest\/wp\/v2\/posts\/159450"}],"collection":[{"href":"https:\/\/www.nettali.com\/rest\/wp\/v2\/posts"}],"about":[{"href":"https:\/\/www.nettali.com\/rest\/wp\/v2\/types\/post"}],"author":[{"embeddable":true,"href":"https:\/\/www.nettali.com\/rest\/wp\/v2\/users\/5"}],"replies":[{"embeddable":true,"href":"https:\/\/www.nettali.com\/rest\/wp\/v2\/comments?post=159450"}],"version-history":[{"count":1,"href":"https:\/\/www.nettali.com\/rest\/wp\/v2\/posts\/159450\/revisions"}],"predecessor-version":[{"id":159452,"href":"https:\/\/www.nettali.com\/rest\/wp\/v2\/posts\/159450\/revisions\/159452"}],"wp:featuredmedia":[{"embeddable":true,"href":"https:\/\/www.nettali.com\/rest\/wp\/v2\/media\/159451"}],"wp:attachment":[{"href":"https:\/\/www.nettali.com\/rest\/wp\/v2\/media?parent=159450"}],"wp:term":[{"taxonomy":"category","embeddable":true,"href":"https:\/\/www.nettali.com\/rest\/wp\/v2\/categories?post=159450"},{"taxonomy":"post_tag","embeddable":true,"href":"https:\/\/www.nettali.com\/rest\/wp\/v2\/tags?post=159450"}],"curies":[{"name":"wp","href":"https:\/\/api.w.org\/{rel}","templated":true}]}}