{"id":159207,"date":"2025-08-11T07:15:39","date_gmt":"2025-08-11T07:15:39","guid":{"rendered":"https:\/\/www.nettali.com\/?p=159207"},"modified":"2025-08-11T07:15:39","modified_gmt":"2025-08-11T07:15:39","slug":"ancien-maire-de-guediawaye-aliou-sall-se-retire-definitivement-de-la-scene-politique","status":"publish","type":"post","link":"https:\/\/www.nettali.com\/2025\/08\/11\/ancien-maire-de-guediawaye-aliou-sall-se-retire-definitivement-de-la-scene-politique\/","title":{"rendered":"ANCIEN MAIRE DE GUEDIAWAYE - Aliou Sall se retire d\u00e9finitivement de la sc\u00e8ne politique\u00a0"},"content":{"rendered":"<p data-start=\"131\" data-end=\"416\"><strong>NETTALI.COM - L\u2019ancien maire de Gu\u00e9diawaye, Aliou Sall, a officialis\u00e9, ce dimanche 10 ao\u00fbt, son retrait de la sc\u00e8ne politique. L\u2019ex-pr\u00e9sident de l\u2019Association des maires du S\u00e9n\u00e9gal, \u00e9galement fr\u00e8re de l\u2019ancien chef de l\u2019\u00c9tat Macky Sall, affirme vouloir d\u00e9sormais se consacrer \u00e0 d\u2019autres activit\u00e9s.<\/strong><\/p>\n<p data-start=\"418\" data-end=\"640\">Dans sa d\u00e9claration, Aliou Sall explique avoir pris cette d\u00e9cision au lendemain des derni\u00e8res l\u00e9gislatives, qui ont, selon lui, <em>\u00ab consacr\u00e9 une \u00e9crasante majorit\u00e9 \u00e0 qui il revient de droit de gouverner dans la s\u00e9r\u00e9nit\u00e9 \u00bb.<\/em><\/p>\n<p data-start=\"642\" data-end=\"907\">Par ailleurs, il a d\u00e9menti <em>\u00ab cat\u00e9goriquement \u00bb<\/em> toute volont\u00e9 de d\u00e9poser plainte contre le Premier ministre Ousmane Sonko, au sujet de l\u2019accusation portant sur un pr\u00e9tendu d\u00e9tournement de 6 000 milliards de francs CFA. <em>\u00ab C\u2019est d\u00e9nu\u00e9 de tout sens \u00bb<\/em>, a-t-il tranch\u00e9.<\/p>\n<p data-start=\"909\" data-end=\"1229\">Revenant sur l\u2019affaire Petrotim, remise r\u00e9cemment au-devant de l\u2019actualit\u00e9, Aliou Sall a d\u00e9nonc\u00e9 un <em>\u00ab tapage m\u00e9diatique savamment orchestr\u00e9 \u00bb<\/em>. Il dit avoir <em>\u00ab tourn\u00e9 la page \u00bb<\/em> et pardonn\u00e9 <em>\u00ab \u00e0 tous ceux \u00bb<\/em> qui l\u2019ont attaqu\u00e9, qu\u2019ils soient issus de la majorit\u00e9 actuelle ou de l\u2019ancienne majorit\u00e9 \u00e0 laquelle il appartenait.<\/p>\n<p data-start=\"1231\" data-end=\"1345\"><em>\u00ab Je pr\u00e9f\u00e8re me consacrer \u00e0 une autre passion, que je consid\u00e8re tout aussi noble que la politique \u00bb<\/em>, conclut-il.<\/p>\n<div class='share-to-whatsapp-wrapper'><div class='share-on-whsp'>PARTAGER SUR : <\/div><a data-text='ANCIEN MAIRE DE GUEDIAWAYE - Aliou Sall se retire d\u00e9finitivement de la sc\u00e8ne politique\u00a0' data-link='https:\/\/www.nettali.com\/2025\/08\/11\/ancien-maire-de-guediawaye-aliou-sall-se-retire-definitivement-de-la-scene-politique\/' class='whatsapp-button whatsapp-share'>WhatsApp<\/a><div class='clear '><\/div><\/div>","protected":false},"excerpt":{"rendered":"<p>NETTALI.COM - L\u2019ancien maire de Gu\u00e9diawaye, Aliou Sall, a officialis\u00e9, ce dimanche 10 ao\u00fbt, son retrait de la sc\u00e8ne politique. L\u2019ex-pr\u00e9sident de l\u2019Association des maires du S\u00e9n\u00e9gal, \u00e9galement fr\u00e8re de l\u2019ancien chef de l\u2019\u00c9tat Macky Sall, affirme vouloir d\u00e9sormais se consacrer \u00e0 d\u2019autres activit\u00e9s. Dans sa d\u00e9claration, Aliou Sall explique avoir pris cette d\u00e9cision au [&hellip;]<\/p>\n","protected":false},"author":4,"featured_media":138285,"comment_status":"open","ping_status":"open","sticky":false,"template":"","format":"standard","meta":{"_et_pb_use_builder":"","_et_pb_old_content":""},"categories":[2],"tags":[],"yoast_head":"<!-- This site is optimized with the Yoast SEO Premium plugin v17.8 (Yoast SEO v17.8) - https:\/\/yoast.com\/wordpress\/plugins\/seo\/ -->\n<title>ANCIEN MAIRE DE GUEDIAWAYE - Aliou Sall se retire d\u00e9finitivement de la sc\u00e8ne politique\u00a0 | Nettali.com<\/title>\n<meta name=\"robots\" content=\"index, follow, max-snippet:-1, max-image-preview:large, max-video-preview:-1\" \/>\n<link rel=\"canonical\" href=\"https:\/\/www.nettali.com\/2025\/08\/11\/ancien-maire-de-guediawaye-aliou-sall-se-retire-definitivement-de-la-scene-politique\/\" \/>\n<meta property=\"og:locale\" content=\"fr_FR\" \/>\n<meta property=\"og:type\" content=\"article\" \/>\n<meta property=\"og:title\" content=\"ANCIEN MAIRE DE GUEDIAWAYE - Aliou Sall se retire d\u00e9finitivement de la sc\u00e8ne politique\u00a0\" \/>\n<meta property=\"og:description\" content=\"NETTALI.COM - L\u2019ancien maire de Gu\u00e9diawaye, Aliou Sall, a officialis\u00e9, ce dimanche 10 ao\u00fbt, son retrait de la sc\u00e8ne politique. L\u2019ex-pr\u00e9sident de l\u2019Association des maires du S\u00e9n\u00e9gal, \u00e9galement fr\u00e8re de l\u2019ancien chef de l\u2019\u00c9tat Macky Sall, affirme vouloir d\u00e9sormais se consacrer \u00e0 d\u2019autres activit\u00e9s. Dans sa d\u00e9claration, Aliou Sall explique avoir pris cette d\u00e9cision au [&hellip;]\" \/>\n<meta property=\"og:url\" content=\"https:\/\/www.nettali.com\/2025\/08\/11\/ancien-maire-de-guediawaye-aliou-sall-se-retire-definitivement-de-la-scene-politique\/\" \/>\n<meta property=\"og:site_name\" content=\"Nettali.com\" \/>\n<meta property=\"article:publisher\" content=\"https:\/\/www.facebook.com\/nettalicom\" \/>\n<meta property=\"article:published_time\" content=\"2025-08-11T07:15:39+00:00\" \/>\n<meta property=\"og:image\" content=\"https:\/\/www.nettali.com\/wp-content\/uploads\/2024\/08\/aliou-sall-copie-2_8941.jpg\" \/>\n\t<meta property=\"og:image:width\" content=\"1600\" \/>\n\t<meta property=\"og:image:height\" content=\"1066\" \/>\n<meta name=\"twitter:card\" content=\"summary_large_image\" \/>\n<meta name=\"twitter:label1\" content=\"\u00c9crit par\" \/>\n\t<meta name=\"twitter:data1\" content=\"Daouda\" \/>\n\t<meta name=\"twitter:label2\" content=\"Dur\u00e9e de lecture estim\u00e9e\" \/>\n\t<meta name=\"twitter:data2\" content=\"1 minute\" \/>\n<script type=\"application\/ld+json\" class=\"yoast-schema-graph\">{\"@context\":\"https:\/\/schema.org\",\"@graph\":[{\"@type\":\"WebSite\",\"@id\":\"https:\/\/www.nettali.com\/#website\",\"url\":\"https:\/\/www.nettali.com\/\",\"name\":\"Nettali.com\",\"description\":\"Le rendez-vous critique du Net\",\"potentialAction\":[{\"@type\":\"SearchAction\",\"target\":{\"@type\":\"EntryPoint\",\"urlTemplate\":\"https:\/\/www.nettali.com\/?s={search_term_string}\"},\"query-input\":\"required name=search_term_string\"}],\"inLanguage\":\"fr-FR\"},{\"@type\":\"ImageObject\",\"@id\":\"https:\/\/www.nettali.com\/2025\/08\/11\/ancien-maire-de-guediawaye-aliou-sall-se-retire-definitivement-de-la-scene-politique\/#primaryimage\",\"inLanguage\":\"fr-FR\",\"url\":\"https:\/\/www.nettali.com\/wp-content\/uploads\/2024\/08\/aliou-sall-copie-2_8941.jpg\",\"contentUrl\":\"https:\/\/www.nettali.com\/wp-content\/uploads\/2024\/08\/aliou-sall-copie-2_8941.jpg\",\"width\":1600,\"height\":1066},{\"@type\":\"WebPage\",\"@id\":\"https:\/\/www.nettali.com\/2025\/08\/11\/ancien-maire-de-guediawaye-aliou-sall-se-retire-definitivement-de-la-scene-politique\/#webpage\",\"url\":\"https:\/\/www.nettali.com\/2025\/08\/11\/ancien-maire-de-guediawaye-aliou-sall-se-retire-definitivement-de-la-scene-politique\/\",\"name\":\"ANCIEN MAIRE DE GUEDIAWAYE - Aliou Sall se retire d\\u00e9finitivement de la sc\\u00e8ne politique\\u00a0 | Nettali.com\",\"isPartOf\":{\"@id\":\"https:\/\/www.nettali.com\/#website\"},\"primaryImageOfPage\":{\"@id\":\"https:\/\/www.nettali.com\/2025\/08\/11\/ancien-maire-de-guediawaye-aliou-sall-se-retire-definitivement-de-la-scene-politique\/#primaryimage\"},\"datePublished\":\"2025-08-11T07:15:39+00:00\",\"dateModified\":\"2025-08-11T07:15:39+00:00\",\"author\":{\"@id\":\"https:\/\/www.nettali.com\/#\/schema\/person\/3317e0bb3aa1da309fbf7b2780901bf4\"},\"breadcrumb\":{\"@id\":\"https:\/\/www.nettali.com\/2025\/08\/11\/ancien-maire-de-guediawaye-aliou-sall-se-retire-definitivement-de-la-scene-politique\/#breadcrumb\"},\"inLanguage\":\"fr-FR\",\"potentialAction\":[{\"@type\":\"ReadAction\",\"target\":[\"https:\/\/www.nettali.com\/2025\/08\/11\/ancien-maire-de-guediawaye-aliou-sall-se-retire-definitivement-de-la-scene-politique\/\"]}]},{\"@type\":\"BreadcrumbList\",\"@id\":\"https:\/\/www.nettali.com\/2025\/08\/11\/ancien-maire-de-guediawaye-aliou-sall-se-retire-definitivement-de-la-scene-politique\/#breadcrumb\",\"itemListElement\":[{\"@type\":\"ListItem\",\"position\":1,\"name\":\"Accueil\",\"item\":\"https:\/\/www.nettali.com\/\"},{\"@type\":\"ListItem\",\"position\":2,\"name\":\"ANCIEN MAIRE DE GUEDIAWAYE - Aliou Sall se retire d\\u00e9finitivement de la sc\\u00e8ne politique\\u00a0\"}]},{\"@type\":\"Person\",\"@id\":\"https:\/\/www.nettali.com\/#\/schema\/person\/3317e0bb3aa1da309fbf7b2780901bf4\",\"name\":\"Daouda\",\"image\":{\"@type\":\"ImageObject\",\"@id\":\"https:\/\/www.nettali.com\/#personlogo\",\"inLanguage\":\"fr-FR\",\"url\":\"https:\/\/secure.gravatar.com\/avatar\/8d143b5a49345098ddcfee1c49c2f47c?s=96&d=mm&r=g\",\"contentUrl\":\"https:\/\/secure.gravatar.com\/avatar\/8d143b5a49345098ddcfee1c49c2f47c?s=96&d=mm&r=g\",\"caption\":\"Daouda\"},\"sameAs\":[\"https:\/\/www.nettali.com\"]}]}<\/script>\n<!-- \/ Yoast SEO Premium plugin. -->","yoast_head_json":{"title":"ANCIEN MAIRE DE GUEDIAWAYE - Aliou Sall se retire d\u00e9finitivement de la sc\u00e8ne politique\u00a0 | Nettali.com","robots":{"index":"index","follow":"follow","max-snippet":"max-snippet:-1","max-image-preview":"max-image-preview:large","max-video-preview":"max-video-preview:-1"},"canonical":"https:\/\/www.nettali.com\/2025\/08\/11\/ancien-maire-de-guediawaye-aliou-sall-se-retire-definitivement-de-la-scene-politique\/","og_locale":"fr_FR","og_type":"article","og_title":"ANCIEN MAIRE DE GUEDIAWAYE - Aliou Sall se retire d\u00e9finitivement de la sc\u00e8ne politique\u00a0","og_description":"NETTALI.COM - L\u2019ancien maire de Gu\u00e9diawaye, Aliou Sall, a officialis\u00e9, ce dimanche 10 ao\u00fbt, son retrait de la sc\u00e8ne politique. L\u2019ex-pr\u00e9sident de l\u2019Association des maires du S\u00e9n\u00e9gal, \u00e9galement fr\u00e8re de l\u2019ancien chef de l\u2019\u00c9tat Macky Sall, affirme vouloir d\u00e9sormais se consacrer \u00e0 d\u2019autres activit\u00e9s. Dans sa d\u00e9claration, Aliou Sall explique avoir pris cette d\u00e9cision au [&hellip;]","og_url":"https:\/\/www.nettali.com\/2025\/08\/11\/ancien-maire-de-guediawaye-aliou-sall-se-retire-definitivement-de-la-scene-politique\/","og_site_name":"Nettali.com","article_publisher":"https:\/\/www.facebook.com\/nettalicom","article_published_time":"2025-08-11T07:15:39+00:00","og_image":[{"width":1600,"height":1066,"url":"https:\/\/www.nettali.com\/wp-content\/uploads\/2024\/08\/aliou-sall-copie-2_8941.jpg","type":"image\/jpeg"}],"twitter_card":"summary_large_image","twitter_misc":{"\u00c9crit par":"Daouda","Dur\u00e9e de lecture estim\u00e9e":"1 minute"},"schema":{"@context":"https:\/\/schema.org","@graph":[{"@type":"WebSite","@id":"https:\/\/www.nettali.com\/#website","url":"https:\/\/www.nettali.com\/","name":"Nettali.com","description":"Le rendez-vous critique du Net","potentialAction":[{"@type":"SearchAction","target":{"@type":"EntryPoint","urlTemplate":"https:\/\/www.nettali.com\/?s={search_term_string}"},"query-input":"required name=search_term_string"}],"inLanguage":"fr-FR"},{"@type":"ImageObject","@id":"https:\/\/www.nettali.com\/2025\/08\/11\/ancien-maire-de-guediawaye-aliou-sall-se-retire-definitivement-de-la-scene-politique\/#primaryimage","inLanguage":"fr-FR","url":"https:\/\/www.nettali.com\/wp-content\/uploads\/2024\/08\/aliou-sall-copie-2_8941.jpg","contentUrl":"https:\/\/www.nettali.com\/wp-content\/uploads\/2024\/08\/aliou-sall-copie-2_8941.jpg","width":1600,"height":1066},{"@type":"WebPage","@id":"https:\/\/www.nettali.com\/2025\/08\/11\/ancien-maire-de-guediawaye-aliou-sall-se-retire-definitivement-de-la-scene-politique\/#webpage","url":"https:\/\/www.nettali.com\/2025\/08\/11\/ancien-maire-de-guediawaye-aliou-sall-se-retire-definitivement-de-la-scene-politique\/","name":"ANCIEN MAIRE DE GUEDIAWAYE - Aliou Sall se retire d\u00e9finitivement de la sc\u00e8ne politique\u00a0 | Nettali.com","isPartOf":{"@id":"https:\/\/www.nettali.com\/#website"},"primaryImageOfPage":{"@id":"https:\/\/www.nettali.com\/2025\/08\/11\/ancien-maire-de-guediawaye-aliou-sall-se-retire-definitivement-de-la-scene-politique\/#primaryimage"},"datePublished":"2025-08-11T07:15:39+00:00","dateModified":"2025-08-11T07:15:39+00:00","author":{"@id":"https:\/\/www.nettali.com\/#\/schema\/person\/3317e0bb3aa1da309fbf7b2780901bf4"},"breadcrumb":{"@id":"https:\/\/www.nettali.com\/2025\/08\/11\/ancien-maire-de-guediawaye-aliou-sall-se-retire-definitivement-de-la-scene-politique\/#breadcrumb"},"inLanguage":"fr-FR","potentialAction":[{"@type":"ReadAction","target":["https:\/\/www.nettali.com\/2025\/08\/11\/ancien-maire-de-guediawaye-aliou-sall-se-retire-definitivement-de-la-scene-politique\/"]}]},{"@type":"BreadcrumbList","@id":"https:\/\/www.nettali.com\/2025\/08\/11\/ancien-maire-de-guediawaye-aliou-sall-se-retire-definitivement-de-la-scene-politique\/#breadcrumb","itemListElement":[{"@type":"ListItem","position":1,"name":"Accueil","item":"https:\/\/www.nettali.com\/"},{"@type":"ListItem","position":2,"name":"ANCIEN MAIRE DE GUEDIAWAYE - Aliou Sall se retire d\u00e9finitivement de la sc\u00e8ne politique\u00a0"}]},{"@type":"Person","@id":"https:\/\/www.nettali.com\/#\/schema\/person\/3317e0bb3aa1da309fbf7b2780901bf4","name":"Daouda","image":{"@type":"ImageObject","@id":"https:\/\/www.nettali.com\/#personlogo","inLanguage":"fr-FR","url":"https:\/\/secure.gravatar.com\/avatar\/8d143b5a49345098ddcfee1c49c2f47c?s=96&d=mm&r=g","contentUrl":"https:\/\/secure.gravatar.com\/avatar\/8d143b5a49345098ddcfee1c49c2f47c?s=96&d=mm&r=g","caption":"Daouda"},"sameAs":["https:\/\/www.nettali.com"]}]}},"_links":{"self":[{"href":"https:\/\/www.nettali.com\/rest\/wp\/v2\/posts\/159207"}],"collection":[{"href":"https:\/\/www.nettali.com\/rest\/wp\/v2\/posts"}],"about":[{"href":"https:\/\/www.nettali.com\/rest\/wp\/v2\/types\/post"}],"author":[{"embeddable":true,"href":"https:\/\/www.nettali.com\/rest\/wp\/v2\/users\/4"}],"replies":[{"embeddable":true,"href":"https:\/\/www.nettali.com\/rest\/wp\/v2\/comments?post=159207"}],"version-history":[{"count":1,"href":"https:\/\/www.nettali.com\/rest\/wp\/v2\/posts\/159207\/revisions"}],"predecessor-version":[{"id":159208,"href":"https:\/\/www.nettali.com\/rest\/wp\/v2\/posts\/159207\/revisions\/159208"}],"wp:featuredmedia":[{"embeddable":true,"href":"https:\/\/www.nettali.com\/rest\/wp\/v2\/media\/138285"}],"wp:attachment":[{"href":"https:\/\/www.nettali.com\/rest\/wp\/v2\/media?parent=159207"}],"wp:term":[{"taxonomy":"category","embeddable":true,"href":"https:\/\/www.nettali.com\/rest\/wp\/v2\/categories?post=159207"},{"taxonomy":"post_tag","embeddable":true,"href":"https:\/\/www.nettali.com\/rest\/wp\/v2\/tags?post=159207"}],"curies":[{"name":"wp","href":"https:\/\/api.w.org\/{rel}","templated":true}]}}