{"id":159199,"date":"2025-08-11T06:31:24","date_gmt":"2025-08-11T06:31:24","guid":{"rendered":"https:\/\/www.nettali.com\/?p=159199"},"modified":"2025-08-11T06:31:24","modified_gmt":"2025-08-11T06:31:24","slug":"plan-de-redressement-de-sonko-un-pari-ambitieux-mais-seme-dembuches-selon-dr-seydou-bocoum","status":"publish","type":"post","link":"https:\/\/www.nettali.com\/2025\/08\/11\/plan-de-redressement-de-sonko-un-pari-ambitieux-mais-seme-dembuches-selon-dr-seydou-bocoum\/","title":{"rendered":"PLAN DE REDRESSEMENT DE SONKO - \"Un pari ambitieux, mais sem\u00e9 d\u2019emb\u00fbches\", selon Dr Seydou Bocoum"},"content":{"rendered":"<p data-start=\"216\" data-end=\"478\"><strong>NETTALI.COM - Dans un entretien accord\u00e9 \u00e0 <em data-start=\"244\" data-end=\"259\">L\u2019Observateur<\/em>, l\u2019\u00e9conomiste et vice-pr\u00e9sident du Laboratoire de recherches \u00e9conomiques et mon\u00e9taires (LAREM), Dr Seydou Bocoum, livre une lecture d\u00e9taill\u00e9e du Plan de redressement \u00e9conomique et social pr\u00e9sent\u00e9 par le gouvernement.<\/strong><\/p>\n<p data-start=\"480\" data-end=\"1025\">S\u2019il salue un document <em>\u00ab techniquement bien structur\u00e9 \u00bb<\/em> et porteur d\u2019une vision claire, l\u2019expert souligne aussi ses fragilit\u00e9s : une orientation r\u00e9solument n\u00e9olib\u00e9rale, centr\u00e9e sur la r\u00e9duction du d\u00e9ficit budg\u00e9taire, une aust\u00e9rit\u00e9 ma\u00eetris\u00e9e et une mobilisation accrue des ressources internes. <em>\u00ab L\u2019ambition est r\u00e9elle, mais les hypoth\u00e8ses retenues sont tr\u00e8s optimistes \u00bb<\/em>, pr\u00e9vient-il, \u00e9voquant notamment les limites d\u2019une mobilisation fiscale dans un contexte marqu\u00e9 par l\u2019informalit\u00e9, la faible productivit\u00e9 et une d\u00e9fiance sociale croissante.<\/p>\n<p data-start=\"1027\" data-end=\"1072\"><strong data-start=\"1027\" data-end=\"1070\">Un financement colossal, mais incertain<\/strong><\/p>\n<p data-start=\"1074\" data-end=\"1589\">Le plan pr\u00e9voit de lever 5 667 milliards de FCFA sur la p\u00e9riode 2025-2028, dont 90 % proviendraient de ressources internes. Dr Bocoum juge cet objectif \u00ab th\u00e9oriquement possible \u00bb, mais difficilement atteignable sans r\u00e9formes \u00e9conomiques profondes. Il met en garde contre le risque d\u2019un accroissement excessif de la pression fiscale, notamment via de nouvelles taxes sur les transactions mobiles, qui pourraient frapper de plein fouet les populations les plus vuln\u00e9rables et provoquer une forte r\u00e9sistance sociale.<\/p>\n<p data-start=\"1591\" data-end=\"1752\"><em>\u00ab Sans am\u00e9lioration tangible des services publics et une fiscalit\u00e9 plus \u00e9quitable, ces mesures risquent de renforcer la d\u00e9fiance envers l\u2019\u00c9tat \u00bb<\/em>, insiste-t-il.<\/p>\n<p data-start=\"1754\" data-end=\"1797\"><strong data-start=\"1754\" data-end=\"1795\">Des priorit\u00e9s pour r\u00e9ussir la relance<\/strong><\/p>\n<p data-start=\"1799\" data-end=\"1892\">Pour maximiser les chances de succ\u00e8s, l\u2019\u00e9conomiste recommande plusieurs chantiers urgents : r\u00e9gler la dette int\u00e9rieure, afin d\u2019oxyg\u00e9ner les entreprises locales et relancer l\u2019investissement priv\u00e9, relancer l\u2019investissement public strat\u00e9gique, en ciblant l\u2019agriculture, l\u2019\u00e9nergie, la logistique et l\u2019industrie l\u00e9g\u00e8re et cr\u00e9er une banque publique d\u2019investissement, sur le mod\u00e8le de la BPI fran\u00e7aise ou de la KfW allemande, pour financer sur le long terme des projets structurants adapt\u00e9s aux besoins du pays.<\/p>\n<p data-start=\"2332\" data-end=\"2539\">Pour Dr Bocoum, la r\u00e9ussite de ce plan d\u00e9pendra de trois leviers majeurs : une volont\u00e9 politique affirm\u00e9e, une capacit\u00e9 d\u2019ex\u00e9cution renforc\u00e9e et, surtout, une adh\u00e9sion populaire encore loin d\u2019\u00eatre acquise.<\/p>\n<div class='share-to-whatsapp-wrapper'><div class='share-on-whsp'>PARTAGER SUR : <\/div><a data-text='PLAN DE REDRESSEMENT DE SONKO - \"Un pari ambitieux, mais sem\u00e9 d\u2019emb\u00fbches\", selon Dr Seydou Bocoum' data-link='https:\/\/www.nettali.com\/2025\/08\/11\/plan-de-redressement-de-sonko-un-pari-ambitieux-mais-seme-dembuches-selon-dr-seydou-bocoum\/' class='whatsapp-button whatsapp-share'>WhatsApp<\/a><div class='clear '><\/div><\/div>","protected":false},"excerpt":{"rendered":"<p>NETTALI.COM - Dans un entretien accord\u00e9 \u00e0 L\u2019Observateur, l\u2019\u00e9conomiste et vice-pr\u00e9sident du Laboratoire de recherches \u00e9conomiques et mon\u00e9taires (LAREM), Dr Seydou Bocoum, livre une lecture d\u00e9taill\u00e9e du Plan de redressement \u00e9conomique et social pr\u00e9sent\u00e9 par le gouvernement. S\u2019il salue un document \u00ab techniquement bien structur\u00e9 \u00bb et porteur d\u2019une vision claire, l\u2019expert souligne aussi ses [&hellip;]<\/p>\n","protected":false},"author":4,"featured_media":158700,"comment_status":"open","ping_status":"open","sticky":false,"template":"","format":"standard","meta":{"_et_pb_use_builder":"","_et_pb_old_content":""},"categories":[4],"tags":[],"yoast_head":"<!-- This site is optimized with the Yoast SEO Premium plugin v17.8 (Yoast SEO v17.8) - https:\/\/yoast.com\/wordpress\/plugins\/seo\/ -->\n<title>PLAN DE REDRESSEMENT DE SONKO - &quot;Un pari ambitieux, mais sem\u00e9 d\u2019emb\u00fbches&quot;, selon Dr Seydou Bocoum | Nettali.com<\/title>\n<meta name=\"robots\" content=\"index, follow, max-snippet:-1, max-image-preview:large, max-video-preview:-1\" \/>\n<link rel=\"canonical\" href=\"https:\/\/www.nettali.com\/2025\/08\/11\/plan-de-redressement-de-sonko-un-pari-ambitieux-mais-seme-dembuches-selon-dr-seydou-bocoum\/\" \/>\n<meta property=\"og:locale\" content=\"fr_FR\" \/>\n<meta property=\"og:type\" content=\"article\" \/>\n<meta property=\"og:title\" content=\"PLAN DE REDRESSEMENT DE SONKO - &quot;Un pari ambitieux, mais sem\u00e9 d\u2019emb\u00fbches&quot;, selon Dr Seydou Bocoum\" \/>\n<meta property=\"og:description\" content=\"NETTALI.COM - Dans un entretien accord\u00e9 \u00e0 L\u2019Observateur, l\u2019\u00e9conomiste et vice-pr\u00e9sident du Laboratoire de recherches \u00e9conomiques et mon\u00e9taires (LAREM), Dr Seydou Bocoum, livre une lecture d\u00e9taill\u00e9e du Plan de redressement \u00e9conomique et social pr\u00e9sent\u00e9 par le gouvernement. S\u2019il salue un document \u00ab techniquement bien structur\u00e9 \u00bb et porteur d\u2019une vision claire, l\u2019expert souligne aussi ses [&hellip;]\" \/>\n<meta property=\"og:url\" content=\"https:\/\/www.nettali.com\/2025\/08\/11\/plan-de-redressement-de-sonko-un-pari-ambitieux-mais-seme-dembuches-selon-dr-seydou-bocoum\/\" \/>\n<meta property=\"og:site_name\" content=\"Nettali.com\" \/>\n<meta property=\"article:publisher\" content=\"https:\/\/www.facebook.com\/nettalicom\" \/>\n<meta property=\"article:published_time\" content=\"2025-08-11T06:31:24+00:00\" \/>\n<meta property=\"og:image\" content=\"https:\/\/www.nettali.com\/wp-content\/uploads\/2025\/08\/c.jpg\" \/>\n\t<meta property=\"og:image:width\" content=\"910\" \/>\n\t<meta property=\"og:image:height\" content=\"522\" \/>\n<meta name=\"twitter:card\" content=\"summary_large_image\" \/>\n<meta name=\"twitter:label1\" content=\"\u00c9crit par\" \/>\n\t<meta name=\"twitter:data1\" content=\"Daouda\" \/>\n\t<meta name=\"twitter:label2\" content=\"Dur\u00e9e de lecture estim\u00e9e\" \/>\n\t<meta name=\"twitter:data2\" content=\"2 minutes\" \/>\n<script type=\"application\/ld+json\" class=\"yoast-schema-graph\">{\"@context\":\"https:\/\/schema.org\",\"@graph\":[{\"@type\":\"WebSite\",\"@id\":\"https:\/\/www.nettali.com\/#website\",\"url\":\"https:\/\/www.nettali.com\/\",\"name\":\"Nettali.com\",\"description\":\"Le rendez-vous critique du Net\",\"potentialAction\":[{\"@type\":\"SearchAction\",\"target\":{\"@type\":\"EntryPoint\",\"urlTemplate\":\"https:\/\/www.nettali.com\/?s={search_term_string}\"},\"query-input\":\"required name=search_term_string\"}],\"inLanguage\":\"fr-FR\"},{\"@type\":\"ImageObject\",\"@id\":\"https:\/\/www.nettali.com\/2025\/08\/11\/plan-de-redressement-de-sonko-un-pari-ambitieux-mais-seme-dembuches-selon-dr-seydou-bocoum\/#primaryimage\",\"inLanguage\":\"fr-FR\",\"url\":\"https:\/\/www.nettali.com\/wp-content\/uploads\/2025\/08\/c.jpg\",\"contentUrl\":\"https:\/\/www.nettali.com\/wp-content\/uploads\/2025\/08\/c.jpg\",\"width\":910,\"height\":522},{\"@type\":\"WebPage\",\"@id\":\"https:\/\/www.nettali.com\/2025\/08\/11\/plan-de-redressement-de-sonko-un-pari-ambitieux-mais-seme-dembuches-selon-dr-seydou-bocoum\/#webpage\",\"url\":\"https:\/\/www.nettali.com\/2025\/08\/11\/plan-de-redressement-de-sonko-un-pari-ambitieux-mais-seme-dembuches-selon-dr-seydou-bocoum\/\",\"name\":\"PLAN DE REDRESSEMENT DE SONKO - \\\"Un pari ambitieux, mais sem\\u00e9 d\\u2019emb\\u00fbches\\\", selon Dr Seydou Bocoum | Nettali.com\",\"isPartOf\":{\"@id\":\"https:\/\/www.nettali.com\/#website\"},\"primaryImageOfPage\":{\"@id\":\"https:\/\/www.nettali.com\/2025\/08\/11\/plan-de-redressement-de-sonko-un-pari-ambitieux-mais-seme-dembuches-selon-dr-seydou-bocoum\/#primaryimage\"},\"datePublished\":\"2025-08-11T06:31:24+00:00\",\"dateModified\":\"2025-08-11T06:31:24+00:00\",\"author\":{\"@id\":\"https:\/\/www.nettali.com\/#\/schema\/person\/3317e0bb3aa1da309fbf7b2780901bf4\"},\"breadcrumb\":{\"@id\":\"https:\/\/www.nettali.com\/2025\/08\/11\/plan-de-redressement-de-sonko-un-pari-ambitieux-mais-seme-dembuches-selon-dr-seydou-bocoum\/#breadcrumb\"},\"inLanguage\":\"fr-FR\",\"potentialAction\":[{\"@type\":\"ReadAction\",\"target\":[\"https:\/\/www.nettali.com\/2025\/08\/11\/plan-de-redressement-de-sonko-un-pari-ambitieux-mais-seme-dembuches-selon-dr-seydou-bocoum\/\"]}]},{\"@type\":\"BreadcrumbList\",\"@id\":\"https:\/\/www.nettali.com\/2025\/08\/11\/plan-de-redressement-de-sonko-un-pari-ambitieux-mais-seme-dembuches-selon-dr-seydou-bocoum\/#breadcrumb\",\"itemListElement\":[{\"@type\":\"ListItem\",\"position\":1,\"name\":\"Accueil\",\"item\":\"https:\/\/www.nettali.com\/\"},{\"@type\":\"ListItem\",\"position\":2,\"name\":\"PLAN DE REDRESSEMENT DE SONKO - \\\"Un pari ambitieux, mais sem\\u00e9 d\\u2019emb\\u00fbches\\\", selon Dr Seydou Bocoum\"}]},{\"@type\":\"Person\",\"@id\":\"https:\/\/www.nettali.com\/#\/schema\/person\/3317e0bb3aa1da309fbf7b2780901bf4\",\"name\":\"Daouda\",\"image\":{\"@type\":\"ImageObject\",\"@id\":\"https:\/\/www.nettali.com\/#personlogo\",\"inLanguage\":\"fr-FR\",\"url\":\"https:\/\/secure.gravatar.com\/avatar\/8d143b5a49345098ddcfee1c49c2f47c?s=96&d=mm&r=g\",\"contentUrl\":\"https:\/\/secure.gravatar.com\/avatar\/8d143b5a49345098ddcfee1c49c2f47c?s=96&d=mm&r=g\",\"caption\":\"Daouda\"},\"sameAs\":[\"https:\/\/www.nettali.com\"]}]}<\/script>\n<!-- \/ Yoast SEO Premium plugin. -->","yoast_head_json":{"title":"PLAN DE REDRESSEMENT DE SONKO - \"Un pari ambitieux, mais sem\u00e9 d\u2019emb\u00fbches\", selon Dr Seydou Bocoum | Nettali.com","robots":{"index":"index","follow":"follow","max-snippet":"max-snippet:-1","max-image-preview":"max-image-preview:large","max-video-preview":"max-video-preview:-1"},"canonical":"https:\/\/www.nettali.com\/2025\/08\/11\/plan-de-redressement-de-sonko-un-pari-ambitieux-mais-seme-dembuches-selon-dr-seydou-bocoum\/","og_locale":"fr_FR","og_type":"article","og_title":"PLAN DE REDRESSEMENT DE SONKO - \"Un pari ambitieux, mais sem\u00e9 d\u2019emb\u00fbches\", selon Dr Seydou Bocoum","og_description":"NETTALI.COM - Dans un entretien accord\u00e9 \u00e0 L\u2019Observateur, l\u2019\u00e9conomiste et vice-pr\u00e9sident du Laboratoire de recherches \u00e9conomiques et mon\u00e9taires (LAREM), Dr Seydou Bocoum, livre une lecture d\u00e9taill\u00e9e du Plan de redressement \u00e9conomique et social pr\u00e9sent\u00e9 par le gouvernement. S\u2019il salue un document \u00ab techniquement bien structur\u00e9 \u00bb et porteur d\u2019une vision claire, l\u2019expert souligne aussi ses [&hellip;]","og_url":"https:\/\/www.nettali.com\/2025\/08\/11\/plan-de-redressement-de-sonko-un-pari-ambitieux-mais-seme-dembuches-selon-dr-seydou-bocoum\/","og_site_name":"Nettali.com","article_publisher":"https:\/\/www.facebook.com\/nettalicom","article_published_time":"2025-08-11T06:31:24+00:00","og_image":[{"width":910,"height":522,"url":"https:\/\/www.nettali.com\/wp-content\/uploads\/2025\/08\/c.jpg","type":"image\/jpeg"}],"twitter_card":"summary_large_image","twitter_misc":{"\u00c9crit par":"Daouda","Dur\u00e9e de lecture estim\u00e9e":"2 minutes"},"schema":{"@context":"https:\/\/schema.org","@graph":[{"@type":"WebSite","@id":"https:\/\/www.nettali.com\/#website","url":"https:\/\/www.nettali.com\/","name":"Nettali.com","description":"Le rendez-vous critique du Net","potentialAction":[{"@type":"SearchAction","target":{"@type":"EntryPoint","urlTemplate":"https:\/\/www.nettali.com\/?s={search_term_string}"},"query-input":"required name=search_term_string"}],"inLanguage":"fr-FR"},{"@type":"ImageObject","@id":"https:\/\/www.nettali.com\/2025\/08\/11\/plan-de-redressement-de-sonko-un-pari-ambitieux-mais-seme-dembuches-selon-dr-seydou-bocoum\/#primaryimage","inLanguage":"fr-FR","url":"https:\/\/www.nettali.com\/wp-content\/uploads\/2025\/08\/c.jpg","contentUrl":"https:\/\/www.nettali.com\/wp-content\/uploads\/2025\/08\/c.jpg","width":910,"height":522},{"@type":"WebPage","@id":"https:\/\/www.nettali.com\/2025\/08\/11\/plan-de-redressement-de-sonko-un-pari-ambitieux-mais-seme-dembuches-selon-dr-seydou-bocoum\/#webpage","url":"https:\/\/www.nettali.com\/2025\/08\/11\/plan-de-redressement-de-sonko-un-pari-ambitieux-mais-seme-dembuches-selon-dr-seydou-bocoum\/","name":"PLAN DE REDRESSEMENT DE SONKO - \"Un pari ambitieux, mais sem\u00e9 d\u2019emb\u00fbches\", selon Dr Seydou Bocoum | Nettali.com","isPartOf":{"@id":"https:\/\/www.nettali.com\/#website"},"primaryImageOfPage":{"@id":"https:\/\/www.nettali.com\/2025\/08\/11\/plan-de-redressement-de-sonko-un-pari-ambitieux-mais-seme-dembuches-selon-dr-seydou-bocoum\/#primaryimage"},"datePublished":"2025-08-11T06:31:24+00:00","dateModified":"2025-08-11T06:31:24+00:00","author":{"@id":"https:\/\/www.nettali.com\/#\/schema\/person\/3317e0bb3aa1da309fbf7b2780901bf4"},"breadcrumb":{"@id":"https:\/\/www.nettali.com\/2025\/08\/11\/plan-de-redressement-de-sonko-un-pari-ambitieux-mais-seme-dembuches-selon-dr-seydou-bocoum\/#breadcrumb"},"inLanguage":"fr-FR","potentialAction":[{"@type":"ReadAction","target":["https:\/\/www.nettali.com\/2025\/08\/11\/plan-de-redressement-de-sonko-un-pari-ambitieux-mais-seme-dembuches-selon-dr-seydou-bocoum\/"]}]},{"@type":"BreadcrumbList","@id":"https:\/\/www.nettali.com\/2025\/08\/11\/plan-de-redressement-de-sonko-un-pari-ambitieux-mais-seme-dembuches-selon-dr-seydou-bocoum\/#breadcrumb","itemListElement":[{"@type":"ListItem","position":1,"name":"Accueil","item":"https:\/\/www.nettali.com\/"},{"@type":"ListItem","position":2,"name":"PLAN DE REDRESSEMENT DE SONKO - \"Un pari ambitieux, mais sem\u00e9 d\u2019emb\u00fbches\", selon Dr Seydou Bocoum"}]},{"@type":"Person","@id":"https:\/\/www.nettali.com\/#\/schema\/person\/3317e0bb3aa1da309fbf7b2780901bf4","name":"Daouda","image":{"@type":"ImageObject","@id":"https:\/\/www.nettali.com\/#personlogo","inLanguage":"fr-FR","url":"https:\/\/secure.gravatar.com\/avatar\/8d143b5a49345098ddcfee1c49c2f47c?s=96&d=mm&r=g","contentUrl":"https:\/\/secure.gravatar.com\/avatar\/8d143b5a49345098ddcfee1c49c2f47c?s=96&d=mm&r=g","caption":"Daouda"},"sameAs":["https:\/\/www.nettali.com"]}]}},"_links":{"self":[{"href":"https:\/\/www.nettali.com\/rest\/wp\/v2\/posts\/159199"}],"collection":[{"href":"https:\/\/www.nettali.com\/rest\/wp\/v2\/posts"}],"about":[{"href":"https:\/\/www.nettali.com\/rest\/wp\/v2\/types\/post"}],"author":[{"embeddable":true,"href":"https:\/\/www.nettali.com\/rest\/wp\/v2\/users\/4"}],"replies":[{"embeddable":true,"href":"https:\/\/www.nettali.com\/rest\/wp\/v2\/comments?post=159199"}],"version-history":[{"count":1,"href":"https:\/\/www.nettali.com\/rest\/wp\/v2\/posts\/159199\/revisions"}],"predecessor-version":[{"id":159200,"href":"https:\/\/www.nettali.com\/rest\/wp\/v2\/posts\/159199\/revisions\/159200"}],"wp:featuredmedia":[{"embeddable":true,"href":"https:\/\/www.nettali.com\/rest\/wp\/v2\/media\/158700"}],"wp:attachment":[{"href":"https:\/\/www.nettali.com\/rest\/wp\/v2\/media?parent=159199"}],"wp:term":[{"taxonomy":"category","embeddable":true,"href":"https:\/\/www.nettali.com\/rest\/wp\/v2\/categories?post=159199"},{"taxonomy":"post_tag","embeddable":true,"href":"https:\/\/www.nettali.com\/rest\/wp\/v2\/tags?post=159199"}],"curies":[{"name":"wp","href":"https:\/\/api.w.org\/{rel}","templated":true}]}}