{"id":159197,"date":"2025-08-11T06:25:22","date_gmt":"2025-08-11T06:25:22","guid":{"rendered":"https:\/\/www.nettali.com\/?p=159197"},"modified":"2025-08-11T06:25:22","modified_gmt":"2025-08-11T06:25:22","slug":"mercato-lucas-chevalier-rejoint-le-psg","status":"publish","type":"post","link":"https:\/\/www.nettali.com\/2025\/08\/11\/mercato-lucas-chevalier-rejoint-le-psg\/","title":{"rendered":"MERCATO - Lucas Chevalier rejoint le PSG\u00a0"},"content":{"rendered":"<p><strong>NETTALI.COM - Apr\u00e8s plusieurs mois semaines de n\u00e9gociations, le Paris Saint-Germain a enfin r\u00e9ussi \u00e0 enr\u00f4ler Lucas Chevalier. Le gardien international fran\u00e7ais arrive dans la capitale fran\u00e7aise en provenance du LOSC. Il est le premier renfort du PSG cet \u00e9t\u00e9.<\/strong><\/p>\n<p>L\u2019un des feuilletons du mercato estival vient de prendre fin. Agac\u00e9 par les exigences de Gianluigi Donnarumma qui bloquait sa prolongation, le PSG a d\u00e9cid\u00e9 d\u2019acc\u00e9l\u00e9rer sur le dossier Lucas Chevalier. Cible de longue date du club francilien, le gardien fran\u00e7ais n\u2019a pas mis du temps \u00e0 trouver un accord avec le Paris Saint-Germain. Les n\u00e9gociations ont \u00e9t\u00e9 \u00e9galement facilit\u00e9es par Lille qui a donn\u00e9 un bon de sortie \u00e0 son gardien titulaire.<\/p>\n<p>Ainsi, le PSG a d\u00e9bours\u00e9 pas moins de 40 millions d'euros pour s\u2019attacher les services de Lucas Chevalier qui a paraph\u00e9 un contrat de cinq ans avec les Champions d\u2019Europe.<\/p>\n<p>\"<em>Le Paris Saint-Germain est heureux d\u2019annoncer la signature de Lucas Chevalier. Le gardien de but fran\u00e7ais de 23 ans, qui portera le num\u00e9ro 30, a sign\u00e9 un contrat avec le Club jusqu\u2019en 2030<\/em>\", a annonc\u00e9 le PSG dans son communiqu\u00e9. Le montant de la transaction pourrait m\u00eame avoisiner les 55 M\u20ac en fonction des bonus inclus dans les clauses.<\/p>\n<div class='share-to-whatsapp-wrapper'><div class='share-on-whsp'>PARTAGER SUR : <\/div><a data-text='MERCATO - Lucas Chevalier rejoint le PSG\u00a0' data-link='https:\/\/www.nettali.com\/2025\/08\/11\/mercato-lucas-chevalier-rejoint-le-psg\/' class='whatsapp-button whatsapp-share'>WhatsApp<\/a><div class='clear '><\/div><\/div>","protected":false},"excerpt":{"rendered":"<p>NETTALI.COM - Apr\u00e8s plusieurs mois semaines de n\u00e9gociations, le Paris Saint-Germain a enfin r\u00e9ussi \u00e0 enr\u00f4ler Lucas Chevalier. Le gardien international fran\u00e7ais arrive dans la capitale fran\u00e7aise en provenance du LOSC. Il est le premier renfort du PSG cet \u00e9t\u00e9. L\u2019un des feuilletons du mercato estival vient de prendre fin. Agac\u00e9 par les exigences de [&hellip;]<\/p>\n","protected":false},"author":5,"featured_media":159195,"comment_status":"open","ping_status":"open","sticky":false,"template":"","format":"standard","meta":{"_et_pb_use_builder":"","_et_pb_old_content":""},"categories":[6],"tags":[],"yoast_head":"<!-- This site is optimized with the Yoast SEO Premium plugin v17.8 (Yoast SEO v17.8) - https:\/\/yoast.com\/wordpress\/plugins\/seo\/ -->\n<title>MERCATO - Lucas Chevalier rejoint le PSG\u00a0 | Nettali.com<\/title>\n<meta name=\"robots\" content=\"index, follow, max-snippet:-1, max-image-preview:large, max-video-preview:-1\" \/>\n<link rel=\"canonical\" href=\"https:\/\/www.nettali.com\/2025\/08\/11\/mercato-lucas-chevalier-rejoint-le-psg\/\" \/>\n<meta property=\"og:locale\" content=\"fr_FR\" \/>\n<meta property=\"og:type\" content=\"article\" \/>\n<meta property=\"og:title\" content=\"MERCATO - Lucas Chevalier rejoint le PSG\u00a0\" \/>\n<meta property=\"og:description\" content=\"NETTALI.COM - Apr\u00e8s plusieurs mois semaines de n\u00e9gociations, le Paris Saint-Germain a enfin r\u00e9ussi \u00e0 enr\u00f4ler Lucas Chevalier. Le gardien international fran\u00e7ais arrive dans la capitale fran\u00e7aise en provenance du LOSC. Il est le premier renfort du PSG cet \u00e9t\u00e9. L\u2019un des feuilletons du mercato estival vient de prendre fin. Agac\u00e9 par les exigences de [&hellip;]\" \/>\n<meta property=\"og:url\" content=\"https:\/\/www.nettali.com\/2025\/08\/11\/mercato-lucas-chevalier-rejoint-le-psg\/\" \/>\n<meta property=\"og:site_name\" content=\"Nettali.com\" \/>\n<meta property=\"article:publisher\" content=\"https:\/\/www.facebook.com\/nettalicom\" \/>\n<meta property=\"article:published_time\" content=\"2025-08-11T06:25:22+00:00\" \/>\n<meta property=\"og:image\" content=\"https:\/\/www.nettali.com\/wp-content\/uploads\/2025\/08\/unnamed.jpg.jpg\" \/>\n\t<meta property=\"og:image:width\" content=\"1920\" \/>\n\t<meta property=\"og:image:height\" content=\"1080\" \/>\n<meta name=\"twitter:card\" content=\"summary_large_image\" \/>\n<meta name=\"twitter:label1\" content=\"\u00c9crit par\" \/>\n\t<meta name=\"twitter:data1\" content=\"Ibrahima\" \/>\n\t<meta name=\"twitter:label2\" content=\"Dur\u00e9e de lecture estim\u00e9e\" \/>\n\t<meta name=\"twitter:data2\" content=\"2 minutes\" \/>\n<script type=\"application\/ld+json\" class=\"yoast-schema-graph\">{\"@context\":\"https:\/\/schema.org\",\"@graph\":[{\"@type\":\"WebSite\",\"@id\":\"https:\/\/www.nettali.com\/#website\",\"url\":\"https:\/\/www.nettali.com\/\",\"name\":\"Nettali.com\",\"description\":\"Le rendez-vous critique du Net\",\"potentialAction\":[{\"@type\":\"SearchAction\",\"target\":{\"@type\":\"EntryPoint\",\"urlTemplate\":\"https:\/\/www.nettali.com\/?s={search_term_string}\"},\"query-input\":\"required name=search_term_string\"}],\"inLanguage\":\"fr-FR\"},{\"@type\":\"ImageObject\",\"@id\":\"https:\/\/www.nettali.com\/2025\/08\/11\/mercato-lucas-chevalier-rejoint-le-psg\/#primaryimage\",\"inLanguage\":\"fr-FR\",\"url\":\"https:\/\/www.nettali.com\/wp-content\/uploads\/2025\/08\/unnamed.jpg.jpg\",\"contentUrl\":\"https:\/\/www.nettali.com\/wp-content\/uploads\/2025\/08\/unnamed.jpg.jpg\",\"width\":1920,\"height\":1080},{\"@type\":\"WebPage\",\"@id\":\"https:\/\/www.nettali.com\/2025\/08\/11\/mercato-lucas-chevalier-rejoint-le-psg\/#webpage\",\"url\":\"https:\/\/www.nettali.com\/2025\/08\/11\/mercato-lucas-chevalier-rejoint-le-psg\/\",\"name\":\"MERCATO - Lucas Chevalier rejoint le PSG\\u00a0 | Nettali.com\",\"isPartOf\":{\"@id\":\"https:\/\/www.nettali.com\/#website\"},\"primaryImageOfPage\":{\"@id\":\"https:\/\/www.nettali.com\/2025\/08\/11\/mercato-lucas-chevalier-rejoint-le-psg\/#primaryimage\"},\"datePublished\":\"2025-08-11T06:25:22+00:00\",\"dateModified\":\"2025-08-11T06:25:22+00:00\",\"author\":{\"@id\":\"https:\/\/www.nettali.com\/#\/schema\/person\/bb147657c2986240405a608162b9bb23\"},\"breadcrumb\":{\"@id\":\"https:\/\/www.nettali.com\/2025\/08\/11\/mercato-lucas-chevalier-rejoint-le-psg\/#breadcrumb\"},\"inLanguage\":\"fr-FR\",\"potentialAction\":[{\"@type\":\"ReadAction\",\"target\":[\"https:\/\/www.nettali.com\/2025\/08\/11\/mercato-lucas-chevalier-rejoint-le-psg\/\"]}]},{\"@type\":\"BreadcrumbList\",\"@id\":\"https:\/\/www.nettali.com\/2025\/08\/11\/mercato-lucas-chevalier-rejoint-le-psg\/#breadcrumb\",\"itemListElement\":[{\"@type\":\"ListItem\",\"position\":1,\"name\":\"Accueil\",\"item\":\"https:\/\/www.nettali.com\/\"},{\"@type\":\"ListItem\",\"position\":2,\"name\":\"MERCATO - Lucas Chevalier rejoint le PSG\\u00a0\"}]},{\"@type\":\"Person\",\"@id\":\"https:\/\/www.nettali.com\/#\/schema\/person\/bb147657c2986240405a608162b9bb23\",\"name\":\"Ibrahima\",\"image\":{\"@type\":\"ImageObject\",\"@id\":\"https:\/\/www.nettali.com\/#personlogo\",\"inLanguage\":\"fr-FR\",\"url\":\"https:\/\/secure.gravatar.com\/avatar\/26a8a81f09f0dd7624c9d5c36c9ba3a2?s=96&d=mm&r=g\",\"contentUrl\":\"https:\/\/secure.gravatar.com\/avatar\/26a8a81f09f0dd7624c9d5c36c9ba3a2?s=96&d=mm&r=g\",\"caption\":\"Ibrahima\"},\"sameAs\":[\"https:\/\/www.nettali.com\"]}]}<\/script>\n<!-- \/ Yoast SEO Premium plugin. -->","yoast_head_json":{"title":"MERCATO - Lucas Chevalier rejoint le PSG\u00a0 | Nettali.com","robots":{"index":"index","follow":"follow","max-snippet":"max-snippet:-1","max-image-preview":"max-image-preview:large","max-video-preview":"max-video-preview:-1"},"canonical":"https:\/\/www.nettali.com\/2025\/08\/11\/mercato-lucas-chevalier-rejoint-le-psg\/","og_locale":"fr_FR","og_type":"article","og_title":"MERCATO - Lucas Chevalier rejoint le PSG\u00a0","og_description":"NETTALI.COM - Apr\u00e8s plusieurs mois semaines de n\u00e9gociations, le Paris Saint-Germain a enfin r\u00e9ussi \u00e0 enr\u00f4ler Lucas Chevalier. Le gardien international fran\u00e7ais arrive dans la capitale fran\u00e7aise en provenance du LOSC. Il est le premier renfort du PSG cet \u00e9t\u00e9. L\u2019un des feuilletons du mercato estival vient de prendre fin. Agac\u00e9 par les exigences de [&hellip;]","og_url":"https:\/\/www.nettali.com\/2025\/08\/11\/mercato-lucas-chevalier-rejoint-le-psg\/","og_site_name":"Nettali.com","article_publisher":"https:\/\/www.facebook.com\/nettalicom","article_published_time":"2025-08-11T06:25:22+00:00","og_image":[{"width":1920,"height":1080,"url":"https:\/\/www.nettali.com\/wp-content\/uploads\/2025\/08\/unnamed.jpg.jpg","type":"image\/jpeg"}],"twitter_card":"summary_large_image","twitter_misc":{"\u00c9crit par":"Ibrahima","Dur\u00e9e de lecture estim\u00e9e":"2 minutes"},"schema":{"@context":"https:\/\/schema.org","@graph":[{"@type":"WebSite","@id":"https:\/\/www.nettali.com\/#website","url":"https:\/\/www.nettali.com\/","name":"Nettali.com","description":"Le rendez-vous critique du Net","potentialAction":[{"@type":"SearchAction","target":{"@type":"EntryPoint","urlTemplate":"https:\/\/www.nettali.com\/?s={search_term_string}"},"query-input":"required name=search_term_string"}],"inLanguage":"fr-FR"},{"@type":"ImageObject","@id":"https:\/\/www.nettali.com\/2025\/08\/11\/mercato-lucas-chevalier-rejoint-le-psg\/#primaryimage","inLanguage":"fr-FR","url":"https:\/\/www.nettali.com\/wp-content\/uploads\/2025\/08\/unnamed.jpg.jpg","contentUrl":"https:\/\/www.nettali.com\/wp-content\/uploads\/2025\/08\/unnamed.jpg.jpg","width":1920,"height":1080},{"@type":"WebPage","@id":"https:\/\/www.nettali.com\/2025\/08\/11\/mercato-lucas-chevalier-rejoint-le-psg\/#webpage","url":"https:\/\/www.nettali.com\/2025\/08\/11\/mercato-lucas-chevalier-rejoint-le-psg\/","name":"MERCATO - Lucas Chevalier rejoint le PSG\u00a0 | Nettali.com","isPartOf":{"@id":"https:\/\/www.nettali.com\/#website"},"primaryImageOfPage":{"@id":"https:\/\/www.nettali.com\/2025\/08\/11\/mercato-lucas-chevalier-rejoint-le-psg\/#primaryimage"},"datePublished":"2025-08-11T06:25:22+00:00","dateModified":"2025-08-11T06:25:22+00:00","author":{"@id":"https:\/\/www.nettali.com\/#\/schema\/person\/bb147657c2986240405a608162b9bb23"},"breadcrumb":{"@id":"https:\/\/www.nettali.com\/2025\/08\/11\/mercato-lucas-chevalier-rejoint-le-psg\/#breadcrumb"},"inLanguage":"fr-FR","potentialAction":[{"@type":"ReadAction","target":["https:\/\/www.nettali.com\/2025\/08\/11\/mercato-lucas-chevalier-rejoint-le-psg\/"]}]},{"@type":"BreadcrumbList","@id":"https:\/\/www.nettali.com\/2025\/08\/11\/mercato-lucas-chevalier-rejoint-le-psg\/#breadcrumb","itemListElement":[{"@type":"ListItem","position":1,"name":"Accueil","item":"https:\/\/www.nettali.com\/"},{"@type":"ListItem","position":2,"name":"MERCATO - Lucas Chevalier rejoint le PSG\u00a0"}]},{"@type":"Person","@id":"https:\/\/www.nettali.com\/#\/schema\/person\/bb147657c2986240405a608162b9bb23","name":"Ibrahima","image":{"@type":"ImageObject","@id":"https:\/\/www.nettali.com\/#personlogo","inLanguage":"fr-FR","url":"https:\/\/secure.gravatar.com\/avatar\/26a8a81f09f0dd7624c9d5c36c9ba3a2?s=96&d=mm&r=g","contentUrl":"https:\/\/secure.gravatar.com\/avatar\/26a8a81f09f0dd7624c9d5c36c9ba3a2?s=96&d=mm&r=g","caption":"Ibrahima"},"sameAs":["https:\/\/www.nettali.com"]}]}},"_links":{"self":[{"href":"https:\/\/www.nettali.com\/rest\/wp\/v2\/posts\/159197"}],"collection":[{"href":"https:\/\/www.nettali.com\/rest\/wp\/v2\/posts"}],"about":[{"href":"https:\/\/www.nettali.com\/rest\/wp\/v2\/types\/post"}],"author":[{"embeddable":true,"href":"https:\/\/www.nettali.com\/rest\/wp\/v2\/users\/5"}],"replies":[{"embeddable":true,"href":"https:\/\/www.nettali.com\/rest\/wp\/v2\/comments?post=159197"}],"version-history":[{"count":1,"href":"https:\/\/www.nettali.com\/rest\/wp\/v2\/posts\/159197\/revisions"}],"predecessor-version":[{"id":159198,"href":"https:\/\/www.nettali.com\/rest\/wp\/v2\/posts\/159197\/revisions\/159198"}],"wp:featuredmedia":[{"embeddable":true,"href":"https:\/\/www.nettali.com\/rest\/wp\/v2\/media\/159195"}],"wp:attachment":[{"href":"https:\/\/www.nettali.com\/rest\/wp\/v2\/media?parent=159197"}],"wp:term":[{"taxonomy":"category","embeddable":true,"href":"https:\/\/www.nettali.com\/rest\/wp\/v2\/categories?post=159197"},{"taxonomy":"post_tag","embeddable":true,"href":"https:\/\/www.nettali.com\/rest\/wp\/v2\/tags?post=159197"}],"curies":[{"name":"wp","href":"https:\/\/api.w.org\/{rel}","templated":true}]}}