{"id":159188,"date":"2025-08-10T18:06:43","date_gmt":"2025-08-10T18:06:43","guid":{"rendered":"https:\/\/www.nettali.com\/?p=159188"},"modified":"2025-08-10T18:06:43","modified_gmt":"2025-08-10T18:06:43","slug":"enquete-sur-les-violences-politiques-entre-2021-et-2024-le-depute-guy-marius-sagna-fustige-la-lenteur-de-la-justice","status":"publish","type":"post","link":"https:\/\/www.nettali.com\/2025\/08\/10\/enquete-sur-les-violences-politiques-entre-2021-et-2024-le-depute-guy-marius-sagna-fustige-la-lenteur-de-la-justice\/","title":{"rendered":"ENQU\u00caTE SUR LES VIOLENCES POLITIQUES ENTRE 2021 ET 2024- Le d\u00e9put\u00e9 Guy Marius Sagna fustige la lenteur de la Justice\u00a0"},"content":{"rendered":"<p><strong>NETTALI.COM-\u00a0La justice S\u00e9n\u00e9galaise a ordonn\u00e9 l\u2019ouverture d\u2019une enqu\u00eate sur les plus de 80 morts lors des manifestations entre 2021 et 2024 sous la pr\u00e9sidence de Macky Sall. Invit\u00e9 de l\u2019\u00e9mission jury du dimanche, le d\u00e9put\u00e9 militant Guy Marius Sagna estime cette d\u00e9marche bien que tardive est cruciale pour honorer les victimes, \u00e9tablir la v\u00e9rit\u00e9 et lutter contre l\u2019impunit\u00e9. <\/strong><\/p>\n<p>Invit\u00e9 devant le jury du dimanche, le d\u00e9put\u00e9 Guy Marius a salu\u00e9 la d\u00e9cision de la justice s\u00e9n\u00e9galaise d\u2019ouvrir une enqu\u00eate sur les 80 morts survenus lors des manifestations entre 2021 et 2024.<\/p>\n<p>\u00ab <em>Nous ne pouvons pas, je ne peux pas, ne pas suivre de pr\u00e8s ce dossier parce que ce sont des camarades, ce sont des fr\u00e8res de combat qui sont devenus martyrs par la faute du culuna en chef Macky Sall et de ses partisans qui les ont assassin\u00e9 pour pouvoir perp\u00e9tuer le r\u00e9gime n\u00e9o-colonial, le r\u00e9gime parasitaire . Oui, ses camarades, ses fr\u00e8res de combat, nous ne pouvons pas les oublier pour deux raisons pour leur m\u00e9moire, pour leur sacrifice, pour leur martyr, mais nous ne pouvons pas les oublier parce que, apporter lumi\u00e8re et v\u00e9rit\u00e9 et justice \u00e0 leur assassinat, c\u2019est la meilleure mani\u00e8re de dire plus jamais cela<\/em> \u00bb a-t-il soutenu.<\/p>\n<p>Il ajoute : \u00ab<em> nous ne voulons plus qu\u2019au S\u00e9n\u00e9gal, que toute la R\u00e9publique soit mobilis\u00e9e contre un homme Ousmane Sonko, contre un parti Pastef contre des citoyens qui veulent le changement. Donc, la meilleure mani\u00e8re de dire plus jamais cela, c\u2019est de mettre la lumi\u00e8re, la v\u00e9rit\u00e9 sur ces plus de 80 morts .Qu\u2019on puisse savoir qui les a assassin\u00e9s, dans quelle circonstance ils ont \u00e9t\u00e9 assassin\u00e9 et pour que justice soit rendu afin que tout le monde sache que rien ne sera impuni et que si jamais quelqu\u2019un s\u2019aventure \u00e0 faire ce que les culunas , Macky Sall et ses partisans ont fait il vous arrivera la m\u00eame chose que ceux qui ont assassin\u00e9 les plus de 80 martyrs<\/em> \u00bb.<\/p>\n<p>C\u2019est pourquoi, dit-il : \u00ab <em>je suis avec un int\u00e9r\u00eat particulier ce dossier c\u2019est pour \u00e7a oui je salue les actes qui ont \u00e9t\u00e9 pos\u00e9s dans ces directions depuis lors m\u00eame si je le redit je trouve que c\u2019est encore lent que c\u2019est encore tr\u00e8s lent et je demande que la cadence soit acc\u00e9l\u00e9r\u00e9e<\/em> \u00bb .<\/p>\n<p>&nbsp;<\/p>\n<p>&nbsp;<\/p>\n<p>&nbsp;<\/p>\n<p>&nbsp;<\/p>\n<div class='share-to-whatsapp-wrapper'><div class='share-on-whsp'>PARTAGER SUR : <\/div><a data-text='ENQU\u00caTE SUR LES VIOLENCES POLITIQUES ENTRE 2021 ET 2024- Le d\u00e9put\u00e9 Guy Marius Sagna fustige la lenteur de la Justice\u00a0' data-link='https:\/\/www.nettali.com\/2025\/08\/10\/enquete-sur-les-violences-politiques-entre-2021-et-2024-le-depute-guy-marius-sagna-fustige-la-lenteur-de-la-justice\/' class='whatsapp-button whatsapp-share'>WhatsApp<\/a><div class='clear '><\/div><\/div>","protected":false},"excerpt":{"rendered":"<p>NETTALI.COM-\u00a0La justice S\u00e9n\u00e9galaise a ordonn\u00e9 l\u2019ouverture d\u2019une enqu\u00eate sur les plus de 80 morts lors des manifestations entre 2021 et 2024 sous la pr\u00e9sidence de Macky Sall. Invit\u00e9 de l\u2019\u00e9mission jury du dimanche, le d\u00e9put\u00e9 militant Guy Marius Sagna estime cette d\u00e9marche bien que tardive est cruciale pour honorer les victimes, \u00e9tablir la v\u00e9rit\u00e9 et [&hellip;]<\/p>\n","protected":false},"author":6,"featured_media":133651,"comment_status":"open","ping_status":"open","sticky":false,"template":"","format":"standard","meta":{"_et_pb_use_builder":"","_et_pb_old_content":""},"categories":[2],"tags":[],"yoast_head":"<!-- This site is optimized with the Yoast SEO Premium plugin v17.8 (Yoast SEO v17.8) - https:\/\/yoast.com\/wordpress\/plugins\/seo\/ -->\n<title>ENQU\u00caTE SUR LES VIOLENCES POLITIQUES ENTRE 2021 ET 2024- Le d\u00e9put\u00e9 Guy Marius Sagna fustige la lenteur de la Justice\u00a0 | Nettali.com<\/title>\n<meta name=\"robots\" content=\"index, follow, max-snippet:-1, max-image-preview:large, max-video-preview:-1\" \/>\n<link rel=\"canonical\" href=\"https:\/\/www.nettali.com\/2025\/08\/10\/enquete-sur-les-violences-politiques-entre-2021-et-2024-le-depute-guy-marius-sagna-fustige-la-lenteur-de-la-justice\/\" \/>\n<meta property=\"og:locale\" content=\"fr_FR\" \/>\n<meta property=\"og:type\" content=\"article\" \/>\n<meta property=\"og:title\" content=\"ENQU\u00caTE SUR LES VIOLENCES POLITIQUES ENTRE 2021 ET 2024- Le d\u00e9put\u00e9 Guy Marius Sagna fustige la lenteur de la Justice\u00a0\" \/>\n<meta property=\"og:description\" content=\"NETTALI.COM-\u00a0La justice S\u00e9n\u00e9galaise a ordonn\u00e9 l\u2019ouverture d\u2019une enqu\u00eate sur les plus de 80 morts lors des manifestations entre 2021 et 2024 sous la pr\u00e9sidence de Macky Sall. Invit\u00e9 de l\u2019\u00e9mission jury du dimanche, le d\u00e9put\u00e9 militant Guy Marius Sagna estime cette d\u00e9marche bien que tardive est cruciale pour honorer les victimes, \u00e9tablir la v\u00e9rit\u00e9 et [&hellip;]\" \/>\n<meta property=\"og:url\" content=\"https:\/\/www.nettali.com\/2025\/08\/10\/enquete-sur-les-violences-politiques-entre-2021-et-2024-le-depute-guy-marius-sagna-fustige-la-lenteur-de-la-justice\/\" \/>\n<meta property=\"og:site_name\" content=\"Nettali.com\" \/>\n<meta property=\"article:publisher\" content=\"https:\/\/www.facebook.com\/nettalicom\" \/>\n<meta property=\"article:published_time\" content=\"2025-08-10T18:06:43+00:00\" \/>\n<meta property=\"og:image\" content=\"https:\/\/www.nettali.com\/wp-content\/uploads\/2024\/05\/guy-marius-sagna_13.jpg\" \/>\n\t<meta property=\"og:image:width\" content=\"650\" \/>\n\t<meta property=\"og:image:height\" content=\"433\" \/>\n<meta name=\"twitter:card\" content=\"summary_large_image\" \/>\n<meta name=\"twitter:label1\" content=\"\u00c9crit par\" \/>\n\t<meta name=\"twitter:data1\" content=\"Fatou\" \/>\n\t<meta name=\"twitter:label2\" content=\"Dur\u00e9e de lecture estim\u00e9e\" \/>\n\t<meta name=\"twitter:data2\" content=\"2 minutes\" \/>\n<script type=\"application\/ld+json\" class=\"yoast-schema-graph\">{\"@context\":\"https:\/\/schema.org\",\"@graph\":[{\"@type\":\"WebSite\",\"@id\":\"https:\/\/www.nettali.com\/#website\",\"url\":\"https:\/\/www.nettali.com\/\",\"name\":\"Nettali.com\",\"description\":\"Le rendez-vous critique du Net\",\"potentialAction\":[{\"@type\":\"SearchAction\",\"target\":{\"@type\":\"EntryPoint\",\"urlTemplate\":\"https:\/\/www.nettali.com\/?s={search_term_string}\"},\"query-input\":\"required name=search_term_string\"}],\"inLanguage\":\"fr-FR\"},{\"@type\":\"ImageObject\",\"@id\":\"https:\/\/www.nettali.com\/2025\/08\/10\/enquete-sur-les-violences-politiques-entre-2021-et-2024-le-depute-guy-marius-sagna-fustige-la-lenteur-de-la-justice\/#primaryimage\",\"inLanguage\":\"fr-FR\",\"url\":\"https:\/\/www.nettali.com\/wp-content\/uploads\/2024\/05\/guy-marius-sagna_13.jpg\",\"contentUrl\":\"https:\/\/www.nettali.com\/wp-content\/uploads\/2024\/05\/guy-marius-sagna_13.jpg\",\"width\":650,\"height\":433},{\"@type\":\"WebPage\",\"@id\":\"https:\/\/www.nettali.com\/2025\/08\/10\/enquete-sur-les-violences-politiques-entre-2021-et-2024-le-depute-guy-marius-sagna-fustige-la-lenteur-de-la-justice\/#webpage\",\"url\":\"https:\/\/www.nettali.com\/2025\/08\/10\/enquete-sur-les-violences-politiques-entre-2021-et-2024-le-depute-guy-marius-sagna-fustige-la-lenteur-de-la-justice\/\",\"name\":\"ENQU\\u00caTE SUR LES VIOLENCES POLITIQUES ENTRE 2021 ET 2024- Le d\\u00e9put\\u00e9 Guy Marius Sagna fustige la lenteur de la Justice\\u00a0 | Nettali.com\",\"isPartOf\":{\"@id\":\"https:\/\/www.nettali.com\/#website\"},\"primaryImageOfPage\":{\"@id\":\"https:\/\/www.nettali.com\/2025\/08\/10\/enquete-sur-les-violences-politiques-entre-2021-et-2024-le-depute-guy-marius-sagna-fustige-la-lenteur-de-la-justice\/#primaryimage\"},\"datePublished\":\"2025-08-10T18:06:43+00:00\",\"dateModified\":\"2025-08-10T18:06:43+00:00\",\"author\":{\"@id\":\"https:\/\/www.nettali.com\/#\/schema\/person\/418274a86bdf87caff7a3ef476bd0bbf\"},\"breadcrumb\":{\"@id\":\"https:\/\/www.nettali.com\/2025\/08\/10\/enquete-sur-les-violences-politiques-entre-2021-et-2024-le-depute-guy-marius-sagna-fustige-la-lenteur-de-la-justice\/#breadcrumb\"},\"inLanguage\":\"fr-FR\",\"potentialAction\":[{\"@type\":\"ReadAction\",\"target\":[\"https:\/\/www.nettali.com\/2025\/08\/10\/enquete-sur-les-violences-politiques-entre-2021-et-2024-le-depute-guy-marius-sagna-fustige-la-lenteur-de-la-justice\/\"]}]},{\"@type\":\"BreadcrumbList\",\"@id\":\"https:\/\/www.nettali.com\/2025\/08\/10\/enquete-sur-les-violences-politiques-entre-2021-et-2024-le-depute-guy-marius-sagna-fustige-la-lenteur-de-la-justice\/#breadcrumb\",\"itemListElement\":[{\"@type\":\"ListItem\",\"position\":1,\"name\":\"Accueil\",\"item\":\"https:\/\/www.nettali.com\/\"},{\"@type\":\"ListItem\",\"position\":2,\"name\":\"ENQU\\u00caTE SUR LES VIOLENCES POLITIQUES ENTRE 2021 ET 2024- Le d\\u00e9put\\u00e9 Guy Marius Sagna fustige la lenteur de la Justice\\u00a0\"}]},{\"@type\":\"Person\",\"@id\":\"https:\/\/www.nettali.com\/#\/schema\/person\/418274a86bdf87caff7a3ef476bd0bbf\",\"name\":\"Fatou\",\"image\":{\"@type\":\"ImageObject\",\"@id\":\"https:\/\/www.nettali.com\/#personlogo\",\"inLanguage\":\"fr-FR\",\"url\":\"https:\/\/secure.gravatar.com\/avatar\/5a9442a2bee7b4dcf167cab035858e9a?s=96&d=mm&r=g\",\"contentUrl\":\"https:\/\/secure.gravatar.com\/avatar\/5a9442a2bee7b4dcf167cab035858e9a?s=96&d=mm&r=g\",\"caption\":\"Fatou\"},\"sameAs\":[\"https:\/\/www.nettali.com\"]}]}<\/script>\n<!-- \/ Yoast SEO Premium plugin. -->","yoast_head_json":{"title":"ENQU\u00caTE SUR LES VIOLENCES POLITIQUES ENTRE 2021 ET 2024- Le d\u00e9put\u00e9 Guy Marius Sagna fustige la lenteur de la Justice\u00a0 | Nettali.com","robots":{"index":"index","follow":"follow","max-snippet":"max-snippet:-1","max-image-preview":"max-image-preview:large","max-video-preview":"max-video-preview:-1"},"canonical":"https:\/\/www.nettali.com\/2025\/08\/10\/enquete-sur-les-violences-politiques-entre-2021-et-2024-le-depute-guy-marius-sagna-fustige-la-lenteur-de-la-justice\/","og_locale":"fr_FR","og_type":"article","og_title":"ENQU\u00caTE SUR LES VIOLENCES POLITIQUES ENTRE 2021 ET 2024- Le d\u00e9put\u00e9 Guy Marius Sagna fustige la lenteur de la Justice\u00a0","og_description":"NETTALI.COM-\u00a0La justice S\u00e9n\u00e9galaise a ordonn\u00e9 l\u2019ouverture d\u2019une enqu\u00eate sur les plus de 80 morts lors des manifestations entre 2021 et 2024 sous la pr\u00e9sidence de Macky Sall. Invit\u00e9 de l\u2019\u00e9mission jury du dimanche, le d\u00e9put\u00e9 militant Guy Marius Sagna estime cette d\u00e9marche bien que tardive est cruciale pour honorer les victimes, \u00e9tablir la v\u00e9rit\u00e9 et [&hellip;]","og_url":"https:\/\/www.nettali.com\/2025\/08\/10\/enquete-sur-les-violences-politiques-entre-2021-et-2024-le-depute-guy-marius-sagna-fustige-la-lenteur-de-la-justice\/","og_site_name":"Nettali.com","article_publisher":"https:\/\/www.facebook.com\/nettalicom","article_published_time":"2025-08-10T18:06:43+00:00","og_image":[{"width":650,"height":433,"url":"https:\/\/www.nettali.com\/wp-content\/uploads\/2024\/05\/guy-marius-sagna_13.jpg","type":"image\/jpeg"}],"twitter_card":"summary_large_image","twitter_misc":{"\u00c9crit par":"Fatou","Dur\u00e9e de lecture estim\u00e9e":"2 minutes"},"schema":{"@context":"https:\/\/schema.org","@graph":[{"@type":"WebSite","@id":"https:\/\/www.nettali.com\/#website","url":"https:\/\/www.nettali.com\/","name":"Nettali.com","description":"Le rendez-vous critique du Net","potentialAction":[{"@type":"SearchAction","target":{"@type":"EntryPoint","urlTemplate":"https:\/\/www.nettali.com\/?s={search_term_string}"},"query-input":"required name=search_term_string"}],"inLanguage":"fr-FR"},{"@type":"ImageObject","@id":"https:\/\/www.nettali.com\/2025\/08\/10\/enquete-sur-les-violences-politiques-entre-2021-et-2024-le-depute-guy-marius-sagna-fustige-la-lenteur-de-la-justice\/#primaryimage","inLanguage":"fr-FR","url":"https:\/\/www.nettali.com\/wp-content\/uploads\/2024\/05\/guy-marius-sagna_13.jpg","contentUrl":"https:\/\/www.nettali.com\/wp-content\/uploads\/2024\/05\/guy-marius-sagna_13.jpg","width":650,"height":433},{"@type":"WebPage","@id":"https:\/\/www.nettali.com\/2025\/08\/10\/enquete-sur-les-violences-politiques-entre-2021-et-2024-le-depute-guy-marius-sagna-fustige-la-lenteur-de-la-justice\/#webpage","url":"https:\/\/www.nettali.com\/2025\/08\/10\/enquete-sur-les-violences-politiques-entre-2021-et-2024-le-depute-guy-marius-sagna-fustige-la-lenteur-de-la-justice\/","name":"ENQU\u00caTE SUR LES VIOLENCES POLITIQUES ENTRE 2021 ET 2024- Le d\u00e9put\u00e9 Guy Marius Sagna fustige la lenteur de la Justice\u00a0 | Nettali.com","isPartOf":{"@id":"https:\/\/www.nettali.com\/#website"},"primaryImageOfPage":{"@id":"https:\/\/www.nettali.com\/2025\/08\/10\/enquete-sur-les-violences-politiques-entre-2021-et-2024-le-depute-guy-marius-sagna-fustige-la-lenteur-de-la-justice\/#primaryimage"},"datePublished":"2025-08-10T18:06:43+00:00","dateModified":"2025-08-10T18:06:43+00:00","author":{"@id":"https:\/\/www.nettali.com\/#\/schema\/person\/418274a86bdf87caff7a3ef476bd0bbf"},"breadcrumb":{"@id":"https:\/\/www.nettali.com\/2025\/08\/10\/enquete-sur-les-violences-politiques-entre-2021-et-2024-le-depute-guy-marius-sagna-fustige-la-lenteur-de-la-justice\/#breadcrumb"},"inLanguage":"fr-FR","potentialAction":[{"@type":"ReadAction","target":["https:\/\/www.nettali.com\/2025\/08\/10\/enquete-sur-les-violences-politiques-entre-2021-et-2024-le-depute-guy-marius-sagna-fustige-la-lenteur-de-la-justice\/"]}]},{"@type":"BreadcrumbList","@id":"https:\/\/www.nettali.com\/2025\/08\/10\/enquete-sur-les-violences-politiques-entre-2021-et-2024-le-depute-guy-marius-sagna-fustige-la-lenteur-de-la-justice\/#breadcrumb","itemListElement":[{"@type":"ListItem","position":1,"name":"Accueil","item":"https:\/\/www.nettali.com\/"},{"@type":"ListItem","position":2,"name":"ENQU\u00caTE SUR LES VIOLENCES POLITIQUES ENTRE 2021 ET 2024- Le d\u00e9put\u00e9 Guy Marius Sagna fustige la lenteur de la Justice\u00a0"}]},{"@type":"Person","@id":"https:\/\/www.nettali.com\/#\/schema\/person\/418274a86bdf87caff7a3ef476bd0bbf","name":"Fatou","image":{"@type":"ImageObject","@id":"https:\/\/www.nettali.com\/#personlogo","inLanguage":"fr-FR","url":"https:\/\/secure.gravatar.com\/avatar\/5a9442a2bee7b4dcf167cab035858e9a?s=96&d=mm&r=g","contentUrl":"https:\/\/secure.gravatar.com\/avatar\/5a9442a2bee7b4dcf167cab035858e9a?s=96&d=mm&r=g","caption":"Fatou"},"sameAs":["https:\/\/www.nettali.com"]}]}},"_links":{"self":[{"href":"https:\/\/www.nettali.com\/rest\/wp\/v2\/posts\/159188"}],"collection":[{"href":"https:\/\/www.nettali.com\/rest\/wp\/v2\/posts"}],"about":[{"href":"https:\/\/www.nettali.com\/rest\/wp\/v2\/types\/post"}],"author":[{"embeddable":true,"href":"https:\/\/www.nettali.com\/rest\/wp\/v2\/users\/6"}],"replies":[{"embeddable":true,"href":"https:\/\/www.nettali.com\/rest\/wp\/v2\/comments?post=159188"}],"version-history":[{"count":1,"href":"https:\/\/www.nettali.com\/rest\/wp\/v2\/posts\/159188\/revisions"}],"predecessor-version":[{"id":159189,"href":"https:\/\/www.nettali.com\/rest\/wp\/v2\/posts\/159188\/revisions\/159189"}],"wp:featuredmedia":[{"embeddable":true,"href":"https:\/\/www.nettali.com\/rest\/wp\/v2\/media\/133651"}],"wp:attachment":[{"href":"https:\/\/www.nettali.com\/rest\/wp\/v2\/media?parent=159188"}],"wp:term":[{"taxonomy":"category","embeddable":true,"href":"https:\/\/www.nettali.com\/rest\/wp\/v2\/categories?post=159188"},{"taxonomy":"post_tag","embeddable":true,"href":"https:\/\/www.nettali.com\/rest\/wp\/v2\/tags?post=159188"}],"curies":[{"name":"wp","href":"https:\/\/api.w.org\/{rel}","templated":true}]}}