{"id":159016,"date":"2025-08-07T06:34:46","date_gmt":"2025-08-07T06:34:46","guid":{"rendered":"https:\/\/www.nettali.com\/?p=159016"},"modified":"2025-08-07T22:08:51","modified_gmt":"2025-08-07T22:08:51","slug":"centre-talibou-dabo-le-ministere-de-la-sante-defie-la-cour-supreme-apres-lannulation-dun-arrete-de-nomination","status":"publish","type":"post","link":"https:\/\/www.nettali.com\/2025\/08\/07\/centre-talibou-dabo-le-ministere-de-la-sante-defie-la-cour-supreme-apres-lannulation-dun-arrete-de-nomination\/","title":{"rendered":"CENTRE TALIBOU DABO - Le minist\u00e8re de la Sant\u00e9 d\u00e9fie la Cour supr\u00eame apr\u00e8s l\u2019annulation d\u2019un arr\u00eat\u00e9 de nomination\u00a0"},"content":{"rendered":"<p data-start=\"198\" data-end=\"501\"><strong data-start=\"198\" data-end=\"501\">NETTALI.COM - Apr\u00e8s l\u2019annulation par la Cour supr\u00eame d\u2019un arr\u00eat\u00e9 de nomination \u00e0 la t\u00eate du Centre Talibou Dabo, le minist\u00e8re de la Sant\u00e9 et de l\u2019Action sociale est sorti de son silence. Dans un communiqu\u00e9 diffus\u00e9 ce mercredi 6 ao\u00fbt, il apporte des pr\u00e9cisions et r\u00e9affirme la r\u00e9gularit\u00e9 de la nomination actuelle.<\/strong><\/p>\n<p data-start=\"503\" data-end=\"898\">La d\u00e9cision de la Cour supr\u00eame, rendue le 8 mai 2025 sous le n\u00b031, annule l\u2019arr\u00eat\u00e9 minist\u00e9riel du 1er ao\u00fbt 2024 qui avait mis fin aux fonctions du Directeur du Centre Talibou Dabo. Ce recours avait \u00e9t\u00e9 introduit par l\u2019ancien Directeur, nomm\u00e9 par d\u00e9cret en 2019, au nom du principe du parall\u00e9lisme des formes. Il estimait que son remplacement aurait \u00e9galement d\u00fb se faire par d\u00e9cret pr\u00e9sidentiel.<\/p>\n<p data-start=\"900\" data-end=\"1271\">Mais dans sa r\u00e9ponse officielle, le minist\u00e8re de la Sant\u00e9 affirme que la nomination de l\u2019actuel Directeur est parfaitement conforme \u00e0 la l\u00e9gislation en vigueur, notamment \u00e0 l\u2019article 89 du d\u00e9cret n\u00b02020-936 portant organisation du minist\u00e8re, modifi\u00e9 en 2023, qui dispose que <em>\u00ab les Chefs de Service et les Chefs de Cellule sont nomm\u00e9s par arr\u00eat\u00e9 du Ministre \u00bb<\/em>.<\/p>\n<p data-start=\"1273\" data-end=\"1500\">Le minist\u00e8re rappelle par ailleurs qu\u2019avant la nomination par d\u00e9cret de 2019, un autre Directeur du Centre avait \u00e9t\u00e9 nomm\u00e9 par arr\u00eat\u00e9 minist\u00e9riel en 2018, illustrant ainsi la souplesse du cadre juridique selon les p\u00e9riodes.<\/p>\n<h3 data-start=\"1502\" data-end=\"1536\">Une r\u00e9gularisation post\u00e9rieure<\/h3>\n<p data-start=\"1538\" data-end=\"1938\">Toujours selon le communiqu\u00e9, le minist\u00e8re a rapidement r\u00e9agi \u00e0 la proc\u00e9dure judiciaire. Apr\u00e8s l\u2019introduction du recours et la suspension de l\u2019arr\u00eat\u00e9 contest\u00e9, le ministre a obtenu un d\u00e9cret pr\u00e9sidentiel dat\u00e9 du 15 novembre 2024 mettant fin aux fonctions du Directeur sortant. Un nouvel arr\u00eat\u00e9, en date du 20 novembre 2024, est alors venu officialiser la nomination de l\u2019actuel Directeur.<\/p>\n<p data-start=\"1940\" data-end=\"2263\">Ainsi, pour l\u2019administration, cette nouvelle proc\u00e9dure <em>\u00ab corrige toute \u00e9ventuelle irr\u00e9gularit\u00e9 initiale \u00bb<\/em> et s\u00e9curise juridiquement la situation. Le communiqu\u00e9 pr\u00e9cise \u00e9galement que l\u2019article 89 s\u2019applique \u00e0 toutes les situations post\u00e9rieures \u00e0 son entr\u00e9e en vigueur, sans effet r\u00e9troactif sur les actes ant\u00e9rieurs.<\/p>\n<p data-start=\"2265\" data-end=\"2426\">En somme, le minist\u00e8re campe sur sa position : la nomination du Directeur du Centre Talibou Dabo est r\u00e9guli\u00e8re et conforme au cadre r\u00e9glementaire en vigueur.<\/p>\n<div class='share-to-whatsapp-wrapper'><div class='share-on-whsp'>PARTAGER SUR : <\/div><a data-text='CENTRE TALIBOU DABO - Le minist\u00e8re de la Sant\u00e9 d\u00e9fie la Cour supr\u00eame apr\u00e8s l\u2019annulation d\u2019un arr\u00eat\u00e9 de nomination\u00a0' data-link='https:\/\/www.nettali.com\/2025\/08\/07\/centre-talibou-dabo-le-ministere-de-la-sante-defie-la-cour-supreme-apres-lannulation-dun-arrete-de-nomination\/' class='whatsapp-button whatsapp-share'>WhatsApp<\/a><div class='clear '><\/div><\/div>","protected":false},"excerpt":{"rendered":"<p>NETTALI.COM - Apr\u00e8s l\u2019annulation par la Cour supr\u00eame d\u2019un arr\u00eat\u00e9 de nomination \u00e0 la t\u00eate du Centre Talibou Dabo, le minist\u00e8re de la Sant\u00e9 et de l\u2019Action sociale est sorti de son silence. Dans un communiqu\u00e9 diffus\u00e9 ce mercredi 6 ao\u00fbt, il apporte des pr\u00e9cisions et r\u00e9affirme la r\u00e9gularit\u00e9 de la nomination actuelle. La d\u00e9cision [&hellip;]<\/p>\n","protected":false},"author":4,"featured_media":149925,"comment_status":"open","ping_status":"open","sticky":false,"template":"","format":"standard","meta":{"_et_pb_use_builder":"","_et_pb_old_content":""},"categories":[3],"tags":[],"yoast_head":"<!-- This site is optimized with the Yoast SEO Premium plugin v17.8 (Yoast SEO v17.8) - https:\/\/yoast.com\/wordpress\/plugins\/seo\/ -->\n<title>CENTRE TALIBOU DABO - Le minist\u00e8re de la Sant\u00e9 d\u00e9fie la Cour supr\u00eame apr\u00e8s l\u2019annulation d\u2019un arr\u00eat\u00e9 de nomination\u00a0 | Nettali.com<\/title>\n<meta name=\"robots\" content=\"index, follow, max-snippet:-1, max-image-preview:large, max-video-preview:-1\" \/>\n<link rel=\"canonical\" href=\"https:\/\/www.nettali.com\/2025\/08\/07\/centre-talibou-dabo-le-ministere-de-la-sante-defie-la-cour-supreme-apres-lannulation-dun-arrete-de-nomination\/\" \/>\n<meta property=\"og:locale\" content=\"fr_FR\" \/>\n<meta property=\"og:type\" content=\"article\" \/>\n<meta property=\"og:title\" content=\"CENTRE TALIBOU DABO - Le minist\u00e8re de la Sant\u00e9 d\u00e9fie la Cour supr\u00eame apr\u00e8s l\u2019annulation d\u2019un arr\u00eat\u00e9 de nomination\u00a0\" \/>\n<meta property=\"og:description\" content=\"NETTALI.COM - Apr\u00e8s l\u2019annulation par la Cour supr\u00eame d\u2019un arr\u00eat\u00e9 de nomination \u00e0 la t\u00eate du Centre Talibou Dabo, le minist\u00e8re de la Sant\u00e9 et de l\u2019Action sociale est sorti de son silence. Dans un communiqu\u00e9 diffus\u00e9 ce mercredi 6 ao\u00fbt, il apporte des pr\u00e9cisions et r\u00e9affirme la r\u00e9gularit\u00e9 de la nomination actuelle. La d\u00e9cision [&hellip;]\" \/>\n<meta property=\"og:url\" content=\"https:\/\/www.nettali.com\/2025\/08\/07\/centre-talibou-dabo-le-ministere-de-la-sante-defie-la-cour-supreme-apres-lannulation-dun-arrete-de-nomination\/\" \/>\n<meta property=\"og:site_name\" content=\"Nettali.com\" \/>\n<meta property=\"article:publisher\" content=\"https:\/\/www.facebook.com\/nettalicom\" \/>\n<meta property=\"article:published_time\" content=\"2025-08-07T06:34:46+00:00\" \/>\n<meta property=\"article:modified_time\" content=\"2025-08-07T22:08:51+00:00\" \/>\n<meta property=\"og:image\" content=\"https:\/\/www.nettali.com\/wp-content\/uploads\/2025\/02\/Ministre-sante.png\" \/>\n\t<meta property=\"og:image:width\" content=\"986\" \/>\n\t<meta property=\"og:image:height\" content=\"528\" \/>\n<meta name=\"twitter:card\" content=\"summary_large_image\" \/>\n<meta name=\"twitter:label1\" content=\"\u00c9crit par\" \/>\n\t<meta name=\"twitter:data1\" content=\"Daouda\" \/>\n\t<meta name=\"twitter:label2\" content=\"Dur\u00e9e de lecture estim\u00e9e\" \/>\n\t<meta name=\"twitter:data2\" content=\"2 minutes\" \/>\n<script type=\"application\/ld+json\" class=\"yoast-schema-graph\">{\"@context\":\"https:\/\/schema.org\",\"@graph\":[{\"@type\":\"WebSite\",\"@id\":\"https:\/\/www.nettali.com\/#website\",\"url\":\"https:\/\/www.nettali.com\/\",\"name\":\"Nettali.com\",\"description\":\"Le rendez-vous critique du Net\",\"potentialAction\":[{\"@type\":\"SearchAction\",\"target\":{\"@type\":\"EntryPoint\",\"urlTemplate\":\"https:\/\/www.nettali.com\/?s={search_term_string}\"},\"query-input\":\"required name=search_term_string\"}],\"inLanguage\":\"fr-FR\"},{\"@type\":\"ImageObject\",\"@id\":\"https:\/\/www.nettali.com\/2025\/08\/07\/centre-talibou-dabo-le-ministere-de-la-sante-defie-la-cour-supreme-apres-lannulation-dun-arrete-de-nomination\/#primaryimage\",\"inLanguage\":\"fr-FR\",\"url\":\"https:\/\/www.nettali.com\/wp-content\/uploads\/2025\/02\/Ministre-sante.png\",\"contentUrl\":\"https:\/\/www.nettali.com\/wp-content\/uploads\/2025\/02\/Ministre-sante.png\",\"width\":986,\"height\":528},{\"@type\":\"WebPage\",\"@id\":\"https:\/\/www.nettali.com\/2025\/08\/07\/centre-talibou-dabo-le-ministere-de-la-sante-defie-la-cour-supreme-apres-lannulation-dun-arrete-de-nomination\/#webpage\",\"url\":\"https:\/\/www.nettali.com\/2025\/08\/07\/centre-talibou-dabo-le-ministere-de-la-sante-defie-la-cour-supreme-apres-lannulation-dun-arrete-de-nomination\/\",\"name\":\"CENTRE TALIBOU DABO - Le minist\\u00e8re de la Sant\\u00e9 d\\u00e9fie la Cour supr\\u00eame apr\\u00e8s l\\u2019annulation d\\u2019un arr\\u00eat\\u00e9 de nomination\\u00a0 | Nettali.com\",\"isPartOf\":{\"@id\":\"https:\/\/www.nettali.com\/#website\"},\"primaryImageOfPage\":{\"@id\":\"https:\/\/www.nettali.com\/2025\/08\/07\/centre-talibou-dabo-le-ministere-de-la-sante-defie-la-cour-supreme-apres-lannulation-dun-arrete-de-nomination\/#primaryimage\"},\"datePublished\":\"2025-08-07T06:34:46+00:00\",\"dateModified\":\"2025-08-07T22:08:51+00:00\",\"author\":{\"@id\":\"https:\/\/www.nettali.com\/#\/schema\/person\/3317e0bb3aa1da309fbf7b2780901bf4\"},\"breadcrumb\":{\"@id\":\"https:\/\/www.nettali.com\/2025\/08\/07\/centre-talibou-dabo-le-ministere-de-la-sante-defie-la-cour-supreme-apres-lannulation-dun-arrete-de-nomination\/#breadcrumb\"},\"inLanguage\":\"fr-FR\",\"potentialAction\":[{\"@type\":\"ReadAction\",\"target\":[\"https:\/\/www.nettali.com\/2025\/08\/07\/centre-talibou-dabo-le-ministere-de-la-sante-defie-la-cour-supreme-apres-lannulation-dun-arrete-de-nomination\/\"]}]},{\"@type\":\"BreadcrumbList\",\"@id\":\"https:\/\/www.nettali.com\/2025\/08\/07\/centre-talibou-dabo-le-ministere-de-la-sante-defie-la-cour-supreme-apres-lannulation-dun-arrete-de-nomination\/#breadcrumb\",\"itemListElement\":[{\"@type\":\"ListItem\",\"position\":1,\"name\":\"Accueil\",\"item\":\"https:\/\/www.nettali.com\/\"},{\"@type\":\"ListItem\",\"position\":2,\"name\":\"CENTRE TALIBOU DABO - Le minist\\u00e8re de la Sant\\u00e9 d\\u00e9fie la Cour supr\\u00eame apr\\u00e8s l\\u2019annulation d\\u2019un arr\\u00eat\\u00e9 de nomination\\u00a0\"}]},{\"@type\":\"Person\",\"@id\":\"https:\/\/www.nettali.com\/#\/schema\/person\/3317e0bb3aa1da309fbf7b2780901bf4\",\"name\":\"Daouda\",\"image\":{\"@type\":\"ImageObject\",\"@id\":\"https:\/\/www.nettali.com\/#personlogo\",\"inLanguage\":\"fr-FR\",\"url\":\"https:\/\/secure.gravatar.com\/avatar\/8d143b5a49345098ddcfee1c49c2f47c?s=96&d=mm&r=g\",\"contentUrl\":\"https:\/\/secure.gravatar.com\/avatar\/8d143b5a49345098ddcfee1c49c2f47c?s=96&d=mm&r=g\",\"caption\":\"Daouda\"},\"sameAs\":[\"https:\/\/www.nettali.com\"]}]}<\/script>\n<!-- \/ Yoast SEO Premium plugin. -->","yoast_head_json":{"title":"CENTRE TALIBOU DABO - Le minist\u00e8re de la Sant\u00e9 d\u00e9fie la Cour supr\u00eame apr\u00e8s l\u2019annulation d\u2019un arr\u00eat\u00e9 de nomination\u00a0 | Nettali.com","robots":{"index":"index","follow":"follow","max-snippet":"max-snippet:-1","max-image-preview":"max-image-preview:large","max-video-preview":"max-video-preview:-1"},"canonical":"https:\/\/www.nettali.com\/2025\/08\/07\/centre-talibou-dabo-le-ministere-de-la-sante-defie-la-cour-supreme-apres-lannulation-dun-arrete-de-nomination\/","og_locale":"fr_FR","og_type":"article","og_title":"CENTRE TALIBOU DABO - Le minist\u00e8re de la Sant\u00e9 d\u00e9fie la Cour supr\u00eame apr\u00e8s l\u2019annulation d\u2019un arr\u00eat\u00e9 de nomination\u00a0","og_description":"NETTALI.COM - Apr\u00e8s l\u2019annulation par la Cour supr\u00eame d\u2019un arr\u00eat\u00e9 de nomination \u00e0 la t\u00eate du Centre Talibou Dabo, le minist\u00e8re de la Sant\u00e9 et de l\u2019Action sociale est sorti de son silence. Dans un communiqu\u00e9 diffus\u00e9 ce mercredi 6 ao\u00fbt, il apporte des pr\u00e9cisions et r\u00e9affirme la r\u00e9gularit\u00e9 de la nomination actuelle. La d\u00e9cision [&hellip;]","og_url":"https:\/\/www.nettali.com\/2025\/08\/07\/centre-talibou-dabo-le-ministere-de-la-sante-defie-la-cour-supreme-apres-lannulation-dun-arrete-de-nomination\/","og_site_name":"Nettali.com","article_publisher":"https:\/\/www.facebook.com\/nettalicom","article_published_time":"2025-08-07T06:34:46+00:00","article_modified_time":"2025-08-07T22:08:51+00:00","og_image":[{"width":986,"height":528,"url":"https:\/\/www.nettali.com\/wp-content\/uploads\/2025\/02\/Ministre-sante.png","type":"image\/png"}],"twitter_card":"summary_large_image","twitter_misc":{"\u00c9crit par":"Daouda","Dur\u00e9e de lecture estim\u00e9e":"2 minutes"},"schema":{"@context":"https:\/\/schema.org","@graph":[{"@type":"WebSite","@id":"https:\/\/www.nettali.com\/#website","url":"https:\/\/www.nettali.com\/","name":"Nettali.com","description":"Le rendez-vous critique du Net","potentialAction":[{"@type":"SearchAction","target":{"@type":"EntryPoint","urlTemplate":"https:\/\/www.nettali.com\/?s={search_term_string}"},"query-input":"required name=search_term_string"}],"inLanguage":"fr-FR"},{"@type":"ImageObject","@id":"https:\/\/www.nettali.com\/2025\/08\/07\/centre-talibou-dabo-le-ministere-de-la-sante-defie-la-cour-supreme-apres-lannulation-dun-arrete-de-nomination\/#primaryimage","inLanguage":"fr-FR","url":"https:\/\/www.nettali.com\/wp-content\/uploads\/2025\/02\/Ministre-sante.png","contentUrl":"https:\/\/www.nettali.com\/wp-content\/uploads\/2025\/02\/Ministre-sante.png","width":986,"height":528},{"@type":"WebPage","@id":"https:\/\/www.nettali.com\/2025\/08\/07\/centre-talibou-dabo-le-ministere-de-la-sante-defie-la-cour-supreme-apres-lannulation-dun-arrete-de-nomination\/#webpage","url":"https:\/\/www.nettali.com\/2025\/08\/07\/centre-talibou-dabo-le-ministere-de-la-sante-defie-la-cour-supreme-apres-lannulation-dun-arrete-de-nomination\/","name":"CENTRE TALIBOU DABO - Le minist\u00e8re de la Sant\u00e9 d\u00e9fie la Cour supr\u00eame apr\u00e8s l\u2019annulation d\u2019un arr\u00eat\u00e9 de nomination\u00a0 | Nettali.com","isPartOf":{"@id":"https:\/\/www.nettali.com\/#website"},"primaryImageOfPage":{"@id":"https:\/\/www.nettali.com\/2025\/08\/07\/centre-talibou-dabo-le-ministere-de-la-sante-defie-la-cour-supreme-apres-lannulation-dun-arrete-de-nomination\/#primaryimage"},"datePublished":"2025-08-07T06:34:46+00:00","dateModified":"2025-08-07T22:08:51+00:00","author":{"@id":"https:\/\/www.nettali.com\/#\/schema\/person\/3317e0bb3aa1da309fbf7b2780901bf4"},"breadcrumb":{"@id":"https:\/\/www.nettali.com\/2025\/08\/07\/centre-talibou-dabo-le-ministere-de-la-sante-defie-la-cour-supreme-apres-lannulation-dun-arrete-de-nomination\/#breadcrumb"},"inLanguage":"fr-FR","potentialAction":[{"@type":"ReadAction","target":["https:\/\/www.nettali.com\/2025\/08\/07\/centre-talibou-dabo-le-ministere-de-la-sante-defie-la-cour-supreme-apres-lannulation-dun-arrete-de-nomination\/"]}]},{"@type":"BreadcrumbList","@id":"https:\/\/www.nettali.com\/2025\/08\/07\/centre-talibou-dabo-le-ministere-de-la-sante-defie-la-cour-supreme-apres-lannulation-dun-arrete-de-nomination\/#breadcrumb","itemListElement":[{"@type":"ListItem","position":1,"name":"Accueil","item":"https:\/\/www.nettali.com\/"},{"@type":"ListItem","position":2,"name":"CENTRE TALIBOU DABO - Le minist\u00e8re de la Sant\u00e9 d\u00e9fie la Cour supr\u00eame apr\u00e8s l\u2019annulation d\u2019un arr\u00eat\u00e9 de nomination\u00a0"}]},{"@type":"Person","@id":"https:\/\/www.nettali.com\/#\/schema\/person\/3317e0bb3aa1da309fbf7b2780901bf4","name":"Daouda","image":{"@type":"ImageObject","@id":"https:\/\/www.nettali.com\/#personlogo","inLanguage":"fr-FR","url":"https:\/\/secure.gravatar.com\/avatar\/8d143b5a49345098ddcfee1c49c2f47c?s=96&d=mm&r=g","contentUrl":"https:\/\/secure.gravatar.com\/avatar\/8d143b5a49345098ddcfee1c49c2f47c?s=96&d=mm&r=g","caption":"Daouda"},"sameAs":["https:\/\/www.nettali.com"]}]}},"_links":{"self":[{"href":"https:\/\/www.nettali.com\/rest\/wp\/v2\/posts\/159016"}],"collection":[{"href":"https:\/\/www.nettali.com\/rest\/wp\/v2\/posts"}],"about":[{"href":"https:\/\/www.nettali.com\/rest\/wp\/v2\/types\/post"}],"author":[{"embeddable":true,"href":"https:\/\/www.nettali.com\/rest\/wp\/v2\/users\/4"}],"replies":[{"embeddable":true,"href":"https:\/\/www.nettali.com\/rest\/wp\/v2\/comments?post=159016"}],"version-history":[{"count":1,"href":"https:\/\/www.nettali.com\/rest\/wp\/v2\/posts\/159016\/revisions"}],"predecessor-version":[{"id":159021,"href":"https:\/\/www.nettali.com\/rest\/wp\/v2\/posts\/159016\/revisions\/159021"}],"wp:featuredmedia":[{"embeddable":true,"href":"https:\/\/www.nettali.com\/rest\/wp\/v2\/media\/149925"}],"wp:attachment":[{"href":"https:\/\/www.nettali.com\/rest\/wp\/v2\/media?parent=159016"}],"wp:term":[{"taxonomy":"category","embeddable":true,"href":"https:\/\/www.nettali.com\/rest\/wp\/v2\/categories?post=159016"},{"taxonomy":"post_tag","embeddable":true,"href":"https:\/\/www.nettali.com\/rest\/wp\/v2\/tags?post=159016"}],"curies":[{"name":"wp","href":"https:\/\/api.w.org\/{rel}","templated":true}]}}