{"id":159010,"date":"2025-08-07T06:22:33","date_gmt":"2025-08-07T06:22:33","guid":{"rendered":"https:\/\/www.nettali.com\/?p=159010"},"modified":"2025-08-07T06:22:33","modified_gmt":"2025-08-07T06:22:33","slug":"touba-un-jeune-homme-de-25-ans-se-noie-dans-un-bassin-de-retention","status":"publish","type":"post","link":"https:\/\/www.nettali.com\/2025\/08\/07\/touba-un-jeune-homme-de-25-ans-se-noie-dans-un-bassin-de-retention\/","title":{"rendered":"TOUBA  - Un jeune homme de 25 ans se noie dans un bassin de r\u00e9tention\u00a0"},"content":{"rendered":"<p><strong>NETTALI.COM-\u00a0Un drame est survenu mercredi en fin d\u2019apr\u00e8s-midi dans le quartier de Ndamatou, \u00e0 Touba. Un jeune homme a perdu la vie par noyade dans le bassin de Ng\u00e9lemou, un ouvrage hydraulique cens\u00e9 prot\u00e9ger la population des inondations, mais devenu source de danger.<\/strong><\/p>\n<p>\u00c0 Touba, les inondations continuent de faire des ravages, avec une nouvelle victime enregistr\u00e9e ce mercredi vers 18 heures. Bathie Diop, 25 ans, originaire de la ville sainte et fils de feu Bara Diop et de Mbayang Diop, s\u2019est noy\u00e9 dans le bassin de r\u00e9tention de Ng\u00e9lemou, situ\u00e9 dans le secteur de Ndamatou.<\/p>\n<p>Selon les informations recueillies aupr\u00e8s de sa famille, le jeune homme souffrait de troubles mentaux, ce qui pourrait avoir jou\u00e9 un r\u00f4le dans l'accident tragique.<\/p>\n<p>Le bassin de Ng\u00e9lemou, r\u00e9cemment inaugur\u00e9 dans le cadre des projets de lutte contre les inondations, est aujourd\u2019hui au bord de la saturation. Incapable de contenir le volume croissant des eaux de pluie, il repr\u00e9sente d\u00e9sormais un risque r\u00e9el pour les riverains. Ce d\u00e9c\u00e8s porte \u00e0 deux le nombre de personnes ayant p\u00e9ri dans ce bassin en moins de deux semaines.<\/p>\n<p>Sur place, les sapeurs-pompiers ont rapidement \u00e9t\u00e9 mobilis\u00e9s. Mais face \u00e0 la profondeur du bassin et \u00e0 l'absence de mat\u00e9riel adapt\u00e9, ils ont d\u00fb faire appel \u00e0 une \u00e9quipe de plongeurs sp\u00e9cialis\u00e9s bas\u00e9e \u00e0 Tivaouane pour proc\u00e9der \u00e0 la r\u00e9cup\u00e9ration du corps.<\/p>\n<p>Ce nouveau drame remet sur la table la question de la s\u00e9curisation des bassins de r\u00e9tention, en particulier dans les zones urbaines dens\u00e9ment peupl\u00e9es comme Touba. Alors que la saison des pluies bat son plein, les infrastructures cens\u00e9es prot\u00e9ger les habitants semblent peiner \u00e0 jouer pleinement leur r\u00f4le.<\/p>\n<div class='share-to-whatsapp-wrapper'><div class='share-on-whsp'>PARTAGER SUR : <\/div><a data-text='TOUBA  - Un jeune homme de 25 ans se noie dans un bassin de r\u00e9tention\u00a0' data-link='https:\/\/www.nettali.com\/2025\/08\/07\/touba-un-jeune-homme-de-25-ans-se-noie-dans-un-bassin-de-retention\/' class='whatsapp-button whatsapp-share'>WhatsApp<\/a><div class='clear '><\/div><\/div>","protected":false},"excerpt":{"rendered":"<p>NETTALI.COM-\u00a0Un drame est survenu mercredi en fin d\u2019apr\u00e8s-midi dans le quartier de Ndamatou, \u00e0 Touba. Un jeune homme a perdu la vie par noyade dans le bassin de Ng\u00e9lemou, un ouvrage hydraulique cens\u00e9 prot\u00e9ger la population des inondations, mais devenu source de danger. \u00c0 Touba, les inondations continuent de faire des ravages, avec une nouvelle [&hellip;]<\/p>\n","protected":false},"author":6,"featured_media":159011,"comment_status":"open","ping_status":"open","sticky":false,"template":"","format":"standard","meta":{"_et_pb_use_builder":"","_et_pb_old_content":""},"categories":[3],"tags":[],"yoast_head":"<!-- This site is optimized with the Yoast SEO Premium plugin v17.8 (Yoast SEO v17.8) - https:\/\/yoast.com\/wordpress\/plugins\/seo\/ -->\n<title>TOUBA - Un jeune homme de 25 ans se noie dans un bassin de r\u00e9tention\u00a0 | Nettali.com<\/title>\n<meta name=\"robots\" content=\"index, follow, max-snippet:-1, max-image-preview:large, max-video-preview:-1\" \/>\n<link rel=\"canonical\" href=\"https:\/\/www.nettali.com\/2025\/08\/07\/touba-un-jeune-homme-de-25-ans-se-noie-dans-un-bassin-de-retention\/\" \/>\n<meta property=\"og:locale\" content=\"fr_FR\" \/>\n<meta property=\"og:type\" content=\"article\" \/>\n<meta property=\"og:title\" content=\"TOUBA - Un jeune homme de 25 ans se noie dans un bassin de r\u00e9tention\u00a0\" \/>\n<meta property=\"og:description\" content=\"NETTALI.COM-\u00a0Un drame est survenu mercredi en fin d\u2019apr\u00e8s-midi dans le quartier de Ndamatou, \u00e0 Touba. Un jeune homme a perdu la vie par noyade dans le bassin de Ng\u00e9lemou, un ouvrage hydraulique cens\u00e9 prot\u00e9ger la population des inondations, mais devenu source de danger. \u00c0 Touba, les inondations continuent de faire des ravages, avec une nouvelle [&hellip;]\" \/>\n<meta property=\"og:url\" content=\"https:\/\/www.nettali.com\/2025\/08\/07\/touba-un-jeune-homme-de-25-ans-se-noie-dans-un-bassin-de-retention\/\" \/>\n<meta property=\"og:site_name\" content=\"Nettali.com\" \/>\n<meta property=\"article:publisher\" content=\"https:\/\/www.facebook.com\/nettalicom\" \/>\n<meta property=\"article:published_time\" content=\"2025-08-07T06:22:33+00:00\" \/>\n<meta property=\"og:image\" content=\"https:\/\/www.nettali.com\/wp-content\/uploads\/2025\/08\/IMG-20250806-WA0062.jpg\" \/>\n\t<meta property=\"og:image:width\" content=\"1600\" \/>\n\t<meta property=\"og:image:height\" content=\"900\" \/>\n<meta name=\"twitter:card\" content=\"summary_large_image\" \/>\n<meta name=\"twitter:label1\" content=\"\u00c9crit par\" \/>\n\t<meta name=\"twitter:data1\" content=\"Fatou\" \/>\n\t<meta name=\"twitter:label2\" content=\"Dur\u00e9e de lecture estim\u00e9e\" \/>\n\t<meta name=\"twitter:data2\" content=\"2 minutes\" \/>\n<script type=\"application\/ld+json\" class=\"yoast-schema-graph\">{\"@context\":\"https:\/\/schema.org\",\"@graph\":[{\"@type\":\"WebSite\",\"@id\":\"https:\/\/www.nettali.com\/#website\",\"url\":\"https:\/\/www.nettali.com\/\",\"name\":\"Nettali.com\",\"description\":\"Le rendez-vous critique du Net\",\"potentialAction\":[{\"@type\":\"SearchAction\",\"target\":{\"@type\":\"EntryPoint\",\"urlTemplate\":\"https:\/\/www.nettali.com\/?s={search_term_string}\"},\"query-input\":\"required name=search_term_string\"}],\"inLanguage\":\"fr-FR\"},{\"@type\":\"ImageObject\",\"@id\":\"https:\/\/www.nettali.com\/2025\/08\/07\/touba-un-jeune-homme-de-25-ans-se-noie-dans-un-bassin-de-retention\/#primaryimage\",\"inLanguage\":\"fr-FR\",\"url\":\"https:\/\/www.nettali.com\/wp-content\/uploads\/2025\/08\/IMG-20250806-WA0062.jpg\",\"contentUrl\":\"https:\/\/www.nettali.com\/wp-content\/uploads\/2025\/08\/IMG-20250806-WA0062.jpg\",\"width\":1600,\"height\":900},{\"@type\":\"WebPage\",\"@id\":\"https:\/\/www.nettali.com\/2025\/08\/07\/touba-un-jeune-homme-de-25-ans-se-noie-dans-un-bassin-de-retention\/#webpage\",\"url\":\"https:\/\/www.nettali.com\/2025\/08\/07\/touba-un-jeune-homme-de-25-ans-se-noie-dans-un-bassin-de-retention\/\",\"name\":\"TOUBA - Un jeune homme de 25 ans se noie dans un bassin de r\\u00e9tention\\u00a0 | Nettali.com\",\"isPartOf\":{\"@id\":\"https:\/\/www.nettali.com\/#website\"},\"primaryImageOfPage\":{\"@id\":\"https:\/\/www.nettali.com\/2025\/08\/07\/touba-un-jeune-homme-de-25-ans-se-noie-dans-un-bassin-de-retention\/#primaryimage\"},\"datePublished\":\"2025-08-07T06:22:33+00:00\",\"dateModified\":\"2025-08-07T06:22:33+00:00\",\"author\":{\"@id\":\"https:\/\/www.nettali.com\/#\/schema\/person\/418274a86bdf87caff7a3ef476bd0bbf\"},\"breadcrumb\":{\"@id\":\"https:\/\/www.nettali.com\/2025\/08\/07\/touba-un-jeune-homme-de-25-ans-se-noie-dans-un-bassin-de-retention\/#breadcrumb\"},\"inLanguage\":\"fr-FR\",\"potentialAction\":[{\"@type\":\"ReadAction\",\"target\":[\"https:\/\/www.nettali.com\/2025\/08\/07\/touba-un-jeune-homme-de-25-ans-se-noie-dans-un-bassin-de-retention\/\"]}]},{\"@type\":\"BreadcrumbList\",\"@id\":\"https:\/\/www.nettali.com\/2025\/08\/07\/touba-un-jeune-homme-de-25-ans-se-noie-dans-un-bassin-de-retention\/#breadcrumb\",\"itemListElement\":[{\"@type\":\"ListItem\",\"position\":1,\"name\":\"Accueil\",\"item\":\"https:\/\/www.nettali.com\/\"},{\"@type\":\"ListItem\",\"position\":2,\"name\":\"TOUBA - Un jeune homme de 25 ans se noie dans un bassin de r\\u00e9tention\\u00a0\"}]},{\"@type\":\"Person\",\"@id\":\"https:\/\/www.nettali.com\/#\/schema\/person\/418274a86bdf87caff7a3ef476bd0bbf\",\"name\":\"Fatou\",\"image\":{\"@type\":\"ImageObject\",\"@id\":\"https:\/\/www.nettali.com\/#personlogo\",\"inLanguage\":\"fr-FR\",\"url\":\"https:\/\/secure.gravatar.com\/avatar\/5a9442a2bee7b4dcf167cab035858e9a?s=96&d=mm&r=g\",\"contentUrl\":\"https:\/\/secure.gravatar.com\/avatar\/5a9442a2bee7b4dcf167cab035858e9a?s=96&d=mm&r=g\",\"caption\":\"Fatou\"},\"sameAs\":[\"https:\/\/www.nettali.com\"]}]}<\/script>\n<!-- \/ Yoast SEO Premium plugin. -->","yoast_head_json":{"title":"TOUBA - Un jeune homme de 25 ans se noie dans un bassin de r\u00e9tention\u00a0 | Nettali.com","robots":{"index":"index","follow":"follow","max-snippet":"max-snippet:-1","max-image-preview":"max-image-preview:large","max-video-preview":"max-video-preview:-1"},"canonical":"https:\/\/www.nettali.com\/2025\/08\/07\/touba-un-jeune-homme-de-25-ans-se-noie-dans-un-bassin-de-retention\/","og_locale":"fr_FR","og_type":"article","og_title":"TOUBA - Un jeune homme de 25 ans se noie dans un bassin de r\u00e9tention\u00a0","og_description":"NETTALI.COM-\u00a0Un drame est survenu mercredi en fin d\u2019apr\u00e8s-midi dans le quartier de Ndamatou, \u00e0 Touba. Un jeune homme a perdu la vie par noyade dans le bassin de Ng\u00e9lemou, un ouvrage hydraulique cens\u00e9 prot\u00e9ger la population des inondations, mais devenu source de danger. \u00c0 Touba, les inondations continuent de faire des ravages, avec une nouvelle [&hellip;]","og_url":"https:\/\/www.nettali.com\/2025\/08\/07\/touba-un-jeune-homme-de-25-ans-se-noie-dans-un-bassin-de-retention\/","og_site_name":"Nettali.com","article_publisher":"https:\/\/www.facebook.com\/nettalicom","article_published_time":"2025-08-07T06:22:33+00:00","og_image":[{"width":1600,"height":900,"url":"https:\/\/www.nettali.com\/wp-content\/uploads\/2025\/08\/IMG-20250806-WA0062.jpg","type":"image\/jpeg"}],"twitter_card":"summary_large_image","twitter_misc":{"\u00c9crit par":"Fatou","Dur\u00e9e de lecture estim\u00e9e":"2 minutes"},"schema":{"@context":"https:\/\/schema.org","@graph":[{"@type":"WebSite","@id":"https:\/\/www.nettali.com\/#website","url":"https:\/\/www.nettali.com\/","name":"Nettali.com","description":"Le rendez-vous critique du Net","potentialAction":[{"@type":"SearchAction","target":{"@type":"EntryPoint","urlTemplate":"https:\/\/www.nettali.com\/?s={search_term_string}"},"query-input":"required name=search_term_string"}],"inLanguage":"fr-FR"},{"@type":"ImageObject","@id":"https:\/\/www.nettali.com\/2025\/08\/07\/touba-un-jeune-homme-de-25-ans-se-noie-dans-un-bassin-de-retention\/#primaryimage","inLanguage":"fr-FR","url":"https:\/\/www.nettali.com\/wp-content\/uploads\/2025\/08\/IMG-20250806-WA0062.jpg","contentUrl":"https:\/\/www.nettali.com\/wp-content\/uploads\/2025\/08\/IMG-20250806-WA0062.jpg","width":1600,"height":900},{"@type":"WebPage","@id":"https:\/\/www.nettali.com\/2025\/08\/07\/touba-un-jeune-homme-de-25-ans-se-noie-dans-un-bassin-de-retention\/#webpage","url":"https:\/\/www.nettali.com\/2025\/08\/07\/touba-un-jeune-homme-de-25-ans-se-noie-dans-un-bassin-de-retention\/","name":"TOUBA - Un jeune homme de 25 ans se noie dans un bassin de r\u00e9tention\u00a0 | Nettali.com","isPartOf":{"@id":"https:\/\/www.nettali.com\/#website"},"primaryImageOfPage":{"@id":"https:\/\/www.nettali.com\/2025\/08\/07\/touba-un-jeune-homme-de-25-ans-se-noie-dans-un-bassin-de-retention\/#primaryimage"},"datePublished":"2025-08-07T06:22:33+00:00","dateModified":"2025-08-07T06:22:33+00:00","author":{"@id":"https:\/\/www.nettali.com\/#\/schema\/person\/418274a86bdf87caff7a3ef476bd0bbf"},"breadcrumb":{"@id":"https:\/\/www.nettali.com\/2025\/08\/07\/touba-un-jeune-homme-de-25-ans-se-noie-dans-un-bassin-de-retention\/#breadcrumb"},"inLanguage":"fr-FR","potentialAction":[{"@type":"ReadAction","target":["https:\/\/www.nettali.com\/2025\/08\/07\/touba-un-jeune-homme-de-25-ans-se-noie-dans-un-bassin-de-retention\/"]}]},{"@type":"BreadcrumbList","@id":"https:\/\/www.nettali.com\/2025\/08\/07\/touba-un-jeune-homme-de-25-ans-se-noie-dans-un-bassin-de-retention\/#breadcrumb","itemListElement":[{"@type":"ListItem","position":1,"name":"Accueil","item":"https:\/\/www.nettali.com\/"},{"@type":"ListItem","position":2,"name":"TOUBA - Un jeune homme de 25 ans se noie dans un bassin de r\u00e9tention\u00a0"}]},{"@type":"Person","@id":"https:\/\/www.nettali.com\/#\/schema\/person\/418274a86bdf87caff7a3ef476bd0bbf","name":"Fatou","image":{"@type":"ImageObject","@id":"https:\/\/www.nettali.com\/#personlogo","inLanguage":"fr-FR","url":"https:\/\/secure.gravatar.com\/avatar\/5a9442a2bee7b4dcf167cab035858e9a?s=96&d=mm&r=g","contentUrl":"https:\/\/secure.gravatar.com\/avatar\/5a9442a2bee7b4dcf167cab035858e9a?s=96&d=mm&r=g","caption":"Fatou"},"sameAs":["https:\/\/www.nettali.com"]}]}},"_links":{"self":[{"href":"https:\/\/www.nettali.com\/rest\/wp\/v2\/posts\/159010"}],"collection":[{"href":"https:\/\/www.nettali.com\/rest\/wp\/v2\/posts"}],"about":[{"href":"https:\/\/www.nettali.com\/rest\/wp\/v2\/types\/post"}],"author":[{"embeddable":true,"href":"https:\/\/www.nettali.com\/rest\/wp\/v2\/users\/6"}],"replies":[{"embeddable":true,"href":"https:\/\/www.nettali.com\/rest\/wp\/v2\/comments?post=159010"}],"version-history":[{"count":2,"href":"https:\/\/www.nettali.com\/rest\/wp\/v2\/posts\/159010\/revisions"}],"predecessor-version":[{"id":159015,"href":"https:\/\/www.nettali.com\/rest\/wp\/v2\/posts\/159010\/revisions\/159015"}],"wp:featuredmedia":[{"embeddable":true,"href":"https:\/\/www.nettali.com\/rest\/wp\/v2\/media\/159011"}],"wp:attachment":[{"href":"https:\/\/www.nettali.com\/rest\/wp\/v2\/media?parent=159010"}],"wp:term":[{"taxonomy":"category","embeddable":true,"href":"https:\/\/www.nettali.com\/rest\/wp\/v2\/categories?post=159010"},{"taxonomy":"post_tag","embeddable":true,"href":"https:\/\/www.nettali.com\/rest\/wp\/v2\/tags?post=159010"}],"curies":[{"name":"wp","href":"https:\/\/api.w.org\/{rel}","templated":true}]}}