{"id":158994,"date":"2025-08-06T19:35:08","date_gmt":"2025-08-06T19:35:08","guid":{"rendered":"https:\/\/www.nettali.com\/?p=158994"},"modified":"2025-08-06T20:55:08","modified_gmt":"2025-08-06T20:55:08","slug":"assemblee-nationale-session-extraordinaire-convoquee-le-18-aout-autour-de-quatre-projets-de-loi-cles","status":"publish","type":"post","link":"https:\/\/www.nettali.com\/2025\/08\/06\/assemblee-nationale-session-extraordinaire-convoquee-le-18-aout-autour-de-quatre-projets-de-loi-cles\/","title":{"rendered":"ASSEMBLEE NATIONALE - Session extraordinaire convoqu\u00e9e le 18 ao\u00fbt autour de quatre projets de loi cl\u00e9s"},"content":{"rendered":"<p data-start=\"224\" data-end=\"444\"><strong data-start=\"224\" data-end=\"444\">NETTALI.COM - Les d\u00e9put\u00e9s s\u00e9n\u00e9galais sont convoqu\u00e9s en session extraordinaire le lundi 18 ao\u00fbt 2025. Quatre projets de loi majeurs seront examin\u00e9s, portant sur la r\u00e9forme de la gouvernance, la transparence et l\u2019int\u00e9grit\u00e9 publique.<\/strong><\/p>\n<p data-start=\"446\" data-end=\"791\">C\u2019est une rentr\u00e9e anticip\u00e9e pour les parlementaires. L\u2019Assembl\u00e9e nationale tiendra une session extraordinaire \u00e0 partir du 18 ao\u00fbt, convoqu\u00e9e \u00e0 la demande du gouvernement. \u00c0 l\u2019ordre du jour, quatre projets de loi qui dessinent les contours d\u2019une refonte profonde des m\u00e9canismes de contr\u00f4le et de transparence dans la gestion publique.<\/p>\n<p data-start=\"793\" data-end=\"815\">Au c\u0153ur des d\u00e9bats :<\/p>\n<ul data-start=\"816\" data-end=\"1441\">\n<li data-start=\"816\" data-end=\"985\">\n<p data-start=\"818\" data-end=\"985\">Le remplacement de l'OFNAC (Office national de lutte contre la fraude et la corruption) par une nouvelle autorit\u00e9 de r\u00e9gulation, aux pr\u00e9rogatives renforc\u00e9es.<\/p>\n<\/li>\n<li data-start=\"986\" data-end=\"1138\">\n<p data-start=\"988\" data-end=\"1138\">Un projet de loi sur la protection des lanceurs d\u2019alerte, destin\u00e9 \u00e0 s\u00e9curiser ceux qui d\u00e9noncent des faits de corruption ou de mauvaise gestion.<\/p>\n<\/li>\n<li data-start=\"1139\" data-end=\"1262\">\n<p data-start=\"1141\" data-end=\"1262\">Le droit d\u2019acc\u00e8s \u00e0 l'information publique, avec l\u2019objectif d\u2019am\u00e9liorer la transparence de l\u2019action gouvernementale.<\/p>\n<\/li>\n<li data-start=\"1263\" data-end=\"1441\">\n<p data-start=\"1265\" data-end=\"1441\">Enfin, la r\u00e9forme de la d\u00e9claration de patrimoine, visant \u00e0 \u00e9largir son champ d\u2019application \u00e0 davantage de fonctionnaires et \u00e0 corriger des failles juridiques persistantes.<\/p>\n<\/li>\n<\/ul>\n<p data-start=\"1443\" data-end=\"1793\">Cette session intervient dans un contexte marqu\u00e9 par une volont\u00e9 politique affich\u00e9e de moralisation de la vie publique, port\u00e9e par le Premier ministre Ousmane Sonko et le gouvernement de transition. Plusieurs voix, au sein de la majorit\u00e9 et de l\u2019opposition, ont d\u00e9j\u00e0 exprim\u00e9 leur int\u00e9r\u00eat pour un d\u00e9bat parlementaire approfondi sur ces textes.<\/p>\n<p data-start=\"1795\" data-end=\"2040\">La session promet donc d\u2019\u00eatre d\u00e9cisive, non seulement pour l\u2019agenda l\u00e9gislatif du gouvernement, mais aussi pour les signaux envoy\u00e9s aux citoyens en mati\u00e8re de lutte contre l\u2019impunit\u00e9 et de transparence dans la gestion des affaires publiques.<\/p>\n<div class='share-to-whatsapp-wrapper'><div class='share-on-whsp'>PARTAGER SUR : <\/div><a data-text='ASSEMBLEE NATIONALE - Session extraordinaire convoqu\u00e9e le 18 ao\u00fbt autour de quatre projets de loi cl\u00e9s' data-link='https:\/\/www.nettali.com\/2025\/08\/06\/assemblee-nationale-session-extraordinaire-convoquee-le-18-aout-autour-de-quatre-projets-de-loi-cles\/' class='whatsapp-button whatsapp-share'>WhatsApp<\/a><div class='clear '><\/div><\/div>","protected":false},"excerpt":{"rendered":"<p>NETTALI.COM - Les d\u00e9put\u00e9s s\u00e9n\u00e9galais sont convoqu\u00e9s en session extraordinaire le lundi 18 ao\u00fbt 2025. Quatre projets de loi majeurs seront examin\u00e9s, portant sur la r\u00e9forme de la gouvernance, la transparence et l\u2019int\u00e9grit\u00e9 publique. C\u2019est une rentr\u00e9e anticip\u00e9e pour les parlementaires. L\u2019Assembl\u00e9e nationale tiendra une session extraordinaire \u00e0 partir du 18 ao\u00fbt, convoqu\u00e9e \u00e0 la [&hellip;]<\/p>\n","protected":false},"author":4,"featured_media":114242,"comment_status":"open","ping_status":"open","sticky":false,"template":"","format":"standard","meta":{"_et_pb_use_builder":"","_et_pb_old_content":""},"categories":[3],"tags":[],"yoast_head":"<!-- This site is optimized with the Yoast SEO Premium plugin v17.8 (Yoast SEO v17.8) - https:\/\/yoast.com\/wordpress\/plugins\/seo\/ -->\n<title>ASSEMBLEE NATIONALE - Session extraordinaire convoqu\u00e9e le 18 ao\u00fbt autour de quatre projets de loi cl\u00e9s | Nettali.com<\/title>\n<meta name=\"robots\" content=\"index, follow, max-snippet:-1, max-image-preview:large, max-video-preview:-1\" \/>\n<link rel=\"canonical\" href=\"https:\/\/www.nettali.com\/2025\/08\/06\/assemblee-nationale-session-extraordinaire-convoquee-le-18-aout-autour-de-quatre-projets-de-loi-cles\/\" \/>\n<meta property=\"og:locale\" content=\"fr_FR\" \/>\n<meta property=\"og:type\" content=\"article\" \/>\n<meta property=\"og:title\" content=\"ASSEMBLEE NATIONALE - Session extraordinaire convoqu\u00e9e le 18 ao\u00fbt autour de quatre projets de loi cl\u00e9s\" \/>\n<meta property=\"og:description\" content=\"NETTALI.COM - Les d\u00e9put\u00e9s s\u00e9n\u00e9galais sont convoqu\u00e9s en session extraordinaire le lundi 18 ao\u00fbt 2025. Quatre projets de loi majeurs seront examin\u00e9s, portant sur la r\u00e9forme de la gouvernance, la transparence et l\u2019int\u00e9grit\u00e9 publique. C\u2019est une rentr\u00e9e anticip\u00e9e pour les parlementaires. L\u2019Assembl\u00e9e nationale tiendra une session extraordinaire \u00e0 partir du 18 ao\u00fbt, convoqu\u00e9e \u00e0 la [&hellip;]\" \/>\n<meta property=\"og:url\" content=\"https:\/\/www.nettali.com\/2025\/08\/06\/assemblee-nationale-session-extraordinaire-convoquee-le-18-aout-autour-de-quatre-projets-de-loi-cles\/\" \/>\n<meta property=\"og:site_name\" content=\"Nettali.com\" \/>\n<meta property=\"article:publisher\" content=\"https:\/\/www.facebook.com\/nettalicom\" \/>\n<meta property=\"article:published_time\" content=\"2025-08-06T19:35:08+00:00\" \/>\n<meta property=\"article:modified_time\" content=\"2025-08-06T20:55:08+00:00\" \/>\n<meta property=\"og:image\" content=\"https:\/\/www.nettali.com\/wp-content\/uploads\/2023\/07\/assemblee_nat_20_0_0.jpg\" \/>\n\t<meta property=\"og:image:width\" content=\"800\" \/>\n\t<meta property=\"og:image:height\" content=\"583\" \/>\n<meta name=\"twitter:card\" content=\"summary_large_image\" \/>\n<meta name=\"twitter:label1\" content=\"\u00c9crit par\" \/>\n\t<meta name=\"twitter:data1\" content=\"Daouda\" \/>\n\t<meta name=\"twitter:label2\" content=\"Dur\u00e9e de lecture estim\u00e9e\" \/>\n\t<meta name=\"twitter:data2\" content=\"2 minutes\" \/>\n<script type=\"application\/ld+json\" class=\"yoast-schema-graph\">{\"@context\":\"https:\/\/schema.org\",\"@graph\":[{\"@type\":\"WebSite\",\"@id\":\"https:\/\/www.nettali.com\/#website\",\"url\":\"https:\/\/www.nettali.com\/\",\"name\":\"Nettali.com\",\"description\":\"Le rendez-vous critique du Net\",\"potentialAction\":[{\"@type\":\"SearchAction\",\"target\":{\"@type\":\"EntryPoint\",\"urlTemplate\":\"https:\/\/www.nettali.com\/?s={search_term_string}\"},\"query-input\":\"required name=search_term_string\"}],\"inLanguage\":\"fr-FR\"},{\"@type\":\"ImageObject\",\"@id\":\"https:\/\/www.nettali.com\/2025\/08\/06\/assemblee-nationale-session-extraordinaire-convoquee-le-18-aout-autour-de-quatre-projets-de-loi-cles\/#primaryimage\",\"inLanguage\":\"fr-FR\",\"url\":\"https:\/\/www.nettali.com\/wp-content\/uploads\/2023\/07\/assemblee_nat_20_0_0.jpg\",\"contentUrl\":\"https:\/\/www.nettali.com\/wp-content\/uploads\/2023\/07\/assemblee_nat_20_0_0.jpg\",\"width\":800,\"height\":583},{\"@type\":\"WebPage\",\"@id\":\"https:\/\/www.nettali.com\/2025\/08\/06\/assemblee-nationale-session-extraordinaire-convoquee-le-18-aout-autour-de-quatre-projets-de-loi-cles\/#webpage\",\"url\":\"https:\/\/www.nettali.com\/2025\/08\/06\/assemblee-nationale-session-extraordinaire-convoquee-le-18-aout-autour-de-quatre-projets-de-loi-cles\/\",\"name\":\"ASSEMBLEE NATIONALE - Session extraordinaire convoqu\\u00e9e le 18 ao\\u00fbt autour de quatre projets de loi cl\\u00e9s | Nettali.com\",\"isPartOf\":{\"@id\":\"https:\/\/www.nettali.com\/#website\"},\"primaryImageOfPage\":{\"@id\":\"https:\/\/www.nettali.com\/2025\/08\/06\/assemblee-nationale-session-extraordinaire-convoquee-le-18-aout-autour-de-quatre-projets-de-loi-cles\/#primaryimage\"},\"datePublished\":\"2025-08-06T19:35:08+00:00\",\"dateModified\":\"2025-08-06T20:55:08+00:00\",\"author\":{\"@id\":\"https:\/\/www.nettali.com\/#\/schema\/person\/3317e0bb3aa1da309fbf7b2780901bf4\"},\"breadcrumb\":{\"@id\":\"https:\/\/www.nettali.com\/2025\/08\/06\/assemblee-nationale-session-extraordinaire-convoquee-le-18-aout-autour-de-quatre-projets-de-loi-cles\/#breadcrumb\"},\"inLanguage\":\"fr-FR\",\"potentialAction\":[{\"@type\":\"ReadAction\",\"target\":[\"https:\/\/www.nettali.com\/2025\/08\/06\/assemblee-nationale-session-extraordinaire-convoquee-le-18-aout-autour-de-quatre-projets-de-loi-cles\/\"]}]},{\"@type\":\"BreadcrumbList\",\"@id\":\"https:\/\/www.nettali.com\/2025\/08\/06\/assemblee-nationale-session-extraordinaire-convoquee-le-18-aout-autour-de-quatre-projets-de-loi-cles\/#breadcrumb\",\"itemListElement\":[{\"@type\":\"ListItem\",\"position\":1,\"name\":\"Accueil\",\"item\":\"https:\/\/www.nettali.com\/\"},{\"@type\":\"ListItem\",\"position\":2,\"name\":\"ASSEMBLEE NATIONALE - Session extraordinaire convoqu\\u00e9e le 18 ao\\u00fbt autour de quatre projets de loi cl\\u00e9s\"}]},{\"@type\":\"Person\",\"@id\":\"https:\/\/www.nettali.com\/#\/schema\/person\/3317e0bb3aa1da309fbf7b2780901bf4\",\"name\":\"Daouda\",\"image\":{\"@type\":\"ImageObject\",\"@id\":\"https:\/\/www.nettali.com\/#personlogo\",\"inLanguage\":\"fr-FR\",\"url\":\"https:\/\/secure.gravatar.com\/avatar\/8d143b5a49345098ddcfee1c49c2f47c?s=96&d=mm&r=g\",\"contentUrl\":\"https:\/\/secure.gravatar.com\/avatar\/8d143b5a49345098ddcfee1c49c2f47c?s=96&d=mm&r=g\",\"caption\":\"Daouda\"},\"sameAs\":[\"https:\/\/www.nettali.com\"]}]}<\/script>\n<!-- \/ Yoast SEO Premium plugin. -->","yoast_head_json":{"title":"ASSEMBLEE NATIONALE - Session extraordinaire convoqu\u00e9e le 18 ao\u00fbt autour de quatre projets de loi cl\u00e9s | Nettali.com","robots":{"index":"index","follow":"follow","max-snippet":"max-snippet:-1","max-image-preview":"max-image-preview:large","max-video-preview":"max-video-preview:-1"},"canonical":"https:\/\/www.nettali.com\/2025\/08\/06\/assemblee-nationale-session-extraordinaire-convoquee-le-18-aout-autour-de-quatre-projets-de-loi-cles\/","og_locale":"fr_FR","og_type":"article","og_title":"ASSEMBLEE NATIONALE - Session extraordinaire convoqu\u00e9e le 18 ao\u00fbt autour de quatre projets de loi cl\u00e9s","og_description":"NETTALI.COM - Les d\u00e9put\u00e9s s\u00e9n\u00e9galais sont convoqu\u00e9s en session extraordinaire le lundi 18 ao\u00fbt 2025. Quatre projets de loi majeurs seront examin\u00e9s, portant sur la r\u00e9forme de la gouvernance, la transparence et l\u2019int\u00e9grit\u00e9 publique. C\u2019est une rentr\u00e9e anticip\u00e9e pour les parlementaires. L\u2019Assembl\u00e9e nationale tiendra une session extraordinaire \u00e0 partir du 18 ao\u00fbt, convoqu\u00e9e \u00e0 la [&hellip;]","og_url":"https:\/\/www.nettali.com\/2025\/08\/06\/assemblee-nationale-session-extraordinaire-convoquee-le-18-aout-autour-de-quatre-projets-de-loi-cles\/","og_site_name":"Nettali.com","article_publisher":"https:\/\/www.facebook.com\/nettalicom","article_published_time":"2025-08-06T19:35:08+00:00","article_modified_time":"2025-08-06T20:55:08+00:00","og_image":[{"width":800,"height":583,"url":"https:\/\/www.nettali.com\/wp-content\/uploads\/2023\/07\/assemblee_nat_20_0_0.jpg","type":"image\/jpeg"}],"twitter_card":"summary_large_image","twitter_misc":{"\u00c9crit par":"Daouda","Dur\u00e9e de lecture estim\u00e9e":"2 minutes"},"schema":{"@context":"https:\/\/schema.org","@graph":[{"@type":"WebSite","@id":"https:\/\/www.nettali.com\/#website","url":"https:\/\/www.nettali.com\/","name":"Nettali.com","description":"Le rendez-vous critique du Net","potentialAction":[{"@type":"SearchAction","target":{"@type":"EntryPoint","urlTemplate":"https:\/\/www.nettali.com\/?s={search_term_string}"},"query-input":"required name=search_term_string"}],"inLanguage":"fr-FR"},{"@type":"ImageObject","@id":"https:\/\/www.nettali.com\/2025\/08\/06\/assemblee-nationale-session-extraordinaire-convoquee-le-18-aout-autour-de-quatre-projets-de-loi-cles\/#primaryimage","inLanguage":"fr-FR","url":"https:\/\/www.nettali.com\/wp-content\/uploads\/2023\/07\/assemblee_nat_20_0_0.jpg","contentUrl":"https:\/\/www.nettali.com\/wp-content\/uploads\/2023\/07\/assemblee_nat_20_0_0.jpg","width":800,"height":583},{"@type":"WebPage","@id":"https:\/\/www.nettali.com\/2025\/08\/06\/assemblee-nationale-session-extraordinaire-convoquee-le-18-aout-autour-de-quatre-projets-de-loi-cles\/#webpage","url":"https:\/\/www.nettali.com\/2025\/08\/06\/assemblee-nationale-session-extraordinaire-convoquee-le-18-aout-autour-de-quatre-projets-de-loi-cles\/","name":"ASSEMBLEE NATIONALE - Session extraordinaire convoqu\u00e9e le 18 ao\u00fbt autour de quatre projets de loi cl\u00e9s | Nettali.com","isPartOf":{"@id":"https:\/\/www.nettali.com\/#website"},"primaryImageOfPage":{"@id":"https:\/\/www.nettali.com\/2025\/08\/06\/assemblee-nationale-session-extraordinaire-convoquee-le-18-aout-autour-de-quatre-projets-de-loi-cles\/#primaryimage"},"datePublished":"2025-08-06T19:35:08+00:00","dateModified":"2025-08-06T20:55:08+00:00","author":{"@id":"https:\/\/www.nettali.com\/#\/schema\/person\/3317e0bb3aa1da309fbf7b2780901bf4"},"breadcrumb":{"@id":"https:\/\/www.nettali.com\/2025\/08\/06\/assemblee-nationale-session-extraordinaire-convoquee-le-18-aout-autour-de-quatre-projets-de-loi-cles\/#breadcrumb"},"inLanguage":"fr-FR","potentialAction":[{"@type":"ReadAction","target":["https:\/\/www.nettali.com\/2025\/08\/06\/assemblee-nationale-session-extraordinaire-convoquee-le-18-aout-autour-de-quatre-projets-de-loi-cles\/"]}]},{"@type":"BreadcrumbList","@id":"https:\/\/www.nettali.com\/2025\/08\/06\/assemblee-nationale-session-extraordinaire-convoquee-le-18-aout-autour-de-quatre-projets-de-loi-cles\/#breadcrumb","itemListElement":[{"@type":"ListItem","position":1,"name":"Accueil","item":"https:\/\/www.nettali.com\/"},{"@type":"ListItem","position":2,"name":"ASSEMBLEE NATIONALE - Session extraordinaire convoqu\u00e9e le 18 ao\u00fbt autour de quatre projets de loi cl\u00e9s"}]},{"@type":"Person","@id":"https:\/\/www.nettali.com\/#\/schema\/person\/3317e0bb3aa1da309fbf7b2780901bf4","name":"Daouda","image":{"@type":"ImageObject","@id":"https:\/\/www.nettali.com\/#personlogo","inLanguage":"fr-FR","url":"https:\/\/secure.gravatar.com\/avatar\/8d143b5a49345098ddcfee1c49c2f47c?s=96&d=mm&r=g","contentUrl":"https:\/\/secure.gravatar.com\/avatar\/8d143b5a49345098ddcfee1c49c2f47c?s=96&d=mm&r=g","caption":"Daouda"},"sameAs":["https:\/\/www.nettali.com"]}]}},"_links":{"self":[{"href":"https:\/\/www.nettali.com\/rest\/wp\/v2\/posts\/158994"}],"collection":[{"href":"https:\/\/www.nettali.com\/rest\/wp\/v2\/posts"}],"about":[{"href":"https:\/\/www.nettali.com\/rest\/wp\/v2\/types\/post"}],"author":[{"embeddable":true,"href":"https:\/\/www.nettali.com\/rest\/wp\/v2\/users\/4"}],"replies":[{"embeddable":true,"href":"https:\/\/www.nettali.com\/rest\/wp\/v2\/comments?post=158994"}],"version-history":[{"count":1,"href":"https:\/\/www.nettali.com\/rest\/wp\/v2\/posts\/158994\/revisions"}],"predecessor-version":[{"id":158995,"href":"https:\/\/www.nettali.com\/rest\/wp\/v2\/posts\/158994\/revisions\/158995"}],"wp:featuredmedia":[{"embeddable":true,"href":"https:\/\/www.nettali.com\/rest\/wp\/v2\/media\/114242"}],"wp:attachment":[{"href":"https:\/\/www.nettali.com\/rest\/wp\/v2\/media?parent=158994"}],"wp:term":[{"taxonomy":"category","embeddable":true,"href":"https:\/\/www.nettali.com\/rest\/wp\/v2\/categories?post=158994"},{"taxonomy":"post_tag","embeddable":true,"href":"https:\/\/www.nettali.com\/rest\/wp\/v2\/tags?post=158994"}],"curies":[{"name":"wp","href":"https:\/\/api.w.org\/{rel}","templated":true}]}}