{"id":158991,"date":"2025-08-06T20:57:35","date_gmt":"2025-08-06T20:57:35","guid":{"rendered":"https:\/\/www.nettali.com\/?p=158991"},"modified":"2025-08-06T21:51:59","modified_gmt":"2025-08-06T21:51:59","slug":"greve-de-la-coordination-du-saes-ugg-la-coordination-des-etudiants-de-lugb-apporte-sa-replique","status":"publish","type":"post","link":"https:\/\/www.nettali.com\/2025\/08\/06\/greve-de-la-coordination-du-saes-ugg-la-coordination-des-etudiants-de-lugb-apporte-sa-replique\/","title":{"rendered":"GR\u00c8VE DE LA COORDINATION DU SAES-UGG - La Coordination des \u00e9tudiants de l\u2019Ugb apporte sa r\u00e9plique"},"content":{"rendered":"<p><strong>NETTALI.COM-\u00a0Suite \u00e0 l'arr\u00eat des examens de rattrapage, la coordination de la section du Syndicat autonome de l\u2019enseignement sup\u00e9rieur (SAES), de l\u2019universit\u00e9 Gaston Berger (UGB) accuse la Coordination d'\u00eatre \u00e0 l'origine du blocage. La r\u00e9ponse n'a pas tard\u00e9 du c\u00f4t\u00e9 des \u00e9tudiants de l'universit\u00e9 de Sanar. La Coordination pr\u00e9cise que le Saes a viol\u00e9 son mot d'ordre de gr\u00e8ve.<\/strong><\/p>\n<p>La Coordination des \u00e9tudiants de Saint-Louis a apport\u00e9 sa r\u00e9plique suite au communiqu\u00e9 de la coordination de la section du Syndicat autonome de l\u2019enseignement sup\u00e9rieur (SAES), de l\u2019universit\u00e9 Gaston Berger (UGB) accusant ces derniers d\u2019avoir interrompu le d\u00e9roulement normal des \u00e9preuves de rattrapages.<\/p>\n<p>\u00ab <em>Ce qui se passe actuellement \u00e0 l'universit\u00e9 est qu'il y a des d\u00e9tracteurs de la Coordination des \u00e9tudiants de Saint-Louis qui veulent nous imposer une certaine non reconnaissance, chose que nous n'allons pas accepter e<\/em><em>n tant que structure tr\u00e8s responsable et l\u00e9gitime \u00bb, <\/em>mart\u00e8lent les \u00e9tudiants<\/p>\n<p>A les croire,\u00a0 quand ils d\u00e9cr\u00e8tent un mot d'ordre il y a des professeurs qui s'arrangent \u00e0 organiser des examens, des TD ou tout simplement des cours.\u00a0 \u00ab La Coordination ne peut pas accepter et veillera \u00e0 son mot d'ordre. <em>Elle est dans une l\u00e9gitimit\u00e9 de faire sortir les \u00e9tudiants pour faire respecter son mot d'ordre<\/em> \u00bb a fulmin\u00e9\u00a0 le pr\u00e9sident de s\u00e9ance de la Coordination des \u00e9tudiants de Saint-Louis, Mohamadou Kara Sadio.<\/p>\n<p>Il poursuit : \u00ab<em> il y a des termes graves qui sont utilis\u00e9s dans ce communiqu\u00e9. On nous parle d'irruption. La Coordination des \u00e9tudiants de Saint-Louis n'a jamais fait irruption dans la salle. A chaque fois que la Coordination des \u00e9tudiants de Saint-Louis d\u00e9cide de faire sortir les \u00e9tudiants, elle met le respect au devant. On parle aux professeurs de fa\u00e7on tr\u00e8s courtoise avant de rentrer dans la salle<\/em> \u00bb .<\/p>\n<div class='share-to-whatsapp-wrapper'><div class='share-on-whsp'>PARTAGER SUR : <\/div><a data-text='GR\u00c8VE DE LA COORDINATION DU SAES-UGG - La Coordination des \u00e9tudiants de l\u2019Ugb apporte sa r\u00e9plique' data-link='https:\/\/www.nettali.com\/2025\/08\/06\/greve-de-la-coordination-du-saes-ugg-la-coordination-des-etudiants-de-lugb-apporte-sa-replique\/' class='whatsapp-button whatsapp-share'>WhatsApp<\/a><div class='clear '><\/div><\/div>","protected":false},"excerpt":{"rendered":"<p>NETTALI.COM-\u00a0Suite \u00e0 l'arr\u00eat des examens de rattrapage, la coordination de la section du Syndicat autonome de l\u2019enseignement sup\u00e9rieur (SAES), de l\u2019universit\u00e9 Gaston Berger (UGB) accuse la Coordination d'\u00eatre \u00e0 l'origine du blocage. La r\u00e9ponse n'a pas tard\u00e9 du c\u00f4t\u00e9 des \u00e9tudiants de l'universit\u00e9 de Sanar. La Coordination pr\u00e9cise que le Saes a viol\u00e9 son mot [&hellip;]<\/p>\n","protected":false},"author":6,"featured_media":6389,"comment_status":"open","ping_status":"open","sticky":false,"template":"","format":"standard","meta":{"_et_pb_use_builder":"","_et_pb_old_content":""},"categories":[3],"tags":[],"yoast_head":"<!-- This site is optimized with the Yoast SEO Premium plugin v17.8 (Yoast SEO v17.8) - https:\/\/yoast.com\/wordpress\/plugins\/seo\/ -->\n<title>GR\u00c8VE DE LA COORDINATION DU SAES-UGG - La Coordination des \u00e9tudiants de l\u2019Ugb apporte sa r\u00e9plique | Nettali.com<\/title>\n<meta name=\"robots\" content=\"index, follow, max-snippet:-1, max-image-preview:large, max-video-preview:-1\" \/>\n<link rel=\"canonical\" href=\"https:\/\/www.nettali.com\/2025\/08\/06\/greve-de-la-coordination-du-saes-ugg-la-coordination-des-etudiants-de-lugb-apporte-sa-replique\/\" \/>\n<meta property=\"og:locale\" content=\"fr_FR\" \/>\n<meta property=\"og:type\" content=\"article\" \/>\n<meta property=\"og:title\" content=\"GR\u00c8VE DE LA COORDINATION DU SAES-UGG - La Coordination des \u00e9tudiants de l\u2019Ugb apporte sa r\u00e9plique\" \/>\n<meta property=\"og:description\" content=\"NETTALI.COM-\u00a0Suite \u00e0 l&#039;arr\u00eat des examens de rattrapage, la coordination de la section du Syndicat autonome de l\u2019enseignement sup\u00e9rieur (SAES), de l\u2019universit\u00e9 Gaston Berger (UGB) accuse la Coordination d&#039;\u00eatre \u00e0 l&#039;origine du blocage. La r\u00e9ponse n&#039;a pas tard\u00e9 du c\u00f4t\u00e9 des \u00e9tudiants de l&#039;universit\u00e9 de Sanar. La Coordination pr\u00e9cise que le Saes a viol\u00e9 son mot [&hellip;]\" \/>\n<meta property=\"og:url\" content=\"https:\/\/www.nettali.com\/2025\/08\/06\/greve-de-la-coordination-du-saes-ugg-la-coordination-des-etudiants-de-lugb-apporte-sa-replique\/\" \/>\n<meta property=\"og:site_name\" content=\"Nettali.com\" \/>\n<meta property=\"article:publisher\" content=\"https:\/\/www.facebook.com\/nettalicom\" \/>\n<meta property=\"article:published_time\" content=\"2025-08-06T20:57:35+00:00\" \/>\n<meta property=\"article:modified_time\" content=\"2025-08-06T21:51:59+00:00\" \/>\n<meta property=\"og:image\" content=\"https:\/\/www.nettali.com\/wp-content\/uploads\/2019\/04\/ugb.jpg\" \/>\n\t<meta property=\"og:image:width\" content=\"1312\" \/>\n\t<meta property=\"og:image:height\" content=\"750\" \/>\n<meta name=\"twitter:card\" content=\"summary_large_image\" \/>\n<meta name=\"twitter:label1\" content=\"\u00c9crit par\" \/>\n\t<meta name=\"twitter:data1\" content=\"Fatou\" \/>\n\t<meta name=\"twitter:label2\" content=\"Dur\u00e9e de lecture estim\u00e9e\" \/>\n\t<meta name=\"twitter:data2\" content=\"2 minutes\" \/>\n<script type=\"application\/ld+json\" class=\"yoast-schema-graph\">{\"@context\":\"https:\/\/schema.org\",\"@graph\":[{\"@type\":\"WebSite\",\"@id\":\"https:\/\/www.nettali.com\/#website\",\"url\":\"https:\/\/www.nettali.com\/\",\"name\":\"Nettali.com\",\"description\":\"Le rendez-vous critique du Net\",\"potentialAction\":[{\"@type\":\"SearchAction\",\"target\":{\"@type\":\"EntryPoint\",\"urlTemplate\":\"https:\/\/www.nettali.com\/?s={search_term_string}\"},\"query-input\":\"required name=search_term_string\"}],\"inLanguage\":\"fr-FR\"},{\"@type\":\"ImageObject\",\"@id\":\"https:\/\/www.nettali.com\/2025\/08\/06\/greve-de-la-coordination-du-saes-ugg-la-coordination-des-etudiants-de-lugb-apporte-sa-replique\/#primaryimage\",\"inLanguage\":\"fr-FR\",\"url\":\"https:\/\/www.nettali.com\/wp-content\/uploads\/2019\/04\/ugb.jpg\",\"contentUrl\":\"https:\/\/www.nettali.com\/wp-content\/uploads\/2019\/04\/ugb.jpg\",\"width\":1312,\"height\":750},{\"@type\":\"WebPage\",\"@id\":\"https:\/\/www.nettali.com\/2025\/08\/06\/greve-de-la-coordination-du-saes-ugg-la-coordination-des-etudiants-de-lugb-apporte-sa-replique\/#webpage\",\"url\":\"https:\/\/www.nettali.com\/2025\/08\/06\/greve-de-la-coordination-du-saes-ugg-la-coordination-des-etudiants-de-lugb-apporte-sa-replique\/\",\"name\":\"GR\\u00c8VE DE LA COORDINATION DU SAES-UGG - La Coordination des \\u00e9tudiants de l\\u2019Ugb apporte sa r\\u00e9plique | Nettali.com\",\"isPartOf\":{\"@id\":\"https:\/\/www.nettali.com\/#website\"},\"primaryImageOfPage\":{\"@id\":\"https:\/\/www.nettali.com\/2025\/08\/06\/greve-de-la-coordination-du-saes-ugg-la-coordination-des-etudiants-de-lugb-apporte-sa-replique\/#primaryimage\"},\"datePublished\":\"2025-08-06T20:57:35+00:00\",\"dateModified\":\"2025-08-06T21:51:59+00:00\",\"author\":{\"@id\":\"https:\/\/www.nettali.com\/#\/schema\/person\/418274a86bdf87caff7a3ef476bd0bbf\"},\"breadcrumb\":{\"@id\":\"https:\/\/www.nettali.com\/2025\/08\/06\/greve-de-la-coordination-du-saes-ugg-la-coordination-des-etudiants-de-lugb-apporte-sa-replique\/#breadcrumb\"},\"inLanguage\":\"fr-FR\",\"potentialAction\":[{\"@type\":\"ReadAction\",\"target\":[\"https:\/\/www.nettali.com\/2025\/08\/06\/greve-de-la-coordination-du-saes-ugg-la-coordination-des-etudiants-de-lugb-apporte-sa-replique\/\"]}]},{\"@type\":\"BreadcrumbList\",\"@id\":\"https:\/\/www.nettali.com\/2025\/08\/06\/greve-de-la-coordination-du-saes-ugg-la-coordination-des-etudiants-de-lugb-apporte-sa-replique\/#breadcrumb\",\"itemListElement\":[{\"@type\":\"ListItem\",\"position\":1,\"name\":\"Accueil\",\"item\":\"https:\/\/www.nettali.com\/\"},{\"@type\":\"ListItem\",\"position\":2,\"name\":\"GR\\u00c8VE DE LA COORDINATION DU SAES-UGG - La Coordination des \\u00e9tudiants de l\\u2019Ugb apporte sa r\\u00e9plique\"}]},{\"@type\":\"Person\",\"@id\":\"https:\/\/www.nettali.com\/#\/schema\/person\/418274a86bdf87caff7a3ef476bd0bbf\",\"name\":\"Fatou\",\"image\":{\"@type\":\"ImageObject\",\"@id\":\"https:\/\/www.nettali.com\/#personlogo\",\"inLanguage\":\"fr-FR\",\"url\":\"https:\/\/secure.gravatar.com\/avatar\/5a9442a2bee7b4dcf167cab035858e9a?s=96&d=mm&r=g\",\"contentUrl\":\"https:\/\/secure.gravatar.com\/avatar\/5a9442a2bee7b4dcf167cab035858e9a?s=96&d=mm&r=g\",\"caption\":\"Fatou\"},\"sameAs\":[\"https:\/\/www.nettali.com\"]}]}<\/script>\n<!-- \/ Yoast SEO Premium plugin. -->","yoast_head_json":{"title":"GR\u00c8VE DE LA COORDINATION DU SAES-UGG - La Coordination des \u00e9tudiants de l\u2019Ugb apporte sa r\u00e9plique | Nettali.com","robots":{"index":"index","follow":"follow","max-snippet":"max-snippet:-1","max-image-preview":"max-image-preview:large","max-video-preview":"max-video-preview:-1"},"canonical":"https:\/\/www.nettali.com\/2025\/08\/06\/greve-de-la-coordination-du-saes-ugg-la-coordination-des-etudiants-de-lugb-apporte-sa-replique\/","og_locale":"fr_FR","og_type":"article","og_title":"GR\u00c8VE DE LA COORDINATION DU SAES-UGG - La Coordination des \u00e9tudiants de l\u2019Ugb apporte sa r\u00e9plique","og_description":"NETTALI.COM-\u00a0Suite \u00e0 l'arr\u00eat des examens de rattrapage, la coordination de la section du Syndicat autonome de l\u2019enseignement sup\u00e9rieur (SAES), de l\u2019universit\u00e9 Gaston Berger (UGB) accuse la Coordination d'\u00eatre \u00e0 l'origine du blocage. La r\u00e9ponse n'a pas tard\u00e9 du c\u00f4t\u00e9 des \u00e9tudiants de l'universit\u00e9 de Sanar. La Coordination pr\u00e9cise que le Saes a viol\u00e9 son mot [&hellip;]","og_url":"https:\/\/www.nettali.com\/2025\/08\/06\/greve-de-la-coordination-du-saes-ugg-la-coordination-des-etudiants-de-lugb-apporte-sa-replique\/","og_site_name":"Nettali.com","article_publisher":"https:\/\/www.facebook.com\/nettalicom","article_published_time":"2025-08-06T20:57:35+00:00","article_modified_time":"2025-08-06T21:51:59+00:00","og_image":[{"width":1312,"height":750,"url":"https:\/\/www.nettali.com\/wp-content\/uploads\/2019\/04\/ugb.jpg","type":"image\/jpeg"}],"twitter_card":"summary_large_image","twitter_misc":{"\u00c9crit par":"Fatou","Dur\u00e9e de lecture estim\u00e9e":"2 minutes"},"schema":{"@context":"https:\/\/schema.org","@graph":[{"@type":"WebSite","@id":"https:\/\/www.nettali.com\/#website","url":"https:\/\/www.nettali.com\/","name":"Nettali.com","description":"Le rendez-vous critique du Net","potentialAction":[{"@type":"SearchAction","target":{"@type":"EntryPoint","urlTemplate":"https:\/\/www.nettali.com\/?s={search_term_string}"},"query-input":"required name=search_term_string"}],"inLanguage":"fr-FR"},{"@type":"ImageObject","@id":"https:\/\/www.nettali.com\/2025\/08\/06\/greve-de-la-coordination-du-saes-ugg-la-coordination-des-etudiants-de-lugb-apporte-sa-replique\/#primaryimage","inLanguage":"fr-FR","url":"https:\/\/www.nettali.com\/wp-content\/uploads\/2019\/04\/ugb.jpg","contentUrl":"https:\/\/www.nettali.com\/wp-content\/uploads\/2019\/04\/ugb.jpg","width":1312,"height":750},{"@type":"WebPage","@id":"https:\/\/www.nettali.com\/2025\/08\/06\/greve-de-la-coordination-du-saes-ugg-la-coordination-des-etudiants-de-lugb-apporte-sa-replique\/#webpage","url":"https:\/\/www.nettali.com\/2025\/08\/06\/greve-de-la-coordination-du-saes-ugg-la-coordination-des-etudiants-de-lugb-apporte-sa-replique\/","name":"GR\u00c8VE DE LA COORDINATION DU SAES-UGG - La Coordination des \u00e9tudiants de l\u2019Ugb apporte sa r\u00e9plique | Nettali.com","isPartOf":{"@id":"https:\/\/www.nettali.com\/#website"},"primaryImageOfPage":{"@id":"https:\/\/www.nettali.com\/2025\/08\/06\/greve-de-la-coordination-du-saes-ugg-la-coordination-des-etudiants-de-lugb-apporte-sa-replique\/#primaryimage"},"datePublished":"2025-08-06T20:57:35+00:00","dateModified":"2025-08-06T21:51:59+00:00","author":{"@id":"https:\/\/www.nettali.com\/#\/schema\/person\/418274a86bdf87caff7a3ef476bd0bbf"},"breadcrumb":{"@id":"https:\/\/www.nettali.com\/2025\/08\/06\/greve-de-la-coordination-du-saes-ugg-la-coordination-des-etudiants-de-lugb-apporte-sa-replique\/#breadcrumb"},"inLanguage":"fr-FR","potentialAction":[{"@type":"ReadAction","target":["https:\/\/www.nettali.com\/2025\/08\/06\/greve-de-la-coordination-du-saes-ugg-la-coordination-des-etudiants-de-lugb-apporte-sa-replique\/"]}]},{"@type":"BreadcrumbList","@id":"https:\/\/www.nettali.com\/2025\/08\/06\/greve-de-la-coordination-du-saes-ugg-la-coordination-des-etudiants-de-lugb-apporte-sa-replique\/#breadcrumb","itemListElement":[{"@type":"ListItem","position":1,"name":"Accueil","item":"https:\/\/www.nettali.com\/"},{"@type":"ListItem","position":2,"name":"GR\u00c8VE DE LA COORDINATION DU SAES-UGG - La Coordination des \u00e9tudiants de l\u2019Ugb apporte sa r\u00e9plique"}]},{"@type":"Person","@id":"https:\/\/www.nettali.com\/#\/schema\/person\/418274a86bdf87caff7a3ef476bd0bbf","name":"Fatou","image":{"@type":"ImageObject","@id":"https:\/\/www.nettali.com\/#personlogo","inLanguage":"fr-FR","url":"https:\/\/secure.gravatar.com\/avatar\/5a9442a2bee7b4dcf167cab035858e9a?s=96&d=mm&r=g","contentUrl":"https:\/\/secure.gravatar.com\/avatar\/5a9442a2bee7b4dcf167cab035858e9a?s=96&d=mm&r=g","caption":"Fatou"},"sameAs":["https:\/\/www.nettali.com"]}]}},"_links":{"self":[{"href":"https:\/\/www.nettali.com\/rest\/wp\/v2\/posts\/158991"}],"collection":[{"href":"https:\/\/www.nettali.com\/rest\/wp\/v2\/posts"}],"about":[{"href":"https:\/\/www.nettali.com\/rest\/wp\/v2\/types\/post"}],"author":[{"embeddable":true,"href":"https:\/\/www.nettali.com\/rest\/wp\/v2\/users\/6"}],"replies":[{"embeddable":true,"href":"https:\/\/www.nettali.com\/rest\/wp\/v2\/comments?post=158991"}],"version-history":[{"count":2,"href":"https:\/\/www.nettali.com\/rest\/wp\/v2\/posts\/158991\/revisions"}],"predecessor-version":[{"id":159000,"href":"https:\/\/www.nettali.com\/rest\/wp\/v2\/posts\/158991\/revisions\/159000"}],"wp:featuredmedia":[{"embeddable":true,"href":"https:\/\/www.nettali.com\/rest\/wp\/v2\/media\/6389"}],"wp:attachment":[{"href":"https:\/\/www.nettali.com\/rest\/wp\/v2\/media?parent=158991"}],"wp:term":[{"taxonomy":"category","embeddable":true,"href":"https:\/\/www.nettali.com\/rest\/wp\/v2\/categories?post=158991"},{"taxonomy":"post_tag","embeddable":true,"href":"https:\/\/www.nettali.com\/rest\/wp\/v2\/tags?post=158991"}],"curies":[{"name":"wp","href":"https:\/\/api.w.org\/{rel}","templated":true}]}}