{"id":158990,"date":"2025-08-06T17:27:29","date_gmt":"2025-08-06T17:27:29","guid":{"rendered":"https:\/\/www.nettali.com\/?p=158990"},"modified":"2025-08-06T17:27:29","modified_gmt":"2025-08-06T17:27:29","slug":"ghana-les-ministres-de-la-defense-et-de-lenvironnement-tues-dans-un-accident-dhelicoptere","status":"publish","type":"post","link":"https:\/\/www.nettali.com\/2025\/08\/06\/ghana-les-ministres-de-la-defense-et-de-lenvironnement-tues-dans-un-accident-dhelicoptere\/","title":{"rendered":"GHANA - Les ministres de la D\u00e9fense et de l'Environnement tu\u00e9s dans un accident d'h\u00e9licopt\u00e8re"},"content":{"rendered":"<div class=\"t-content__above-sidebar\">\n<p class=\"t-content__chapo\"><strong>NETTALI.COM - Les ministres ghan\u00e9ens de la D\u00e9fense et de l'Environnement ont \u00e9t\u00e9 tu\u00e9s mercredi dans un accident d'h\u00e9licopt\u00e8re, a annonc\u00e9 la pr\u00e9sidence. L'appareil transportait trois membres d'\u00e9quipage et cinq passagers.<\/strong><\/p>\n<\/div>\n<div class=\"t-content__with-sidebar\">\n<div class=\"t-content__beside-sidebar\" data-article-content=\"\">\n<div class=\"t-content__metadata\">\n<div class=\"t-content__dates\"><\/div>\n<div class=\"t-content__authors\">\n<div class=\"m-from-author\">\n<div class=\"m-author\">\n<div class=\"m-author__name\"><\/div>\n<\/div>\n<\/div>\n<\/div>\n<\/div>\n<div class=\"t-content__main-media\">\n<figure class=\"m-item-image m-item-image--16x9 m-item-image--has-caption\"><picture class=\"a-picture a-picture--16x9\"><source srcset=\"https:\/\/s.france24.com\/media\/display\/f01a0af8-72e2-11f0-9fb7-005056bf30b7\/w:388\/p:16x9\/Edward-BOAMAH-Imrahim-MUHAMMED.webp 388w,https:\/\/s.france24.com\/media\/display\/f01a0af8-72e2-11f0-9fb7-005056bf30b7\/w:720\/p:16x9\/Edward-BOAMAH-Imrahim-MUHAMMED.webp 720w,https:\/\/s.france24.com\/media\/display\/f01a0af8-72e2-11f0-9fb7-005056bf30b7\/w:1024\/p:16x9\/Edward-BOAMAH-Imrahim-MUHAMMED.webp 1024w,https:\/\/s.france24.com\/media\/display\/f01a0af8-72e2-11f0-9fb7-005056bf30b7\/w:1280\/p:16x9\/Edward-BOAMAH-Imrahim-MUHAMMED.webp 1280w\" type=\"image\/webp\" sizes=\"(max-width: 1076px) 100vw, 1012px\" \/><img loading=\"lazy\" class=\"a-img \" src=\"https:\/\/s.france24.com\/media\/display\/f01a0af8-72e2-11f0-9fb7-005056bf30b7\/w:1280\/p:16x9\/Edward-BOAMAH-Imrahim-MUHAMMED.jpg\" sizes=\"(max-width: 1076px) 100vw, 1012px\" srcset=\"https:\/\/s.france24.com\/media\/display\/f01a0af8-72e2-11f0-9fb7-005056bf30b7\/w:388\/p:16x9\/Edward-BOAMAH-Imrahim-MUHAMMED.jpg 388w,https:\/\/s.france24.com\/media\/display\/f01a0af8-72e2-11f0-9fb7-005056bf30b7\/w:720\/p:16x9\/Edward-BOAMAH-Imrahim-MUHAMMED.jpg 720w,https:\/\/s.france24.com\/media\/display\/f01a0af8-72e2-11f0-9fb7-005056bf30b7\/w:1024\/p:16x9\/Edward-BOAMAH-Imrahim-MUHAMMED.jpg 1024w,https:\/\/s.france24.com\/media\/display\/f01a0af8-72e2-11f0-9fb7-005056bf30b7\/w:1280\/p:16x9\/Edward-BOAMAH-Imrahim-MUHAMMED.jpg 1280w\" alt=\"Les ministres ghan\u00e9ens de la D\u00e9fense Edward Omane Boamah (gauche) et de l'Environnement Ibrahim Murtala Muhammed, morts dans un accident d'h\u00e9licopt\u00e8re au Ghana le 6 ao\u00fbt 2025.\" width=\"1280\" height=\"720\" \/><\/picture><figcaption class=\"a-figcaption\">Les ministres ghan\u00e9ens de la D\u00e9fense Edward Omane Boamah (gauche) et de l'Environnement Ibrahim Murtala Muhammed, morts dans un accident d'h\u00e9licopt\u00e8re au Ghana le 6 ao\u00fbt 2025.\u00a0\u00a9 ITU Pictures of Geneva (gauche), Acephoto via Creative Commons (droite)<\/figcaption><div class=\"m-item-image__overlay-wrapper\"><\/div>\n<\/figure>\n<\/div>\n<div class=\"t-content__body u-clearfix\" data-empty-p=\"false\">\n<p>Le\u00a0Ghana\u00a0en deuil. Les ministres de la D\u00e9fense et de l'Environnement ont \u00e9t\u00e9 tu\u00e9s mercredi 6\u00a0ao\u00fbt dans un accident d'h\u00e9licopt\u00e8re, a annonc\u00e9 la pr\u00e9sidence. Cette annonce a lieu quelques heures apr\u00e8s que l'arm\u00e9e a signal\u00e9 la disparition d'un appareil transportant trois membres d'\u00e9quipage et cinq passagers.<\/p>\n<p>Le ministre de la D\u00e9fense, Edward Omane Boamah, et celui de l'Environnement, Ibrahim Murtala Muhammed, figurent parmi les victimes du crash, dans le sud du pays, a pr\u00e9cis\u00e9 Julius Debrah, chef de cabinet du pr\u00e9sident\u00a0John Mahama.<\/p>\n<p><em>\"Le pr\u00e9sident et le gouvernement adressent leurs condol\u00e9ances et leur solidarit\u00e9 aux familles de nos camarades et des militaires tomb\u00e9s lors de leur service pour la Nation\"<\/em>, a d\u00e9clar\u00e9 Julius Debrah.<\/p>\n<p>Parmi les victimes figurent \u00e9galement Alhaji Muniru Muhammad, coordinateur adjoint de la s\u00e9curit\u00e9 nationale et ancien ministre de l'Agriculture, ainsi que Samuel Sarpong, vice-pr\u00e9sident du parti Congr\u00e8s national d\u00e9mocratique (NDC) du pr\u00e9sident Mahama.<\/p>\n<p>L'arm\u00e9e de l'air ghan\u00e9enne avait signal\u00e9 plus t\u00f4t dans la journ\u00e9e de mercredi qu'un h\u00e9licopt\u00e8re militaire avait disparu des radars peu apr\u00e8s son d\u00e9collage d'Accra, vers 9\u00a0h (locales et GMT), en direction d'Obuasi, au nord-ouest de la capitale.<\/p>\n<p>Les drapeaux seront mis en berne, a annonc\u00e9 Julius Debrah.<\/p>\n<p>La pr\u00e9sidence a indiqu\u00e9 que John Mahama avait suspendu toutes ses activit\u00e9s officielles pour la journ\u00e9e.<\/p>\n<p><strong><em>Avec AFP<\/em><\/strong><\/p>\n<\/div>\n<\/div>\n<div class=\"o-ad-container o-ad-container--outbrain t-content__below-sidebar\" data-tms-ad-type=\"post-article\" data-tms-ad-status=\"loaded\" data-tms-ad-pos=\"1\" data-tms-ad-provider=\"outbrain\">\n<div class=\"ob-smartfeed-wrapper feedIdx-0\">\n<div id=\"outbrain_widget_0\" class=\"OUTBRAIN\" data-widget-id=\"AR_1\" data-src=\"https:\/\/www.france24.com\/fr\/afrique\/20250806-au-ghana-deux-ministres-meurent-dans-un-accident-d-h%C3%A9licopt%C3%A8re\" data-ob-mark=\"true\" data-browser=\"chrome\" data-os=\"macintel\" data-dynload=\"\" data-idx=\"0\" data-color-scheme=\"light\">\n<div class=\"ob-widget ob-feed-layout CR_2\">\n<div class=\"ob-cards\">\n<div id=\"outbrain_widget_1001\" class=\"OUTBRAIN\" data-src=\"https:\/\/www.france24.com\/fr\/afrique\/20250806-au-ghana-deux-ministres-meurent-dans-un-accident-d-h%C3%A9licopt%C3%A8re\" data-widget-id=\"FMS_CP_1\" data-card-idx=\"1\" data-feed-father-idx=\"0\" data-ob-mark=\"true\" data-browser=\"chrome\" data-os=\"macintel\" data-dynload=\"\" data-idx=\"1001\" data-color-scheme=\"light\">\n<div>\n<div class=\"ob-widget ob-grid-layout FMS_CP_1 ob-feed-idx-0-11741-81574\" data-dynamic-truncate=\"true\" data-color-scheme=\"light\">\n<div class=\"ob-widget-items-container\">\n<div class=\"ob-dynamic-rec-container ob-recIdx-0 ob-p\" data-pos=\"0\"><\/div>\n<\/div>\n<\/div>\n<\/div>\n<\/div>\n<\/div>\n<\/div>\n<\/div>\n<\/div>\n<\/div>\n<\/div>\n<div class='share-to-whatsapp-wrapper'><div class='share-on-whsp'>PARTAGER SUR : <\/div><a data-text='GHANA - Les ministres de la D\u00e9fense et de l'Environnement tu\u00e9s dans un accident d'h\u00e9licopt\u00e8re' data-link='https:\/\/www.nettali.com\/2025\/08\/06\/ghana-les-ministres-de-la-defense-et-de-lenvironnement-tues-dans-un-accident-dhelicoptere\/' class='whatsapp-button whatsapp-share'>WhatsApp<\/a><div class='clear '><\/div><\/div>","protected":false},"excerpt":{"rendered":"<p>NETTALI.COM - Les ministres ghan\u00e9ens de la D\u00e9fense et de l'Environnement ont \u00e9t\u00e9 tu\u00e9s mercredi dans un accident d'h\u00e9licopt\u00e8re, a annonc\u00e9 la pr\u00e9sidence. L'appareil transportait trois membres d'\u00e9quipage et cinq passagers. Les ministres ghan\u00e9ens de la D\u00e9fense Edward Omane Boamah (gauche) et de l'Environnement Ibrahim Murtala Muhammed, morts dans un accident d'h\u00e9licopt\u00e8re au Ghana le [&hellip;]<\/p>\n","protected":false},"author":4,"featured_media":158992,"comment_status":"open","ping_status":"open","sticky":false,"template":"","format":"standard","meta":{"_et_pb_use_builder":"","_et_pb_old_content":""},"categories":[8],"tags":[],"yoast_head":"<!-- This site is optimized with the Yoast SEO Premium plugin v17.8 (Yoast SEO v17.8) - https:\/\/yoast.com\/wordpress\/plugins\/seo\/ -->\n<title>GHANA - Les ministres de la D\u00e9fense et de l&#039;Environnement tu\u00e9s dans un accident d&#039;h\u00e9licopt\u00e8re | Nettali.com<\/title>\n<meta name=\"robots\" content=\"index, follow, max-snippet:-1, max-image-preview:large, max-video-preview:-1\" \/>\n<link rel=\"canonical\" href=\"https:\/\/www.nettali.com\/2025\/08\/06\/ghana-les-ministres-de-la-defense-et-de-lenvironnement-tues-dans-un-accident-dhelicoptere\/\" \/>\n<meta property=\"og:locale\" content=\"fr_FR\" \/>\n<meta property=\"og:type\" content=\"article\" \/>\n<meta property=\"og:title\" content=\"GHANA - Les ministres de la D\u00e9fense et de l&#039;Environnement tu\u00e9s dans un accident d&#039;h\u00e9licopt\u00e8re\" \/>\n<meta property=\"og:description\" content=\"NETTALI.COM - Les ministres ghan\u00e9ens de la D\u00e9fense et de l&#039;Environnement ont \u00e9t\u00e9 tu\u00e9s mercredi dans un accident d&#039;h\u00e9licopt\u00e8re, a annonc\u00e9 la pr\u00e9sidence. L&#039;appareil transportait trois membres d&#039;\u00e9quipage et cinq passagers. Les ministres ghan\u00e9ens de la D\u00e9fense Edward Omane Boamah (gauche) et de l&#039;Environnement Ibrahim Murtala Muhammed, morts dans un accident d&#039;h\u00e9licopt\u00e8re au Ghana le [&hellip;]\" \/>\n<meta property=\"og:url\" content=\"https:\/\/www.nettali.com\/2025\/08\/06\/ghana-les-ministres-de-la-defense-et-de-lenvironnement-tues-dans-un-accident-dhelicoptere\/\" \/>\n<meta property=\"og:site_name\" content=\"Nettali.com\" \/>\n<meta property=\"article:publisher\" content=\"https:\/\/www.facebook.com\/nettalicom\" \/>\n<meta property=\"article:published_time\" content=\"2025-08-06T17:27:29+00:00\" \/>\n<meta property=\"og:image\" content=\"https:\/\/www.nettali.com\/wp-content\/uploads\/2025\/08\/Capture-de\u0301cran-2025-08-06-a\u0300-17.24.59.png\" \/>\n\t<meta property=\"og:image:width\" content=\"640\" \/>\n\t<meta property=\"og:image:height\" content=\"329\" \/>\n<meta name=\"twitter:card\" content=\"summary_large_image\" \/>\n<meta name=\"twitter:label1\" content=\"\u00c9crit par\" \/>\n\t<meta name=\"twitter:data1\" content=\"Daouda\" \/>\n\t<meta name=\"twitter:label2\" content=\"Dur\u00e9e de lecture estim\u00e9e\" \/>\n\t<meta name=\"twitter:data2\" content=\"2 minutes\" \/>\n<script type=\"application\/ld+json\" class=\"yoast-schema-graph\">{\"@context\":\"https:\/\/schema.org\",\"@graph\":[{\"@type\":\"WebSite\",\"@id\":\"https:\/\/www.nettali.com\/#website\",\"url\":\"https:\/\/www.nettali.com\/\",\"name\":\"Nettali.com\",\"description\":\"Le rendez-vous critique du Net\",\"potentialAction\":[{\"@type\":\"SearchAction\",\"target\":{\"@type\":\"EntryPoint\",\"urlTemplate\":\"https:\/\/www.nettali.com\/?s={search_term_string}\"},\"query-input\":\"required name=search_term_string\"}],\"inLanguage\":\"fr-FR\"},{\"@type\":\"ImageObject\",\"@id\":\"https:\/\/www.nettali.com\/2025\/08\/06\/ghana-les-ministres-de-la-defense-et-de-lenvironnement-tues-dans-un-accident-dhelicoptere\/#primaryimage\",\"inLanguage\":\"fr-FR\",\"url\":\"https:\/\/www.nettali.com\/wp-content\/uploads\/2025\/08\/Capture-de\\u0301cran-2025-08-06-a\\u0300-17.24.59.png\",\"contentUrl\":\"https:\/\/www.nettali.com\/wp-content\/uploads\/2025\/08\/Capture-de\\u0301cran-2025-08-06-a\\u0300-17.24.59.png\",\"width\":640,\"height\":329},{\"@type\":\"WebPage\",\"@id\":\"https:\/\/www.nettali.com\/2025\/08\/06\/ghana-les-ministres-de-la-defense-et-de-lenvironnement-tues-dans-un-accident-dhelicoptere\/#webpage\",\"url\":\"https:\/\/www.nettali.com\/2025\/08\/06\/ghana-les-ministres-de-la-defense-et-de-lenvironnement-tues-dans-un-accident-dhelicoptere\/\",\"name\":\"GHANA - Les ministres de la D\\u00e9fense et de l'Environnement tu\\u00e9s dans un accident d'h\\u00e9licopt\\u00e8re | Nettali.com\",\"isPartOf\":{\"@id\":\"https:\/\/www.nettali.com\/#website\"},\"primaryImageOfPage\":{\"@id\":\"https:\/\/www.nettali.com\/2025\/08\/06\/ghana-les-ministres-de-la-defense-et-de-lenvironnement-tues-dans-un-accident-dhelicoptere\/#primaryimage\"},\"datePublished\":\"2025-08-06T17:27:29+00:00\",\"dateModified\":\"2025-08-06T17:27:29+00:00\",\"author\":{\"@id\":\"https:\/\/www.nettali.com\/#\/schema\/person\/3317e0bb3aa1da309fbf7b2780901bf4\"},\"breadcrumb\":{\"@id\":\"https:\/\/www.nettali.com\/2025\/08\/06\/ghana-les-ministres-de-la-defense-et-de-lenvironnement-tues-dans-un-accident-dhelicoptere\/#breadcrumb\"},\"inLanguage\":\"fr-FR\",\"potentialAction\":[{\"@type\":\"ReadAction\",\"target\":[\"https:\/\/www.nettali.com\/2025\/08\/06\/ghana-les-ministres-de-la-defense-et-de-lenvironnement-tues-dans-un-accident-dhelicoptere\/\"]}]},{\"@type\":\"BreadcrumbList\",\"@id\":\"https:\/\/www.nettali.com\/2025\/08\/06\/ghana-les-ministres-de-la-defense-et-de-lenvironnement-tues-dans-un-accident-dhelicoptere\/#breadcrumb\",\"itemListElement\":[{\"@type\":\"ListItem\",\"position\":1,\"name\":\"Accueil\",\"item\":\"https:\/\/www.nettali.com\/\"},{\"@type\":\"ListItem\",\"position\":2,\"name\":\"GHANA - Les ministres de la D\\u00e9fense et de l'Environnement tu\\u00e9s dans un accident d'h\\u00e9licopt\\u00e8re\"}]},{\"@type\":\"Person\",\"@id\":\"https:\/\/www.nettali.com\/#\/schema\/person\/3317e0bb3aa1da309fbf7b2780901bf4\",\"name\":\"Daouda\",\"image\":{\"@type\":\"ImageObject\",\"@id\":\"https:\/\/www.nettali.com\/#personlogo\",\"inLanguage\":\"fr-FR\",\"url\":\"https:\/\/secure.gravatar.com\/avatar\/8d143b5a49345098ddcfee1c49c2f47c?s=96&d=mm&r=g\",\"contentUrl\":\"https:\/\/secure.gravatar.com\/avatar\/8d143b5a49345098ddcfee1c49c2f47c?s=96&d=mm&r=g\",\"caption\":\"Daouda\"},\"sameAs\":[\"https:\/\/www.nettali.com\"]}]}<\/script>\n<!-- \/ Yoast SEO Premium plugin. -->","yoast_head_json":{"title":"GHANA - Les ministres de la D\u00e9fense et de l'Environnement tu\u00e9s dans un accident d'h\u00e9licopt\u00e8re | Nettali.com","robots":{"index":"index","follow":"follow","max-snippet":"max-snippet:-1","max-image-preview":"max-image-preview:large","max-video-preview":"max-video-preview:-1"},"canonical":"https:\/\/www.nettali.com\/2025\/08\/06\/ghana-les-ministres-de-la-defense-et-de-lenvironnement-tues-dans-un-accident-dhelicoptere\/","og_locale":"fr_FR","og_type":"article","og_title":"GHANA - Les ministres de la D\u00e9fense et de l'Environnement tu\u00e9s dans un accident d'h\u00e9licopt\u00e8re","og_description":"NETTALI.COM - Les ministres ghan\u00e9ens de la D\u00e9fense et de l'Environnement ont \u00e9t\u00e9 tu\u00e9s mercredi dans un accident d'h\u00e9licopt\u00e8re, a annonc\u00e9 la pr\u00e9sidence. L'appareil transportait trois membres d'\u00e9quipage et cinq passagers. Les ministres ghan\u00e9ens de la D\u00e9fense Edward Omane Boamah (gauche) et de l'Environnement Ibrahim Murtala Muhammed, morts dans un accident d'h\u00e9licopt\u00e8re au Ghana le [&hellip;]","og_url":"https:\/\/www.nettali.com\/2025\/08\/06\/ghana-les-ministres-de-la-defense-et-de-lenvironnement-tues-dans-un-accident-dhelicoptere\/","og_site_name":"Nettali.com","article_publisher":"https:\/\/www.facebook.com\/nettalicom","article_published_time":"2025-08-06T17:27:29+00:00","og_image":[{"width":640,"height":329,"url":"https:\/\/www.nettali.com\/wp-content\/uploads\/2025\/08\/Capture-de\u0301cran-2025-08-06-a\u0300-17.24.59.png","type":"image\/png"}],"twitter_card":"summary_large_image","twitter_misc":{"\u00c9crit par":"Daouda","Dur\u00e9e de lecture estim\u00e9e":"2 minutes"},"schema":{"@context":"https:\/\/schema.org","@graph":[{"@type":"WebSite","@id":"https:\/\/www.nettali.com\/#website","url":"https:\/\/www.nettali.com\/","name":"Nettali.com","description":"Le rendez-vous critique du Net","potentialAction":[{"@type":"SearchAction","target":{"@type":"EntryPoint","urlTemplate":"https:\/\/www.nettali.com\/?s={search_term_string}"},"query-input":"required name=search_term_string"}],"inLanguage":"fr-FR"},{"@type":"ImageObject","@id":"https:\/\/www.nettali.com\/2025\/08\/06\/ghana-les-ministres-de-la-defense-et-de-lenvironnement-tues-dans-un-accident-dhelicoptere\/#primaryimage","inLanguage":"fr-FR","url":"https:\/\/www.nettali.com\/wp-content\/uploads\/2025\/08\/Capture-de\u0301cran-2025-08-06-a\u0300-17.24.59.png","contentUrl":"https:\/\/www.nettali.com\/wp-content\/uploads\/2025\/08\/Capture-de\u0301cran-2025-08-06-a\u0300-17.24.59.png","width":640,"height":329},{"@type":"WebPage","@id":"https:\/\/www.nettali.com\/2025\/08\/06\/ghana-les-ministres-de-la-defense-et-de-lenvironnement-tues-dans-un-accident-dhelicoptere\/#webpage","url":"https:\/\/www.nettali.com\/2025\/08\/06\/ghana-les-ministres-de-la-defense-et-de-lenvironnement-tues-dans-un-accident-dhelicoptere\/","name":"GHANA - Les ministres de la D\u00e9fense et de l'Environnement tu\u00e9s dans un accident d'h\u00e9licopt\u00e8re | Nettali.com","isPartOf":{"@id":"https:\/\/www.nettali.com\/#website"},"primaryImageOfPage":{"@id":"https:\/\/www.nettali.com\/2025\/08\/06\/ghana-les-ministres-de-la-defense-et-de-lenvironnement-tues-dans-un-accident-dhelicoptere\/#primaryimage"},"datePublished":"2025-08-06T17:27:29+00:00","dateModified":"2025-08-06T17:27:29+00:00","author":{"@id":"https:\/\/www.nettali.com\/#\/schema\/person\/3317e0bb3aa1da309fbf7b2780901bf4"},"breadcrumb":{"@id":"https:\/\/www.nettali.com\/2025\/08\/06\/ghana-les-ministres-de-la-defense-et-de-lenvironnement-tues-dans-un-accident-dhelicoptere\/#breadcrumb"},"inLanguage":"fr-FR","potentialAction":[{"@type":"ReadAction","target":["https:\/\/www.nettali.com\/2025\/08\/06\/ghana-les-ministres-de-la-defense-et-de-lenvironnement-tues-dans-un-accident-dhelicoptere\/"]}]},{"@type":"BreadcrumbList","@id":"https:\/\/www.nettali.com\/2025\/08\/06\/ghana-les-ministres-de-la-defense-et-de-lenvironnement-tues-dans-un-accident-dhelicoptere\/#breadcrumb","itemListElement":[{"@type":"ListItem","position":1,"name":"Accueil","item":"https:\/\/www.nettali.com\/"},{"@type":"ListItem","position":2,"name":"GHANA - Les ministres de la D\u00e9fense et de l'Environnement tu\u00e9s dans un accident d'h\u00e9licopt\u00e8re"}]},{"@type":"Person","@id":"https:\/\/www.nettali.com\/#\/schema\/person\/3317e0bb3aa1da309fbf7b2780901bf4","name":"Daouda","image":{"@type":"ImageObject","@id":"https:\/\/www.nettali.com\/#personlogo","inLanguage":"fr-FR","url":"https:\/\/secure.gravatar.com\/avatar\/8d143b5a49345098ddcfee1c49c2f47c?s=96&d=mm&r=g","contentUrl":"https:\/\/secure.gravatar.com\/avatar\/8d143b5a49345098ddcfee1c49c2f47c?s=96&d=mm&r=g","caption":"Daouda"},"sameAs":["https:\/\/www.nettali.com"]}]}},"_links":{"self":[{"href":"https:\/\/www.nettali.com\/rest\/wp\/v2\/posts\/158990"}],"collection":[{"href":"https:\/\/www.nettali.com\/rest\/wp\/v2\/posts"}],"about":[{"href":"https:\/\/www.nettali.com\/rest\/wp\/v2\/types\/post"}],"author":[{"embeddable":true,"href":"https:\/\/www.nettali.com\/rest\/wp\/v2\/users\/4"}],"replies":[{"embeddable":true,"href":"https:\/\/www.nettali.com\/rest\/wp\/v2\/comments?post=158990"}],"version-history":[{"count":1,"href":"https:\/\/www.nettali.com\/rest\/wp\/v2\/posts\/158990\/revisions"}],"predecessor-version":[{"id":158993,"href":"https:\/\/www.nettali.com\/rest\/wp\/v2\/posts\/158990\/revisions\/158993"}],"wp:featuredmedia":[{"embeddable":true,"href":"https:\/\/www.nettali.com\/rest\/wp\/v2\/media\/158992"}],"wp:attachment":[{"href":"https:\/\/www.nettali.com\/rest\/wp\/v2\/media?parent=158990"}],"wp:term":[{"taxonomy":"category","embeddable":true,"href":"https:\/\/www.nettali.com\/rest\/wp\/v2\/categories?post=158990"},{"taxonomy":"post_tag","embeddable":true,"href":"https:\/\/www.nettali.com\/rest\/wp\/v2\/tags?post=158990"}],"curies":[{"name":"wp","href":"https:\/\/api.w.org\/{rel}","templated":true}]}}