{"id":158514,"date":"2025-07-30T01:38:58","date_gmt":"2025-07-30T01:38:58","guid":{"rendered":"https:\/\/www.nettali.com\/?p=158514"},"modified":"2025-07-30T20:45:24","modified_gmt":"2025-07-30T20:45:24","slug":"presidentielle-2025-en-cote-divoire-ouattara-se-lance-pour-un-4e-mandat-soro-denonce","status":"publish","type":"post","link":"https:\/\/www.nettali.com\/2025\/07\/30\/presidentielle-2025-en-cote-divoire-ouattara-se-lance-pour-un-4e-mandat-soro-denonce\/","title":{"rendered":"PR\u00c9SIDENTIELLE 2025 EN C\u00d4TE D\u2019IVOIRE - Ouattara se lance pour un 4e mandat, Soro d\u00e9nonce"},"content":{"rendered":"<p><strong>NETTALI.COM - Le pr\u00e9sident Alassane Ouattara a officialis\u00e9, le lundi 29 juillet, sa candidature \u00e0 l\u2019\u00e9lection pr\u00e9sidentielle d\u2019octobre prochain, invoquant la stabilit\u00e9 du pays et les d\u00e9fis s\u00e9curitaires. Une annonce aussit\u00f4t fustig\u00e9e par Guillaume Soro, qui d\u00e9nonce une violation de la Constitution et appelle les Ivoiriens \u00e0 \u201cd\u00e9fendre la libert\u00e9 et la justice\u201d.<\/strong><\/p>\n<p>\u00c0 moins de trois mois de l\u2019\u00e9lection pr\u00e9sidentielle pr\u00e9vue le 25 octobre 2025, le pr\u00e9sident ivoirien Alassane Ouattara a annonc\u00e9, le lundi 29 juillet, sa candidature \u00e0 un quatri\u00e8me mandat, invoquant des \u201cd\u00e9fis majeurs\u201d \u00e0 relever. Une d\u00e9cision vivement critiqu\u00e9e par Guillaume Soro, ancien pr\u00e9sident de l\u2019Assembl\u00e9e nationale, qui d\u00e9nonce une \u201cviolation grave\u201d de la Constitution.<\/p>\n<p>Dans une adresse solennelle \u00e0 la Nation, le chef de l\u2019\u00c9tat a d\u00e9clar\u00e9 avoir r\u00e9pondu aux appels \u201cde nombreuses voix\u201d venues de toutes les r\u00e9gions du pays, l\u2019exhortant \u00e0 poursuivre son action \u00e0 la t\u00eate de l\u2019\u00c9tat. S\u2019appuyant sur la Constitution de la IIIe R\u00e9publique, Alassane Ouattara a affirm\u00e9 que \u201c<em>le devoir peut, parfois, transcender la parole donn\u00e9e<\/em>\u201d, en r\u00e9f\u00e9rence \u00e0 son engagement ant\u00e9rieur \u00e0 ne pas se repr\u00e9senter.<\/p>\n<p>\u201c<em>Je suis candidat parce que la Constitution de notre pays m\u2019autorise \u00e0 faire un autre mandat et ma sant\u00e9 le permet<\/em>\u201d, a-t-il soulign\u00e9, mettant en avant la n\u00e9cessit\u00e9 de pr\u00e9server les acquis \u00e9conomiques et s\u00e9curitaires de la C\u00f4te d\u2019Ivoire face \u00e0 la menace terroriste dans la sous-r\u00e9gion et aux incertitudes \u00e9conomiques internationales. Il a promis un mandat de \u201ctransmission g\u00e9n\u00e9rationnelle\u201d, s\u2019engageant \u00e0 consolider les acquis et \u00e0 am\u00e9liorer le quotidien des Ivoiriens, notamment les plus vuln\u00e9rables.<\/p>\n<p><strong>Une \u201cforfaiture\u201d pour Soro <\/strong><\/p>\n<p>Quelques heures apr\u00e8s l\u2019allocution pr\u00e9sidentielle, Guillaume Kigbafori Soro a publi\u00e9 une d\u00e9claration au vitriol, qualifiant cette candidature de \u201c<em>quatri\u00e8me mandat pr\u00e9sidentiel ill\u00e9gal<\/em>\u201d.<\/p>\n<p>Soro, devenu opposant en exil, accuse Alassane Ouattara de \u201c<em>fouler aux pieds la Constitution ivoirienne et les principes les plus \u00e9l\u00e9mentaires de la d\u00e9mocratie<\/em>\u201d. Il d\u00e9nonce une mise en sc\u00e8ne soigneusement orchestr\u00e9e ces derni\u00e8res semaines pour \u201c<em>pr\u00e9parer l\u2019opinion \u00e0 une nouvelle violation de notre Loi fondamentale<\/em>\u201d et compare le chef de l\u2019\u00c9tat \u00e0 un \u201cdictateur\u201d accroch\u00e9 au pouvoir.<\/p>\n<p>\u201c<em>Aujourd\u2019hui, l\u2019opposition est embastill\u00e9e, la d\u00e9mocratie b\u00e2illonn\u00e9e et la liste \u00e9lectorale, totalement truqu\u00e9e, annonce des lendemains p\u00e9rilleux<\/em>\u201d, avertit Guillaume Soro, appelant le peuple ivoirien \u00e0 se \u201cl<em>ever, dans le respect de la l\u00e9galit\u00e9, pour d\u00e9fendre la Constitution, la justice et la libert\u00e9<\/em>\u201d.<\/p>\n<p>Ce duel \u00e0 distance entre les deux hommes, donne le ton d\u2019une campagne \u00e9lectorale qui s\u2019annonce houleuse. Alors que le pouvoir insiste sur la stabilit\u00e9 et la l\u00e9galit\u00e9 du processus, l\u2019opposition d\u00e9nonce un verrouillage d\u00e9mocratique et des institutions instrumentalis\u00e9es.<\/p>\n<div class='share-to-whatsapp-wrapper'><div class='share-on-whsp'>PARTAGER SUR : <\/div><a data-text='PR\u00c9SIDENTIELLE 2025 EN C\u00d4TE D\u2019IVOIRE - Ouattara se lance pour un 4e mandat, Soro d\u00e9nonce' data-link='https:\/\/www.nettali.com\/2025\/07\/30\/presidentielle-2025-en-cote-divoire-ouattara-se-lance-pour-un-4e-mandat-soro-denonce\/' class='whatsapp-button whatsapp-share'>WhatsApp<\/a><div class='clear '><\/div><\/div>","protected":false},"excerpt":{"rendered":"<p>NETTALI.COM - Le pr\u00e9sident Alassane Ouattara a officialis\u00e9, le lundi 29 juillet, sa candidature \u00e0 l\u2019\u00e9lection pr\u00e9sidentielle d\u2019octobre prochain, invoquant la stabilit\u00e9 du pays et les d\u00e9fis s\u00e9curitaires. Une annonce aussit\u00f4t fustig\u00e9e par Guillaume Soro, qui d\u00e9nonce une violation de la Constitution et appelle les Ivoiriens \u00e0 \u201cd\u00e9fendre la libert\u00e9 et la justice\u201d. \u00c0 moins [&hellip;]<\/p>\n","protected":false},"author":2,"featured_media":158515,"comment_status":"open","ping_status":"open","sticky":false,"template":"","format":"standard","meta":{"_et_pb_use_builder":"","_et_pb_old_content":""},"categories":[8],"tags":[],"yoast_head":"<!-- This site is optimized with the Yoast SEO Premium plugin v17.8 (Yoast SEO v17.8) - https:\/\/yoast.com\/wordpress\/plugins\/seo\/ -->\n<title>PR\u00c9SIDENTIELLE 2025 EN C\u00d4TE D\u2019IVOIRE - Ouattara se lance pour un 4e mandat, Soro d\u00e9nonce | Nettali.com<\/title>\n<meta name=\"robots\" content=\"index, follow, max-snippet:-1, max-image-preview:large, max-video-preview:-1\" \/>\n<link rel=\"canonical\" href=\"https:\/\/www.nettali.com\/2025\/07\/30\/presidentielle-2025-en-cote-divoire-ouattara-se-lance-pour-un-4e-mandat-soro-denonce\/\" \/>\n<meta property=\"og:locale\" content=\"fr_FR\" \/>\n<meta property=\"og:type\" content=\"article\" \/>\n<meta property=\"og:title\" content=\"PR\u00c9SIDENTIELLE 2025 EN C\u00d4TE D\u2019IVOIRE - Ouattara se lance pour un 4e mandat, Soro d\u00e9nonce\" \/>\n<meta property=\"og:description\" content=\"NETTALI.COM - Le pr\u00e9sident Alassane Ouattara a officialis\u00e9, le lundi 29 juillet, sa candidature \u00e0 l\u2019\u00e9lection pr\u00e9sidentielle d\u2019octobre prochain, invoquant la stabilit\u00e9 du pays et les d\u00e9fis s\u00e9curitaires. Une annonce aussit\u00f4t fustig\u00e9e par Guillaume Soro, qui d\u00e9nonce une violation de la Constitution et appelle les Ivoiriens \u00e0 \u201cd\u00e9fendre la libert\u00e9 et la justice\u201d. \u00c0 moins [&hellip;]\" \/>\n<meta property=\"og:url\" content=\"https:\/\/www.nettali.com\/2025\/07\/30\/presidentielle-2025-en-cote-divoire-ouattara-se-lance-pour-un-4e-mandat-soro-denonce\/\" \/>\n<meta property=\"og:site_name\" content=\"Nettali.com\" \/>\n<meta property=\"article:publisher\" content=\"https:\/\/www.facebook.com\/nettalicom\" \/>\n<meta property=\"article:published_time\" content=\"2025-07-30T01:38:58+00:00\" \/>\n<meta property=\"article:modified_time\" content=\"2025-07-30T20:45:24+00:00\" \/>\n<meta property=\"og:image\" content=\"https:\/\/www.nettali.com\/wp-content\/uploads\/2025\/07\/Soro-2.png\" \/>\n\t<meta property=\"og:image:width\" content=\"959\" \/>\n\t<meta property=\"og:image:height\" content=\"640\" \/>\n<meta name=\"twitter:card\" content=\"summary_large_image\" \/>\n<meta name=\"twitter:label1\" content=\"\u00c9crit par\" \/>\n\t<meta name=\"twitter:data1\" content=\"CK\" \/>\n\t<meta name=\"twitter:label2\" content=\"Dur\u00e9e de lecture estim\u00e9e\" \/>\n\t<meta name=\"twitter:data2\" content=\"3 minutes\" \/>\n<script type=\"application\/ld+json\" class=\"yoast-schema-graph\">{\"@context\":\"https:\/\/schema.org\",\"@graph\":[{\"@type\":\"WebSite\",\"@id\":\"https:\/\/www.nettali.com\/#website\",\"url\":\"https:\/\/www.nettali.com\/\",\"name\":\"Nettali.com\",\"description\":\"Le rendez-vous critique du Net\",\"potentialAction\":[{\"@type\":\"SearchAction\",\"target\":{\"@type\":\"EntryPoint\",\"urlTemplate\":\"https:\/\/www.nettali.com\/?s={search_term_string}\"},\"query-input\":\"required name=search_term_string\"}],\"inLanguage\":\"fr-FR\"},{\"@type\":\"ImageObject\",\"@id\":\"https:\/\/www.nettali.com\/2025\/07\/30\/presidentielle-2025-en-cote-divoire-ouattara-se-lance-pour-un-4e-mandat-soro-denonce\/#primaryimage\",\"inLanguage\":\"fr-FR\",\"url\":\"https:\/\/www.nettali.com\/wp-content\/uploads\/2025\/07\/Soro-2.png\",\"contentUrl\":\"https:\/\/www.nettali.com\/wp-content\/uploads\/2025\/07\/Soro-2.png\",\"width\":959,\"height\":640},{\"@type\":\"WebPage\",\"@id\":\"https:\/\/www.nettali.com\/2025\/07\/30\/presidentielle-2025-en-cote-divoire-ouattara-se-lance-pour-un-4e-mandat-soro-denonce\/#webpage\",\"url\":\"https:\/\/www.nettali.com\/2025\/07\/30\/presidentielle-2025-en-cote-divoire-ouattara-se-lance-pour-un-4e-mandat-soro-denonce\/\",\"name\":\"PR\\u00c9SIDENTIELLE 2025 EN C\\u00d4TE D\\u2019IVOIRE - Ouattara se lance pour un 4e mandat, Soro d\\u00e9nonce | Nettali.com\",\"isPartOf\":{\"@id\":\"https:\/\/www.nettali.com\/#website\"},\"primaryImageOfPage\":{\"@id\":\"https:\/\/www.nettali.com\/2025\/07\/30\/presidentielle-2025-en-cote-divoire-ouattara-se-lance-pour-un-4e-mandat-soro-denonce\/#primaryimage\"},\"datePublished\":\"2025-07-30T01:38:58+00:00\",\"dateModified\":\"2025-07-30T20:45:24+00:00\",\"author\":{\"@id\":\"https:\/\/www.nettali.com\/#\/schema\/person\/d8ac7b7e27ddad43f1c0d2ef090d7f71\"},\"breadcrumb\":{\"@id\":\"https:\/\/www.nettali.com\/2025\/07\/30\/presidentielle-2025-en-cote-divoire-ouattara-se-lance-pour-un-4e-mandat-soro-denonce\/#breadcrumb\"},\"inLanguage\":\"fr-FR\",\"potentialAction\":[{\"@type\":\"ReadAction\",\"target\":[\"https:\/\/www.nettali.com\/2025\/07\/30\/presidentielle-2025-en-cote-divoire-ouattara-se-lance-pour-un-4e-mandat-soro-denonce\/\"]}]},{\"@type\":\"BreadcrumbList\",\"@id\":\"https:\/\/www.nettali.com\/2025\/07\/30\/presidentielle-2025-en-cote-divoire-ouattara-se-lance-pour-un-4e-mandat-soro-denonce\/#breadcrumb\",\"itemListElement\":[{\"@type\":\"ListItem\",\"position\":1,\"name\":\"Accueil\",\"item\":\"https:\/\/www.nettali.com\/\"},{\"@type\":\"ListItem\",\"position\":2,\"name\":\"PR\\u00c9SIDENTIELLE 2025 EN C\\u00d4TE D\\u2019IVOIRE - Ouattara se lance pour un 4e mandat, Soro d\\u00e9nonce\"}]},{\"@type\":\"Person\",\"@id\":\"https:\/\/www.nettali.com\/#\/schema\/person\/d8ac7b7e27ddad43f1c0d2ef090d7f71\",\"name\":\"CK\",\"image\":{\"@type\":\"ImageObject\",\"@id\":\"https:\/\/www.nettali.com\/#personlogo\",\"inLanguage\":\"fr-FR\",\"url\":\"https:\/\/secure.gravatar.com\/avatar\/1d8d5118b9327d94da7cd4ce7f17fec2?s=96&d=mm&r=g\",\"contentUrl\":\"https:\/\/secure.gravatar.com\/avatar\/1d8d5118b9327d94da7cd4ce7f17fec2?s=96&d=mm&r=g\",\"caption\":\"CK\"},\"sameAs\":[\"https:\/\/www.nettali.com\"]}]}<\/script>\n<!-- \/ Yoast SEO Premium plugin. -->","yoast_head_json":{"title":"PR\u00c9SIDENTIELLE 2025 EN C\u00d4TE D\u2019IVOIRE - Ouattara se lance pour un 4e mandat, Soro d\u00e9nonce | Nettali.com","robots":{"index":"index","follow":"follow","max-snippet":"max-snippet:-1","max-image-preview":"max-image-preview:large","max-video-preview":"max-video-preview:-1"},"canonical":"https:\/\/www.nettali.com\/2025\/07\/30\/presidentielle-2025-en-cote-divoire-ouattara-se-lance-pour-un-4e-mandat-soro-denonce\/","og_locale":"fr_FR","og_type":"article","og_title":"PR\u00c9SIDENTIELLE 2025 EN C\u00d4TE D\u2019IVOIRE - Ouattara se lance pour un 4e mandat, Soro d\u00e9nonce","og_description":"NETTALI.COM - Le pr\u00e9sident Alassane Ouattara a officialis\u00e9, le lundi 29 juillet, sa candidature \u00e0 l\u2019\u00e9lection pr\u00e9sidentielle d\u2019octobre prochain, invoquant la stabilit\u00e9 du pays et les d\u00e9fis s\u00e9curitaires. Une annonce aussit\u00f4t fustig\u00e9e par Guillaume Soro, qui d\u00e9nonce une violation de la Constitution et appelle les Ivoiriens \u00e0 \u201cd\u00e9fendre la libert\u00e9 et la justice\u201d. \u00c0 moins [&hellip;]","og_url":"https:\/\/www.nettali.com\/2025\/07\/30\/presidentielle-2025-en-cote-divoire-ouattara-se-lance-pour-un-4e-mandat-soro-denonce\/","og_site_name":"Nettali.com","article_publisher":"https:\/\/www.facebook.com\/nettalicom","article_published_time":"2025-07-30T01:38:58+00:00","article_modified_time":"2025-07-30T20:45:24+00:00","og_image":[{"width":959,"height":640,"url":"https:\/\/www.nettali.com\/wp-content\/uploads\/2025\/07\/Soro-2.png","type":"image\/png"}],"twitter_card":"summary_large_image","twitter_misc":{"\u00c9crit par":"CK","Dur\u00e9e de lecture estim\u00e9e":"3 minutes"},"schema":{"@context":"https:\/\/schema.org","@graph":[{"@type":"WebSite","@id":"https:\/\/www.nettali.com\/#website","url":"https:\/\/www.nettali.com\/","name":"Nettali.com","description":"Le rendez-vous critique du Net","potentialAction":[{"@type":"SearchAction","target":{"@type":"EntryPoint","urlTemplate":"https:\/\/www.nettali.com\/?s={search_term_string}"},"query-input":"required name=search_term_string"}],"inLanguage":"fr-FR"},{"@type":"ImageObject","@id":"https:\/\/www.nettali.com\/2025\/07\/30\/presidentielle-2025-en-cote-divoire-ouattara-se-lance-pour-un-4e-mandat-soro-denonce\/#primaryimage","inLanguage":"fr-FR","url":"https:\/\/www.nettali.com\/wp-content\/uploads\/2025\/07\/Soro-2.png","contentUrl":"https:\/\/www.nettali.com\/wp-content\/uploads\/2025\/07\/Soro-2.png","width":959,"height":640},{"@type":"WebPage","@id":"https:\/\/www.nettali.com\/2025\/07\/30\/presidentielle-2025-en-cote-divoire-ouattara-se-lance-pour-un-4e-mandat-soro-denonce\/#webpage","url":"https:\/\/www.nettali.com\/2025\/07\/30\/presidentielle-2025-en-cote-divoire-ouattara-se-lance-pour-un-4e-mandat-soro-denonce\/","name":"PR\u00c9SIDENTIELLE 2025 EN C\u00d4TE D\u2019IVOIRE - Ouattara se lance pour un 4e mandat, Soro d\u00e9nonce | Nettali.com","isPartOf":{"@id":"https:\/\/www.nettali.com\/#website"},"primaryImageOfPage":{"@id":"https:\/\/www.nettali.com\/2025\/07\/30\/presidentielle-2025-en-cote-divoire-ouattara-se-lance-pour-un-4e-mandat-soro-denonce\/#primaryimage"},"datePublished":"2025-07-30T01:38:58+00:00","dateModified":"2025-07-30T20:45:24+00:00","author":{"@id":"https:\/\/www.nettali.com\/#\/schema\/person\/d8ac7b7e27ddad43f1c0d2ef090d7f71"},"breadcrumb":{"@id":"https:\/\/www.nettali.com\/2025\/07\/30\/presidentielle-2025-en-cote-divoire-ouattara-se-lance-pour-un-4e-mandat-soro-denonce\/#breadcrumb"},"inLanguage":"fr-FR","potentialAction":[{"@type":"ReadAction","target":["https:\/\/www.nettali.com\/2025\/07\/30\/presidentielle-2025-en-cote-divoire-ouattara-se-lance-pour-un-4e-mandat-soro-denonce\/"]}]},{"@type":"BreadcrumbList","@id":"https:\/\/www.nettali.com\/2025\/07\/30\/presidentielle-2025-en-cote-divoire-ouattara-se-lance-pour-un-4e-mandat-soro-denonce\/#breadcrumb","itemListElement":[{"@type":"ListItem","position":1,"name":"Accueil","item":"https:\/\/www.nettali.com\/"},{"@type":"ListItem","position":2,"name":"PR\u00c9SIDENTIELLE 2025 EN C\u00d4TE D\u2019IVOIRE - Ouattara se lance pour un 4e mandat, Soro d\u00e9nonce"}]},{"@type":"Person","@id":"https:\/\/www.nettali.com\/#\/schema\/person\/d8ac7b7e27ddad43f1c0d2ef090d7f71","name":"CK","image":{"@type":"ImageObject","@id":"https:\/\/www.nettali.com\/#personlogo","inLanguage":"fr-FR","url":"https:\/\/secure.gravatar.com\/avatar\/1d8d5118b9327d94da7cd4ce7f17fec2?s=96&d=mm&r=g","contentUrl":"https:\/\/secure.gravatar.com\/avatar\/1d8d5118b9327d94da7cd4ce7f17fec2?s=96&d=mm&r=g","caption":"CK"},"sameAs":["https:\/\/www.nettali.com"]}]}},"_links":{"self":[{"href":"https:\/\/www.nettali.com\/rest\/wp\/v2\/posts\/158514"}],"collection":[{"href":"https:\/\/www.nettali.com\/rest\/wp\/v2\/posts"}],"about":[{"href":"https:\/\/www.nettali.com\/rest\/wp\/v2\/types\/post"}],"author":[{"embeddable":true,"href":"https:\/\/www.nettali.com\/rest\/wp\/v2\/users\/2"}],"replies":[{"embeddable":true,"href":"https:\/\/www.nettali.com\/rest\/wp\/v2\/comments?post=158514"}],"version-history":[{"count":1,"href":"https:\/\/www.nettali.com\/rest\/wp\/v2\/posts\/158514\/revisions"}],"predecessor-version":[{"id":158516,"href":"https:\/\/www.nettali.com\/rest\/wp\/v2\/posts\/158514\/revisions\/158516"}],"wp:featuredmedia":[{"embeddable":true,"href":"https:\/\/www.nettali.com\/rest\/wp\/v2\/media\/158515"}],"wp:attachment":[{"href":"https:\/\/www.nettali.com\/rest\/wp\/v2\/media?parent=158514"}],"wp:term":[{"taxonomy":"category","embeddable":true,"href":"https:\/\/www.nettali.com\/rest\/wp\/v2\/categories?post=158514"},{"taxonomy":"post_tag","embeddable":true,"href":"https:\/\/www.nettali.com\/rest\/wp\/v2\/tags?post=158514"}],"curies":[{"name":"wp","href":"https:\/\/api.w.org\/{rel}","templated":true}]}}