{"id":158511,"date":"2025-07-30T01:32:29","date_gmt":"2025-07-30T01:32:29","guid":{"rendered":"https:\/\/www.nettali.com\/?p=158511"},"modified":"2025-07-30T01:32:29","modified_gmt":"2025-07-30T01:32:29","slug":"le-royaume-uni-va-reconnaitre-letat-de-palestine-si","status":"publish","type":"post","link":"https:\/\/www.nettali.com\/2025\/07\/30\/le-royaume-uni-va-reconnaitre-letat-de-palestine-si\/","title":{"rendered":"Le Royaume-Uni va reconna\u00eetre l\u2019\u00c9tat de Palestine, si..."},"content":{"rendered":"<p><strong>NETTALI.COM -<\/strong> Le Royaume-Uni va reconna\u00eetre l\u2019\u00c9tat de Palestine avant l\u2019Assembl\u00e9e g\u00e9n\u00e9rale des Nations Unies pr\u00e9vue en septembre prochain, si Isra\u00ebl et les Palestiniens ne signent pas un accord de fin des hostilit\u00e9s, a d\u00e9clar\u00e9, mardi, le Premier ministre britannique Keir Starmer. C\u2019est ce que fera le Royaume-Uni, \u201c<em>\u00e0 moins que le gouvernement isra\u00e9lien ne prenne des mesures substantielles pour mettre fin \u00e0 la situation \u00e9pouvantable \u00e0 Gaza, \u00e0 moins qu\u2019il ne conclue un cessez-le-feu garantissant qu\u2019il n\u2019y aura pas d\u2019annexion en Cisjordanie et ne s\u2019engage dans un processus de paix \u00e0 long terme d\u00e9bouchant sur une solution \u00e0 deux \u00c9tats<\/em>\u201d, rapportent plusieurs m\u00e9dias en citant M. Starmer.<\/p>\n<p>Deux cent vingt et un d\u00e9put\u00e9s britanniques ont sign\u00e9 une lettre commune, dans laquelle ils invitent le Premier ministre \u00e0 reconna\u00eetre l\u2019\u00c9tat palestinien.<\/p>\n<p>Dans un communiqu\u00e9 publi\u00e9 vendredi dernier, Keir Starmer d\u00e9clare que la reconnaissance de l\u2019\u00c9tat palestinien \u201c<em>doit s\u2019inscrire dans un plan plus large visant \u00e0 une solution \u00e0 deux \u00c9tats et \u00e0 une s\u00e9curit\u00e9 durable pour les Palestiniens et les Isra\u00e9liens<\/em>\u201d.<\/p>\n<p>La France a annonc\u00e9 reconna\u00eetre la Palestine comme \u00c9tat, une d\u00e9cision qu\u2019elle compte officialiser en septembre prochain.<\/p>\n<p>Le Royaume-Uni sera donc le deuxi\u00e8me pays du G7, apr\u00e8s la France, \u00e0 reconna\u00eetre l\u2019\u00c9tat palestinien, lors de la 80e Assembl\u00e9e g\u00e9n\u00e9rale des Nations Unies pr\u00e9vue du 9 au 23 septembre 2025. \u00c0 ce jour, 141 des 193 pays membres des Nations Unies reconnaissent officiellement l\u2019\u00c9tat de Palestine.<\/p>\n<div class='share-to-whatsapp-wrapper'><div class='share-on-whsp'>PARTAGER SUR : <\/div><a data-text='Le Royaume-Uni va reconna\u00eetre l\u2019\u00c9tat de Palestine, si...' data-link='https:\/\/www.nettali.com\/2025\/07\/30\/le-royaume-uni-va-reconnaitre-letat-de-palestine-si\/' class='whatsapp-button whatsapp-share'>WhatsApp<\/a><div class='clear '><\/div><\/div>","protected":false},"excerpt":{"rendered":"<p>NETTALI.COM - Le Royaume-Uni va reconna\u00eetre l\u2019\u00c9tat de Palestine avant l\u2019Assembl\u00e9e g\u00e9n\u00e9rale des Nations Unies pr\u00e9vue en septembre prochain, si Isra\u00ebl et les Palestiniens ne signent pas un accord de fin des hostilit\u00e9s, a d\u00e9clar\u00e9, mardi, le Premier ministre britannique Keir Starmer. C\u2019est ce que fera le Royaume-Uni, \u201c\u00e0 moins que le gouvernement isra\u00e9lien ne [&hellip;]<\/p>\n","protected":false},"author":2,"featured_media":158512,"comment_status":"open","ping_status":"open","sticky":false,"template":"","format":"standard","meta":{"_et_pb_use_builder":"","_et_pb_old_content":""},"categories":[8],"tags":[],"yoast_head":"<!-- This site is optimized with the Yoast SEO Premium plugin v17.8 (Yoast SEO v17.8) - https:\/\/yoast.com\/wordpress\/plugins\/seo\/ -->\n<title>Le Royaume-Uni va reconna\u00eetre l\u2019\u00c9tat de Palestine, si... | Nettali.com<\/title>\n<meta name=\"robots\" content=\"index, follow, max-snippet:-1, max-image-preview:large, max-video-preview:-1\" \/>\n<link rel=\"canonical\" href=\"https:\/\/www.nettali.com\/2025\/07\/30\/le-royaume-uni-va-reconnaitre-letat-de-palestine-si\/\" \/>\n<meta property=\"og:locale\" content=\"fr_FR\" \/>\n<meta property=\"og:type\" content=\"article\" \/>\n<meta property=\"og:title\" content=\"Le Royaume-Uni va reconna\u00eetre l\u2019\u00c9tat de Palestine, si...\" \/>\n<meta property=\"og:description\" content=\"NETTALI.COM - Le Royaume-Uni va reconna\u00eetre l\u2019\u00c9tat de Palestine avant l\u2019Assembl\u00e9e g\u00e9n\u00e9rale des Nations Unies pr\u00e9vue en septembre prochain, si Isra\u00ebl et les Palestiniens ne signent pas un accord de fin des hostilit\u00e9s, a d\u00e9clar\u00e9, mardi, le Premier ministre britannique Keir Starmer. C\u2019est ce que fera le Royaume-Uni, \u201c\u00e0 moins que le gouvernement isra\u00e9lien ne [&hellip;]\" \/>\n<meta property=\"og:url\" content=\"https:\/\/www.nettali.com\/2025\/07\/30\/le-royaume-uni-va-reconnaitre-letat-de-palestine-si\/\" \/>\n<meta property=\"og:site_name\" content=\"Nettali.com\" \/>\n<meta property=\"article:publisher\" content=\"https:\/\/www.facebook.com\/nettalicom\" \/>\n<meta property=\"article:published_time\" content=\"2025-07-30T01:32:29+00:00\" \/>\n<meta property=\"og:image\" content=\"https:\/\/www.nettali.com\/wp-content\/uploads\/2025\/07\/1769778-le-mpremier-ministre-britannique-keir-starmer.jpg\" \/>\n\t<meta property=\"og:image:width\" content=\"770\" \/>\n\t<meta property=\"og:image:height\" content=\"513\" \/>\n<meta name=\"twitter:card\" content=\"summary_large_image\" \/>\n<meta name=\"twitter:label1\" content=\"\u00c9crit par\" \/>\n\t<meta name=\"twitter:data1\" content=\"CK\" \/>\n\t<meta name=\"twitter:label2\" content=\"Dur\u00e9e de lecture estim\u00e9e\" \/>\n\t<meta name=\"twitter:data2\" content=\"2 minutes\" \/>\n<script type=\"application\/ld+json\" class=\"yoast-schema-graph\">{\"@context\":\"https:\/\/schema.org\",\"@graph\":[{\"@type\":\"WebSite\",\"@id\":\"https:\/\/www.nettali.com\/#website\",\"url\":\"https:\/\/www.nettali.com\/\",\"name\":\"Nettali.com\",\"description\":\"Le rendez-vous critique du Net\",\"potentialAction\":[{\"@type\":\"SearchAction\",\"target\":{\"@type\":\"EntryPoint\",\"urlTemplate\":\"https:\/\/www.nettali.com\/?s={search_term_string}\"},\"query-input\":\"required name=search_term_string\"}],\"inLanguage\":\"fr-FR\"},{\"@type\":\"ImageObject\",\"@id\":\"https:\/\/www.nettali.com\/2025\/07\/30\/le-royaume-uni-va-reconnaitre-letat-de-palestine-si\/#primaryimage\",\"inLanguage\":\"fr-FR\",\"url\":\"https:\/\/www.nettali.com\/wp-content\/uploads\/2025\/07\/1769778-le-mpremier-ministre-britannique-keir-starmer.jpg\",\"contentUrl\":\"https:\/\/www.nettali.com\/wp-content\/uploads\/2025\/07\/1769778-le-mpremier-ministre-britannique-keir-starmer.jpg\",\"width\":770,\"height\":513},{\"@type\":\"WebPage\",\"@id\":\"https:\/\/www.nettali.com\/2025\/07\/30\/le-royaume-uni-va-reconnaitre-letat-de-palestine-si\/#webpage\",\"url\":\"https:\/\/www.nettali.com\/2025\/07\/30\/le-royaume-uni-va-reconnaitre-letat-de-palestine-si\/\",\"name\":\"Le Royaume-Uni va reconna\\u00eetre l\\u2019\\u00c9tat de Palestine, si... | Nettali.com\",\"isPartOf\":{\"@id\":\"https:\/\/www.nettali.com\/#website\"},\"primaryImageOfPage\":{\"@id\":\"https:\/\/www.nettali.com\/2025\/07\/30\/le-royaume-uni-va-reconnaitre-letat-de-palestine-si\/#primaryimage\"},\"datePublished\":\"2025-07-30T01:32:29+00:00\",\"dateModified\":\"2025-07-30T01:32:29+00:00\",\"author\":{\"@id\":\"https:\/\/www.nettali.com\/#\/schema\/person\/d8ac7b7e27ddad43f1c0d2ef090d7f71\"},\"breadcrumb\":{\"@id\":\"https:\/\/www.nettali.com\/2025\/07\/30\/le-royaume-uni-va-reconnaitre-letat-de-palestine-si\/#breadcrumb\"},\"inLanguage\":\"fr-FR\",\"potentialAction\":[{\"@type\":\"ReadAction\",\"target\":[\"https:\/\/www.nettali.com\/2025\/07\/30\/le-royaume-uni-va-reconnaitre-letat-de-palestine-si\/\"]}]},{\"@type\":\"BreadcrumbList\",\"@id\":\"https:\/\/www.nettali.com\/2025\/07\/30\/le-royaume-uni-va-reconnaitre-letat-de-palestine-si\/#breadcrumb\",\"itemListElement\":[{\"@type\":\"ListItem\",\"position\":1,\"name\":\"Accueil\",\"item\":\"https:\/\/www.nettali.com\/\"},{\"@type\":\"ListItem\",\"position\":2,\"name\":\"Le Royaume-Uni va reconna\\u00eetre l\\u2019\\u00c9tat de Palestine, si...\"}]},{\"@type\":\"Person\",\"@id\":\"https:\/\/www.nettali.com\/#\/schema\/person\/d8ac7b7e27ddad43f1c0d2ef090d7f71\",\"name\":\"CK\",\"image\":{\"@type\":\"ImageObject\",\"@id\":\"https:\/\/www.nettali.com\/#personlogo\",\"inLanguage\":\"fr-FR\",\"url\":\"https:\/\/secure.gravatar.com\/avatar\/1d8d5118b9327d94da7cd4ce7f17fec2?s=96&d=mm&r=g\",\"contentUrl\":\"https:\/\/secure.gravatar.com\/avatar\/1d8d5118b9327d94da7cd4ce7f17fec2?s=96&d=mm&r=g\",\"caption\":\"CK\"},\"sameAs\":[\"https:\/\/www.nettali.com\"]}]}<\/script>\n<!-- \/ Yoast SEO Premium plugin. -->","yoast_head_json":{"title":"Le Royaume-Uni va reconna\u00eetre l\u2019\u00c9tat de Palestine, si... | Nettali.com","robots":{"index":"index","follow":"follow","max-snippet":"max-snippet:-1","max-image-preview":"max-image-preview:large","max-video-preview":"max-video-preview:-1"},"canonical":"https:\/\/www.nettali.com\/2025\/07\/30\/le-royaume-uni-va-reconnaitre-letat-de-palestine-si\/","og_locale":"fr_FR","og_type":"article","og_title":"Le Royaume-Uni va reconna\u00eetre l\u2019\u00c9tat de Palestine, si...","og_description":"NETTALI.COM - Le Royaume-Uni va reconna\u00eetre l\u2019\u00c9tat de Palestine avant l\u2019Assembl\u00e9e g\u00e9n\u00e9rale des Nations Unies pr\u00e9vue en septembre prochain, si Isra\u00ebl et les Palestiniens ne signent pas un accord de fin des hostilit\u00e9s, a d\u00e9clar\u00e9, mardi, le Premier ministre britannique Keir Starmer. C\u2019est ce que fera le Royaume-Uni, \u201c\u00e0 moins que le gouvernement isra\u00e9lien ne [&hellip;]","og_url":"https:\/\/www.nettali.com\/2025\/07\/30\/le-royaume-uni-va-reconnaitre-letat-de-palestine-si\/","og_site_name":"Nettali.com","article_publisher":"https:\/\/www.facebook.com\/nettalicom","article_published_time":"2025-07-30T01:32:29+00:00","og_image":[{"width":770,"height":513,"url":"https:\/\/www.nettali.com\/wp-content\/uploads\/2025\/07\/1769778-le-mpremier-ministre-britannique-keir-starmer.jpg","type":"image\/jpeg"}],"twitter_card":"summary_large_image","twitter_misc":{"\u00c9crit par":"CK","Dur\u00e9e de lecture estim\u00e9e":"2 minutes"},"schema":{"@context":"https:\/\/schema.org","@graph":[{"@type":"WebSite","@id":"https:\/\/www.nettali.com\/#website","url":"https:\/\/www.nettali.com\/","name":"Nettali.com","description":"Le rendez-vous critique du Net","potentialAction":[{"@type":"SearchAction","target":{"@type":"EntryPoint","urlTemplate":"https:\/\/www.nettali.com\/?s={search_term_string}"},"query-input":"required name=search_term_string"}],"inLanguage":"fr-FR"},{"@type":"ImageObject","@id":"https:\/\/www.nettali.com\/2025\/07\/30\/le-royaume-uni-va-reconnaitre-letat-de-palestine-si\/#primaryimage","inLanguage":"fr-FR","url":"https:\/\/www.nettali.com\/wp-content\/uploads\/2025\/07\/1769778-le-mpremier-ministre-britannique-keir-starmer.jpg","contentUrl":"https:\/\/www.nettali.com\/wp-content\/uploads\/2025\/07\/1769778-le-mpremier-ministre-britannique-keir-starmer.jpg","width":770,"height":513},{"@type":"WebPage","@id":"https:\/\/www.nettali.com\/2025\/07\/30\/le-royaume-uni-va-reconnaitre-letat-de-palestine-si\/#webpage","url":"https:\/\/www.nettali.com\/2025\/07\/30\/le-royaume-uni-va-reconnaitre-letat-de-palestine-si\/","name":"Le Royaume-Uni va reconna\u00eetre l\u2019\u00c9tat de Palestine, si... | Nettali.com","isPartOf":{"@id":"https:\/\/www.nettali.com\/#website"},"primaryImageOfPage":{"@id":"https:\/\/www.nettali.com\/2025\/07\/30\/le-royaume-uni-va-reconnaitre-letat-de-palestine-si\/#primaryimage"},"datePublished":"2025-07-30T01:32:29+00:00","dateModified":"2025-07-30T01:32:29+00:00","author":{"@id":"https:\/\/www.nettali.com\/#\/schema\/person\/d8ac7b7e27ddad43f1c0d2ef090d7f71"},"breadcrumb":{"@id":"https:\/\/www.nettali.com\/2025\/07\/30\/le-royaume-uni-va-reconnaitre-letat-de-palestine-si\/#breadcrumb"},"inLanguage":"fr-FR","potentialAction":[{"@type":"ReadAction","target":["https:\/\/www.nettali.com\/2025\/07\/30\/le-royaume-uni-va-reconnaitre-letat-de-palestine-si\/"]}]},{"@type":"BreadcrumbList","@id":"https:\/\/www.nettali.com\/2025\/07\/30\/le-royaume-uni-va-reconnaitre-letat-de-palestine-si\/#breadcrumb","itemListElement":[{"@type":"ListItem","position":1,"name":"Accueil","item":"https:\/\/www.nettali.com\/"},{"@type":"ListItem","position":2,"name":"Le Royaume-Uni va reconna\u00eetre l\u2019\u00c9tat de Palestine, si..."}]},{"@type":"Person","@id":"https:\/\/www.nettali.com\/#\/schema\/person\/d8ac7b7e27ddad43f1c0d2ef090d7f71","name":"CK","image":{"@type":"ImageObject","@id":"https:\/\/www.nettali.com\/#personlogo","inLanguage":"fr-FR","url":"https:\/\/secure.gravatar.com\/avatar\/1d8d5118b9327d94da7cd4ce7f17fec2?s=96&d=mm&r=g","contentUrl":"https:\/\/secure.gravatar.com\/avatar\/1d8d5118b9327d94da7cd4ce7f17fec2?s=96&d=mm&r=g","caption":"CK"},"sameAs":["https:\/\/www.nettali.com"]}]}},"_links":{"self":[{"href":"https:\/\/www.nettali.com\/rest\/wp\/v2\/posts\/158511"}],"collection":[{"href":"https:\/\/www.nettali.com\/rest\/wp\/v2\/posts"}],"about":[{"href":"https:\/\/www.nettali.com\/rest\/wp\/v2\/types\/post"}],"author":[{"embeddable":true,"href":"https:\/\/www.nettali.com\/rest\/wp\/v2\/users\/2"}],"replies":[{"embeddable":true,"href":"https:\/\/www.nettali.com\/rest\/wp\/v2\/comments?post=158511"}],"version-history":[{"count":1,"href":"https:\/\/www.nettali.com\/rest\/wp\/v2\/posts\/158511\/revisions"}],"predecessor-version":[{"id":158513,"href":"https:\/\/www.nettali.com\/rest\/wp\/v2\/posts\/158511\/revisions\/158513"}],"wp:featuredmedia":[{"embeddable":true,"href":"https:\/\/www.nettali.com\/rest\/wp\/v2\/media\/158512"}],"wp:attachment":[{"href":"https:\/\/www.nettali.com\/rest\/wp\/v2\/media?parent=158511"}],"wp:term":[{"taxonomy":"category","embeddable":true,"href":"https:\/\/www.nettali.com\/rest\/wp\/v2\/categories?post=158511"},{"taxonomy":"post_tag","embeddable":true,"href":"https:\/\/www.nettali.com\/rest\/wp\/v2\/tags?post=158511"}],"curies":[{"name":"wp","href":"https:\/\/api.w.org\/{rel}","templated":true}]}}