{"id":158505,"date":"2025-07-29T22:41:49","date_gmt":"2025-07-29T22:41:49","guid":{"rendered":"https:\/\/www.nettali.com\/?p=158505"},"modified":"2025-07-30T20:52:35","modified_gmt":"2025-07-30T20:52:35","slug":"justice-ousmane-diagne-devoile-la-nouvelle-feuille-de-route-pour-les-cinq-prochaines-annees","status":"publish","type":"post","link":"https:\/\/www.nettali.com\/2025\/07\/29\/justice-ousmane-diagne-devoile-la-nouvelle-feuille-de-route-pour-les-cinq-prochaines-annees\/","title":{"rendered":"JUSTICE- Ousmane Diagne d\u00e9voile la\u00a0nouvelle feuille de route pour les cinq prochaines ann\u00e9es"},"content":{"rendered":"<p><strong>NETTALI.COM-\u00a0Le minist\u00e8re de la Justice a valid\u00e9 ce mardi 29 juillet 2025 la nouvelle politique sectorielle couvrant la p\u00e9riode 2025-2029. Le document strat\u00e9gique, port\u00e9 par le Garde des Sceaux Ousmane Diagne ambitionne de r\u00e9former en profondeur le syst\u00e8me judiciaire s\u00e9n\u00e9galais, en r\u00e9ponse aux d\u00e9fis actuels.<\/strong><\/p>\n<p>Le ministre de la Justice, Garde des Sceaux, Ousmane Diagne, a pr\u00e9sid\u00e9, ce mardi, l\u2019atelier de validation de la lettre de politique sectorielle de la Justice pour la p\u00e9riode 2025-2029. Cette rencontre marque une \u00e9tape d\u00e9cisive dans la mise en \u0153uvre d\u2019une vision r\u00e9nov\u00e9e du secteur judiciaire, \u00e0 travers un document qui servira de boussole pour les cinq ann\u00e9es \u00e0 venir.<\/p>\n<p>D\u2019embl\u00e9e, Ousmane Diagne a soulign\u00e9 que le contexte actuel, aussi bien au niveau national qu\u2019international, exige une justice moderne, plus transparente, s\u00e9curis\u00e9e sur le plan juridique et r\u00e9solument tourn\u00e9e vers le respect des droits humains. Il a insist\u00e9 sur la n\u00e9cessit\u00e9 pour le secteur de se r\u00e9former, de s\u2019adapter et d\u2019innover face \u00e0 ces exigences nouvelles.<\/p>\n<p>Le ministre a ensuite relev\u00e9 les nombreux d\u00e9fis auxquels fait face le syst\u00e8me judiciaire, parmi lesquels figurent le besoin urgent de modernisation des infrastructures, la lenteur des proc\u00e9dures, la pression exerc\u00e9e par la surpopulation carc\u00e9rale, ainsi que le d\u00e9ficit en ressources humaines qualifi\u00e9es.<\/p>\n<p>Il a \u00e9galement \u00e9voqu\u00e9 la n\u00e9cessit\u00e9 d\u2019une meilleure adaptation aux \u00e9volutions technologiques, qui imposent une justice plus connect\u00e9e et plus r\u00e9active. Selon lui, le document strat\u00e9gique valid\u00e9 aujourd\u2019hui trace les grandes lignes de la politique sectorielle \u00e0 venir, avec pour objectif d\u2019am\u00e9liorer l\u2019acc\u00e8s des citoyens \u00e0 une justice \u00e9quitable, de renforcer l\u2019efficacit\u00e9 des institutions judiciaires et de promouvoir une gouvernance bas\u00e9e sur la dignit\u00e9 humaine.<\/p>\n<p>Ousmane Diagne a par ailleurs mis l\u2019accent sur la situation pr\u00e9occupante dans les \u00e9tablissements p\u00e9nitentiaires. Il a annonc\u00e9 une r\u00e9forme profonde du syst\u00e8me carc\u00e9ral, dont l\u2019un des volets majeurs concerne la r\u00e9insertion sociale et professionnelle des d\u00e9tenus. Cinq programmes ont \u00e9t\u00e9 identifi\u00e9s dans ce cadre, avec un budget global estim\u00e9 \u00e0 plus de 145 milliards de francs CFA.<\/p>\n<p>Le ministre a affirm\u00e9 que cette nouvelle orientation permettra non seulement d\u2019all\u00e9ger les charges pesant sur les prisons, mais aussi d\u2019ouvrir de v\u00e9ritables perspectives d\u2019avenir aux personnes incarc\u00e9r\u00e9es. Ce projet ambitieux, d\u00e9sormais valid\u00e9, devra \u00eatre d\u00e9clin\u00e9 dans les mois \u00e0 venir \u00e0 travers des actions concr\u00e8tes, avec le soutien de tous les acteurs du secteur.<\/p>\n<div class='share-to-whatsapp-wrapper'><div class='share-on-whsp'>PARTAGER SUR : <\/div><a data-text='JUSTICE- Ousmane Diagne d\u00e9voile la\u00a0nouvelle feuille de route pour les cinq prochaines ann\u00e9es' data-link='https:\/\/www.nettali.com\/2025\/07\/29\/justice-ousmane-diagne-devoile-la-nouvelle-feuille-de-route-pour-les-cinq-prochaines-annees\/' class='whatsapp-button whatsapp-share'>WhatsApp<\/a><div class='clear '><\/div><\/div>","protected":false},"excerpt":{"rendered":"<p>NETTALI.COM-\u00a0Le minist\u00e8re de la Justice a valid\u00e9 ce mardi 29 juillet 2025 la nouvelle politique sectorielle couvrant la p\u00e9riode 2025-2029. Le document strat\u00e9gique, port\u00e9 par le Garde des Sceaux Ousmane Diagne ambitionne de r\u00e9former en profondeur le syst\u00e8me judiciaire s\u00e9n\u00e9galais, en r\u00e9ponse aux d\u00e9fis actuels. Le ministre de la Justice, Garde des Sceaux, Ousmane Diagne, [&hellip;]<\/p>\n","protected":false},"author":6,"featured_media":139580,"comment_status":"open","ping_status":"open","sticky":false,"template":"","format":"standard","meta":{"_et_pb_use_builder":"","_et_pb_old_content":""},"categories":[3],"tags":[],"yoast_head":"<!-- This site is optimized with the Yoast SEO Premium plugin v17.8 (Yoast SEO v17.8) - https:\/\/yoast.com\/wordpress\/plugins\/seo\/ -->\n<title>JUSTICE- Ousmane Diagne d\u00e9voile la\u00a0nouvelle feuille de route pour les cinq prochaines ann\u00e9es | Nettali.com<\/title>\n<meta name=\"robots\" content=\"index, follow, max-snippet:-1, max-image-preview:large, max-video-preview:-1\" \/>\n<link rel=\"canonical\" href=\"https:\/\/www.nettali.com\/2025\/07\/29\/justice-ousmane-diagne-devoile-la-nouvelle-feuille-de-route-pour-les-cinq-prochaines-annees\/\" \/>\n<meta property=\"og:locale\" content=\"fr_FR\" \/>\n<meta property=\"og:type\" content=\"article\" \/>\n<meta property=\"og:title\" content=\"JUSTICE- Ousmane Diagne d\u00e9voile la\u00a0nouvelle feuille de route pour les cinq prochaines ann\u00e9es\" \/>\n<meta property=\"og:description\" content=\"NETTALI.COM-\u00a0Le minist\u00e8re de la Justice a valid\u00e9 ce mardi 29 juillet 2025 la nouvelle politique sectorielle couvrant la p\u00e9riode 2025-2029. Le document strat\u00e9gique, port\u00e9 par le Garde des Sceaux Ousmane Diagne ambitionne de r\u00e9former en profondeur le syst\u00e8me judiciaire s\u00e9n\u00e9galais, en r\u00e9ponse aux d\u00e9fis actuels. Le ministre de la Justice, Garde des Sceaux, Ousmane Diagne, [&hellip;]\" \/>\n<meta property=\"og:url\" content=\"https:\/\/www.nettali.com\/2025\/07\/29\/justice-ousmane-diagne-devoile-la-nouvelle-feuille-de-route-pour-les-cinq-prochaines-annees\/\" \/>\n<meta property=\"og:site_name\" content=\"Nettali.com\" \/>\n<meta property=\"article:publisher\" content=\"https:\/\/www.facebook.com\/nettalicom\" \/>\n<meta property=\"article:published_time\" content=\"2025-07-29T22:41:49+00:00\" \/>\n<meta property=\"article:modified_time\" content=\"2025-07-30T20:52:35+00:00\" \/>\n<meta property=\"og:image\" content=\"https:\/\/www.nettali.com\/wp-content\/uploads\/2024\/09\/OUSMANE-DIAGNE-scaled.jpg\" \/>\n\t<meta property=\"og:image:width\" content=\"2048\" \/>\n\t<meta property=\"og:image:height\" content=\"2560\" \/>\n<meta name=\"twitter:card\" content=\"summary_large_image\" \/>\n<meta name=\"twitter:label1\" content=\"\u00c9crit par\" \/>\n\t<meta name=\"twitter:data1\" content=\"Fatou\" \/>\n\t<meta name=\"twitter:label2\" content=\"Dur\u00e9e de lecture estim\u00e9e\" \/>\n\t<meta name=\"twitter:data2\" content=\"2 minutes\" \/>\n<script type=\"application\/ld+json\" class=\"yoast-schema-graph\">{\"@context\":\"https:\/\/schema.org\",\"@graph\":[{\"@type\":\"WebSite\",\"@id\":\"https:\/\/www.nettali.com\/#website\",\"url\":\"https:\/\/www.nettali.com\/\",\"name\":\"Nettali.com\",\"description\":\"Le rendez-vous critique du Net\",\"potentialAction\":[{\"@type\":\"SearchAction\",\"target\":{\"@type\":\"EntryPoint\",\"urlTemplate\":\"https:\/\/www.nettali.com\/?s={search_term_string}\"},\"query-input\":\"required name=search_term_string\"}],\"inLanguage\":\"fr-FR\"},{\"@type\":\"ImageObject\",\"@id\":\"https:\/\/www.nettali.com\/2025\/07\/29\/justice-ousmane-diagne-devoile-la-nouvelle-feuille-de-route-pour-les-cinq-prochaines-annees\/#primaryimage\",\"inLanguage\":\"fr-FR\",\"url\":\"https:\/\/www.nettali.com\/wp-content\/uploads\/2024\/09\/OUSMANE-DIAGNE-scaled.jpg\",\"contentUrl\":\"https:\/\/www.nettali.com\/wp-content\/uploads\/2024\/09\/OUSMANE-DIAGNE-scaled.jpg\",\"width\":2048,\"height\":2560},{\"@type\":\"WebPage\",\"@id\":\"https:\/\/www.nettali.com\/2025\/07\/29\/justice-ousmane-diagne-devoile-la-nouvelle-feuille-de-route-pour-les-cinq-prochaines-annees\/#webpage\",\"url\":\"https:\/\/www.nettali.com\/2025\/07\/29\/justice-ousmane-diagne-devoile-la-nouvelle-feuille-de-route-pour-les-cinq-prochaines-annees\/\",\"name\":\"JUSTICE- Ousmane Diagne d\\u00e9voile la\\u00a0nouvelle feuille de route pour les cinq prochaines ann\\u00e9es | Nettali.com\",\"isPartOf\":{\"@id\":\"https:\/\/www.nettali.com\/#website\"},\"primaryImageOfPage\":{\"@id\":\"https:\/\/www.nettali.com\/2025\/07\/29\/justice-ousmane-diagne-devoile-la-nouvelle-feuille-de-route-pour-les-cinq-prochaines-annees\/#primaryimage\"},\"datePublished\":\"2025-07-29T22:41:49+00:00\",\"dateModified\":\"2025-07-30T20:52:35+00:00\",\"author\":{\"@id\":\"https:\/\/www.nettali.com\/#\/schema\/person\/418274a86bdf87caff7a3ef476bd0bbf\"},\"breadcrumb\":{\"@id\":\"https:\/\/www.nettali.com\/2025\/07\/29\/justice-ousmane-diagne-devoile-la-nouvelle-feuille-de-route-pour-les-cinq-prochaines-annees\/#breadcrumb\"},\"inLanguage\":\"fr-FR\",\"potentialAction\":[{\"@type\":\"ReadAction\",\"target\":[\"https:\/\/www.nettali.com\/2025\/07\/29\/justice-ousmane-diagne-devoile-la-nouvelle-feuille-de-route-pour-les-cinq-prochaines-annees\/\"]}]},{\"@type\":\"BreadcrumbList\",\"@id\":\"https:\/\/www.nettali.com\/2025\/07\/29\/justice-ousmane-diagne-devoile-la-nouvelle-feuille-de-route-pour-les-cinq-prochaines-annees\/#breadcrumb\",\"itemListElement\":[{\"@type\":\"ListItem\",\"position\":1,\"name\":\"Accueil\",\"item\":\"https:\/\/www.nettali.com\/\"},{\"@type\":\"ListItem\",\"position\":2,\"name\":\"JUSTICE- Ousmane Diagne d\\u00e9voile la\\u00a0nouvelle feuille de route pour les cinq prochaines ann\\u00e9es\"}]},{\"@type\":\"Person\",\"@id\":\"https:\/\/www.nettali.com\/#\/schema\/person\/418274a86bdf87caff7a3ef476bd0bbf\",\"name\":\"Fatou\",\"image\":{\"@type\":\"ImageObject\",\"@id\":\"https:\/\/www.nettali.com\/#personlogo\",\"inLanguage\":\"fr-FR\",\"url\":\"https:\/\/secure.gravatar.com\/avatar\/5a9442a2bee7b4dcf167cab035858e9a?s=96&d=mm&r=g\",\"contentUrl\":\"https:\/\/secure.gravatar.com\/avatar\/5a9442a2bee7b4dcf167cab035858e9a?s=96&d=mm&r=g\",\"caption\":\"Fatou\"},\"sameAs\":[\"https:\/\/www.nettali.com\"]}]}<\/script>\n<!-- \/ Yoast SEO Premium plugin. -->","yoast_head_json":{"title":"JUSTICE- Ousmane Diagne d\u00e9voile la\u00a0nouvelle feuille de route pour les cinq prochaines ann\u00e9es | Nettali.com","robots":{"index":"index","follow":"follow","max-snippet":"max-snippet:-1","max-image-preview":"max-image-preview:large","max-video-preview":"max-video-preview:-1"},"canonical":"https:\/\/www.nettali.com\/2025\/07\/29\/justice-ousmane-diagne-devoile-la-nouvelle-feuille-de-route-pour-les-cinq-prochaines-annees\/","og_locale":"fr_FR","og_type":"article","og_title":"JUSTICE- Ousmane Diagne d\u00e9voile la\u00a0nouvelle feuille de route pour les cinq prochaines ann\u00e9es","og_description":"NETTALI.COM-\u00a0Le minist\u00e8re de la Justice a valid\u00e9 ce mardi 29 juillet 2025 la nouvelle politique sectorielle couvrant la p\u00e9riode 2025-2029. Le document strat\u00e9gique, port\u00e9 par le Garde des Sceaux Ousmane Diagne ambitionne de r\u00e9former en profondeur le syst\u00e8me judiciaire s\u00e9n\u00e9galais, en r\u00e9ponse aux d\u00e9fis actuels. Le ministre de la Justice, Garde des Sceaux, Ousmane Diagne, [&hellip;]","og_url":"https:\/\/www.nettali.com\/2025\/07\/29\/justice-ousmane-diagne-devoile-la-nouvelle-feuille-de-route-pour-les-cinq-prochaines-annees\/","og_site_name":"Nettali.com","article_publisher":"https:\/\/www.facebook.com\/nettalicom","article_published_time":"2025-07-29T22:41:49+00:00","article_modified_time":"2025-07-30T20:52:35+00:00","og_image":[{"width":2048,"height":2560,"url":"https:\/\/www.nettali.com\/wp-content\/uploads\/2024\/09\/OUSMANE-DIAGNE-scaled.jpg","type":"image\/jpeg"}],"twitter_card":"summary_large_image","twitter_misc":{"\u00c9crit par":"Fatou","Dur\u00e9e de lecture estim\u00e9e":"2 minutes"},"schema":{"@context":"https:\/\/schema.org","@graph":[{"@type":"WebSite","@id":"https:\/\/www.nettali.com\/#website","url":"https:\/\/www.nettali.com\/","name":"Nettali.com","description":"Le rendez-vous critique du Net","potentialAction":[{"@type":"SearchAction","target":{"@type":"EntryPoint","urlTemplate":"https:\/\/www.nettali.com\/?s={search_term_string}"},"query-input":"required name=search_term_string"}],"inLanguage":"fr-FR"},{"@type":"ImageObject","@id":"https:\/\/www.nettali.com\/2025\/07\/29\/justice-ousmane-diagne-devoile-la-nouvelle-feuille-de-route-pour-les-cinq-prochaines-annees\/#primaryimage","inLanguage":"fr-FR","url":"https:\/\/www.nettali.com\/wp-content\/uploads\/2024\/09\/OUSMANE-DIAGNE-scaled.jpg","contentUrl":"https:\/\/www.nettali.com\/wp-content\/uploads\/2024\/09\/OUSMANE-DIAGNE-scaled.jpg","width":2048,"height":2560},{"@type":"WebPage","@id":"https:\/\/www.nettali.com\/2025\/07\/29\/justice-ousmane-diagne-devoile-la-nouvelle-feuille-de-route-pour-les-cinq-prochaines-annees\/#webpage","url":"https:\/\/www.nettali.com\/2025\/07\/29\/justice-ousmane-diagne-devoile-la-nouvelle-feuille-de-route-pour-les-cinq-prochaines-annees\/","name":"JUSTICE- Ousmane Diagne d\u00e9voile la\u00a0nouvelle feuille de route pour les cinq prochaines ann\u00e9es | Nettali.com","isPartOf":{"@id":"https:\/\/www.nettali.com\/#website"},"primaryImageOfPage":{"@id":"https:\/\/www.nettali.com\/2025\/07\/29\/justice-ousmane-diagne-devoile-la-nouvelle-feuille-de-route-pour-les-cinq-prochaines-annees\/#primaryimage"},"datePublished":"2025-07-29T22:41:49+00:00","dateModified":"2025-07-30T20:52:35+00:00","author":{"@id":"https:\/\/www.nettali.com\/#\/schema\/person\/418274a86bdf87caff7a3ef476bd0bbf"},"breadcrumb":{"@id":"https:\/\/www.nettali.com\/2025\/07\/29\/justice-ousmane-diagne-devoile-la-nouvelle-feuille-de-route-pour-les-cinq-prochaines-annees\/#breadcrumb"},"inLanguage":"fr-FR","potentialAction":[{"@type":"ReadAction","target":["https:\/\/www.nettali.com\/2025\/07\/29\/justice-ousmane-diagne-devoile-la-nouvelle-feuille-de-route-pour-les-cinq-prochaines-annees\/"]}]},{"@type":"BreadcrumbList","@id":"https:\/\/www.nettali.com\/2025\/07\/29\/justice-ousmane-diagne-devoile-la-nouvelle-feuille-de-route-pour-les-cinq-prochaines-annees\/#breadcrumb","itemListElement":[{"@type":"ListItem","position":1,"name":"Accueil","item":"https:\/\/www.nettali.com\/"},{"@type":"ListItem","position":2,"name":"JUSTICE- Ousmane Diagne d\u00e9voile la\u00a0nouvelle feuille de route pour les cinq prochaines ann\u00e9es"}]},{"@type":"Person","@id":"https:\/\/www.nettali.com\/#\/schema\/person\/418274a86bdf87caff7a3ef476bd0bbf","name":"Fatou","image":{"@type":"ImageObject","@id":"https:\/\/www.nettali.com\/#personlogo","inLanguage":"fr-FR","url":"https:\/\/secure.gravatar.com\/avatar\/5a9442a2bee7b4dcf167cab035858e9a?s=96&d=mm&r=g","contentUrl":"https:\/\/secure.gravatar.com\/avatar\/5a9442a2bee7b4dcf167cab035858e9a?s=96&d=mm&r=g","caption":"Fatou"},"sameAs":["https:\/\/www.nettali.com"]}]}},"_links":{"self":[{"href":"https:\/\/www.nettali.com\/rest\/wp\/v2\/posts\/158505"}],"collection":[{"href":"https:\/\/www.nettali.com\/rest\/wp\/v2\/posts"}],"about":[{"href":"https:\/\/www.nettali.com\/rest\/wp\/v2\/types\/post"}],"author":[{"embeddable":true,"href":"https:\/\/www.nettali.com\/rest\/wp\/v2\/users\/6"}],"replies":[{"embeddable":true,"href":"https:\/\/www.nettali.com\/rest\/wp\/v2\/comments?post=158505"}],"version-history":[{"count":1,"href":"https:\/\/www.nettali.com\/rest\/wp\/v2\/posts\/158505\/revisions"}],"predecessor-version":[{"id":158506,"href":"https:\/\/www.nettali.com\/rest\/wp\/v2\/posts\/158505\/revisions\/158506"}],"wp:featuredmedia":[{"embeddable":true,"href":"https:\/\/www.nettali.com\/rest\/wp\/v2\/media\/139580"}],"wp:attachment":[{"href":"https:\/\/www.nettali.com\/rest\/wp\/v2\/media?parent=158505"}],"wp:term":[{"taxonomy":"category","embeddable":true,"href":"https:\/\/www.nettali.com\/rest\/wp\/v2\/categories?post=158505"},{"taxonomy":"post_tag","embeddable":true,"href":"https:\/\/www.nettali.com\/rest\/wp\/v2\/tags?post=158505"}],"curies":[{"name":"wp","href":"https:\/\/api.w.org\/{rel}","templated":true}]}}