{"id":158479,"date":"2025-07-29T19:31:38","date_gmt":"2025-07-29T19:31:38","guid":{"rendered":"https:\/\/www.nettali.com\/?p=158479"},"modified":"2025-07-29T15:47:46","modified_gmt":"2025-07-29T15:47:46","slug":"el-hadj-ibrahima-diene-nomme-representant-special-du-president-de-la-commission-de-lunion-africaine-pour-la-somalie","status":"publish","type":"post","link":"https:\/\/www.nettali.com\/2025\/07\/29\/el-hadj-ibrahima-diene-nomme-representant-special-du-president-de-la-commission-de-lunion-africaine-pour-la-somalie\/","title":{"rendered":"El Hadj Ibrahima Di\u00e8ne, nomm\u00e9 Repr\u00e9sentant sp\u00e9cial du pr\u00e9sident de la Commission de l\u2019Union africaine pour la Somalie"},"content":{"rendered":"<p><strong>NETTALI.COM -<\/strong> El Hadj Ibrahima Di\u00e8ne, plus connu sous le nom de \u201cBoly\u201d, a \u00e9t\u00e9 officiellement nomm\u00e9 Repr\u00e9sentant sp\u00e9cial du pr\u00e9sident de la Commission de l\u2019Union africaine pour la Somalie et Chef de la Mission de soutien de l'Union africaine en Somalie (Aussom). Il est arriv\u00e9 ce week-end \u00e0 Mogadiscio, o\u00f9 il a \u00e9t\u00e9 accueilli \u00e0 l\u2019a\u00e9roport international d\u2019Aden Abdulle par de hauts responsables de l\u2019Union africaine et du gouvernement f\u00e9d\u00e9ral somalien.<\/p>\n<p><img loading=\"lazy\" class=\"alignnone size-medium wp-image-158481\" src=\"https:\/\/www.nettali.com\/wp-content\/uploads\/2025\/07\/PHOTO-2025-07-28-20-57-15-300x173.jpg\" alt=\"\" width=\"300\" height=\"173\" srcset=\"https:\/\/www.nettali.com\/wp-content\/uploads\/2025\/07\/PHOTO-2025-07-28-20-57-15-300x173.jpg 300w, https:\/\/www.nettali.com\/wp-content\/uploads\/2025\/07\/PHOTO-2025-07-28-20-57-15-1024x591.jpg 1024w, https:\/\/www.nettali.com\/wp-content\/uploads\/2025\/07\/PHOTO-2025-07-28-20-57-15-768x443.jpg 768w, https:\/\/www.nettali.com\/wp-content\/uploads\/2025\/07\/PHOTO-2025-07-28-20-57-15-1536x886.jpg 1536w, https:\/\/www.nettali.com\/wp-content\/uploads\/2025\/07\/PHOTO-2025-07-28-20-57-15-2048x1182.jpg 2048w, https:\/\/www.nettali.com\/wp-content\/uploads\/2025\/07\/PHOTO-2025-07-28-20-57-15-1080x623.jpg 1080w\" sizes=\"(max-width: 300px) 100vw, 300px\" \/> <img loading=\"lazy\" class=\"alignnone size-medium wp-image-158482\" src=\"https:\/\/www.nettali.com\/wp-content\/uploads\/2025\/07\/PHOTO-2025-07-28-20-57-16-1-300x184.jpg\" alt=\"\" width=\"300\" height=\"184\" srcset=\"https:\/\/www.nettali.com\/wp-content\/uploads\/2025\/07\/PHOTO-2025-07-28-20-57-16-1-300x184.jpg 300w, https:\/\/www.nettali.com\/wp-content\/uploads\/2025\/07\/PHOTO-2025-07-28-20-57-16-1-1024x629.jpg 1024w, https:\/\/www.nettali.com\/wp-content\/uploads\/2025\/07\/PHOTO-2025-07-28-20-57-16-1-768x472.jpg 768w, https:\/\/www.nettali.com\/wp-content\/uploads\/2025\/07\/PHOTO-2025-07-28-20-57-16-1-1536x944.jpg 1536w, https:\/\/www.nettali.com\/wp-content\/uploads\/2025\/07\/PHOTO-2025-07-28-20-57-16-1-2048x1259.jpg 2048w, https:\/\/www.nettali.com\/wp-content\/uploads\/2025\/07\/PHOTO-2025-07-28-20-57-16-1-1080x664.jpg 1080w\" sizes=\"(max-width: 300px) 100vw, 300px\" \/> <img loading=\"lazy\" class=\"alignnone size-medium wp-image-158483\" src=\"https:\/\/www.nettali.com\/wp-content\/uploads\/2025\/07\/PHOTO-2025-07-28-20-57-16-300x200.jpg\" alt=\"\" width=\"300\" height=\"200\" srcset=\"https:\/\/www.nettali.com\/wp-content\/uploads\/2025\/07\/PHOTO-2025-07-28-20-57-16-300x200.jpg 300w, https:\/\/www.nettali.com\/wp-content\/uploads\/2025\/07\/PHOTO-2025-07-28-20-57-16-1024x683.jpg 1024w, https:\/\/www.nettali.com\/wp-content\/uploads\/2025\/07\/PHOTO-2025-07-28-20-57-16-768x512.jpg 768w, https:\/\/www.nettali.com\/wp-content\/uploads\/2025\/07\/PHOTO-2025-07-28-20-57-16-1536x1024.jpg 1536w, https:\/\/www.nettali.com\/wp-content\/uploads\/2025\/07\/PHOTO-2025-07-28-20-57-16-2048x1365.jpg 2048w, https:\/\/www.nettali.com\/wp-content\/uploads\/2025\/07\/PHOTO-2025-07-28-20-57-16-1080x720.jpg 1080w\" sizes=\"(max-width: 300px) 100vw, 300px\" \/> <img loading=\"lazy\" class=\"alignnone size-medium wp-image-158484\" src=\"https:\/\/www.nettali.com\/wp-content\/uploads\/2025\/07\/PHOTO-2025-07-28-20-57-17-1-300x200.jpg\" alt=\"\" width=\"300\" height=\"200\" srcset=\"https:\/\/www.nettali.com\/wp-content\/uploads\/2025\/07\/PHOTO-2025-07-28-20-57-17-1-300x200.jpg 300w, https:\/\/www.nettali.com\/wp-content\/uploads\/2025\/07\/PHOTO-2025-07-28-20-57-17-1-1024x683.jpg 1024w, https:\/\/www.nettali.com\/wp-content\/uploads\/2025\/07\/PHOTO-2025-07-28-20-57-17-1-768x512.jpg 768w, https:\/\/www.nettali.com\/wp-content\/uploads\/2025\/07\/PHOTO-2025-07-28-20-57-17-1-1536x1024.jpg 1536w, https:\/\/www.nettali.com\/wp-content\/uploads\/2025\/07\/PHOTO-2025-07-28-20-57-17-1-2048x1365.jpg 2048w, https:\/\/www.nettali.com\/wp-content\/uploads\/2025\/07\/PHOTO-2025-07-28-20-57-17-1-1080x720.jpg 1080w\" sizes=\"(max-width: 300px) 100vw, 300px\" \/> <img loading=\"lazy\" class=\"alignnone size-medium wp-image-158485\" src=\"https:\/\/www.nettali.com\/wp-content\/uploads\/2025\/07\/PHOTO-2025-07-28-20-57-17-300x200.jpg\" alt=\"\" width=\"300\" height=\"200\" srcset=\"https:\/\/www.nettali.com\/wp-content\/uploads\/2025\/07\/PHOTO-2025-07-28-20-57-17-300x200.jpg 300w, https:\/\/www.nettali.com\/wp-content\/uploads\/2025\/07\/PHOTO-2025-07-28-20-57-17-1024x683.jpg 1024w, https:\/\/www.nettali.com\/wp-content\/uploads\/2025\/07\/PHOTO-2025-07-28-20-57-17-768x512.jpg 768w, https:\/\/www.nettali.com\/wp-content\/uploads\/2025\/07\/PHOTO-2025-07-28-20-57-17-1536x1024.jpg 1536w, https:\/\/www.nettali.com\/wp-content\/uploads\/2025\/07\/PHOTO-2025-07-28-20-57-17-2048x1365.jpg 2048w, https:\/\/www.nettali.com\/wp-content\/uploads\/2025\/07\/PHOTO-2025-07-28-20-57-17-1080x720.jpg 1080w\" sizes=\"(max-width: 300px) 100vw, 300px\" \/> <img loading=\"lazy\" class=\"alignnone size-medium wp-image-158486\" src=\"https:\/\/www.nettali.com\/wp-content\/uploads\/2025\/07\/PHOTO-2025-07-28-20-57-18-1-300x200.jpg\" alt=\"\" width=\"300\" height=\"200\" srcset=\"https:\/\/www.nettali.com\/wp-content\/uploads\/2025\/07\/PHOTO-2025-07-28-20-57-18-1-300x200.jpg 300w, https:\/\/www.nettali.com\/wp-content\/uploads\/2025\/07\/PHOTO-2025-07-28-20-57-18-1-1024x683.jpg 1024w, https:\/\/www.nettali.com\/wp-content\/uploads\/2025\/07\/PHOTO-2025-07-28-20-57-18-1-768x512.jpg 768w, https:\/\/www.nettali.com\/wp-content\/uploads\/2025\/07\/PHOTO-2025-07-28-20-57-18-1-1536x1024.jpg 1536w, https:\/\/www.nettali.com\/wp-content\/uploads\/2025\/07\/PHOTO-2025-07-28-20-57-18-1-2048x1365.jpg 2048w, https:\/\/www.nettali.com\/wp-content\/uploads\/2025\/07\/PHOTO-2025-07-28-20-57-18-1-1080x720.jpg 1080w\" sizes=\"(max-width: 300px) 100vw, 300px\" \/><\/p>\n<p>Parmi les personnalit\u00e9s pr\u00e9sentes, figuraient le vice-ministre somalien des Affaires \u00e9trang\u00e8res et de la Coop\u00e9ration internationale, Ishaq Mahmoud Mursal, ainsi que l\u2019ambassadeur adjoint Mouktar Osman Karie, le commandant de la force Aussom, le lieutenant-g\u00e9n\u00e9ral Sam Kavuma, et plusieurs hauts responsables des secteurs des droits humains, de la police et de l\u2019\u00e9galit\u00e9 des genres.<\/p>\n<p>Cette nomination marque un tournant strat\u00e9gique dans la mission de l\u2019Union africaine en Somalie, alors que le pays poursuit sa transition s\u00e9curitaire dans un contexte encore fragile.<\/p>\n<p>Le S\u00e9n\u00e9galais El Hadj Ibrahima Di\u00e8ne apporte \u00e0 ce poste une expertise reconnue dans les op\u00e9rations de paix et la diplomatie de crise. Cet ancien \u00e9l\u00e8ve du Prytan\u00e9e militaire de Saint-Louis, ancien officier sup\u00e9rieur de l'arm\u00e9e de l'Air s\u00e9n\u00e9galaise, a occup\u00e9 de hautes fonctions au S\u00e9n\u00e9gal et \u00e0 l\u2019international, avec une solide exp\u00e9rience des zones de conflit, notamment en R\u00e9publique d\u00e9mocratique du Congo, en Syrie, au Mali et au sein de missions politiques sp\u00e9ciales comme l\u2019Unoca.<\/p>\n<p>Polyglotte, form\u00e9 dans plusieurs acad\u00e9mies militaires et institutions internationales, Di\u00e8ne est titulaire de plusieurs dipl\u00f4mes et masters en \u00e9tudes militaires, sciences politiques, a\u00e9ronautiques et gestion de programme.<\/p>\n<p><img loading=\"lazy\" class=\"alignnone size-medium wp-image-158487\" src=\"https:\/\/www.nettali.com\/wp-content\/uploads\/2025\/07\/PHOTO-2025-07-28-20-57-18-2-300x200.jpg\" alt=\"\" width=\"300\" height=\"200\" srcset=\"https:\/\/www.nettali.com\/wp-content\/uploads\/2025\/07\/PHOTO-2025-07-28-20-57-18-2-300x200.jpg 300w, https:\/\/www.nettali.com\/wp-content\/uploads\/2025\/07\/PHOTO-2025-07-28-20-57-18-2-1024x683.jpg 1024w, https:\/\/www.nettali.com\/wp-content\/uploads\/2025\/07\/PHOTO-2025-07-28-20-57-18-2-768x512.jpg 768w, https:\/\/www.nettali.com\/wp-content\/uploads\/2025\/07\/PHOTO-2025-07-28-20-57-18-2-1536x1024.jpg 1536w, https:\/\/www.nettali.com\/wp-content\/uploads\/2025\/07\/PHOTO-2025-07-28-20-57-18-2-2048x1365.jpg 2048w, https:\/\/www.nettali.com\/wp-content\/uploads\/2025\/07\/PHOTO-2025-07-28-20-57-18-2-1080x720.jpg 1080w\" sizes=\"(max-width: 300px) 100vw, 300px\" \/> <img loading=\"lazy\" class=\"alignnone size-medium wp-image-158488\" src=\"https:\/\/www.nettali.com\/wp-content\/uploads\/2025\/07\/PHOTO-2025-07-28-20-57-18-3-300x200.jpg\" alt=\"\" width=\"300\" height=\"200\" srcset=\"https:\/\/www.nettali.com\/wp-content\/uploads\/2025\/07\/PHOTO-2025-07-28-20-57-18-3-300x200.jpg 300w, https:\/\/www.nettali.com\/wp-content\/uploads\/2025\/07\/PHOTO-2025-07-28-20-57-18-3-1024x683.jpg 1024w, https:\/\/www.nettali.com\/wp-content\/uploads\/2025\/07\/PHOTO-2025-07-28-20-57-18-3-768x512.jpg 768w, https:\/\/www.nettali.com\/wp-content\/uploads\/2025\/07\/PHOTO-2025-07-28-20-57-18-3-1536x1024.jpg 1536w, https:\/\/www.nettali.com\/wp-content\/uploads\/2025\/07\/PHOTO-2025-07-28-20-57-18-3-2048x1365.jpg 2048w, https:\/\/www.nettali.com\/wp-content\/uploads\/2025\/07\/PHOTO-2025-07-28-20-57-18-3-1080x720.jpg 1080w\" sizes=\"(max-width: 300px) 100vw, 300px\" \/> <img loading=\"lazy\" class=\"alignnone size-medium wp-image-158489\" src=\"https:\/\/www.nettali.com\/wp-content\/uploads\/2025\/07\/PHOTO-2025-07-28-20-57-18-4-300x200.jpg\" alt=\"\" width=\"300\" height=\"200\" srcset=\"https:\/\/www.nettali.com\/wp-content\/uploads\/2025\/07\/PHOTO-2025-07-28-20-57-18-4-300x200.jpg 300w, https:\/\/www.nettali.com\/wp-content\/uploads\/2025\/07\/PHOTO-2025-07-28-20-57-18-4-1024x683.jpg 1024w, https:\/\/www.nettali.com\/wp-content\/uploads\/2025\/07\/PHOTO-2025-07-28-20-57-18-4-768x512.jpg 768w, https:\/\/www.nettali.com\/wp-content\/uploads\/2025\/07\/PHOTO-2025-07-28-20-57-18-4-1536x1024.jpg 1536w, https:\/\/www.nettali.com\/wp-content\/uploads\/2025\/07\/PHOTO-2025-07-28-20-57-18-4-2048x1365.jpg 2048w, https:\/\/www.nettali.com\/wp-content\/uploads\/2025\/07\/PHOTO-2025-07-28-20-57-18-4-1080x720.jpg 1080w\" sizes=\"(max-width: 300px) 100vw, 300px\" \/> <img loading=\"lazy\" class=\"alignnone size-medium wp-image-158490\" src=\"https:\/\/www.nettali.com\/wp-content\/uploads\/2025\/07\/PHOTO-2025-07-28-20-57-19-1-300x200.jpg\" alt=\"\" width=\"300\" height=\"200\" srcset=\"https:\/\/www.nettali.com\/wp-content\/uploads\/2025\/07\/PHOTO-2025-07-28-20-57-19-1-300x200.jpg 300w, https:\/\/www.nettali.com\/wp-content\/uploads\/2025\/07\/PHOTO-2025-07-28-20-57-19-1-1024x683.jpg 1024w, https:\/\/www.nettali.com\/wp-content\/uploads\/2025\/07\/PHOTO-2025-07-28-20-57-19-1-768x512.jpg 768w, https:\/\/www.nettali.com\/wp-content\/uploads\/2025\/07\/PHOTO-2025-07-28-20-57-19-1-1536x1024.jpg 1536w, https:\/\/www.nettali.com\/wp-content\/uploads\/2025\/07\/PHOTO-2025-07-28-20-57-19-1-2048x1365.jpg 2048w, https:\/\/www.nettali.com\/wp-content\/uploads\/2025\/07\/PHOTO-2025-07-28-20-57-19-1-1080x720.jpg 1080w\" sizes=\"(max-width: 300px) 100vw, 300px\" \/> <img loading=\"lazy\" class=\"alignnone size-medium wp-image-158491\" src=\"https:\/\/www.nettali.com\/wp-content\/uploads\/2025\/07\/PHOTO-2025-07-28-20-57-19-300x200.jpg\" alt=\"\" width=\"300\" height=\"200\" srcset=\"https:\/\/www.nettali.com\/wp-content\/uploads\/2025\/07\/PHOTO-2025-07-28-20-57-19-300x200.jpg 300w, https:\/\/www.nettali.com\/wp-content\/uploads\/2025\/07\/PHOTO-2025-07-28-20-57-19-1024x683.jpg 1024w, https:\/\/www.nettali.com\/wp-content\/uploads\/2025\/07\/PHOTO-2025-07-28-20-57-19-768x512.jpg 768w, https:\/\/www.nettali.com\/wp-content\/uploads\/2025\/07\/PHOTO-2025-07-28-20-57-19-1536x1024.jpg 1536w, https:\/\/www.nettali.com\/wp-content\/uploads\/2025\/07\/PHOTO-2025-07-28-20-57-19-2048x1365.jpg 2048w, https:\/\/www.nettali.com\/wp-content\/uploads\/2025\/07\/PHOTO-2025-07-28-20-57-19-1080x720.jpg 1080w\" sizes=\"(max-width: 300px) 100vw, 300px\" \/> <img loading=\"lazy\" class=\"alignnone size-medium wp-image-158492\" src=\"https:\/\/www.nettali.com\/wp-content\/uploads\/2025\/07\/PHOTO-2025-07-28-20-57-20-1-300x200.jpg\" alt=\"\" width=\"300\" height=\"200\" srcset=\"https:\/\/www.nettali.com\/wp-content\/uploads\/2025\/07\/PHOTO-2025-07-28-20-57-20-1-300x200.jpg 300w, https:\/\/www.nettali.com\/wp-content\/uploads\/2025\/07\/PHOTO-2025-07-28-20-57-20-1-1024x683.jpg 1024w, https:\/\/www.nettali.com\/wp-content\/uploads\/2025\/07\/PHOTO-2025-07-28-20-57-20-1-768x512.jpg 768w, https:\/\/www.nettali.com\/wp-content\/uploads\/2025\/07\/PHOTO-2025-07-28-20-57-20-1-1536x1024.jpg 1536w, https:\/\/www.nettali.com\/wp-content\/uploads\/2025\/07\/PHOTO-2025-07-28-20-57-20-1-2048x1365.jpg 2048w, https:\/\/www.nettali.com\/wp-content\/uploads\/2025\/07\/PHOTO-2025-07-28-20-57-20-1-1080x720.jpg 1080w\" sizes=\"(max-width: 300px) 100vw, 300px\" \/> <img loading=\"lazy\" class=\"alignnone size-medium wp-image-158493\" src=\"https:\/\/www.nettali.com\/wp-content\/uploads\/2025\/07\/PHOTO-2025-07-28-20-57-20-300x200.jpg\" alt=\"\" width=\"300\" height=\"200\" srcset=\"https:\/\/www.nettali.com\/wp-content\/uploads\/2025\/07\/PHOTO-2025-07-28-20-57-20-300x200.jpg 300w, https:\/\/www.nettali.com\/wp-content\/uploads\/2025\/07\/PHOTO-2025-07-28-20-57-20-1024x683.jpg 1024w, https:\/\/www.nettali.com\/wp-content\/uploads\/2025\/07\/PHOTO-2025-07-28-20-57-20-768x512.jpg 768w, https:\/\/www.nettali.com\/wp-content\/uploads\/2025\/07\/PHOTO-2025-07-28-20-57-20-1536x1024.jpg 1536w, https:\/\/www.nettali.com\/wp-content\/uploads\/2025\/07\/PHOTO-2025-07-28-20-57-20-2048x1365.jpg 2048w, https:\/\/www.nettali.com\/wp-content\/uploads\/2025\/07\/PHOTO-2025-07-28-20-57-20-1080x720.jpg 1080w\" sizes=\"(max-width: 300px) 100vw, 300px\" \/> <img loading=\"lazy\" class=\"alignnone size-medium wp-image-158494\" src=\"https:\/\/www.nettali.com\/wp-content\/uploads\/2025\/07\/PHOTO-2025-07-28-20-57-21-1-300x200.jpg\" alt=\"\" width=\"300\" height=\"200\" srcset=\"https:\/\/www.nettali.com\/wp-content\/uploads\/2025\/07\/PHOTO-2025-07-28-20-57-21-1-300x200.jpg 300w, https:\/\/www.nettali.com\/wp-content\/uploads\/2025\/07\/PHOTO-2025-07-28-20-57-21-1-1024x683.jpg 1024w, https:\/\/www.nettali.com\/wp-content\/uploads\/2025\/07\/PHOTO-2025-07-28-20-57-21-1-768x512.jpg 768w, https:\/\/www.nettali.com\/wp-content\/uploads\/2025\/07\/PHOTO-2025-07-28-20-57-21-1-1536x1024.jpg 1536w, https:\/\/www.nettali.com\/wp-content\/uploads\/2025\/07\/PHOTO-2025-07-28-20-57-21-1-2048x1365.jpg 2048w, https:\/\/www.nettali.com\/wp-content\/uploads\/2025\/07\/PHOTO-2025-07-28-20-57-21-1-1080x720.jpg 1080w\" sizes=\"(max-width: 300px) 100vw, 300px\" \/> <img loading=\"lazy\" class=\"alignnone size-medium wp-image-158495\" src=\"https:\/\/www.nettali.com\/wp-content\/uploads\/2025\/07\/PHOTO-2025-07-28-20-57-21-2-300x200.jpg\" alt=\"\" width=\"300\" height=\"200\" srcset=\"https:\/\/www.nettali.com\/wp-content\/uploads\/2025\/07\/PHOTO-2025-07-28-20-57-21-2-300x200.jpg 300w, https:\/\/www.nettali.com\/wp-content\/uploads\/2025\/07\/PHOTO-2025-07-28-20-57-21-2-1024x683.jpg 1024w, https:\/\/www.nettali.com\/wp-content\/uploads\/2025\/07\/PHOTO-2025-07-28-20-57-21-2-768x512.jpg 768w, https:\/\/www.nettali.com\/wp-content\/uploads\/2025\/07\/PHOTO-2025-07-28-20-57-21-2-1536x1024.jpg 1536w, https:\/\/www.nettali.com\/wp-content\/uploads\/2025\/07\/PHOTO-2025-07-28-20-57-21-2-2048x1365.jpg 2048w, https:\/\/www.nettali.com\/wp-content\/uploads\/2025\/07\/PHOTO-2025-07-28-20-57-21-2-1080x720.jpg 1080w\" sizes=\"(max-width: 300px) 100vw, 300px\" \/> <img loading=\"lazy\" class=\"alignnone size-medium wp-image-158496\" src=\"https:\/\/www.nettali.com\/wp-content\/uploads\/2025\/07\/PHOTO-2025-07-28-20-57-21-3-300x200.jpg\" alt=\"\" width=\"300\" height=\"200\" srcset=\"https:\/\/www.nettali.com\/wp-content\/uploads\/2025\/07\/PHOTO-2025-07-28-20-57-21-3-300x200.jpg 300w, https:\/\/www.nettali.com\/wp-content\/uploads\/2025\/07\/PHOTO-2025-07-28-20-57-21-3-1024x683.jpg 1024w, https:\/\/www.nettali.com\/wp-content\/uploads\/2025\/07\/PHOTO-2025-07-28-20-57-21-3-768x512.jpg 768w, https:\/\/www.nettali.com\/wp-content\/uploads\/2025\/07\/PHOTO-2025-07-28-20-57-21-3-1536x1024.jpg 1536w, https:\/\/www.nettali.com\/wp-content\/uploads\/2025\/07\/PHOTO-2025-07-28-20-57-21-3-2048x1365.jpg 2048w, https:\/\/www.nettali.com\/wp-content\/uploads\/2025\/07\/PHOTO-2025-07-28-20-57-21-3-1080x720.jpg 1080w\" sizes=\"(max-width: 300px) 100vw, 300px\" \/> <img loading=\"lazy\" class=\"alignnone size-medium wp-image-158497\" src=\"https:\/\/www.nettali.com\/wp-content\/uploads\/2025\/07\/PHOTO-2025-07-28-20-57-21-300x200.jpg\" alt=\"\" width=\"300\" height=\"200\" srcset=\"https:\/\/www.nettali.com\/wp-content\/uploads\/2025\/07\/PHOTO-2025-07-28-20-57-21-300x200.jpg 300w, https:\/\/www.nettali.com\/wp-content\/uploads\/2025\/07\/PHOTO-2025-07-28-20-57-21-1024x683.jpg 1024w, https:\/\/www.nettali.com\/wp-content\/uploads\/2025\/07\/PHOTO-2025-07-28-20-57-21-768x512.jpg 768w, https:\/\/www.nettali.com\/wp-content\/uploads\/2025\/07\/PHOTO-2025-07-28-20-57-21-1536x1024.jpg 1536w, https:\/\/www.nettali.com\/wp-content\/uploads\/2025\/07\/PHOTO-2025-07-28-20-57-21-2048x1365.jpg 2048w, https:\/\/www.nettali.com\/wp-content\/uploads\/2025\/07\/PHOTO-2025-07-28-20-57-21-1080x720.jpg 1080w\" sizes=\"(max-width: 300px) 100vw, 300px\" \/><\/p>\n<div class='share-to-whatsapp-wrapper'><div class='share-on-whsp'>PARTAGER SUR : <\/div><a data-text='El Hadj Ibrahima Di\u00e8ne, nomm\u00e9 Repr\u00e9sentant sp\u00e9cial du pr\u00e9sident de la Commission de l\u2019Union africaine pour la Somalie' data-link='https:\/\/www.nettali.com\/2025\/07\/29\/el-hadj-ibrahima-diene-nomme-representant-special-du-president-de-la-commission-de-lunion-africaine-pour-la-somalie\/' class='whatsapp-button whatsapp-share'>WhatsApp<\/a><div class='clear '><\/div><\/div>","protected":false},"excerpt":{"rendered":"<p>NETTALI.COM - El Hadj Ibrahima Di\u00e8ne, plus connu sous le nom de \u201cBoly\u201d, a \u00e9t\u00e9 officiellement nomm\u00e9 Repr\u00e9sentant sp\u00e9cial du pr\u00e9sident de la Commission de l\u2019Union africaine pour la Somalie et Chef de la Mission de soutien de l'Union africaine en Somalie (Aussom). Il est arriv\u00e9 ce week-end \u00e0 Mogadiscio, o\u00f9 il a \u00e9t\u00e9 accueilli [&hellip;]<\/p>\n","protected":false},"author":2,"featured_media":158480,"comment_status":"open","ping_status":"open","sticky":false,"template":"","format":"standard","meta":{"_et_pb_use_builder":"","_et_pb_old_content":""},"categories":[34945],"tags":[],"yoast_head":"<!-- This site is optimized with the Yoast SEO Premium plugin v17.8 (Yoast SEO v17.8) - https:\/\/yoast.com\/wordpress\/plugins\/seo\/ -->\n<title>El Hadj Ibrahima Di\u00e8ne, nomm\u00e9 Repr\u00e9sentant sp\u00e9cial du pr\u00e9sident de la Commission de l\u2019Union africaine pour la Somalie | Nettali.com<\/title>\n<meta name=\"robots\" content=\"index, follow, max-snippet:-1, max-image-preview:large, max-video-preview:-1\" \/>\n<link rel=\"canonical\" href=\"https:\/\/www.nettali.com\/2025\/07\/29\/el-hadj-ibrahima-diene-nomme-representant-special-du-president-de-la-commission-de-lunion-africaine-pour-la-somalie\/\" \/>\n<meta property=\"og:locale\" content=\"fr_FR\" \/>\n<meta property=\"og:type\" content=\"article\" \/>\n<meta property=\"og:title\" content=\"El Hadj Ibrahima Di\u00e8ne, nomm\u00e9 Repr\u00e9sentant sp\u00e9cial du pr\u00e9sident de la Commission de l\u2019Union africaine pour la Somalie\" \/>\n<meta property=\"og:description\" content=\"NETTALI.COM - El Hadj Ibrahima Di\u00e8ne, plus connu sous le nom de \u201cBoly\u201d, a \u00e9t\u00e9 officiellement nomm\u00e9 Repr\u00e9sentant sp\u00e9cial du pr\u00e9sident de la Commission de l\u2019Union africaine pour la Somalie et Chef de la Mission de soutien de l&#039;Union africaine en Somalie (Aussom). Il est arriv\u00e9 ce week-end \u00e0 Mogadiscio, o\u00f9 il a \u00e9t\u00e9 accueilli [&hellip;]\" \/>\n<meta property=\"og:url\" content=\"https:\/\/www.nettali.com\/2025\/07\/29\/el-hadj-ibrahima-diene-nomme-representant-special-du-president-de-la-commission-de-lunion-africaine-pour-la-somalie\/\" \/>\n<meta property=\"og:site_name\" content=\"Nettali.com\" \/>\n<meta property=\"article:publisher\" content=\"https:\/\/www.facebook.com\/nettalicom\" \/>\n<meta property=\"article:published_time\" content=\"2025-07-29T19:31:38+00:00\" \/>\n<meta property=\"article:modified_time\" content=\"2025-07-29T15:47:46+00:00\" \/>\n<meta property=\"og:image\" content=\"https:\/\/www.nettali.com\/wp-content\/uploads\/2025\/07\/PHOTO-2025-07-28-20-57-18-scaled.jpg\" \/>\n\t<meta property=\"og:image:width\" content=\"2560\" \/>\n\t<meta property=\"og:image:height\" content=\"1706\" \/>\n<meta name=\"twitter:card\" content=\"summary_large_image\" \/>\n<meta name=\"twitter:label1\" content=\"\u00c9crit par\" \/>\n\t<meta name=\"twitter:data1\" content=\"CK\" \/>\n\t<meta name=\"twitter:label2\" content=\"Dur\u00e9e de lecture estim\u00e9e\" \/>\n\t<meta name=\"twitter:data2\" content=\"5 minutes\" \/>\n<script type=\"application\/ld+json\" class=\"yoast-schema-graph\">{\"@context\":\"https:\/\/schema.org\",\"@graph\":[{\"@type\":\"WebSite\",\"@id\":\"https:\/\/www.nettali.com\/#website\",\"url\":\"https:\/\/www.nettali.com\/\",\"name\":\"Nettali.com\",\"description\":\"Le rendez-vous critique du Net\",\"potentialAction\":[{\"@type\":\"SearchAction\",\"target\":{\"@type\":\"EntryPoint\",\"urlTemplate\":\"https:\/\/www.nettali.com\/?s={search_term_string}\"},\"query-input\":\"required name=search_term_string\"}],\"inLanguage\":\"fr-FR\"},{\"@type\":\"ImageObject\",\"@id\":\"https:\/\/www.nettali.com\/2025\/07\/29\/el-hadj-ibrahima-diene-nomme-representant-special-du-president-de-la-commission-de-lunion-africaine-pour-la-somalie\/#primaryimage\",\"inLanguage\":\"fr-FR\",\"url\":\"https:\/\/www.nettali.com\/wp-content\/uploads\/2025\/07\/PHOTO-2025-07-28-20-57-18-scaled.jpg\",\"contentUrl\":\"https:\/\/www.nettali.com\/wp-content\/uploads\/2025\/07\/PHOTO-2025-07-28-20-57-18-scaled.jpg\",\"width\":2560,\"height\":1706},{\"@type\":\"WebPage\",\"@id\":\"https:\/\/www.nettali.com\/2025\/07\/29\/el-hadj-ibrahima-diene-nomme-representant-special-du-president-de-la-commission-de-lunion-africaine-pour-la-somalie\/#webpage\",\"url\":\"https:\/\/www.nettali.com\/2025\/07\/29\/el-hadj-ibrahima-diene-nomme-representant-special-du-president-de-la-commission-de-lunion-africaine-pour-la-somalie\/\",\"name\":\"El Hadj Ibrahima Di\\u00e8ne, nomm\\u00e9 Repr\\u00e9sentant sp\\u00e9cial du pr\\u00e9sident de la Commission de l\\u2019Union africaine pour la Somalie | Nettali.com\",\"isPartOf\":{\"@id\":\"https:\/\/www.nettali.com\/#website\"},\"primaryImageOfPage\":{\"@id\":\"https:\/\/www.nettali.com\/2025\/07\/29\/el-hadj-ibrahima-diene-nomme-representant-special-du-president-de-la-commission-de-lunion-africaine-pour-la-somalie\/#primaryimage\"},\"datePublished\":\"2025-07-29T19:31:38+00:00\",\"dateModified\":\"2025-07-29T15:47:46+00:00\",\"author\":{\"@id\":\"https:\/\/www.nettali.com\/#\/schema\/person\/d8ac7b7e27ddad43f1c0d2ef090d7f71\"},\"breadcrumb\":{\"@id\":\"https:\/\/www.nettali.com\/2025\/07\/29\/el-hadj-ibrahima-diene-nomme-representant-special-du-president-de-la-commission-de-lunion-africaine-pour-la-somalie\/#breadcrumb\"},\"inLanguage\":\"fr-FR\",\"potentialAction\":[{\"@type\":\"ReadAction\",\"target\":[\"https:\/\/www.nettali.com\/2025\/07\/29\/el-hadj-ibrahima-diene-nomme-representant-special-du-president-de-la-commission-de-lunion-africaine-pour-la-somalie\/\"]}]},{\"@type\":\"BreadcrumbList\",\"@id\":\"https:\/\/www.nettali.com\/2025\/07\/29\/el-hadj-ibrahima-diene-nomme-representant-special-du-president-de-la-commission-de-lunion-africaine-pour-la-somalie\/#breadcrumb\",\"itemListElement\":[{\"@type\":\"ListItem\",\"position\":1,\"name\":\"Accueil\",\"item\":\"https:\/\/www.nettali.com\/\"},{\"@type\":\"ListItem\",\"position\":2,\"name\":\"El Hadj Ibrahima Di\\u00e8ne, nomm\\u00e9 Repr\\u00e9sentant sp\\u00e9cial du pr\\u00e9sident de la Commission de l\\u2019Union africaine pour la Somalie\"}]},{\"@type\":\"Person\",\"@id\":\"https:\/\/www.nettali.com\/#\/schema\/person\/d8ac7b7e27ddad43f1c0d2ef090d7f71\",\"name\":\"CK\",\"image\":{\"@type\":\"ImageObject\",\"@id\":\"https:\/\/www.nettali.com\/#personlogo\",\"inLanguage\":\"fr-FR\",\"url\":\"https:\/\/secure.gravatar.com\/avatar\/1d8d5118b9327d94da7cd4ce7f17fec2?s=96&d=mm&r=g\",\"contentUrl\":\"https:\/\/secure.gravatar.com\/avatar\/1d8d5118b9327d94da7cd4ce7f17fec2?s=96&d=mm&r=g\",\"caption\":\"CK\"},\"sameAs\":[\"https:\/\/www.nettali.com\"]}]}<\/script>\n<!-- \/ Yoast SEO Premium plugin. -->","yoast_head_json":{"title":"El Hadj Ibrahima Di\u00e8ne, nomm\u00e9 Repr\u00e9sentant sp\u00e9cial du pr\u00e9sident de la Commission de l\u2019Union africaine pour la Somalie | Nettali.com","robots":{"index":"index","follow":"follow","max-snippet":"max-snippet:-1","max-image-preview":"max-image-preview:large","max-video-preview":"max-video-preview:-1"},"canonical":"https:\/\/www.nettali.com\/2025\/07\/29\/el-hadj-ibrahima-diene-nomme-representant-special-du-president-de-la-commission-de-lunion-africaine-pour-la-somalie\/","og_locale":"fr_FR","og_type":"article","og_title":"El Hadj Ibrahima Di\u00e8ne, nomm\u00e9 Repr\u00e9sentant sp\u00e9cial du pr\u00e9sident de la Commission de l\u2019Union africaine pour la Somalie","og_description":"NETTALI.COM - El Hadj Ibrahima Di\u00e8ne, plus connu sous le nom de \u201cBoly\u201d, a \u00e9t\u00e9 officiellement nomm\u00e9 Repr\u00e9sentant sp\u00e9cial du pr\u00e9sident de la Commission de l\u2019Union africaine pour la Somalie et Chef de la Mission de soutien de l'Union africaine en Somalie (Aussom). Il est arriv\u00e9 ce week-end \u00e0 Mogadiscio, o\u00f9 il a \u00e9t\u00e9 accueilli [&hellip;]","og_url":"https:\/\/www.nettali.com\/2025\/07\/29\/el-hadj-ibrahima-diene-nomme-representant-special-du-president-de-la-commission-de-lunion-africaine-pour-la-somalie\/","og_site_name":"Nettali.com","article_publisher":"https:\/\/www.facebook.com\/nettalicom","article_published_time":"2025-07-29T19:31:38+00:00","article_modified_time":"2025-07-29T15:47:46+00:00","og_image":[{"width":2560,"height":1706,"url":"https:\/\/www.nettali.com\/wp-content\/uploads\/2025\/07\/PHOTO-2025-07-28-20-57-18-scaled.jpg","type":"image\/jpeg"}],"twitter_card":"summary_large_image","twitter_misc":{"\u00c9crit par":"CK","Dur\u00e9e de lecture estim\u00e9e":"5 minutes"},"schema":{"@context":"https:\/\/schema.org","@graph":[{"@type":"WebSite","@id":"https:\/\/www.nettali.com\/#website","url":"https:\/\/www.nettali.com\/","name":"Nettali.com","description":"Le rendez-vous critique du Net","potentialAction":[{"@type":"SearchAction","target":{"@type":"EntryPoint","urlTemplate":"https:\/\/www.nettali.com\/?s={search_term_string}"},"query-input":"required name=search_term_string"}],"inLanguage":"fr-FR"},{"@type":"ImageObject","@id":"https:\/\/www.nettali.com\/2025\/07\/29\/el-hadj-ibrahima-diene-nomme-representant-special-du-president-de-la-commission-de-lunion-africaine-pour-la-somalie\/#primaryimage","inLanguage":"fr-FR","url":"https:\/\/www.nettali.com\/wp-content\/uploads\/2025\/07\/PHOTO-2025-07-28-20-57-18-scaled.jpg","contentUrl":"https:\/\/www.nettali.com\/wp-content\/uploads\/2025\/07\/PHOTO-2025-07-28-20-57-18-scaled.jpg","width":2560,"height":1706},{"@type":"WebPage","@id":"https:\/\/www.nettali.com\/2025\/07\/29\/el-hadj-ibrahima-diene-nomme-representant-special-du-president-de-la-commission-de-lunion-africaine-pour-la-somalie\/#webpage","url":"https:\/\/www.nettali.com\/2025\/07\/29\/el-hadj-ibrahima-diene-nomme-representant-special-du-president-de-la-commission-de-lunion-africaine-pour-la-somalie\/","name":"El Hadj Ibrahima Di\u00e8ne, nomm\u00e9 Repr\u00e9sentant sp\u00e9cial du pr\u00e9sident de la Commission de l\u2019Union africaine pour la Somalie | Nettali.com","isPartOf":{"@id":"https:\/\/www.nettali.com\/#website"},"primaryImageOfPage":{"@id":"https:\/\/www.nettali.com\/2025\/07\/29\/el-hadj-ibrahima-diene-nomme-representant-special-du-president-de-la-commission-de-lunion-africaine-pour-la-somalie\/#primaryimage"},"datePublished":"2025-07-29T19:31:38+00:00","dateModified":"2025-07-29T15:47:46+00:00","author":{"@id":"https:\/\/www.nettali.com\/#\/schema\/person\/d8ac7b7e27ddad43f1c0d2ef090d7f71"},"breadcrumb":{"@id":"https:\/\/www.nettali.com\/2025\/07\/29\/el-hadj-ibrahima-diene-nomme-representant-special-du-president-de-la-commission-de-lunion-africaine-pour-la-somalie\/#breadcrumb"},"inLanguage":"fr-FR","potentialAction":[{"@type":"ReadAction","target":["https:\/\/www.nettali.com\/2025\/07\/29\/el-hadj-ibrahima-diene-nomme-representant-special-du-president-de-la-commission-de-lunion-africaine-pour-la-somalie\/"]}]},{"@type":"BreadcrumbList","@id":"https:\/\/www.nettali.com\/2025\/07\/29\/el-hadj-ibrahima-diene-nomme-representant-special-du-president-de-la-commission-de-lunion-africaine-pour-la-somalie\/#breadcrumb","itemListElement":[{"@type":"ListItem","position":1,"name":"Accueil","item":"https:\/\/www.nettali.com\/"},{"@type":"ListItem","position":2,"name":"El Hadj Ibrahima Di\u00e8ne, nomm\u00e9 Repr\u00e9sentant sp\u00e9cial du pr\u00e9sident de la Commission de l\u2019Union africaine pour la Somalie"}]},{"@type":"Person","@id":"https:\/\/www.nettali.com\/#\/schema\/person\/d8ac7b7e27ddad43f1c0d2ef090d7f71","name":"CK","image":{"@type":"ImageObject","@id":"https:\/\/www.nettali.com\/#personlogo","inLanguage":"fr-FR","url":"https:\/\/secure.gravatar.com\/avatar\/1d8d5118b9327d94da7cd4ce7f17fec2?s=96&d=mm&r=g","contentUrl":"https:\/\/secure.gravatar.com\/avatar\/1d8d5118b9327d94da7cd4ce7f17fec2?s=96&d=mm&r=g","caption":"CK"},"sameAs":["https:\/\/www.nettali.com"]}]}},"_links":{"self":[{"href":"https:\/\/www.nettali.com\/rest\/wp\/v2\/posts\/158479"}],"collection":[{"href":"https:\/\/www.nettali.com\/rest\/wp\/v2\/posts"}],"about":[{"href":"https:\/\/www.nettali.com\/rest\/wp\/v2\/types\/post"}],"author":[{"embeddable":true,"href":"https:\/\/www.nettali.com\/rest\/wp\/v2\/users\/2"}],"replies":[{"embeddable":true,"href":"https:\/\/www.nettali.com\/rest\/wp\/v2\/comments?post=158479"}],"version-history":[{"count":1,"href":"https:\/\/www.nettali.com\/rest\/wp\/v2\/posts\/158479\/revisions"}],"predecessor-version":[{"id":158498,"href":"https:\/\/www.nettali.com\/rest\/wp\/v2\/posts\/158479\/revisions\/158498"}],"wp:featuredmedia":[{"embeddable":true,"href":"https:\/\/www.nettali.com\/rest\/wp\/v2\/media\/158480"}],"wp:attachment":[{"href":"https:\/\/www.nettali.com\/rest\/wp\/v2\/media?parent=158479"}],"wp:term":[{"taxonomy":"category","embeddable":true,"href":"https:\/\/www.nettali.com\/rest\/wp\/v2\/categories?post=158479"},{"taxonomy":"post_tag","embeddable":true,"href":"https:\/\/www.nettali.com\/rest\/wp\/v2\/tags?post=158479"}],"curies":[{"name":"wp","href":"https:\/\/api.w.org\/{rel}","templated":true}]}}