{"id":158477,"date":"2025-07-29T14:36:20","date_gmt":"2025-07-29T14:36:20","guid":{"rendered":"https:\/\/www.nettali.com\/?p=158477"},"modified":"2025-07-30T01:24:18","modified_gmt":"2025-07-30T01:24:18","slug":"presidence-en-cote-divoire-alassane-ouattara-annonce-sa-candidature","status":"publish","type":"post","link":"https:\/\/www.nettali.com\/2025\/07\/29\/presidence-en-cote-divoire-alassane-ouattara-annonce-sa-candidature\/","title":{"rendered":"PRESIDENCE EN COTE D'IVOIRE - Alassane Ouattara annonce sa candidature"},"content":{"rendered":"<p class=\"t-content__chapo\"><strong>NETTALI.COM - Alassane Ouattara, pr\u00e9sident de la C\u00f4te d\u2019Ivoire depuis 2011, a annonc\u00e9 ce 29 juillet 2025 dans une allocution film\u00e9e qu\u2019il serait candidat \u00e0 sa propre succession dans trois mois : \u00ab <em>Apr\u00e8s m\u00fbre r\u00e9flexion et en toute conscience, je vous annonce aujourd\u2019hui que j\u2019ai d\u00e9cid\u00e9 d\u2019\u00eatre candidat \u00e0 l\u2019\u00e9lection pr\u00e9sidentielle du 25 octobre 2025.\u00a0<\/em>\u00bb<\/strong><\/p>\n<p><iframe loading=\"lazy\" style=\"border: none; overflow: hidden;\" src=\"https:\/\/www.facebook.com\/plugins\/video.php?height=295&amp;href=https%3A%2F%2Fwww.facebook.com%2FAlassaneOuattara.prci%2Fvideos%2F728330846702491%2F&amp;show_text=false&amp;width=560&amp;t=0\" width=\"560\" height=\"295\" frameborder=\"0\" scrolling=\"no\" allowfullscreen=\"allowfullscreen\"><\/iframe><br \/>\nAlassane Ouattara briguera un nouveau mandat pr\u00e9sidentiel en\u00a0C\u00f4te d'Ivoire\u00a0le 25 octobre prochain, le quatri\u00e8me, apr\u00e8s avoir \u00e9t\u00e9 r\u00e9\u00e9lu en 2015 et en 2020.<\/p>\n<p>Il l\u2019a annonc\u00e9 ce mardi dans une allocution diffus\u00e9e sur les r\u00e9seaux sociaux. \u00ab\u00a0<em>Notre pays fait face \u00e0 des d\u00e9fis s\u00e9curitaires, \u00e9conomiques et mon\u00e9taires sans pr\u00e9c\u00e9dents dont la gestion exige de l'exp\u00e9rience<\/em>.\u00a0<em>En effet, la menace terroriste grandit dans la sous-r\u00e9gion et les incertitudes \u00e9conomiques au niveau international constituent un risque pour notre pays<\/em>\u00a0\u00bb, a affirm\u00e9 le chef de l\u2019\u00c9tat de 83 ans.<\/p>\n<p>Ce dernier estime avoir la \u00ab\u00a0<em>sant\u00e9<\/em>\u00a0\u00bb pour un nouveau mandat\u00a0<em>qui\u00a0<\/em>\u00ab\u00a0<em>sera celui de la<\/em>\u00a0<em>transmission g\u00e9n\u00e9rationnelle<\/em>\u00a0\u00bb, selon ses mots.<\/p>\n<p>Alassane Ouattara promet des \u00e9lections apais\u00e9es, d\u00e9mocratiques et transparentes, alors que l'opposition d\u00e9nonce le processus \u00e9lectoral, notamment en raison du rejet de plusieurs candidatures, dont celles de Tidjane Thiam et de l\u2019ancien pr\u00e9sident Laurent Gbagbo.<\/p>\n<p>Alassane Ouattara avait \u00e9t\u00e9 d\u00e9sign\u00e9 candidat du Rassemblement des houphou\u00ebtistes pour la d\u00e9mocratie et la paix (RHDP) lors du congr\u00e8s du RHDP le 21 juin dernier.<\/p>\n<div class='share-to-whatsapp-wrapper'><div class='share-on-whsp'>PARTAGER SUR : <\/div><a data-text='PRESIDENCE EN COTE D'IVOIRE - Alassane Ouattara annonce sa candidature' data-link='https:\/\/www.nettali.com\/2025\/07\/29\/presidence-en-cote-divoire-alassane-ouattara-annonce-sa-candidature\/' class='whatsapp-button whatsapp-share'>WhatsApp<\/a><div class='clear '><\/div><\/div>","protected":false},"excerpt":{"rendered":"<p>NETTALI.COM - Alassane Ouattara, pr\u00e9sident de la C\u00f4te d\u2019Ivoire depuis 2011, a annonc\u00e9 ce 29 juillet 2025 dans une allocution film\u00e9e qu\u2019il serait candidat \u00e0 sa propre succession dans trois mois : \u00ab Apr\u00e8s m\u00fbre r\u00e9flexion et en toute conscience, je vous annonce aujourd\u2019hui que j\u2019ai d\u00e9cid\u00e9 d\u2019\u00eatre candidat \u00e0 l\u2019\u00e9lection pr\u00e9sidentielle du 25 octobre [&hellip;]<\/p>\n","protected":false},"author":4,"featured_media":130642,"comment_status":"open","ping_status":"open","sticky":false,"template":"","format":"standard","meta":{"_et_pb_use_builder":"","_et_pb_old_content":""},"categories":[2],"tags":[],"yoast_head":"<!-- This site is optimized with the Yoast SEO Premium plugin v17.8 (Yoast SEO v17.8) - https:\/\/yoast.com\/wordpress\/plugins\/seo\/ -->\n<title>PRESIDENCE EN COTE D&#039;IVOIRE - Alassane Ouattara annonce sa candidature | Nettali.com<\/title>\n<meta name=\"robots\" content=\"index, follow, max-snippet:-1, max-image-preview:large, max-video-preview:-1\" \/>\n<link rel=\"canonical\" href=\"https:\/\/www.nettali.com\/2025\/07\/29\/presidence-en-cote-divoire-alassane-ouattara-annonce-sa-candidature\/\" \/>\n<meta property=\"og:locale\" content=\"fr_FR\" \/>\n<meta property=\"og:type\" content=\"article\" \/>\n<meta property=\"og:title\" content=\"PRESIDENCE EN COTE D&#039;IVOIRE - Alassane Ouattara annonce sa candidature\" \/>\n<meta property=\"og:description\" content=\"NETTALI.COM - Alassane Ouattara, pr\u00e9sident de la C\u00f4te d\u2019Ivoire depuis 2011, a annonc\u00e9 ce 29 juillet 2025 dans une allocution film\u00e9e qu\u2019il serait candidat \u00e0 sa propre succession dans trois mois : \u00ab Apr\u00e8s m\u00fbre r\u00e9flexion et en toute conscience, je vous annonce aujourd\u2019hui que j\u2019ai d\u00e9cid\u00e9 d\u2019\u00eatre candidat \u00e0 l\u2019\u00e9lection pr\u00e9sidentielle du 25 octobre [&hellip;]\" \/>\n<meta property=\"og:url\" content=\"https:\/\/www.nettali.com\/2025\/07\/29\/presidence-en-cote-divoire-alassane-ouattara-annonce-sa-candidature\/\" \/>\n<meta property=\"og:site_name\" content=\"Nettali.com\" \/>\n<meta property=\"article:publisher\" content=\"https:\/\/www.facebook.com\/nettalicom\" \/>\n<meta property=\"article:published_time\" content=\"2025-07-29T14:36:20+00:00\" \/>\n<meta property=\"article:modified_time\" content=\"2025-07-30T01:24:18+00:00\" \/>\n<meta property=\"og:image\" content=\"https:\/\/www.nettali.com\/wp-content\/uploads\/2024\/03\/sem-alassane-ouattara-president-de-la-republique_d35oadobr1o.jpg\" \/>\n\t<meta property=\"og:image:width\" content=\"900\" \/>\n\t<meta property=\"og:image:height\" content=\"576\" \/>\n<meta name=\"twitter:card\" content=\"summary_large_image\" \/>\n<meta name=\"twitter:label1\" content=\"\u00c9crit par\" \/>\n\t<meta name=\"twitter:data1\" content=\"Daouda\" \/>\n\t<meta name=\"twitter:label2\" content=\"Dur\u00e9e de lecture estim\u00e9e\" \/>\n\t<meta name=\"twitter:data2\" content=\"2 minutes\" \/>\n<script type=\"application\/ld+json\" class=\"yoast-schema-graph\">{\"@context\":\"https:\/\/schema.org\",\"@graph\":[{\"@type\":\"WebSite\",\"@id\":\"https:\/\/www.nettali.com\/#website\",\"url\":\"https:\/\/www.nettali.com\/\",\"name\":\"Nettali.com\",\"description\":\"Le rendez-vous critique du Net\",\"potentialAction\":[{\"@type\":\"SearchAction\",\"target\":{\"@type\":\"EntryPoint\",\"urlTemplate\":\"https:\/\/www.nettali.com\/?s={search_term_string}\"},\"query-input\":\"required name=search_term_string\"}],\"inLanguage\":\"fr-FR\"},{\"@type\":\"ImageObject\",\"@id\":\"https:\/\/www.nettali.com\/2025\/07\/29\/presidence-en-cote-divoire-alassane-ouattara-annonce-sa-candidature\/#primaryimage\",\"inLanguage\":\"fr-FR\",\"url\":\"https:\/\/www.nettali.com\/wp-content\/uploads\/2024\/03\/sem-alassane-ouattara-president-de-la-republique_d35oadobr1o.jpg\",\"contentUrl\":\"https:\/\/www.nettali.com\/wp-content\/uploads\/2024\/03\/sem-alassane-ouattara-president-de-la-republique_d35oadobr1o.jpg\",\"width\":900,\"height\":576},{\"@type\":\"WebPage\",\"@id\":\"https:\/\/www.nettali.com\/2025\/07\/29\/presidence-en-cote-divoire-alassane-ouattara-annonce-sa-candidature\/#webpage\",\"url\":\"https:\/\/www.nettali.com\/2025\/07\/29\/presidence-en-cote-divoire-alassane-ouattara-annonce-sa-candidature\/\",\"name\":\"PRESIDENCE EN COTE D'IVOIRE - Alassane Ouattara annonce sa candidature | Nettali.com\",\"isPartOf\":{\"@id\":\"https:\/\/www.nettali.com\/#website\"},\"primaryImageOfPage\":{\"@id\":\"https:\/\/www.nettali.com\/2025\/07\/29\/presidence-en-cote-divoire-alassane-ouattara-annonce-sa-candidature\/#primaryimage\"},\"datePublished\":\"2025-07-29T14:36:20+00:00\",\"dateModified\":\"2025-07-30T01:24:18+00:00\",\"author\":{\"@id\":\"https:\/\/www.nettali.com\/#\/schema\/person\/3317e0bb3aa1da309fbf7b2780901bf4\"},\"breadcrumb\":{\"@id\":\"https:\/\/www.nettali.com\/2025\/07\/29\/presidence-en-cote-divoire-alassane-ouattara-annonce-sa-candidature\/#breadcrumb\"},\"inLanguage\":\"fr-FR\",\"potentialAction\":[{\"@type\":\"ReadAction\",\"target\":[\"https:\/\/www.nettali.com\/2025\/07\/29\/presidence-en-cote-divoire-alassane-ouattara-annonce-sa-candidature\/\"]}]},{\"@type\":\"BreadcrumbList\",\"@id\":\"https:\/\/www.nettali.com\/2025\/07\/29\/presidence-en-cote-divoire-alassane-ouattara-annonce-sa-candidature\/#breadcrumb\",\"itemListElement\":[{\"@type\":\"ListItem\",\"position\":1,\"name\":\"Accueil\",\"item\":\"https:\/\/www.nettali.com\/\"},{\"@type\":\"ListItem\",\"position\":2,\"name\":\"PRESIDENCE EN COTE D'IVOIRE - Alassane Ouattara annonce sa candidature\"}]},{\"@type\":\"Person\",\"@id\":\"https:\/\/www.nettali.com\/#\/schema\/person\/3317e0bb3aa1da309fbf7b2780901bf4\",\"name\":\"Daouda\",\"image\":{\"@type\":\"ImageObject\",\"@id\":\"https:\/\/www.nettali.com\/#personlogo\",\"inLanguage\":\"fr-FR\",\"url\":\"https:\/\/secure.gravatar.com\/avatar\/8d143b5a49345098ddcfee1c49c2f47c?s=96&d=mm&r=g\",\"contentUrl\":\"https:\/\/secure.gravatar.com\/avatar\/8d143b5a49345098ddcfee1c49c2f47c?s=96&d=mm&r=g\",\"caption\":\"Daouda\"},\"sameAs\":[\"https:\/\/www.nettali.com\"]}]}<\/script>\n<!-- \/ Yoast SEO Premium plugin. -->","yoast_head_json":{"title":"PRESIDENCE EN COTE D'IVOIRE - Alassane Ouattara annonce sa candidature | Nettali.com","robots":{"index":"index","follow":"follow","max-snippet":"max-snippet:-1","max-image-preview":"max-image-preview:large","max-video-preview":"max-video-preview:-1"},"canonical":"https:\/\/www.nettali.com\/2025\/07\/29\/presidence-en-cote-divoire-alassane-ouattara-annonce-sa-candidature\/","og_locale":"fr_FR","og_type":"article","og_title":"PRESIDENCE EN COTE D'IVOIRE - Alassane Ouattara annonce sa candidature","og_description":"NETTALI.COM - Alassane Ouattara, pr\u00e9sident de la C\u00f4te d\u2019Ivoire depuis 2011, a annonc\u00e9 ce 29 juillet 2025 dans une allocution film\u00e9e qu\u2019il serait candidat \u00e0 sa propre succession dans trois mois : \u00ab Apr\u00e8s m\u00fbre r\u00e9flexion et en toute conscience, je vous annonce aujourd\u2019hui que j\u2019ai d\u00e9cid\u00e9 d\u2019\u00eatre candidat \u00e0 l\u2019\u00e9lection pr\u00e9sidentielle du 25 octobre [&hellip;]","og_url":"https:\/\/www.nettali.com\/2025\/07\/29\/presidence-en-cote-divoire-alassane-ouattara-annonce-sa-candidature\/","og_site_name":"Nettali.com","article_publisher":"https:\/\/www.facebook.com\/nettalicom","article_published_time":"2025-07-29T14:36:20+00:00","article_modified_time":"2025-07-30T01:24:18+00:00","og_image":[{"width":900,"height":576,"url":"https:\/\/www.nettali.com\/wp-content\/uploads\/2024\/03\/sem-alassane-ouattara-president-de-la-republique_d35oadobr1o.jpg","type":"image\/jpeg"}],"twitter_card":"summary_large_image","twitter_misc":{"\u00c9crit par":"Daouda","Dur\u00e9e de lecture estim\u00e9e":"2 minutes"},"schema":{"@context":"https:\/\/schema.org","@graph":[{"@type":"WebSite","@id":"https:\/\/www.nettali.com\/#website","url":"https:\/\/www.nettali.com\/","name":"Nettali.com","description":"Le rendez-vous critique du Net","potentialAction":[{"@type":"SearchAction","target":{"@type":"EntryPoint","urlTemplate":"https:\/\/www.nettali.com\/?s={search_term_string}"},"query-input":"required name=search_term_string"}],"inLanguage":"fr-FR"},{"@type":"ImageObject","@id":"https:\/\/www.nettali.com\/2025\/07\/29\/presidence-en-cote-divoire-alassane-ouattara-annonce-sa-candidature\/#primaryimage","inLanguage":"fr-FR","url":"https:\/\/www.nettali.com\/wp-content\/uploads\/2024\/03\/sem-alassane-ouattara-president-de-la-republique_d35oadobr1o.jpg","contentUrl":"https:\/\/www.nettali.com\/wp-content\/uploads\/2024\/03\/sem-alassane-ouattara-president-de-la-republique_d35oadobr1o.jpg","width":900,"height":576},{"@type":"WebPage","@id":"https:\/\/www.nettali.com\/2025\/07\/29\/presidence-en-cote-divoire-alassane-ouattara-annonce-sa-candidature\/#webpage","url":"https:\/\/www.nettali.com\/2025\/07\/29\/presidence-en-cote-divoire-alassane-ouattara-annonce-sa-candidature\/","name":"PRESIDENCE EN COTE D'IVOIRE - Alassane Ouattara annonce sa candidature | Nettali.com","isPartOf":{"@id":"https:\/\/www.nettali.com\/#website"},"primaryImageOfPage":{"@id":"https:\/\/www.nettali.com\/2025\/07\/29\/presidence-en-cote-divoire-alassane-ouattara-annonce-sa-candidature\/#primaryimage"},"datePublished":"2025-07-29T14:36:20+00:00","dateModified":"2025-07-30T01:24:18+00:00","author":{"@id":"https:\/\/www.nettali.com\/#\/schema\/person\/3317e0bb3aa1da309fbf7b2780901bf4"},"breadcrumb":{"@id":"https:\/\/www.nettali.com\/2025\/07\/29\/presidence-en-cote-divoire-alassane-ouattara-annonce-sa-candidature\/#breadcrumb"},"inLanguage":"fr-FR","potentialAction":[{"@type":"ReadAction","target":["https:\/\/www.nettali.com\/2025\/07\/29\/presidence-en-cote-divoire-alassane-ouattara-annonce-sa-candidature\/"]}]},{"@type":"BreadcrumbList","@id":"https:\/\/www.nettali.com\/2025\/07\/29\/presidence-en-cote-divoire-alassane-ouattara-annonce-sa-candidature\/#breadcrumb","itemListElement":[{"@type":"ListItem","position":1,"name":"Accueil","item":"https:\/\/www.nettali.com\/"},{"@type":"ListItem","position":2,"name":"PRESIDENCE EN COTE D'IVOIRE - Alassane Ouattara annonce sa candidature"}]},{"@type":"Person","@id":"https:\/\/www.nettali.com\/#\/schema\/person\/3317e0bb3aa1da309fbf7b2780901bf4","name":"Daouda","image":{"@type":"ImageObject","@id":"https:\/\/www.nettali.com\/#personlogo","inLanguage":"fr-FR","url":"https:\/\/secure.gravatar.com\/avatar\/8d143b5a49345098ddcfee1c49c2f47c?s=96&d=mm&r=g","contentUrl":"https:\/\/secure.gravatar.com\/avatar\/8d143b5a49345098ddcfee1c49c2f47c?s=96&d=mm&r=g","caption":"Daouda"},"sameAs":["https:\/\/www.nettali.com"]}]}},"_links":{"self":[{"href":"https:\/\/www.nettali.com\/rest\/wp\/v2\/posts\/158477"}],"collection":[{"href":"https:\/\/www.nettali.com\/rest\/wp\/v2\/posts"}],"about":[{"href":"https:\/\/www.nettali.com\/rest\/wp\/v2\/types\/post"}],"author":[{"embeddable":true,"href":"https:\/\/www.nettali.com\/rest\/wp\/v2\/users\/4"}],"replies":[{"embeddable":true,"href":"https:\/\/www.nettali.com\/rest\/wp\/v2\/comments?post=158477"}],"version-history":[{"count":1,"href":"https:\/\/www.nettali.com\/rest\/wp\/v2\/posts\/158477\/revisions"}],"predecessor-version":[{"id":158478,"href":"https:\/\/www.nettali.com\/rest\/wp\/v2\/posts\/158477\/revisions\/158478"}],"wp:featuredmedia":[{"embeddable":true,"href":"https:\/\/www.nettali.com\/rest\/wp\/v2\/media\/130642"}],"wp:attachment":[{"href":"https:\/\/www.nettali.com\/rest\/wp\/v2\/media?parent=158477"}],"wp:term":[{"taxonomy":"category","embeddable":true,"href":"https:\/\/www.nettali.com\/rest\/wp\/v2\/categories?post=158477"},{"taxonomy":"post_tag","embeddable":true,"href":"https:\/\/www.nettali.com\/rest\/wp\/v2\/tags?post=158477"}],"curies":[{"name":"wp","href":"https:\/\/api.w.org\/{rel}","templated":true}]}}