{"id":158335,"date":"2025-07-28T01:28:14","date_gmt":"2025-07-28T01:28:14","guid":{"rendered":"https:\/\/www.nettali.com\/?p=158335"},"modified":"2025-07-28T01:28:14","modified_gmt":"2025-07-28T01:28:14","slug":"le-pastef-ucad-decline-linvitation","status":"publish","type":"post","link":"https:\/\/www.nettali.com\/2025\/07\/28\/le-pastef-ucad-decline-linvitation\/","title":{"rendered":"Le Pastef Ucad d\u00e9cline l'invitation"},"content":{"rendered":"<p><strong>NETTALI.COM -<\/strong> Ce n'est plus le parfait amour entre le Pastef\/Section universit\u00e9 Cheikh Anta Diop de Dakar (Ucad) et le coordinateur national de la Jeunesse patriotique du S\u00e9n\u00e9gal. En effet, suite \u00e0 l'invitation adress\u00e9e au Pastef\/Ucad par le coordinateur national de la JPS, Me Ngagne Demba Tour\u00e9, pour une rencontre pr\u00e9vue ce lundi 28 juillet 2025, le Pastef\/Ucad a inform\u00e9, \u00e0 travers un communiqu\u00e9, qu'il d\u00e9cline formellement cette invitation.<\/p>\n<p>\u201c<em>Cette d\u00e9cision s'inscrit dans un contexte marqu\u00e9 par une rupture de confiance \u00e0 l'\u00e9gard de la JPS nationale, dont les silences prolong\u00e9s et le manque de solidarit\u00e9 envers nos camarades victimes d'exclusion et d'injustice ne peuvent plus \u00eatre ignor\u00e9s. Face \u00e0 cette situation, le Pastef\/Ucad r\u00e9affirme qu'il ne reconna\u00eet qu'un seul interlocuteur l\u00e9gitime : le pr\u00e9sident Ousmane Sonko, porteur du projet patriotique que nous servons avec engagement et loyaut\u00e9<\/em>\u201d.<\/p>\n<p>La section Ucad convie ainsi toute la presse \u00e0 une conf\u00e9rence de presse, le jeudi 31 juillet 2025 \u00e0 16 h, au si\u00e8ge du parti, pour apporter des pr\u00e9cisions sur sa position et \u00e9clairer l'opinion nationale, a pr\u00e9cis\u00e9 le communiqu\u00e9.<\/p>\n<div class='share-to-whatsapp-wrapper'><div class='share-on-whsp'>PARTAGER SUR : <\/div><a data-text='Le Pastef Ucad d\u00e9cline l'invitation' data-link='https:\/\/www.nettali.com\/2025\/07\/28\/le-pastef-ucad-decline-linvitation\/' class='whatsapp-button whatsapp-share'>WhatsApp<\/a><div class='clear '><\/div><\/div>","protected":false},"excerpt":{"rendered":"<p>NETTALI.COM - Ce n'est plus le parfait amour entre le Pastef\/Section universit\u00e9 Cheikh Anta Diop de Dakar (Ucad) et le coordinateur national de la Jeunesse patriotique du S\u00e9n\u00e9gal. En effet, suite \u00e0 l'invitation adress\u00e9e au Pastef\/Ucad par le coordinateur national de la JPS, Me Ngagne Demba Tour\u00e9, pour une rencontre pr\u00e9vue ce lundi 28 juillet [&hellip;]<\/p>\n","protected":false},"author":2,"featured_media":158336,"comment_status":"open","ping_status":"open","sticky":false,"template":"","format":"standard","meta":{"_et_pb_use_builder":"","_et_pb_old_content":""},"categories":[34945],"tags":[],"yoast_head":"<!-- This site is optimized with the Yoast SEO Premium plugin v17.8 (Yoast SEO v17.8) - https:\/\/yoast.com\/wordpress\/plugins\/seo\/ -->\n<title>Le Pastef Ucad d\u00e9cline l&#039;invitation | Nettali.com<\/title>\n<meta name=\"robots\" content=\"index, follow, max-snippet:-1, max-image-preview:large, max-video-preview:-1\" \/>\n<link rel=\"canonical\" href=\"https:\/\/www.nettali.com\/2025\/07\/28\/le-pastef-ucad-decline-linvitation\/\" \/>\n<meta property=\"og:locale\" content=\"fr_FR\" \/>\n<meta property=\"og:type\" content=\"article\" \/>\n<meta property=\"og:title\" content=\"Le Pastef Ucad d\u00e9cline l&#039;invitation\" \/>\n<meta property=\"og:description\" content=\"NETTALI.COM - Ce n&#039;est plus le parfait amour entre le Pastef\/Section universit\u00e9 Cheikh Anta Diop de Dakar (Ucad) et le coordinateur national de la Jeunesse patriotique du S\u00e9n\u00e9gal. En effet, suite \u00e0 l&#039;invitation adress\u00e9e au Pastef\/Ucad par le coordinateur national de la JPS, Me Ngagne Demba Tour\u00e9, pour une rencontre pr\u00e9vue ce lundi 28 juillet [&hellip;]\" \/>\n<meta property=\"og:url\" content=\"https:\/\/www.nettali.com\/2025\/07\/28\/le-pastef-ucad-decline-linvitation\/\" \/>\n<meta property=\"og:site_name\" content=\"Nettali.com\" \/>\n<meta property=\"article:publisher\" content=\"https:\/\/www.facebook.com\/nettalicom\" \/>\n<meta property=\"article:published_time\" content=\"2025-07-28T01:28:14+00:00\" \/>\n<meta property=\"og:image\" content=\"https:\/\/www.nettali.com\/wp-content\/uploads\/2025\/07\/90157736-63630300.jpg\" \/>\n\t<meta property=\"og:image:width\" content=\"720\" \/>\n\t<meta property=\"og:image:height\" content=\"540\" \/>\n<meta name=\"twitter:card\" content=\"summary_large_image\" \/>\n<meta name=\"twitter:label1\" content=\"\u00c9crit par\" \/>\n\t<meta name=\"twitter:data1\" content=\"CK\" \/>\n\t<meta name=\"twitter:label2\" content=\"Dur\u00e9e de lecture estim\u00e9e\" \/>\n\t<meta name=\"twitter:data2\" content=\"1 minute\" \/>\n<script type=\"application\/ld+json\" class=\"yoast-schema-graph\">{\"@context\":\"https:\/\/schema.org\",\"@graph\":[{\"@type\":\"WebSite\",\"@id\":\"https:\/\/www.nettali.com\/#website\",\"url\":\"https:\/\/www.nettali.com\/\",\"name\":\"Nettali.com\",\"description\":\"Le rendez-vous critique du Net\",\"potentialAction\":[{\"@type\":\"SearchAction\",\"target\":{\"@type\":\"EntryPoint\",\"urlTemplate\":\"https:\/\/www.nettali.com\/?s={search_term_string}\"},\"query-input\":\"required name=search_term_string\"}],\"inLanguage\":\"fr-FR\"},{\"@type\":\"ImageObject\",\"@id\":\"https:\/\/www.nettali.com\/2025\/07\/28\/le-pastef-ucad-decline-linvitation\/#primaryimage\",\"inLanguage\":\"fr-FR\",\"url\":\"https:\/\/www.nettali.com\/wp-content\/uploads\/2025\/07\/90157736-63630300.jpg\",\"contentUrl\":\"https:\/\/www.nettali.com\/wp-content\/uploads\/2025\/07\/90157736-63630300.jpg\",\"width\":720,\"height\":540},{\"@type\":\"WebPage\",\"@id\":\"https:\/\/www.nettali.com\/2025\/07\/28\/le-pastef-ucad-decline-linvitation\/#webpage\",\"url\":\"https:\/\/www.nettali.com\/2025\/07\/28\/le-pastef-ucad-decline-linvitation\/\",\"name\":\"Le Pastef Ucad d\\u00e9cline l'invitation | Nettali.com\",\"isPartOf\":{\"@id\":\"https:\/\/www.nettali.com\/#website\"},\"primaryImageOfPage\":{\"@id\":\"https:\/\/www.nettali.com\/2025\/07\/28\/le-pastef-ucad-decline-linvitation\/#primaryimage\"},\"datePublished\":\"2025-07-28T01:28:14+00:00\",\"dateModified\":\"2025-07-28T01:28:14+00:00\",\"author\":{\"@id\":\"https:\/\/www.nettali.com\/#\/schema\/person\/d8ac7b7e27ddad43f1c0d2ef090d7f71\"},\"breadcrumb\":{\"@id\":\"https:\/\/www.nettali.com\/2025\/07\/28\/le-pastef-ucad-decline-linvitation\/#breadcrumb\"},\"inLanguage\":\"fr-FR\",\"potentialAction\":[{\"@type\":\"ReadAction\",\"target\":[\"https:\/\/www.nettali.com\/2025\/07\/28\/le-pastef-ucad-decline-linvitation\/\"]}]},{\"@type\":\"BreadcrumbList\",\"@id\":\"https:\/\/www.nettali.com\/2025\/07\/28\/le-pastef-ucad-decline-linvitation\/#breadcrumb\",\"itemListElement\":[{\"@type\":\"ListItem\",\"position\":1,\"name\":\"Accueil\",\"item\":\"https:\/\/www.nettali.com\/\"},{\"@type\":\"ListItem\",\"position\":2,\"name\":\"Le Pastef Ucad d\\u00e9cline l'invitation\"}]},{\"@type\":\"Person\",\"@id\":\"https:\/\/www.nettali.com\/#\/schema\/person\/d8ac7b7e27ddad43f1c0d2ef090d7f71\",\"name\":\"CK\",\"image\":{\"@type\":\"ImageObject\",\"@id\":\"https:\/\/www.nettali.com\/#personlogo\",\"inLanguage\":\"fr-FR\",\"url\":\"https:\/\/secure.gravatar.com\/avatar\/1d8d5118b9327d94da7cd4ce7f17fec2?s=96&d=mm&r=g\",\"contentUrl\":\"https:\/\/secure.gravatar.com\/avatar\/1d8d5118b9327d94da7cd4ce7f17fec2?s=96&d=mm&r=g\",\"caption\":\"CK\"},\"sameAs\":[\"https:\/\/www.nettali.com\"]}]}<\/script>\n<!-- \/ Yoast SEO Premium plugin. -->","yoast_head_json":{"title":"Le Pastef Ucad d\u00e9cline l'invitation | Nettali.com","robots":{"index":"index","follow":"follow","max-snippet":"max-snippet:-1","max-image-preview":"max-image-preview:large","max-video-preview":"max-video-preview:-1"},"canonical":"https:\/\/www.nettali.com\/2025\/07\/28\/le-pastef-ucad-decline-linvitation\/","og_locale":"fr_FR","og_type":"article","og_title":"Le Pastef Ucad d\u00e9cline l'invitation","og_description":"NETTALI.COM - Ce n'est plus le parfait amour entre le Pastef\/Section universit\u00e9 Cheikh Anta Diop de Dakar (Ucad) et le coordinateur national de la Jeunesse patriotique du S\u00e9n\u00e9gal. En effet, suite \u00e0 l'invitation adress\u00e9e au Pastef\/Ucad par le coordinateur national de la JPS, Me Ngagne Demba Tour\u00e9, pour une rencontre pr\u00e9vue ce lundi 28 juillet [&hellip;]","og_url":"https:\/\/www.nettali.com\/2025\/07\/28\/le-pastef-ucad-decline-linvitation\/","og_site_name":"Nettali.com","article_publisher":"https:\/\/www.facebook.com\/nettalicom","article_published_time":"2025-07-28T01:28:14+00:00","og_image":[{"width":720,"height":540,"url":"https:\/\/www.nettali.com\/wp-content\/uploads\/2025\/07\/90157736-63630300.jpg","type":"image\/jpeg"}],"twitter_card":"summary_large_image","twitter_misc":{"\u00c9crit par":"CK","Dur\u00e9e de lecture estim\u00e9e":"1 minute"},"schema":{"@context":"https:\/\/schema.org","@graph":[{"@type":"WebSite","@id":"https:\/\/www.nettali.com\/#website","url":"https:\/\/www.nettali.com\/","name":"Nettali.com","description":"Le rendez-vous critique du Net","potentialAction":[{"@type":"SearchAction","target":{"@type":"EntryPoint","urlTemplate":"https:\/\/www.nettali.com\/?s={search_term_string}"},"query-input":"required name=search_term_string"}],"inLanguage":"fr-FR"},{"@type":"ImageObject","@id":"https:\/\/www.nettali.com\/2025\/07\/28\/le-pastef-ucad-decline-linvitation\/#primaryimage","inLanguage":"fr-FR","url":"https:\/\/www.nettali.com\/wp-content\/uploads\/2025\/07\/90157736-63630300.jpg","contentUrl":"https:\/\/www.nettali.com\/wp-content\/uploads\/2025\/07\/90157736-63630300.jpg","width":720,"height":540},{"@type":"WebPage","@id":"https:\/\/www.nettali.com\/2025\/07\/28\/le-pastef-ucad-decline-linvitation\/#webpage","url":"https:\/\/www.nettali.com\/2025\/07\/28\/le-pastef-ucad-decline-linvitation\/","name":"Le Pastef Ucad d\u00e9cline l'invitation | Nettali.com","isPartOf":{"@id":"https:\/\/www.nettali.com\/#website"},"primaryImageOfPage":{"@id":"https:\/\/www.nettali.com\/2025\/07\/28\/le-pastef-ucad-decline-linvitation\/#primaryimage"},"datePublished":"2025-07-28T01:28:14+00:00","dateModified":"2025-07-28T01:28:14+00:00","author":{"@id":"https:\/\/www.nettali.com\/#\/schema\/person\/d8ac7b7e27ddad43f1c0d2ef090d7f71"},"breadcrumb":{"@id":"https:\/\/www.nettali.com\/2025\/07\/28\/le-pastef-ucad-decline-linvitation\/#breadcrumb"},"inLanguage":"fr-FR","potentialAction":[{"@type":"ReadAction","target":["https:\/\/www.nettali.com\/2025\/07\/28\/le-pastef-ucad-decline-linvitation\/"]}]},{"@type":"BreadcrumbList","@id":"https:\/\/www.nettali.com\/2025\/07\/28\/le-pastef-ucad-decline-linvitation\/#breadcrumb","itemListElement":[{"@type":"ListItem","position":1,"name":"Accueil","item":"https:\/\/www.nettali.com\/"},{"@type":"ListItem","position":2,"name":"Le Pastef Ucad d\u00e9cline l'invitation"}]},{"@type":"Person","@id":"https:\/\/www.nettali.com\/#\/schema\/person\/d8ac7b7e27ddad43f1c0d2ef090d7f71","name":"CK","image":{"@type":"ImageObject","@id":"https:\/\/www.nettali.com\/#personlogo","inLanguage":"fr-FR","url":"https:\/\/secure.gravatar.com\/avatar\/1d8d5118b9327d94da7cd4ce7f17fec2?s=96&d=mm&r=g","contentUrl":"https:\/\/secure.gravatar.com\/avatar\/1d8d5118b9327d94da7cd4ce7f17fec2?s=96&d=mm&r=g","caption":"CK"},"sameAs":["https:\/\/www.nettali.com"]}]}},"_links":{"self":[{"href":"https:\/\/www.nettali.com\/rest\/wp\/v2\/posts\/158335"}],"collection":[{"href":"https:\/\/www.nettali.com\/rest\/wp\/v2\/posts"}],"about":[{"href":"https:\/\/www.nettali.com\/rest\/wp\/v2\/types\/post"}],"author":[{"embeddable":true,"href":"https:\/\/www.nettali.com\/rest\/wp\/v2\/users\/2"}],"replies":[{"embeddable":true,"href":"https:\/\/www.nettali.com\/rest\/wp\/v2\/comments?post=158335"}],"version-history":[{"count":1,"href":"https:\/\/www.nettali.com\/rest\/wp\/v2\/posts\/158335\/revisions"}],"predecessor-version":[{"id":158337,"href":"https:\/\/www.nettali.com\/rest\/wp\/v2\/posts\/158335\/revisions\/158337"}],"wp:featuredmedia":[{"embeddable":true,"href":"https:\/\/www.nettali.com\/rest\/wp\/v2\/media\/158336"}],"wp:attachment":[{"href":"https:\/\/www.nettali.com\/rest\/wp\/v2\/media?parent=158335"}],"wp:term":[{"taxonomy":"category","embeddable":true,"href":"https:\/\/www.nettali.com\/rest\/wp\/v2\/categories?post=158335"},{"taxonomy":"post_tag","embeddable":true,"href":"https:\/\/www.nettali.com\/rest\/wp\/v2\/tags?post=158335"}],"curies":[{"name":"wp","href":"https:\/\/api.w.org\/{rel}","templated":true}]}}